{"id":113562,"date":"2016-08-14T06:45:00","date_gmt":"2016-08-14T04:45:00","guid":{"rendered":"http:\/\/hudo.com\/si\/2016\/08\/14\/v-napadu-v-new-yorku-ubita-imam-in-njegov-pomocnik\/"},"modified":"2016-08-15T02:42:51","modified_gmt":"2016-08-15T00:42:51","slug":"v-napadu-v-new-yorku-ubita-imam-in-njegov-pomocnik","status":"publish","type":"post","link":"https:\/\/hudo.com\/si\/aktualno\/v-napadu-v-new-yorku-ubita-imam-in-njegov-pomocnik\/","title":{"rendered":"V napadu v New Yorku ubita imam in njegov pomo\u010dnik"},"content":{"rendered":"<p>V New Yorku je neki mo\u0161ki v bli\u017eini ene od mo\u0161ej v soboto ubil imama in njegovega pomo\u010dnika. Kot je sporo\u010dila policija, je napadalec v newyor\u0161ki \u010detrti Queens obe \u017ertvi ustrelil v glavo od zadaj iz neposredne bli\u017eine, nato pa pobegnil, poro\u010dajo tuje tiskovne agencije. Napadalec je na begu in ga policija \u0161e i\u0161\u010de. Motivi za napad niso znani. Po navedbah policije za zdaj ni indicev, da sta bila imam in njegov pomo\u010dnik \u017ertvi napada zaradi svoje vere. Po navedbah pri\u010d sta se 55-letni imam Maulam Akonjee in njegov pomo\u010dnik, 64-letni Thara Uddin, vra\u010dala z molitve v bli\u017enji mo\u0161eji al Furqan Jame, ko se je zgodil napad. Na prizori\u0161\u010du napada se je po tragi\u010dnem dogodku zbralo ve\u010d deset ljudi, ki so \u017ealovali za \u017ertvama in vzklikali: &#8220;\u017delimo pravico.&#8221;Svet<\/p>\n","protected":false},"excerpt":{"rendered":"<p>V New Yorku je neki mo\u0161ki v bli\u017eini ene od mo\u0161ej v soboto ubil imama in njegovega pomo\u010dnika. Kot je sporo\u010dila policija, je napadalec v newyor\u0161ki \u010detrti Queens obe \u017ertvi ustrelil v glavo od zadaj iz neposredne bli\u017eine, nato pa pobegnil, poro\u010dajo tuje tiskovne agencije. Napadalec je na begu in ga policija \u0161e i\u0161\u010de. Motivi za napad niso znani. Po navedbah policije za zdaj ni indicev, da sta bila imam in njegov pomo\u010dnik \u017ertvi napada zaradi svoje vere. Po navedbah pri\u010d sta se 55-letni imam Maulam Akonjee in njegov pomo\u010dnik, 64-letni Thara Uddin, vra\u010dala z molitve v bli\u017enji mo\u0161eji al Furqan Jame, ko se je zgodil napad. Na prizori\u0161\u010du napada se je po tragi\u010dnem dogodku zbralo ve\u010d deset ljudi, ki so \u017ealovali za \u017ertvama in vzklikali: &#8220;\u017delimo pravico.&#8221;Svet<\/p>\n","protected":false},"author":1,"featured_media":0,"comment_status":"closed","ping_status":"closed","sticky":false,"template":"","format":"standard","meta":{"footnotes":""},"categories":[1179],"tags":[],"source":[1711],"supertag":[],"acf":[],"yoast_head":"<!-- This site is optimized with the Yoast SEO plugin v21.3 - https:\/\/yoast.com\/wordpress\/plugins\/seo\/ -->\n<title>V napadu v New Yorku ubita imam in njegov pomo\u010dnik - Hudo Slovenija<\/title>\n<meta name=\"robots\" content=\"index, follow, max-snippet:-1, max-image-preview:large, max-video-preview:-1\" \/>\n<link rel=\"canonical\" href=\"https:\/\/hudo.com\/si\/aktualno\/v-napadu-v-new-yorku-ubita-imam-in-njegov-pomocnik\/\" \/>\n<meta property=\"og:locale\" content=\"sl_SI\" \/>\n<meta property=\"og:type\" content=\"article\" \/>\n<meta property=\"og:title\" content=\"V napadu v New Yorku ubita imam in njegov pomo\u010dnik - Hudo Slovenija\" \/>\n<meta property=\"og:description\" content=\"V New Yorku je neki mo\u0161ki v bli\u017eini ene od mo\u0161ej v soboto ubil imama in njegovega pomo\u010dnika. Kot je sporo\u010dila policija, je napadalec v newyor\u0161ki \u010detrti Queens obe \u017ertvi ustrelil v glavo od zadaj iz neposredne bli\u017eine, nato pa pobegnil, poro\u010dajo tuje tiskovne agencije. Napadalec je na begu in ga policija \u0161e i\u0161\u010de. Motivi za napad niso znani. Po navedbah policije za zdaj ni indicev, da sta bila imam in njegov pomo\u010dnik \u017ertvi napada zaradi svoje vere. Po navedbah pri\u010d sta se 55-letni imam Maulam Akonjee in njegov pomo\u010dnik, 64-letni Thara Uddin, vra\u010dala z molitve v bli\u017enji mo\u0161eji al Furqan Jame, ko se je zgodil napad. Na prizori\u0161\u010du napada se je po tragi\u010dnem dogodku zbralo ve\u010d deset ljudi, ki so \u017ealovali za \u017ertvama in vzklikali: &quot;\u017delimo pravico.&quot;Svet\" \/>\n<meta property=\"og:url\" content=\"https:\/\/hudo.com\/si\/aktualno\/v-napadu-v-new-yorku-ubita-imam-in-njegov-pomocnik\/\" \/>\n<meta property=\"og:site_name\" content=\"Hudo Slovenija\" \/>\n<meta property=\"article:publisher\" content=\"https:\/\/www.facebook.com\/hudo.si\" \/>\n<meta property=\"article:published_time\" content=\"2016-08-14T04:45:00+00:00\" \/>\n<meta property=\"article:modified_time\" content=\"2016-08-15T00:42:51+00:00\" \/>\n<meta property=\"og:image\" content=\"https:\/\/hudo.com\/si\/wp-content\/uploads\/sites\/2\/2016\/08\/MDF80280-300.jpg\" \/>\n\t<meta property=\"og:image:width\" content=\"450\" \/>\n\t<meta property=\"og:image:height\" content=\"300\" \/>\n\t<meta property=\"og:image:type\" content=\"image\/jpeg\" \/>\n<meta name=\"author\" content=\"hudo\" \/>\n<meta name=\"twitter:card\" content=\"summary_large_image\" \/>\n<meta name=\"twitter:creator\" content=\"@hudo_si\" \/>\n<meta name=\"twitter:site\" content=\"@hudo_si\" \/>\n<meta name=\"twitter:label1\" content=\"Written by\" \/>\n\t<meta name=\"twitter:data1\" content=\"hudo\" \/>\n\t<meta name=\"twitter:label2\" content=\"Est. reading time\" \/>\n\t<meta name=\"twitter:data2\" content=\"1 minuta\" \/>\n<script type=\"application\/ld+json\" class=\"yoast-schema-graph\">{\"@context\":\"https:\/\/schema.org\",\"@graph\":[{\"@type\":\"Article\",\"@id\":\"https:\/\/hudo.com\/si\/aktualno\/v-napadu-v-new-yorku-ubita-imam-in-njegov-pomocnik\/#article\",\"isPartOf\":{\"@id\":\"https:\/\/hudo.com\/si\/aktualno\/v-napadu-v-new-yorku-ubita-imam-in-njegov-pomocnik\/\"},\"author\":{\"name\":\"hudo\",\"@id\":\"https:\/\/hudo.com\/si\/#\/schema\/person\/601cf3379633985b20f7e50f2bb47707\"},\"headline\":\"V napadu v New Yorku ubita imam in njegov pomo\u010dnik\",\"datePublished\":\"2016-08-14T04:45:00+00:00\",\"dateModified\":\"2016-08-15T00:42:51+00:00\",\"mainEntityOfPage\":{\"@id\":\"https:\/\/hudo.com\/si\/aktualno\/v-napadu-v-new-yorku-ubita-imam-in-njegov-pomocnik\/\"},\"wordCount\":156,\"publisher\":{\"@id\":\"https:\/\/hudo.com\/si\/#organization\"},\"articleSection\":[\"Aktualno\"],\"inLanguage\":\"sl-SI\"},{\"@type\":\"WebPage\",\"@id\":\"https:\/\/hudo.com\/si\/aktualno\/v-napadu-v-new-yorku-ubita-imam-in-njegov-pomocnik\/\",\"url\":\"https:\/\/hudo.com\/si\/aktualno\/v-napadu-v-new-yorku-ubita-imam-in-njegov-pomocnik\/\",\"name\":\"V napadu v New Yorku ubita imam in njegov pomo\u010dnik - Hudo Slovenija\",\"isPartOf\":{\"@id\":\"https:\/\/hudo.com\/si\/#website\"},\"datePublished\":\"2016-08-14T04:45:00+00:00\",\"dateModified\":\"2016-08-15T00:42:51+00:00\",\"breadcrumb\":{\"@id\":\"https:\/\/hudo.com\/si\/aktualno\/v-napadu-v-new-yorku-ubita-imam-in-njegov-pomocnik\/#breadcrumb\"},\"inLanguage\":\"sl-SI\",\"potentialAction\":[{\"@type\":\"ReadAction\",\"target\":[\"https:\/\/hudo.com\/si\/aktualno\/v-napadu-v-new-yorku-ubita-imam-in-njegov-pomocnik\/\"]}]},{\"@type\":\"BreadcrumbList\",\"@id\":\"https:\/\/hudo.com\/si\/aktualno\/v-napadu-v-new-yorku-ubita-imam-in-njegov-pomocnik\/#breadcrumb\",\"itemListElement\":[{\"@type\":\"ListItem\",\"position\":1,\"name\":\"Home\",\"item\":\"https:\/\/hudo.com\/si\/\"},{\"@type\":\"ListItem\",\"position\":2,\"name\":\"V napadu v New Yorku ubita imam in njegov pomo\u010dnik\"}]},{\"@type\":\"WebSite\",\"@id\":\"https:\/\/hudo.com\/si\/#website\",\"url\":\"https:\/\/hudo.com\/si\/\",\"name\":\"Hudo Slovenija\",\"description\":\"Vse novice iz Slovenije in sveta\",\"publisher\":{\"@id\":\"https:\/\/hudo.com\/si\/#organization\"},\"potentialAction\":[{\"@type\":\"SearchAction\",\"target\":{\"@type\":\"EntryPoint\",\"urlTemplate\":\"https:\/\/hudo.com\/si\/?s={search_term_string}\"},\"query-input\":\"required name=search_term_string\"}],\"inLanguage\":\"sl-SI\"},{\"@type\":\"Organization\",\"@id\":\"https:\/\/hudo.com\/si\/#organization\",\"name\":\"VSN Media\",\"url\":\"https:\/\/hudo.com\/si\/\",\"logo\":{\"@type\":\"ImageObject\",\"inLanguage\":\"sl-SI\",\"@id\":\"https:\/\/hudo.com\/si\/#\/schema\/logo\/image\/\",\"url\":\"https:\/\/hudo.com\/si\/wp-content\/uploads\/sites\/2\/2021\/03\/hudo-app-2.png\",\"contentUrl\":\"https:\/\/hudo.com\/si\/wp-content\/uploads\/sites\/2\/2021\/03\/hudo-app-2.png\",\"width\":2185,\"height\":2167,\"caption\":\"VSN Media\"},\"image\":{\"@id\":\"https:\/\/hudo.com\/si\/#\/schema\/logo\/image\/\"},\"sameAs\":[\"https:\/\/www.facebook.com\/hudo.si\",\"https:\/\/twitter.com\/hudo_si\"]},{\"@type\":\"Person\",\"@id\":\"https:\/\/hudo.com\/si\/#\/schema\/person\/601cf3379633985b20f7e50f2bb47707\",\"name\":\"hudo\",\"image\":{\"@type\":\"ImageObject\",\"inLanguage\":\"sl-SI\",\"@id\":\"https:\/\/hudo.com\/si\/#\/schema\/person\/image\/\",\"url\":\"https:\/\/secure.gravatar.com\/avatar\/c4ca25fa72cace7a696b52ff5db9e095?s=96&d=mm&r=g\",\"contentUrl\":\"https:\/\/secure.gravatar.com\/avatar\/c4ca25fa72cace7a696b52ff5db9e095?s=96&d=mm&r=g\",\"caption\":\"hudo\"},\"url\":\"https:\/\/hudo.com\/si\/author\/hudo\/\"}]}<\/script>\n<!-- \/ Yoast SEO plugin. -->","yoast_head_json":{"title":"V napadu v New Yorku ubita imam in njegov pomo\u010dnik - Hudo Slovenija","robots":{"index":"index","follow":"follow","max-snippet":"max-snippet:-1","max-image-preview":"max-image-preview:large","max-video-preview":"max-video-preview:-1"},"canonical":"https:\/\/hudo.com\/si\/aktualno\/v-napadu-v-new-yorku-ubita-imam-in-njegov-pomocnik\/","og_locale":"sl_SI","og_type":"article","og_title":"V napadu v New Yorku ubita imam in njegov pomo\u010dnik - Hudo Slovenija","og_description":"V New Yorku je neki mo\u0161ki v bli\u017eini ene od mo\u0161ej v soboto ubil imama in njegovega pomo\u010dnika. Kot je sporo\u010dila policija, je napadalec v newyor\u0161ki \u010detrti Queens obe \u017ertvi ustrelil v glavo od zadaj iz neposredne bli\u017eine, nato pa pobegnil, poro\u010dajo tuje tiskovne agencije. Napadalec je na begu in ga policija \u0161e i\u0161\u010de. Motivi za napad niso znani. Po navedbah policije za zdaj ni indicev, da sta bila imam in njegov pomo\u010dnik \u017ertvi napada zaradi svoje vere. Po navedbah pri\u010d sta se 55-letni imam Maulam Akonjee in njegov pomo\u010dnik, 64-letni Thara Uddin, vra\u010dala z molitve v bli\u017enji mo\u0161eji al Furqan Jame, ko se je zgodil napad. Na prizori\u0161\u010du napada se je po tragi\u010dnem dogodku zbralo ve\u010d deset ljudi, ki so \u017ealovali za \u017ertvama in vzklikali: \"\u017delimo pravico.\"Svet","og_url":"https:\/\/hudo.com\/si\/aktualno\/v-napadu-v-new-yorku-ubita-imam-in-njegov-pomocnik\/","og_site_name":"Hudo Slovenija","article_publisher":"https:\/\/www.facebook.com\/hudo.si","article_published_time":"2016-08-14T04:45:00+00:00","article_modified_time":"2016-08-15T00:42:51+00:00","og_image":[{"width":450,"height":300,"url":"https:\/\/hudo.com\/si\/wp-content\/uploads\/sites\/2\/2016\/08\/MDF80280-300.jpg","type":"image\/jpeg"}],"author":"hudo","twitter_card":"summary_large_image","twitter_creator":"@hudo_si","twitter_site":"@hudo_si","twitter_misc":{"Written by":"hudo","Est. reading time":"1 minuta"},"schema":{"@context":"https:\/\/schema.org","@graph":[{"@type":"Article","@id":"https:\/\/hudo.com\/si\/aktualno\/v-napadu-v-new-yorku-ubita-imam-in-njegov-pomocnik\/#article","isPartOf":{"@id":"https:\/\/hudo.com\/si\/aktualno\/v-napadu-v-new-yorku-ubita-imam-in-njegov-pomocnik\/"},"author":{"name":"hudo","@id":"https:\/\/hudo.com\/si\/#\/schema\/person\/601cf3379633985b20f7e50f2bb47707"},"headline":"V napadu v New Yorku ubita imam in njegov pomo\u010dnik","datePublished":"2016-08-14T04:45:00+00:00","dateModified":"2016-08-15T00:42:51+00:00","mainEntityOfPage":{"@id":"https:\/\/hudo.com\/si\/aktualno\/v-napadu-v-new-yorku-ubita-imam-in-njegov-pomocnik\/"},"wordCount":156,"publisher":{"@id":"https:\/\/hudo.com\/si\/#organization"},"articleSection":["Aktualno"],"inLanguage":"sl-SI"},{"@type":"WebPage","@id":"https:\/\/hudo.com\/si\/aktualno\/v-napadu-v-new-yorku-ubita-imam-in-njegov-pomocnik\/","url":"https:\/\/hudo.com\/si\/aktualno\/v-napadu-v-new-yorku-ubita-imam-in-njegov-pomocnik\/","name":"V napadu v New Yorku ubita imam in njegov pomo\u010dnik - Hudo Slovenija","isPartOf":{"@id":"https:\/\/hudo.com\/si\/#website"},"datePublished":"2016-08-14T04:45:00+00:00","dateModified":"2016-08-15T00:42:51+00:00","breadcrumb":{"@id":"https:\/\/hudo.com\/si\/aktualno\/v-napadu-v-new-yorku-ubita-imam-in-njegov-pomocnik\/#breadcrumb"},"inLanguage":"sl-SI","potentialAction":[{"@type":"ReadAction","target":["https:\/\/hudo.com\/si\/aktualno\/v-napadu-v-new-yorku-ubita-imam-in-njegov-pomocnik\/"]}]},{"@type":"BreadcrumbList","@id":"https:\/\/hudo.com\/si\/aktualno\/v-napadu-v-new-yorku-ubita-imam-in-njegov-pomocnik\/#breadcrumb","itemListElement":[{"@type":"ListItem","position":1,"name":"Home","item":"https:\/\/hudo.com\/si\/"},{"@type":"ListItem","position":2,"name":"V napadu v New Yorku ubita imam in njegov pomo\u010dnik"}]},{"@type":"WebSite","@id":"https:\/\/hudo.com\/si\/#website","url":"https:\/\/hudo.com\/si\/","name":"Hudo Slovenija","description":"Vse novice iz Slovenije in sveta","publisher":{"@id":"https:\/\/hudo.com\/si\/#organization"},"potentialAction":[{"@type":"SearchAction","target":{"@type":"EntryPoint","urlTemplate":"https:\/\/hudo.com\/si\/?s={search_term_string}"},"query-input":"required name=search_term_string"}],"inLanguage":"sl-SI"},{"@type":"Organization","@id":"https:\/\/hudo.com\/si\/#organization","name":"VSN Media","url":"https:\/\/hudo.com\/si\/","logo":{"@type":"ImageObject","inLanguage":"sl-SI","@id":"https:\/\/hudo.com\/si\/#\/schema\/logo\/image\/","url":"https:\/\/hudo.com\/si\/wp-content\/uploads\/sites\/2\/2021\/03\/hudo-app-2.png","contentUrl":"https:\/\/hudo.com\/si\/wp-content\/uploads\/sites\/2\/2021\/03\/hudo-app-2.png","width":2185,"height":2167,"caption":"VSN Media"},"image":{"@id":"https:\/\/hudo.com\/si\/#\/schema\/logo\/image\/"},"sameAs":["https:\/\/www.facebook.com\/hudo.si","https:\/\/twitter.com\/hudo_si"]},{"@type":"Person","@id":"https:\/\/hudo.com\/si\/#\/schema\/person\/601cf3379633985b20f7e50f2bb47707","name":"hudo","image":{"@type":"ImageObject","inLanguage":"sl-SI","@id":"https:\/\/hudo.com\/si\/#\/schema\/person\/image\/","url":"https:\/\/secure.gravatar.com\/avatar\/c4ca25fa72cace7a696b52ff5db9e095?s=96&d=mm&r=g","contentUrl":"https:\/\/secure.gravatar.com\/avatar\/c4ca25fa72cace7a696b52ff5db9e095?s=96&d=mm&r=g","caption":"hudo"},"url":"https:\/\/hudo.com\/si\/author\/hudo\/"}]}},"amp_enabled":true,"_links":{"self":[{"href":"https:\/\/hudo.com\/si\/wp-json\/wp\/v2\/posts\/113562"}],"collection":[{"href":"https:\/\/hudo.com\/si\/wp-json\/wp\/v2\/posts"}],"about":[{"href":"https:\/\/hudo.com\/si\/wp-json\/wp\/v2\/types\/post"}],"author":[{"embeddable":true,"href":"https:\/\/hudo.com\/si\/wp-json\/wp\/v2\/users\/1"}],"replies":[{"embeddable":true,"href":"https:\/\/hudo.com\/si\/wp-json\/wp\/v2\/comments?post=113562"}],"version-history":[{"count":1,"href":"https:\/\/hudo.com\/si\/wp-json\/wp\/v2\/posts\/113562\/revisions"}],"predecessor-version":[{"id":113693,"href":"https:\/\/hudo.com\/si\/wp-json\/wp\/v2\/posts\/113562\/revisions\/113693"}],"wp:attachment":[{"href":"https:\/\/hudo.com\/si\/wp-json\/wp\/v2\/media?parent=113562"}],"wp:term":[{"taxonomy":"category","embeddable":true,"href":"https:\/\/hudo.com\/si\/wp-json\/wp\/v2\/categories?post=113562"},{"taxonomy":"post_tag","embeddable":true,"href":"https:\/\/hudo.com\/si\/wp-json\/wp\/v2\/tags?post=113562"},{"taxonomy":"source","embeddable":true,"href":"https:\/\/hudo.com\/si\/wp-json\/wp\/v2\/source?post=113562"},{"taxonomy":"supertag","embeddable":true,"href":"https:\/\/hudo.com\/si\/wp-json\/wp\/v2\/supertag?post=113562"}],"curies":[{"name":"wp","href":"https:\/\/api.w.org\/{rel}","templated":true}]}}