{"id":113566,"date":"2016-08-14T06:30:00","date_gmt":"2016-08-14T04:30:00","guid":{"rendered":"http:\/\/hudo.com\/si\/2016\/08\/14\/v-new-yorku-ubili-imama\/"},"modified":"2016-08-14T06:30:00","modified_gmt":"2016-08-14T04:30:00","slug":"v-new-yorku-ubili-imama","status":"publish","type":"post","link":"https:\/\/hudo.com\/si\/aktualno\/v-new-yorku-ubili-imama\/","title":{"rendered":"V New Yorku ubili imama"},"content":{"rendered":"<p>Kategorija: Kronika Sun, 14 Aug 2016 08:30:00 +0200  New York &#8211; Napadalec je v newyor\u0161ki \u010detrti Queens obe \u017ertvi ustrelil v glavo od zadaj iz neposredne bli\u017eine, nato pa pobegnil, poro\u010dajo tuje tiskovne agencije. Mo\u0161ki je na begu in ga policija \u0161e i\u0161\u010de, medtem ko motiv za napad niso znani. Po navedbah policije za zdaj ni indicev, da sta bila imam in njegov pomo\u010dnik \u017ertvi napada zaradi svoje vere. Po navedbah pri\u010d sta se 55-letni imam Maulam Akonjee in njegov pomo\u010dnik, 64-letni Thara Uddin, vra\u010dala z molitve v bli\u017enji mo\u0161eji al Furqan Jame, ko se je zgodil napad. Na prizori\u0161\u010du napada se je po tragi\u010dnem dogodku zbralo ve\u010d deset ljudi, ki so \u017ealovali za \u017ertvama in vzklikali: &#8220;\u017delimo pravico.&#8221;<\/p>\n","protected":false},"excerpt":{"rendered":"<p>Kategorija: Kronika Sun, 14 Aug 2016 08:30:00 +0200  New York &#8211; Napadalec je v newyor\u0161ki \u010detrti Queens obe \u017ertvi ustrelil v glavo od zadaj iz neposredne bli\u017eine, nato pa pobegnil, poro\u010dajo tuje tiskovne agencije. Mo\u0161ki je na begu in ga policija \u0161e i\u0161\u010de, medtem ko motiv za napad niso znani. Po navedbah policije za zdaj ni indicev, da sta bila imam in njegov pomo\u010dnik \u017ertvi napada zaradi svoje vere. Po navedbah pri\u010d sta se 55-letni imam Maulam Akonjee in njegov pomo\u010dnik, 64-letni Thara Uddin, vra\u010dala z molitve v bli\u017enji mo\u0161eji al Furqan Jame, ko se je zgodil napad. Na prizori\u0161\u010du napada se je po tragi\u010dnem dogodku zbralo ve\u010d deset ljudi, ki so \u017ealovali za \u017ertvama in vzklikali: &#8220;\u017delimo pravico.&#8221;<\/p>\n","protected":false},"author":1,"featured_media":0,"comment_status":"closed","ping_status":"closed","sticky":false,"template":"","format":"standard","meta":{"footnotes":""},"categories":[1179],"tags":[],"source":[4511],"supertag":[],"acf":[],"yoast_head":"<!-- This site is optimized with the Yoast SEO plugin v21.3 - https:\/\/yoast.com\/wordpress\/plugins\/seo\/ -->\n<title>V New Yorku ubili imama - Hudo Slovenija<\/title>\n<meta name=\"robots\" content=\"index, follow, max-snippet:-1, max-image-preview:large, max-video-preview:-1\" \/>\n<link rel=\"canonical\" href=\"https:\/\/hudo.com\/si\/aktualno\/v-new-yorku-ubili-imama\/\" \/>\n<meta property=\"og:locale\" content=\"sl_SI\" \/>\n<meta property=\"og:type\" content=\"article\" \/>\n<meta property=\"og:title\" content=\"V New Yorku ubili imama - Hudo Slovenija\" \/>\n<meta property=\"og:description\" content=\"Kategorija: Kronika Sun, 14 Aug 2016 08:30:00 +0200 New York - Napadalec je v newyor\u0161ki \u010detrti Queens obe \u017ertvi ustrelil v glavo od zadaj iz neposredne bli\u017eine, nato pa pobegnil, poro\u010dajo tuje tiskovne agencije. Mo\u0161ki je na begu in ga policija \u0161e i\u0161\u010de, medtem ko motiv za napad niso znani. Po navedbah policije za zdaj ni indicev, da sta bila imam in njegov pomo\u010dnik \u017ertvi napada zaradi svoje vere. Po navedbah pri\u010d sta se 55-letni imam Maulam Akonjee in njegov pomo\u010dnik, 64-letni Thara Uddin, vra\u010dala z molitve v bli\u017enji mo\u0161eji al Furqan Jame, ko se je zgodil napad. Na prizori\u0161\u010du napada se je po tragi\u010dnem dogodku zbralo ve\u010d deset ljudi, ki so \u017ealovali za \u017ertvama in vzklikali: &quot;\u017delimo pravico.&quot;\" \/>\n<meta property=\"og:url\" content=\"https:\/\/hudo.com\/si\/aktualno\/v-new-yorku-ubili-imama\/\" \/>\n<meta property=\"og:site_name\" content=\"Hudo Slovenija\" \/>\n<meta property=\"article:publisher\" content=\"https:\/\/www.facebook.com\/hudo.si\" \/>\n<meta property=\"article:published_time\" content=\"2016-08-14T04:30:00+00:00\" \/>\n<meta property=\"og:image\" content=\"https:\/\/hudo.com\/si\/wp-content\/uploads\/sites\/2\/2016\/08\/480x290_AFP_Photo-20160814034311-39028800.jpeg\" \/>\n\t<meta property=\"og:image:width\" content=\"480\" \/>\n\t<meta property=\"og:image:height\" content=\"290\" \/>\n\t<meta property=\"og:image:type\" content=\"image\/jpeg\" \/>\n<meta name=\"author\" content=\"hudo\" \/>\n<meta name=\"twitter:card\" content=\"summary_large_image\" \/>\n<meta name=\"twitter:creator\" content=\"@hudo_si\" \/>\n<meta name=\"twitter:site\" content=\"@hudo_si\" \/>\n<meta name=\"twitter:label1\" content=\"Written by\" \/>\n\t<meta name=\"twitter:data1\" content=\"hudo\" \/>\n\t<meta name=\"twitter:label2\" content=\"Est. reading time\" \/>\n\t<meta name=\"twitter:data2\" content=\"1 minuta\" \/>\n<script type=\"application\/ld+json\" class=\"yoast-schema-graph\">{\"@context\":\"https:\/\/schema.org\",\"@graph\":[{\"@type\":\"Article\",\"@id\":\"https:\/\/hudo.com\/si\/aktualno\/v-new-yorku-ubili-imama\/#article\",\"isPartOf\":{\"@id\":\"https:\/\/hudo.com\/si\/aktualno\/v-new-yorku-ubili-imama\/\"},\"author\":{\"name\":\"hudo\",\"@id\":\"https:\/\/hudo.com\/si\/#\/schema\/person\/601cf3379633985b20f7e50f2bb47707\"},\"headline\":\"V New Yorku ubili imama\",\"datePublished\":\"2016-08-14T04:30:00+00:00\",\"dateModified\":\"2016-08-14T04:30:00+00:00\",\"mainEntityOfPage\":{\"@id\":\"https:\/\/hudo.com\/si\/aktualno\/v-new-yorku-ubili-imama\/\"},\"wordCount\":132,\"publisher\":{\"@id\":\"https:\/\/hudo.com\/si\/#organization\"},\"articleSection\":[\"Aktualno\"],\"inLanguage\":\"sl-SI\"},{\"@type\":\"WebPage\",\"@id\":\"https:\/\/hudo.com\/si\/aktualno\/v-new-yorku-ubili-imama\/\",\"url\":\"https:\/\/hudo.com\/si\/aktualno\/v-new-yorku-ubili-imama\/\",\"name\":\"V New Yorku ubili imama - Hudo Slovenija\",\"isPartOf\":{\"@id\":\"https:\/\/hudo.com\/si\/#website\"},\"datePublished\":\"2016-08-14T04:30:00+00:00\",\"dateModified\":\"2016-08-14T04:30:00+00:00\",\"breadcrumb\":{\"@id\":\"https:\/\/hudo.com\/si\/aktualno\/v-new-yorku-ubili-imama\/#breadcrumb\"},\"inLanguage\":\"sl-SI\",\"potentialAction\":[{\"@type\":\"ReadAction\",\"target\":[\"https:\/\/hudo.com\/si\/aktualno\/v-new-yorku-ubili-imama\/\"]}]},{\"@type\":\"BreadcrumbList\",\"@id\":\"https:\/\/hudo.com\/si\/aktualno\/v-new-yorku-ubili-imama\/#breadcrumb\",\"itemListElement\":[{\"@type\":\"ListItem\",\"position\":1,\"name\":\"Home\",\"item\":\"https:\/\/hudo.com\/si\/\"},{\"@type\":\"ListItem\",\"position\":2,\"name\":\"V New Yorku ubili imama\"}]},{\"@type\":\"WebSite\",\"@id\":\"https:\/\/hudo.com\/si\/#website\",\"url\":\"https:\/\/hudo.com\/si\/\",\"name\":\"Hudo Slovenija\",\"description\":\"Vse novice iz Slovenije in sveta\",\"publisher\":{\"@id\":\"https:\/\/hudo.com\/si\/#organization\"},\"potentialAction\":[{\"@type\":\"SearchAction\",\"target\":{\"@type\":\"EntryPoint\",\"urlTemplate\":\"https:\/\/hudo.com\/si\/?s={search_term_string}\"},\"query-input\":\"required name=search_term_string\"}],\"inLanguage\":\"sl-SI\"},{\"@type\":\"Organization\",\"@id\":\"https:\/\/hudo.com\/si\/#organization\",\"name\":\"VSN Media\",\"url\":\"https:\/\/hudo.com\/si\/\",\"logo\":{\"@type\":\"ImageObject\",\"inLanguage\":\"sl-SI\",\"@id\":\"https:\/\/hudo.com\/si\/#\/schema\/logo\/image\/\",\"url\":\"https:\/\/hudo.com\/si\/wp-content\/uploads\/sites\/2\/2021\/03\/hudo-app-2.png\",\"contentUrl\":\"https:\/\/hudo.com\/si\/wp-content\/uploads\/sites\/2\/2021\/03\/hudo-app-2.png\",\"width\":2185,\"height\":2167,\"caption\":\"VSN Media\"},\"image\":{\"@id\":\"https:\/\/hudo.com\/si\/#\/schema\/logo\/image\/\"},\"sameAs\":[\"https:\/\/www.facebook.com\/hudo.si\",\"https:\/\/twitter.com\/hudo_si\"]},{\"@type\":\"Person\",\"@id\":\"https:\/\/hudo.com\/si\/#\/schema\/person\/601cf3379633985b20f7e50f2bb47707\",\"name\":\"hudo\",\"image\":{\"@type\":\"ImageObject\",\"inLanguage\":\"sl-SI\",\"@id\":\"https:\/\/hudo.com\/si\/#\/schema\/person\/image\/\",\"url\":\"https:\/\/secure.gravatar.com\/avatar\/c4ca25fa72cace7a696b52ff5db9e095?s=96&d=mm&r=g\",\"contentUrl\":\"https:\/\/secure.gravatar.com\/avatar\/c4ca25fa72cace7a696b52ff5db9e095?s=96&d=mm&r=g\",\"caption\":\"hudo\"},\"url\":\"https:\/\/hudo.com\/si\/author\/hudo\/\"}]}<\/script>\n<!-- \/ Yoast SEO plugin. -->","yoast_head_json":{"title":"V New Yorku ubili imama - Hudo Slovenija","robots":{"index":"index","follow":"follow","max-snippet":"max-snippet:-1","max-image-preview":"max-image-preview:large","max-video-preview":"max-video-preview:-1"},"canonical":"https:\/\/hudo.com\/si\/aktualno\/v-new-yorku-ubili-imama\/","og_locale":"sl_SI","og_type":"article","og_title":"V New Yorku ubili imama - Hudo Slovenija","og_description":"Kategorija: Kronika Sun, 14 Aug 2016 08:30:00 +0200 New York - Napadalec je v newyor\u0161ki \u010detrti Queens obe \u017ertvi ustrelil v glavo od zadaj iz neposredne bli\u017eine, nato pa pobegnil, poro\u010dajo tuje tiskovne agencije. Mo\u0161ki je na begu in ga policija \u0161e i\u0161\u010de, medtem ko motiv za napad niso znani. Po navedbah policije za zdaj ni indicev, da sta bila imam in njegov pomo\u010dnik \u017ertvi napada zaradi svoje vere. Po navedbah pri\u010d sta se 55-letni imam Maulam Akonjee in njegov pomo\u010dnik, 64-letni Thara Uddin, vra\u010dala z molitve v bli\u017enji mo\u0161eji al Furqan Jame, ko se je zgodil napad. Na prizori\u0161\u010du napada se je po tragi\u010dnem dogodku zbralo ve\u010d deset ljudi, ki so \u017ealovali za \u017ertvama in vzklikali: \"\u017delimo pravico.\"","og_url":"https:\/\/hudo.com\/si\/aktualno\/v-new-yorku-ubili-imama\/","og_site_name":"Hudo Slovenija","article_publisher":"https:\/\/www.facebook.com\/hudo.si","article_published_time":"2016-08-14T04:30:00+00:00","og_image":[{"width":480,"height":290,"url":"https:\/\/hudo.com\/si\/wp-content\/uploads\/sites\/2\/2016\/08\/480x290_AFP_Photo-20160814034311-39028800.jpeg","type":"image\/jpeg"}],"author":"hudo","twitter_card":"summary_large_image","twitter_creator":"@hudo_si","twitter_site":"@hudo_si","twitter_misc":{"Written by":"hudo","Est. reading time":"1 minuta"},"schema":{"@context":"https:\/\/schema.org","@graph":[{"@type":"Article","@id":"https:\/\/hudo.com\/si\/aktualno\/v-new-yorku-ubili-imama\/#article","isPartOf":{"@id":"https:\/\/hudo.com\/si\/aktualno\/v-new-yorku-ubili-imama\/"},"author":{"name":"hudo","@id":"https:\/\/hudo.com\/si\/#\/schema\/person\/601cf3379633985b20f7e50f2bb47707"},"headline":"V New Yorku ubili imama","datePublished":"2016-08-14T04:30:00+00:00","dateModified":"2016-08-14T04:30:00+00:00","mainEntityOfPage":{"@id":"https:\/\/hudo.com\/si\/aktualno\/v-new-yorku-ubili-imama\/"},"wordCount":132,"publisher":{"@id":"https:\/\/hudo.com\/si\/#organization"},"articleSection":["Aktualno"],"inLanguage":"sl-SI"},{"@type":"WebPage","@id":"https:\/\/hudo.com\/si\/aktualno\/v-new-yorku-ubili-imama\/","url":"https:\/\/hudo.com\/si\/aktualno\/v-new-yorku-ubili-imama\/","name":"V New Yorku ubili imama - Hudo Slovenija","isPartOf":{"@id":"https:\/\/hudo.com\/si\/#website"},"datePublished":"2016-08-14T04:30:00+00:00","dateModified":"2016-08-14T04:30:00+00:00","breadcrumb":{"@id":"https:\/\/hudo.com\/si\/aktualno\/v-new-yorku-ubili-imama\/#breadcrumb"},"inLanguage":"sl-SI","potentialAction":[{"@type":"ReadAction","target":["https:\/\/hudo.com\/si\/aktualno\/v-new-yorku-ubili-imama\/"]}]},{"@type":"BreadcrumbList","@id":"https:\/\/hudo.com\/si\/aktualno\/v-new-yorku-ubili-imama\/#breadcrumb","itemListElement":[{"@type":"ListItem","position":1,"name":"Home","item":"https:\/\/hudo.com\/si\/"},{"@type":"ListItem","position":2,"name":"V New Yorku ubili imama"}]},{"@type":"WebSite","@id":"https:\/\/hudo.com\/si\/#website","url":"https:\/\/hudo.com\/si\/","name":"Hudo Slovenija","description":"Vse novice iz Slovenije in sveta","publisher":{"@id":"https:\/\/hudo.com\/si\/#organization"},"potentialAction":[{"@type":"SearchAction","target":{"@type":"EntryPoint","urlTemplate":"https:\/\/hudo.com\/si\/?s={search_term_string}"},"query-input":"required name=search_term_string"}],"inLanguage":"sl-SI"},{"@type":"Organization","@id":"https:\/\/hudo.com\/si\/#organization","name":"VSN Media","url":"https:\/\/hudo.com\/si\/","logo":{"@type":"ImageObject","inLanguage":"sl-SI","@id":"https:\/\/hudo.com\/si\/#\/schema\/logo\/image\/","url":"https:\/\/hudo.com\/si\/wp-content\/uploads\/sites\/2\/2021\/03\/hudo-app-2.png","contentUrl":"https:\/\/hudo.com\/si\/wp-content\/uploads\/sites\/2\/2021\/03\/hudo-app-2.png","width":2185,"height":2167,"caption":"VSN Media"},"image":{"@id":"https:\/\/hudo.com\/si\/#\/schema\/logo\/image\/"},"sameAs":["https:\/\/www.facebook.com\/hudo.si","https:\/\/twitter.com\/hudo_si"]},{"@type":"Person","@id":"https:\/\/hudo.com\/si\/#\/schema\/person\/601cf3379633985b20f7e50f2bb47707","name":"hudo","image":{"@type":"ImageObject","inLanguage":"sl-SI","@id":"https:\/\/hudo.com\/si\/#\/schema\/person\/image\/","url":"https:\/\/secure.gravatar.com\/avatar\/c4ca25fa72cace7a696b52ff5db9e095?s=96&d=mm&r=g","contentUrl":"https:\/\/secure.gravatar.com\/avatar\/c4ca25fa72cace7a696b52ff5db9e095?s=96&d=mm&r=g","caption":"hudo"},"url":"https:\/\/hudo.com\/si\/author\/hudo\/"}]}},"amp_enabled":true,"_links":{"self":[{"href":"https:\/\/hudo.com\/si\/wp-json\/wp\/v2\/posts\/113566"}],"collection":[{"href":"https:\/\/hudo.com\/si\/wp-json\/wp\/v2\/posts"}],"about":[{"href":"https:\/\/hudo.com\/si\/wp-json\/wp\/v2\/types\/post"}],"author":[{"embeddable":true,"href":"https:\/\/hudo.com\/si\/wp-json\/wp\/v2\/users\/1"}],"replies":[{"embeddable":true,"href":"https:\/\/hudo.com\/si\/wp-json\/wp\/v2\/comments?post=113566"}],"version-history":[{"count":0,"href":"https:\/\/hudo.com\/si\/wp-json\/wp\/v2\/posts\/113566\/revisions"}],"wp:attachment":[{"href":"https:\/\/hudo.com\/si\/wp-json\/wp\/v2\/media?parent=113566"}],"wp:term":[{"taxonomy":"category","embeddable":true,"href":"https:\/\/hudo.com\/si\/wp-json\/wp\/v2\/categories?post=113566"},{"taxonomy":"post_tag","embeddable":true,"href":"https:\/\/hudo.com\/si\/wp-json\/wp\/v2\/tags?post=113566"},{"taxonomy":"source","embeddable":true,"href":"https:\/\/hudo.com\/si\/wp-json\/wp\/v2\/source?post=113566"},{"taxonomy":"supertag","embeddable":true,"href":"https:\/\/hudo.com\/si\/wp-json\/wp\/v2\/supertag?post=113566"}],"curies":[{"name":"wp","href":"https:\/\/api.w.org\/{rel}","templated":true}]}}