{"id":113650,"date":"2016-08-14T14:00:00","date_gmt":"2016-08-14T12:00:00","guid":{"rendered":"http:\/\/hudo.com\/si\/2016\/08\/14\/v-peruju-mnozicni-protesti-proti-nasilju-nad-zenskami\/"},"modified":"2016-08-15T07:42:27","modified_gmt":"2016-08-15T05:42:27","slug":"v-peruju-mnozicni-protesti-proti-nasilju-nad-zenskami","status":"publish","type":"post","link":"https:\/\/hudo.com\/si\/aktualno\/v-peruju-mnozicni-protesti-proti-nasilju-nad-zenskami\/","title":{"rendered":"V Peruju mno\u017ei\u010dni protesti proti nasilju nad \u017eenskami"},"content":{"rendered":"<p>Na ulicah perujske prestolnice Lima se je na enem od najve\u010djih protestov v dr\u017eavi doslej danes zbralo ve\u010d 10.000 protestnikov, ki demonstrirajo proti nasilju nad \u017eenskami in prevladujo\u010di ma\u010disti\u010dni kulturi. Med protestniki so tudi novoizvoljeni perujski predsednik Pedro Pablo Kuczynski z \u017eeno ter ve\u010d ministrov in poslancev. Po poro\u010danju portala La Republica naj bi se zbralo okoli 150.000 protestnikov. Geslo shoda je &#8220;napad na eno je napad na vse&#8221;. Po podatkih perujskega ministrstva za \u017eenske je bilo v dr\u017eavi letos ubitih \u017ee 54 \u017eensk, poleg tega so oblasti zabele\u017eile 118 poskusov umora \u017eensk. Po besedah ministrice za \u017eenske Ane Romero Lozada je v Peru v svetovnem merilu na tretjem mestu po \u0161tevilu nasilnih dejanj zoper \u017eenske.Med vsemi nasilnimi dejanji je \u0161e posebej odmeval primer z za\u010detka avgusta, ko je \u017eena in \u0161estkratna mati mo\u017eu postregla s pi\u0161\u010dancem in ri\u017eem, jed pa je bila za\u010dinjena s \u010desnom. Ker je mo\u017e \u010desen sovra\u017eil, je podivjal, \u017eeno udaril z opeko in jo pri tem hudo po\u0161kodoval.Svet<\/p>\n","protected":false},"excerpt":{"rendered":"<p>Na ulicah perujske prestolnice Lima se je na enem od najve\u010djih protestov v dr\u017eavi doslej danes zbralo ve\u010d 10.000 protestnikov, ki demonstrirajo proti nasilju nad \u017eenskami in prevladujo\u010di ma\u010disti\u010dni kulturi. Med protestniki so tudi novoizvoljeni perujski predsednik Pedro Pablo Kuczynski z \u017eeno ter ve\u010d ministrov in poslancev. Po poro\u010danju portala La Republica naj bi se zbralo okoli 150.000 protestnikov. Geslo shoda je &#8220;napad na eno je napad na vse&#8221;. Po podatkih perujskega ministrstva za \u017eenske je bilo v dr\u017eavi letos ubitih \u017ee 54 \u017eensk, poleg tega so oblasti zabele\u017eile 118 poskusov umora \u017eensk. Po besedah ministrice za \u017eenske Ane Romero Lozada je v Peru v svetovnem merilu na tretjem mestu po \u0161tevilu nasilnih dejanj zoper \u017eenske.Med vsemi nasilnimi dejanji je \u0161e posebej odmeval primer z za\u010detka avgusta, ko je \u017eena in \u0161estkratna mati mo\u017eu postregla s pi\u0161\u010dancem in ri\u017eem, jed pa je bila za\u010dinjena s \u010desnom. Ker je mo\u017e \u010desen sovra\u017eil, je podivjal, \u017eeno udaril z opeko in jo pri tem hudo po\u0161kodoval.Svet<\/p>\n","protected":false},"author":1,"featured_media":0,"comment_status":"closed","ping_status":"closed","sticky":false,"template":"","format":"standard","meta":{"footnotes":""},"categories":[1179],"tags":[],"source":[1711],"supertag":[],"acf":[],"yoast_head":"<!-- This site is optimized with the Yoast SEO plugin v21.3 - https:\/\/yoast.com\/wordpress\/plugins\/seo\/ -->\n<title>V Peruju mno\u017ei\u010dni protesti proti nasilju nad \u017eenskami - Hudo Slovenija<\/title>\n<meta name=\"robots\" content=\"index, follow, max-snippet:-1, max-image-preview:large, max-video-preview:-1\" \/>\n<link rel=\"canonical\" href=\"https:\/\/hudo.com\/si\/aktualno\/v-peruju-mnozicni-protesti-proti-nasilju-nad-zenskami\/\" \/>\n<meta property=\"og:locale\" content=\"sl_SI\" \/>\n<meta property=\"og:type\" content=\"article\" \/>\n<meta property=\"og:title\" content=\"V Peruju mno\u017ei\u010dni protesti proti nasilju nad \u017eenskami - Hudo Slovenija\" \/>\n<meta property=\"og:description\" content=\"Na ulicah perujske prestolnice Lima se je na enem od najve\u010djih protestov v dr\u017eavi doslej danes zbralo ve\u010d 10.000 protestnikov, ki demonstrirajo proti nasilju nad \u017eenskami in prevladujo\u010di ma\u010disti\u010dni kulturi. Med protestniki so tudi novoizvoljeni perujski predsednik Pedro Pablo Kuczynski z \u017eeno ter ve\u010d ministrov in poslancev. Po poro\u010danju portala La Republica naj bi se zbralo okoli 150.000 protestnikov. Geslo shoda je &quot;napad na eno je napad na vse&quot;. Po podatkih perujskega ministrstva za \u017eenske je bilo v dr\u017eavi letos ubitih \u017ee 54 \u017eensk, poleg tega so oblasti zabele\u017eile 118 poskusov umora \u017eensk. Po besedah ministrice za \u017eenske Ane Romero Lozada je v Peru v svetovnem merilu na tretjem mestu po \u0161tevilu nasilnih dejanj zoper \u017eenske.Med vsemi nasilnimi dejanji je \u0161e posebej odmeval primer z za\u010detka avgusta, ko je \u017eena in \u0161estkratna mati mo\u017eu postregla s pi\u0161\u010dancem in ri\u017eem, jed pa je bila za\u010dinjena s \u010desnom. Ker je mo\u017e \u010desen sovra\u017eil, je podivjal, \u017eeno udaril z opeko in jo pri tem hudo po\u0161kodoval.Svet\" \/>\n<meta property=\"og:url\" content=\"https:\/\/hudo.com\/si\/aktualno\/v-peruju-mnozicni-protesti-proti-nasilju-nad-zenskami\/\" \/>\n<meta property=\"og:site_name\" content=\"Hudo Slovenija\" \/>\n<meta property=\"article:publisher\" content=\"https:\/\/www.facebook.com\/hudo.si\" \/>\n<meta property=\"article:published_time\" content=\"2016-08-14T12:00:00+00:00\" \/>\n<meta property=\"article:modified_time\" content=\"2016-08-15T05:42:27+00:00\" \/>\n<meta property=\"og:image\" content=\"https:\/\/hudo.com\/si\/wp-content\/uploads\/sites\/2\/2016\/08\/MDF72221-300.jpg\" \/>\n\t<meta property=\"og:image:width\" content=\"450\" \/>\n\t<meta property=\"og:image:height\" content=\"300\" \/>\n\t<meta property=\"og:image:type\" content=\"image\/jpeg\" \/>\n<meta name=\"author\" content=\"hudo\" \/>\n<meta name=\"twitter:card\" content=\"summary_large_image\" \/>\n<meta name=\"twitter:creator\" content=\"@hudo_si\" \/>\n<meta name=\"twitter:site\" content=\"@hudo_si\" \/>\n<meta name=\"twitter:label1\" content=\"Written by\" \/>\n\t<meta name=\"twitter:data1\" content=\"hudo\" \/>\n\t<meta name=\"twitter:label2\" content=\"Est. reading time\" \/>\n\t<meta name=\"twitter:data2\" content=\"1 minuta\" \/>\n<script type=\"application\/ld+json\" class=\"yoast-schema-graph\">{\"@context\":\"https:\/\/schema.org\",\"@graph\":[{\"@type\":\"Article\",\"@id\":\"https:\/\/hudo.com\/si\/aktualno\/v-peruju-mnozicni-protesti-proti-nasilju-nad-zenskami\/#article\",\"isPartOf\":{\"@id\":\"https:\/\/hudo.com\/si\/aktualno\/v-peruju-mnozicni-protesti-proti-nasilju-nad-zenskami\/\"},\"author\":{\"name\":\"hudo\",\"@id\":\"https:\/\/hudo.com\/si\/#\/schema\/person\/601cf3379633985b20f7e50f2bb47707\"},\"headline\":\"V Peruju mno\u017ei\u010dni protesti proti nasilju nad \u017eenskami\",\"datePublished\":\"2016-08-14T12:00:00+00:00\",\"dateModified\":\"2016-08-15T05:42:27+00:00\",\"mainEntityOfPage\":{\"@id\":\"https:\/\/hudo.com\/si\/aktualno\/v-peruju-mnozicni-protesti-proti-nasilju-nad-zenskami\/\"},\"wordCount\":186,\"publisher\":{\"@id\":\"https:\/\/hudo.com\/si\/#organization\"},\"articleSection\":[\"Aktualno\"],\"inLanguage\":\"sl-SI\"},{\"@type\":\"WebPage\",\"@id\":\"https:\/\/hudo.com\/si\/aktualno\/v-peruju-mnozicni-protesti-proti-nasilju-nad-zenskami\/\",\"url\":\"https:\/\/hudo.com\/si\/aktualno\/v-peruju-mnozicni-protesti-proti-nasilju-nad-zenskami\/\",\"name\":\"V Peruju mno\u017ei\u010dni protesti proti nasilju nad \u017eenskami - Hudo Slovenija\",\"isPartOf\":{\"@id\":\"https:\/\/hudo.com\/si\/#website\"},\"datePublished\":\"2016-08-14T12:00:00+00:00\",\"dateModified\":\"2016-08-15T05:42:27+00:00\",\"breadcrumb\":{\"@id\":\"https:\/\/hudo.com\/si\/aktualno\/v-peruju-mnozicni-protesti-proti-nasilju-nad-zenskami\/#breadcrumb\"},\"inLanguage\":\"sl-SI\",\"potentialAction\":[{\"@type\":\"ReadAction\",\"target\":[\"https:\/\/hudo.com\/si\/aktualno\/v-peruju-mnozicni-protesti-proti-nasilju-nad-zenskami\/\"]}]},{\"@type\":\"BreadcrumbList\",\"@id\":\"https:\/\/hudo.com\/si\/aktualno\/v-peruju-mnozicni-protesti-proti-nasilju-nad-zenskami\/#breadcrumb\",\"itemListElement\":[{\"@type\":\"ListItem\",\"position\":1,\"name\":\"Home\",\"item\":\"https:\/\/hudo.com\/si\/\"},{\"@type\":\"ListItem\",\"position\":2,\"name\":\"V Peruju mno\u017ei\u010dni protesti proti nasilju nad \u017eenskami\"}]},{\"@type\":\"WebSite\",\"@id\":\"https:\/\/hudo.com\/si\/#website\",\"url\":\"https:\/\/hudo.com\/si\/\",\"name\":\"Hudo Slovenija\",\"description\":\"Vse novice iz Slovenije in sveta\",\"publisher\":{\"@id\":\"https:\/\/hudo.com\/si\/#organization\"},\"potentialAction\":[{\"@type\":\"SearchAction\",\"target\":{\"@type\":\"EntryPoint\",\"urlTemplate\":\"https:\/\/hudo.com\/si\/?s={search_term_string}\"},\"query-input\":\"required name=search_term_string\"}],\"inLanguage\":\"sl-SI\"},{\"@type\":\"Organization\",\"@id\":\"https:\/\/hudo.com\/si\/#organization\",\"name\":\"VSN Media\",\"url\":\"https:\/\/hudo.com\/si\/\",\"logo\":{\"@type\":\"ImageObject\",\"inLanguage\":\"sl-SI\",\"@id\":\"https:\/\/hudo.com\/si\/#\/schema\/logo\/image\/\",\"url\":\"https:\/\/hudo.com\/si\/wp-content\/uploads\/sites\/2\/2021\/03\/hudo-app-2.png\",\"contentUrl\":\"https:\/\/hudo.com\/si\/wp-content\/uploads\/sites\/2\/2021\/03\/hudo-app-2.png\",\"width\":2185,\"height\":2167,\"caption\":\"VSN Media\"},\"image\":{\"@id\":\"https:\/\/hudo.com\/si\/#\/schema\/logo\/image\/\"},\"sameAs\":[\"https:\/\/www.facebook.com\/hudo.si\",\"https:\/\/twitter.com\/hudo_si\"]},{\"@type\":\"Person\",\"@id\":\"https:\/\/hudo.com\/si\/#\/schema\/person\/601cf3379633985b20f7e50f2bb47707\",\"name\":\"hudo\",\"image\":{\"@type\":\"ImageObject\",\"inLanguage\":\"sl-SI\",\"@id\":\"https:\/\/hudo.com\/si\/#\/schema\/person\/image\/\",\"url\":\"https:\/\/secure.gravatar.com\/avatar\/c4ca25fa72cace7a696b52ff5db9e095?s=96&d=mm&r=g\",\"contentUrl\":\"https:\/\/secure.gravatar.com\/avatar\/c4ca25fa72cace7a696b52ff5db9e095?s=96&d=mm&r=g\",\"caption\":\"hudo\"},\"url\":\"https:\/\/hudo.com\/si\/author\/hudo\/\"}]}<\/script>\n<!-- \/ Yoast SEO plugin. -->","yoast_head_json":{"title":"V Peruju mno\u017ei\u010dni protesti proti nasilju nad \u017eenskami - Hudo Slovenija","robots":{"index":"index","follow":"follow","max-snippet":"max-snippet:-1","max-image-preview":"max-image-preview:large","max-video-preview":"max-video-preview:-1"},"canonical":"https:\/\/hudo.com\/si\/aktualno\/v-peruju-mnozicni-protesti-proti-nasilju-nad-zenskami\/","og_locale":"sl_SI","og_type":"article","og_title":"V Peruju mno\u017ei\u010dni protesti proti nasilju nad \u017eenskami - Hudo Slovenija","og_description":"Na ulicah perujske prestolnice Lima se je na enem od najve\u010djih protestov v dr\u017eavi doslej danes zbralo ve\u010d 10.000 protestnikov, ki demonstrirajo proti nasilju nad \u017eenskami in prevladujo\u010di ma\u010disti\u010dni kulturi. Med protestniki so tudi novoizvoljeni perujski predsednik Pedro Pablo Kuczynski z \u017eeno ter ve\u010d ministrov in poslancev. Po poro\u010danju portala La Republica naj bi se zbralo okoli 150.000 protestnikov. Geslo shoda je \"napad na eno je napad na vse\". Po podatkih perujskega ministrstva za \u017eenske je bilo v dr\u017eavi letos ubitih \u017ee 54 \u017eensk, poleg tega so oblasti zabele\u017eile 118 poskusov umora \u017eensk. Po besedah ministrice za \u017eenske Ane Romero Lozada je v Peru v svetovnem merilu na tretjem mestu po \u0161tevilu nasilnih dejanj zoper \u017eenske.Med vsemi nasilnimi dejanji je \u0161e posebej odmeval primer z za\u010detka avgusta, ko je \u017eena in \u0161estkratna mati mo\u017eu postregla s pi\u0161\u010dancem in ri\u017eem, jed pa je bila za\u010dinjena s \u010desnom. Ker je mo\u017e \u010desen sovra\u017eil, je podivjal, \u017eeno udaril z opeko in jo pri tem hudo po\u0161kodoval.Svet","og_url":"https:\/\/hudo.com\/si\/aktualno\/v-peruju-mnozicni-protesti-proti-nasilju-nad-zenskami\/","og_site_name":"Hudo Slovenija","article_publisher":"https:\/\/www.facebook.com\/hudo.si","article_published_time":"2016-08-14T12:00:00+00:00","article_modified_time":"2016-08-15T05:42:27+00:00","og_image":[{"width":450,"height":300,"url":"https:\/\/hudo.com\/si\/wp-content\/uploads\/sites\/2\/2016\/08\/MDF72221-300.jpg","type":"image\/jpeg"}],"author":"hudo","twitter_card":"summary_large_image","twitter_creator":"@hudo_si","twitter_site":"@hudo_si","twitter_misc":{"Written by":"hudo","Est. reading time":"1 minuta"},"schema":{"@context":"https:\/\/schema.org","@graph":[{"@type":"Article","@id":"https:\/\/hudo.com\/si\/aktualno\/v-peruju-mnozicni-protesti-proti-nasilju-nad-zenskami\/#article","isPartOf":{"@id":"https:\/\/hudo.com\/si\/aktualno\/v-peruju-mnozicni-protesti-proti-nasilju-nad-zenskami\/"},"author":{"name":"hudo","@id":"https:\/\/hudo.com\/si\/#\/schema\/person\/601cf3379633985b20f7e50f2bb47707"},"headline":"V Peruju mno\u017ei\u010dni protesti proti nasilju nad \u017eenskami","datePublished":"2016-08-14T12:00:00+00:00","dateModified":"2016-08-15T05:42:27+00:00","mainEntityOfPage":{"@id":"https:\/\/hudo.com\/si\/aktualno\/v-peruju-mnozicni-protesti-proti-nasilju-nad-zenskami\/"},"wordCount":186,"publisher":{"@id":"https:\/\/hudo.com\/si\/#organization"},"articleSection":["Aktualno"],"inLanguage":"sl-SI"},{"@type":"WebPage","@id":"https:\/\/hudo.com\/si\/aktualno\/v-peruju-mnozicni-protesti-proti-nasilju-nad-zenskami\/","url":"https:\/\/hudo.com\/si\/aktualno\/v-peruju-mnozicni-protesti-proti-nasilju-nad-zenskami\/","name":"V Peruju mno\u017ei\u010dni protesti proti nasilju nad \u017eenskami - Hudo Slovenija","isPartOf":{"@id":"https:\/\/hudo.com\/si\/#website"},"datePublished":"2016-08-14T12:00:00+00:00","dateModified":"2016-08-15T05:42:27+00:00","breadcrumb":{"@id":"https:\/\/hudo.com\/si\/aktualno\/v-peruju-mnozicni-protesti-proti-nasilju-nad-zenskami\/#breadcrumb"},"inLanguage":"sl-SI","potentialAction":[{"@type":"ReadAction","target":["https:\/\/hudo.com\/si\/aktualno\/v-peruju-mnozicni-protesti-proti-nasilju-nad-zenskami\/"]}]},{"@type":"BreadcrumbList","@id":"https:\/\/hudo.com\/si\/aktualno\/v-peruju-mnozicni-protesti-proti-nasilju-nad-zenskami\/#breadcrumb","itemListElement":[{"@type":"ListItem","position":1,"name":"Home","item":"https:\/\/hudo.com\/si\/"},{"@type":"ListItem","position":2,"name":"V Peruju mno\u017ei\u010dni protesti proti nasilju nad \u017eenskami"}]},{"@type":"WebSite","@id":"https:\/\/hudo.com\/si\/#website","url":"https:\/\/hudo.com\/si\/","name":"Hudo Slovenija","description":"Vse novice iz Slovenije in sveta","publisher":{"@id":"https:\/\/hudo.com\/si\/#organization"},"potentialAction":[{"@type":"SearchAction","target":{"@type":"EntryPoint","urlTemplate":"https:\/\/hudo.com\/si\/?s={search_term_string}"},"query-input":"required name=search_term_string"}],"inLanguage":"sl-SI"},{"@type":"Organization","@id":"https:\/\/hudo.com\/si\/#organization","name":"VSN Media","url":"https:\/\/hudo.com\/si\/","logo":{"@type":"ImageObject","inLanguage":"sl-SI","@id":"https:\/\/hudo.com\/si\/#\/schema\/logo\/image\/","url":"https:\/\/hudo.com\/si\/wp-content\/uploads\/sites\/2\/2021\/03\/hudo-app-2.png","contentUrl":"https:\/\/hudo.com\/si\/wp-content\/uploads\/sites\/2\/2021\/03\/hudo-app-2.png","width":2185,"height":2167,"caption":"VSN Media"},"image":{"@id":"https:\/\/hudo.com\/si\/#\/schema\/logo\/image\/"},"sameAs":["https:\/\/www.facebook.com\/hudo.si","https:\/\/twitter.com\/hudo_si"]},{"@type":"Person","@id":"https:\/\/hudo.com\/si\/#\/schema\/person\/601cf3379633985b20f7e50f2bb47707","name":"hudo","image":{"@type":"ImageObject","inLanguage":"sl-SI","@id":"https:\/\/hudo.com\/si\/#\/schema\/person\/image\/","url":"https:\/\/secure.gravatar.com\/avatar\/c4ca25fa72cace7a696b52ff5db9e095?s=96&d=mm&r=g","contentUrl":"https:\/\/secure.gravatar.com\/avatar\/c4ca25fa72cace7a696b52ff5db9e095?s=96&d=mm&r=g","caption":"hudo"},"url":"https:\/\/hudo.com\/si\/author\/hudo\/"}]}},"amp_enabled":true,"_links":{"self":[{"href":"https:\/\/hudo.com\/si\/wp-json\/wp\/v2\/posts\/113650"}],"collection":[{"href":"https:\/\/hudo.com\/si\/wp-json\/wp\/v2\/posts"}],"about":[{"href":"https:\/\/hudo.com\/si\/wp-json\/wp\/v2\/types\/post"}],"author":[{"embeddable":true,"href":"https:\/\/hudo.com\/si\/wp-json\/wp\/v2\/users\/1"}],"replies":[{"embeddable":true,"href":"https:\/\/hudo.com\/si\/wp-json\/wp\/v2\/comments?post=113650"}],"version-history":[{"count":1,"href":"https:\/\/hudo.com\/si\/wp-json\/wp\/v2\/posts\/113650\/revisions"}],"predecessor-version":[{"id":113768,"href":"https:\/\/hudo.com\/si\/wp-json\/wp\/v2\/posts\/113650\/revisions\/113768"}],"wp:attachment":[{"href":"https:\/\/hudo.com\/si\/wp-json\/wp\/v2\/media?parent=113650"}],"wp:term":[{"taxonomy":"category","embeddable":true,"href":"https:\/\/hudo.com\/si\/wp-json\/wp\/v2\/categories?post=113650"},{"taxonomy":"post_tag","embeddable":true,"href":"https:\/\/hudo.com\/si\/wp-json\/wp\/v2\/tags?post=113650"},{"taxonomy":"source","embeddable":true,"href":"https:\/\/hudo.com\/si\/wp-json\/wp\/v2\/source?post=113650"},{"taxonomy":"supertag","embeddable":true,"href":"https:\/\/hudo.com\/si\/wp-json\/wp\/v2\/supertag?post=113650"}],"curies":[{"name":"wp","href":"https:\/\/api.w.org\/{rel}","templated":true}]}}