{"id":113660,"date":"2016-08-14T13:00:00","date_gmt":"2016-08-14T11:00:00","guid":{"rendered":"http:\/\/hudo.com\/si\/2016\/08\/14\/materinstvo-je-luciji-nadelo-poseben-zar\/"},"modified":"2016-08-15T07:42:53","modified_gmt":"2016-08-15T05:42:53","slug":"materinstvo-je-luciji-nadelo-poseben-zar","status":"publish","type":"post","link":"https:\/\/hudo.com\/si\/aktualno\/materinstvo-je-luciji-nadelo-poseben-zar\/","title":{"rendered":"Materinstvo je Luciji nadelo poseben \u017ear"},"content":{"rendered":"<p>Kategorija: Drugi \u0161porti Sun, 14 Aug 2016 15:00:00 +0200  Tri mesece po porodu si je nadela kimono in se vrnila na tatami. Ne na trening za vrhunske tekmovalce, ampak na vadbo, na kateri svoje judoisti\u010dno znanje predaja pribli\u017eno 100 osnovno\u0161olcem. Materinstvo ji je nadelo poseben \u017ear. \u00bbS trenerjem se \u0161e nisva dogovorila, kdaj se bom vrnila k svojemu treningu. Te\u017eko bo, saj se je telo zelo spremenilo. Vsekakor pa bom poskusila. Rada bi \u0161la na kak\u0161no tekmo, morda ne na vrhunski ravni, ampak tako, &#8216;za gu\u0161t&#8217;,\u00ab je razmi\u0161ljala 31-letna bronasta olimpijka Lucija Polavder. Kaj se je leta 2008 v Pekingu dogajalo, potem ko je osvojila olimpijski bron, se zaradi mo\u010dnih \u010dustev, ki so jo prevzela, ne spomni prav veliko. Ko je ta teden z doma\u010dega kav\u010da prek medijev spremljala borbe v Riu (iskreno se je veselila zlata Tine Trstenjak,\u00a0&#8230;<\/p>\n","protected":false},"excerpt":{"rendered":"<p>Kategorija: Drugi \u0161porti Sun, 14 Aug 2016 15:00:00 +0200  Tri mesece po porodu si je nadela kimono in se vrnila na tatami. Ne na trening za vrhunske tekmovalce, ampak na vadbo, na kateri svoje judoisti\u010dno znanje predaja pribli\u017eno 100 osnovno\u0161olcem. Materinstvo ji je nadelo poseben \u017ear. \u00bbS trenerjem se \u0161e nisva dogovorila, kdaj se bom vrnila k svojemu treningu. Te\u017eko bo, saj se je telo zelo spremenilo. Vsekakor pa bom poskusila. Rada bi \u0161la na kak\u0161no tekmo, morda ne na vrhunski ravni, ampak tako, &#8216;za gu\u0161t&#8217;,\u00ab je razmi\u0161ljala 31-letna bronasta olimpijka Lucija Polavder. Kaj se je leta 2008 v Pekingu dogajalo, potem ko je osvojila olimpijski bron, se zaradi mo\u010dnih \u010dustev, ki so jo prevzela, ne spomni prav veliko. Ko je ta teden z doma\u010dega kav\u010da prek medijev spremljala borbe v Riu (iskreno se je veselila zlata Tine Trstenjak,\u00a0&#8230;<\/p>\n","protected":false},"author":1,"featured_media":0,"comment_status":"closed","ping_status":"closed","sticky":false,"template":"","format":"standard","meta":{"footnotes":""},"categories":[1179],"tags":[],"source":[4511],"supertag":[],"acf":[],"yoast_head":"<!-- This site is optimized with the Yoast SEO plugin v21.3 - https:\/\/yoast.com\/wordpress\/plugins\/seo\/ -->\n<title>Materinstvo je Luciji nadelo poseben \u017ear - Hudo Slovenija<\/title>\n<meta name=\"robots\" content=\"index, follow, max-snippet:-1, max-image-preview:large, max-video-preview:-1\" \/>\n<link rel=\"canonical\" href=\"https:\/\/hudo.com\/si\/aktualno\/materinstvo-je-luciji-nadelo-poseben-zar\/\" \/>\n<meta property=\"og:locale\" content=\"sl_SI\" \/>\n<meta property=\"og:type\" content=\"article\" \/>\n<meta property=\"og:title\" content=\"Materinstvo je Luciji nadelo poseben \u017ear - Hudo Slovenija\" \/>\n<meta property=\"og:description\" content=\"Kategorija: Drugi \u0161porti Sun, 14 Aug 2016 15:00:00 +0200 Tri mesece po porodu si je nadela kimono in se vrnila na tatami. Ne na trening za vrhunske tekmovalce, ampak na vadbo, na kateri svoje judoisti\u010dno znanje predaja pribli\u017eno 100 osnovno\u0161olcem. Materinstvo ji je nadelo poseben \u017ear. \u00bbS trenerjem se \u0161e nisva dogovorila, kdaj se bom vrnila k svojemu treningu. Te\u017eko bo, saj se je telo zelo spremenilo. Vsekakor pa bom poskusila. Rada bi \u0161la na kak\u0161no tekmo, morda ne na vrhunski ravni, ampak tako, &#039;za gu\u0161t&#039;,\u00ab je razmi\u0161ljala 31-letna bronasta olimpijka Lucija Polavder. Kaj se je leta 2008 v Pekingu dogajalo, potem ko je osvojila olimpijski bron, se zaradi mo\u010dnih \u010dustev, ki so jo prevzela, ne spomni prav veliko. Ko je ta teden z doma\u010dega kav\u010da prek medijev spremljala borbe v Riu (iskreno se je veselila zlata Tine Trstenjak,\u00a0...\" \/>\n<meta property=\"og:url\" content=\"https:\/\/hudo.com\/si\/aktualno\/materinstvo-je-luciji-nadelo-poseben-zar\/\" \/>\n<meta property=\"og:site_name\" content=\"Hudo Slovenija\" \/>\n<meta property=\"article:publisher\" content=\"https:\/\/www.facebook.com\/hudo.si\" \/>\n<meta property=\"article:published_time\" content=\"2016-08-14T11:00:00+00:00\" \/>\n<meta property=\"article:modified_time\" content=\"2016-08-15T05:42:53+00:00\" \/>\n<meta property=\"og:image\" content=\"https:\/\/hudo.com\/si\/wp-content\/uploads\/sites\/2\/2016\/08\/480x290_Nedelo__Delo_Foto_201608111.2_hires0.jpeg\" \/>\n\t<meta property=\"og:image:width\" content=\"480\" \/>\n\t<meta property=\"og:image:height\" content=\"290\" \/>\n\t<meta property=\"og:image:type\" content=\"image\/jpeg\" \/>\n<meta name=\"author\" content=\"hudo\" \/>\n<meta name=\"twitter:card\" content=\"summary_large_image\" \/>\n<meta name=\"twitter:creator\" content=\"@hudo_si\" \/>\n<meta name=\"twitter:site\" content=\"@hudo_si\" \/>\n<meta name=\"twitter:label1\" content=\"Written by\" \/>\n\t<meta name=\"twitter:data1\" content=\"hudo\" \/>\n\t<meta name=\"twitter:label2\" content=\"Est. reading time\" \/>\n\t<meta name=\"twitter:data2\" content=\"1 minuta\" \/>\n<script type=\"application\/ld+json\" class=\"yoast-schema-graph\">{\"@context\":\"https:\/\/schema.org\",\"@graph\":[{\"@type\":\"Article\",\"@id\":\"https:\/\/hudo.com\/si\/aktualno\/materinstvo-je-luciji-nadelo-poseben-zar\/#article\",\"isPartOf\":{\"@id\":\"https:\/\/hudo.com\/si\/aktualno\/materinstvo-je-luciji-nadelo-poseben-zar\/\"},\"author\":{\"name\":\"hudo\",\"@id\":\"https:\/\/hudo.com\/si\/#\/schema\/person\/601cf3379633985b20f7e50f2bb47707\"},\"headline\":\"Materinstvo je Luciji nadelo poseben \u017ear\",\"datePublished\":\"2016-08-14T11:00:00+00:00\",\"dateModified\":\"2016-08-15T05:42:53+00:00\",\"mainEntityOfPage\":{\"@id\":\"https:\/\/hudo.com\/si\/aktualno\/materinstvo-je-luciji-nadelo-poseben-zar\/\"},\"wordCount\":149,\"publisher\":{\"@id\":\"https:\/\/hudo.com\/si\/#organization\"},\"articleSection\":[\"Aktualno\"],\"inLanguage\":\"sl-SI\"},{\"@type\":\"WebPage\",\"@id\":\"https:\/\/hudo.com\/si\/aktualno\/materinstvo-je-luciji-nadelo-poseben-zar\/\",\"url\":\"https:\/\/hudo.com\/si\/aktualno\/materinstvo-je-luciji-nadelo-poseben-zar\/\",\"name\":\"Materinstvo je Luciji nadelo poseben \u017ear - Hudo Slovenija\",\"isPartOf\":{\"@id\":\"https:\/\/hudo.com\/si\/#website\"},\"datePublished\":\"2016-08-14T11:00:00+00:00\",\"dateModified\":\"2016-08-15T05:42:53+00:00\",\"breadcrumb\":{\"@id\":\"https:\/\/hudo.com\/si\/aktualno\/materinstvo-je-luciji-nadelo-poseben-zar\/#breadcrumb\"},\"inLanguage\":\"sl-SI\",\"potentialAction\":[{\"@type\":\"ReadAction\",\"target\":[\"https:\/\/hudo.com\/si\/aktualno\/materinstvo-je-luciji-nadelo-poseben-zar\/\"]}]},{\"@type\":\"BreadcrumbList\",\"@id\":\"https:\/\/hudo.com\/si\/aktualno\/materinstvo-je-luciji-nadelo-poseben-zar\/#breadcrumb\",\"itemListElement\":[{\"@type\":\"ListItem\",\"position\":1,\"name\":\"Home\",\"item\":\"https:\/\/hudo.com\/si\/\"},{\"@type\":\"ListItem\",\"position\":2,\"name\":\"Materinstvo je Luciji nadelo poseben \u017ear\"}]},{\"@type\":\"WebSite\",\"@id\":\"https:\/\/hudo.com\/si\/#website\",\"url\":\"https:\/\/hudo.com\/si\/\",\"name\":\"Hudo Slovenija\",\"description\":\"Vse novice iz Slovenije in sveta\",\"publisher\":{\"@id\":\"https:\/\/hudo.com\/si\/#organization\"},\"potentialAction\":[{\"@type\":\"SearchAction\",\"target\":{\"@type\":\"EntryPoint\",\"urlTemplate\":\"https:\/\/hudo.com\/si\/?s={search_term_string}\"},\"query-input\":\"required name=search_term_string\"}],\"inLanguage\":\"sl-SI\"},{\"@type\":\"Organization\",\"@id\":\"https:\/\/hudo.com\/si\/#organization\",\"name\":\"VSN Media\",\"url\":\"https:\/\/hudo.com\/si\/\",\"logo\":{\"@type\":\"ImageObject\",\"inLanguage\":\"sl-SI\",\"@id\":\"https:\/\/hudo.com\/si\/#\/schema\/logo\/image\/\",\"url\":\"https:\/\/hudo.com\/si\/wp-content\/uploads\/sites\/2\/2021\/03\/hudo-app-2.png\",\"contentUrl\":\"https:\/\/hudo.com\/si\/wp-content\/uploads\/sites\/2\/2021\/03\/hudo-app-2.png\",\"width\":2185,\"height\":2167,\"caption\":\"VSN Media\"},\"image\":{\"@id\":\"https:\/\/hudo.com\/si\/#\/schema\/logo\/image\/\"},\"sameAs\":[\"https:\/\/www.facebook.com\/hudo.si\",\"https:\/\/twitter.com\/hudo_si\"]},{\"@type\":\"Person\",\"@id\":\"https:\/\/hudo.com\/si\/#\/schema\/person\/601cf3379633985b20f7e50f2bb47707\",\"name\":\"hudo\",\"image\":{\"@type\":\"ImageObject\",\"inLanguage\":\"sl-SI\",\"@id\":\"https:\/\/hudo.com\/si\/#\/schema\/person\/image\/\",\"url\":\"https:\/\/secure.gravatar.com\/avatar\/c4ca25fa72cace7a696b52ff5db9e095?s=96&d=mm&r=g\",\"contentUrl\":\"https:\/\/secure.gravatar.com\/avatar\/c4ca25fa72cace7a696b52ff5db9e095?s=96&d=mm&r=g\",\"caption\":\"hudo\"},\"url\":\"https:\/\/hudo.com\/si\/author\/hudo\/\"}]}<\/script>\n<!-- \/ Yoast SEO plugin. -->","yoast_head_json":{"title":"Materinstvo je Luciji nadelo poseben \u017ear - Hudo Slovenija","robots":{"index":"index","follow":"follow","max-snippet":"max-snippet:-1","max-image-preview":"max-image-preview:large","max-video-preview":"max-video-preview:-1"},"canonical":"https:\/\/hudo.com\/si\/aktualno\/materinstvo-je-luciji-nadelo-poseben-zar\/","og_locale":"sl_SI","og_type":"article","og_title":"Materinstvo je Luciji nadelo poseben \u017ear - Hudo Slovenija","og_description":"Kategorija: Drugi \u0161porti Sun, 14 Aug 2016 15:00:00 +0200 Tri mesece po porodu si je nadela kimono in se vrnila na tatami. Ne na trening za vrhunske tekmovalce, ampak na vadbo, na kateri svoje judoisti\u010dno znanje predaja pribli\u017eno 100 osnovno\u0161olcem. Materinstvo ji je nadelo poseben \u017ear. \u00bbS trenerjem se \u0161e nisva dogovorila, kdaj se bom vrnila k svojemu treningu. Te\u017eko bo, saj se je telo zelo spremenilo. Vsekakor pa bom poskusila. Rada bi \u0161la na kak\u0161no tekmo, morda ne na vrhunski ravni, ampak tako, 'za gu\u0161t',\u00ab je razmi\u0161ljala 31-letna bronasta olimpijka Lucija Polavder. Kaj se je leta 2008 v Pekingu dogajalo, potem ko je osvojila olimpijski bron, se zaradi mo\u010dnih \u010dustev, ki so jo prevzela, ne spomni prav veliko. Ko je ta teden z doma\u010dega kav\u010da prek medijev spremljala borbe v Riu (iskreno se je veselila zlata Tine Trstenjak,\u00a0...","og_url":"https:\/\/hudo.com\/si\/aktualno\/materinstvo-je-luciji-nadelo-poseben-zar\/","og_site_name":"Hudo Slovenija","article_publisher":"https:\/\/www.facebook.com\/hudo.si","article_published_time":"2016-08-14T11:00:00+00:00","article_modified_time":"2016-08-15T05:42:53+00:00","og_image":[{"width":480,"height":290,"url":"https:\/\/hudo.com\/si\/wp-content\/uploads\/sites\/2\/2016\/08\/480x290_Nedelo__Delo_Foto_201608111.2_hires0.jpeg","type":"image\/jpeg"}],"author":"hudo","twitter_card":"summary_large_image","twitter_creator":"@hudo_si","twitter_site":"@hudo_si","twitter_misc":{"Written by":"hudo","Est. reading time":"1 minuta"},"schema":{"@context":"https:\/\/schema.org","@graph":[{"@type":"Article","@id":"https:\/\/hudo.com\/si\/aktualno\/materinstvo-je-luciji-nadelo-poseben-zar\/#article","isPartOf":{"@id":"https:\/\/hudo.com\/si\/aktualno\/materinstvo-je-luciji-nadelo-poseben-zar\/"},"author":{"name":"hudo","@id":"https:\/\/hudo.com\/si\/#\/schema\/person\/601cf3379633985b20f7e50f2bb47707"},"headline":"Materinstvo je Luciji nadelo poseben \u017ear","datePublished":"2016-08-14T11:00:00+00:00","dateModified":"2016-08-15T05:42:53+00:00","mainEntityOfPage":{"@id":"https:\/\/hudo.com\/si\/aktualno\/materinstvo-je-luciji-nadelo-poseben-zar\/"},"wordCount":149,"publisher":{"@id":"https:\/\/hudo.com\/si\/#organization"},"articleSection":["Aktualno"],"inLanguage":"sl-SI"},{"@type":"WebPage","@id":"https:\/\/hudo.com\/si\/aktualno\/materinstvo-je-luciji-nadelo-poseben-zar\/","url":"https:\/\/hudo.com\/si\/aktualno\/materinstvo-je-luciji-nadelo-poseben-zar\/","name":"Materinstvo je Luciji nadelo poseben \u017ear - Hudo Slovenija","isPartOf":{"@id":"https:\/\/hudo.com\/si\/#website"},"datePublished":"2016-08-14T11:00:00+00:00","dateModified":"2016-08-15T05:42:53+00:00","breadcrumb":{"@id":"https:\/\/hudo.com\/si\/aktualno\/materinstvo-je-luciji-nadelo-poseben-zar\/#breadcrumb"},"inLanguage":"sl-SI","potentialAction":[{"@type":"ReadAction","target":["https:\/\/hudo.com\/si\/aktualno\/materinstvo-je-luciji-nadelo-poseben-zar\/"]}]},{"@type":"BreadcrumbList","@id":"https:\/\/hudo.com\/si\/aktualno\/materinstvo-je-luciji-nadelo-poseben-zar\/#breadcrumb","itemListElement":[{"@type":"ListItem","position":1,"name":"Home","item":"https:\/\/hudo.com\/si\/"},{"@type":"ListItem","position":2,"name":"Materinstvo je Luciji nadelo poseben \u017ear"}]},{"@type":"WebSite","@id":"https:\/\/hudo.com\/si\/#website","url":"https:\/\/hudo.com\/si\/","name":"Hudo Slovenija","description":"Vse novice iz Slovenije in sveta","publisher":{"@id":"https:\/\/hudo.com\/si\/#organization"},"potentialAction":[{"@type":"SearchAction","target":{"@type":"EntryPoint","urlTemplate":"https:\/\/hudo.com\/si\/?s={search_term_string}"},"query-input":"required name=search_term_string"}],"inLanguage":"sl-SI"},{"@type":"Organization","@id":"https:\/\/hudo.com\/si\/#organization","name":"VSN Media","url":"https:\/\/hudo.com\/si\/","logo":{"@type":"ImageObject","inLanguage":"sl-SI","@id":"https:\/\/hudo.com\/si\/#\/schema\/logo\/image\/","url":"https:\/\/hudo.com\/si\/wp-content\/uploads\/sites\/2\/2021\/03\/hudo-app-2.png","contentUrl":"https:\/\/hudo.com\/si\/wp-content\/uploads\/sites\/2\/2021\/03\/hudo-app-2.png","width":2185,"height":2167,"caption":"VSN Media"},"image":{"@id":"https:\/\/hudo.com\/si\/#\/schema\/logo\/image\/"},"sameAs":["https:\/\/www.facebook.com\/hudo.si","https:\/\/twitter.com\/hudo_si"]},{"@type":"Person","@id":"https:\/\/hudo.com\/si\/#\/schema\/person\/601cf3379633985b20f7e50f2bb47707","name":"hudo","image":{"@type":"ImageObject","inLanguage":"sl-SI","@id":"https:\/\/hudo.com\/si\/#\/schema\/person\/image\/","url":"https:\/\/secure.gravatar.com\/avatar\/c4ca25fa72cace7a696b52ff5db9e095?s=96&d=mm&r=g","contentUrl":"https:\/\/secure.gravatar.com\/avatar\/c4ca25fa72cace7a696b52ff5db9e095?s=96&d=mm&r=g","caption":"hudo"},"url":"https:\/\/hudo.com\/si\/author\/hudo\/"}]}},"amp_enabled":true,"_links":{"self":[{"href":"https:\/\/hudo.com\/si\/wp-json\/wp\/v2\/posts\/113660"}],"collection":[{"href":"https:\/\/hudo.com\/si\/wp-json\/wp\/v2\/posts"}],"about":[{"href":"https:\/\/hudo.com\/si\/wp-json\/wp\/v2\/types\/post"}],"author":[{"embeddable":true,"href":"https:\/\/hudo.com\/si\/wp-json\/wp\/v2\/users\/1"}],"replies":[{"embeddable":true,"href":"https:\/\/hudo.com\/si\/wp-json\/wp\/v2\/comments?post=113660"}],"version-history":[{"count":1,"href":"https:\/\/hudo.com\/si\/wp-json\/wp\/v2\/posts\/113660\/revisions"}],"predecessor-version":[{"id":113832,"href":"https:\/\/hudo.com\/si\/wp-json\/wp\/v2\/posts\/113660\/revisions\/113832"}],"wp:attachment":[{"href":"https:\/\/hudo.com\/si\/wp-json\/wp\/v2\/media?parent=113660"}],"wp:term":[{"taxonomy":"category","embeddable":true,"href":"https:\/\/hudo.com\/si\/wp-json\/wp\/v2\/categories?post=113660"},{"taxonomy":"post_tag","embeddable":true,"href":"https:\/\/hudo.com\/si\/wp-json\/wp\/v2\/tags?post=113660"},{"taxonomy":"source","embeddable":true,"href":"https:\/\/hudo.com\/si\/wp-json\/wp\/v2\/source?post=113660"},{"taxonomy":"supertag","embeddable":true,"href":"https:\/\/hudo.com\/si\/wp-json\/wp\/v2\/supertag?post=113660"}],"curies":[{"name":"wp","href":"https:\/\/api.w.org\/{rel}","templated":true}]}}