{"id":113668,"date":"2016-08-14T11:52:00","date_gmt":"2016-08-14T09:52:00","guid":{"rendered":"http:\/\/hudo.com\/si\/2016\/08\/14\/hrvaski-ocitki-slovenskemu-trenerju\/"},"modified":"2016-08-15T08:21:12","modified_gmt":"2016-08-15T06:21:12","slug":"hrvaski-ocitki-slovenskemu-trenerju","status":"publish","type":"post","link":"https:\/\/hudo.com\/si\/aktualno\/hrvaski-ocitki-slovenskemu-trenerju\/","title":{"rendered":"Hrva\u0161ki o\u010ditki slovenskemu trenerju"},"content":{"rendered":"<p>Kategorija: Ofsajd Sun, 14 Aug 2016 13:52:00 +0200  Zagreb &#8211; Kar malo potihoma poteka dokaj ostra in po prepri\u010danju nekaterih \u00bbcelo nevarna\u00ab razprava med Marijanom Pu\u0161nikom, slovenskim trenerjem na klopi nogometnega kluba Hajduk, in nekdanjim hrva\u0161kim nogometa\u0161em in reprezentativcem, zdaj komentatorjem na eni od hrva\u0161kih komercialnih televizij Jo\u0161kom Jeli\u010di\u0107em. Slednji se je namre\u010d odzval na slab rezultat Hajduka na enem zadnjih sre\u010danj, pa tudi na Pu\u0161nikovo izjavo, ko je bil vpra\u0161an o sojenju. Pu\u0161nik je namre\u010d dejal, \u00bbda ve, v kateri dr\u017eavi \u017eivi,\u00ab in objektivnim poznavalcem je bilo povsem jasno, da izjava \u00bbleti\u00ab na poznavanje pravil in dejstvo, da je seznanjen s tem, da na Hrva\u0161kem trenerji in igralci ne smejo komentirati sojenja. Vendar pa je Jeli\u010di\u0107 vse skupaj razumel druga\u010de in na dru\u017ebenem omre\u017eju zapisal: \u00bbTrener Hajduka, Slovenec Pu\u0161nik, po derbiju na vpra\u0161anje o sojenju: Vem, v kateri dr\u017eavi\u00a0&#8230;<\/p>\n","protected":false},"excerpt":{"rendered":"<p>Kategorija: Ofsajd Sun, 14 Aug 2016 13:52:00 +0200  Zagreb &#8211; Kar malo potihoma poteka dokaj ostra in po prepri\u010danju nekaterih \u00bbcelo nevarna\u00ab razprava med Marijanom Pu\u0161nikom, slovenskim trenerjem na klopi nogometnega kluba Hajduk, in nekdanjim hrva\u0161kim nogometa\u0161em in reprezentativcem, zdaj komentatorjem na eni od hrva\u0161kih komercialnih televizij Jo\u0161kom Jeli\u010di\u0107em. Slednji se je namre\u010d odzval na slab rezultat Hajduka na enem zadnjih sre\u010danj, pa tudi na Pu\u0161nikovo izjavo, ko je bil vpra\u0161an o sojenju. Pu\u0161nik je namre\u010d dejal, \u00bbda ve, v kateri dr\u017eavi \u017eivi,\u00ab in objektivnim poznavalcem je bilo povsem jasno, da izjava \u00bbleti\u00ab na poznavanje pravil in dejstvo, da je seznanjen s tem, da na Hrva\u0161kem trenerji in igralci ne smejo komentirati sojenja. Vendar pa je Jeli\u010di\u0107 vse skupaj razumel druga\u010de in na dru\u017ebenem omre\u017eju zapisal: \u00bbTrener Hajduka, Slovenec Pu\u0161nik, po derbiju na vpra\u0161anje o sojenju: Vem, v kateri dr\u017eavi\u00a0&#8230;<\/p>\n","protected":false},"author":1,"featured_media":0,"comment_status":"closed","ping_status":"closed","sticky":false,"template":"","format":"standard","meta":{"footnotes":""},"categories":[1179],"tags":[],"source":[4511],"supertag":[],"acf":[],"yoast_head":"<!-- This site is optimized with the Yoast SEO plugin v21.3 - https:\/\/yoast.com\/wordpress\/plugins\/seo\/ -->\n<title>Hrva\u0161ki o\u010ditki slovenskemu trenerju - Hudo Slovenija<\/title>\n<meta name=\"robots\" content=\"index, follow, max-snippet:-1, max-image-preview:large, max-video-preview:-1\" \/>\n<link rel=\"canonical\" href=\"https:\/\/hudo.com\/si\/aktualno\/hrvaski-ocitki-slovenskemu-trenerju\/\" \/>\n<meta property=\"og:locale\" content=\"sl_SI\" \/>\n<meta property=\"og:type\" content=\"article\" \/>\n<meta property=\"og:title\" content=\"Hrva\u0161ki o\u010ditki slovenskemu trenerju - Hudo Slovenija\" \/>\n<meta property=\"og:description\" content=\"Kategorija: Ofsajd Sun, 14 Aug 2016 13:52:00 +0200 Zagreb - Kar malo potihoma poteka dokaj ostra in po prepri\u010danju nekaterih \u00bbcelo nevarna\u00ab razprava med Marijanom Pu\u0161nikom, slovenskim trenerjem na klopi nogometnega kluba Hajduk, in nekdanjim hrva\u0161kim nogometa\u0161em in reprezentativcem, zdaj komentatorjem na eni od hrva\u0161kih komercialnih televizij Jo\u0161kom Jeli\u010di\u0107em. Slednji se je namre\u010d odzval na slab rezultat Hajduka na enem zadnjih sre\u010danj, pa tudi na Pu\u0161nikovo izjavo, ko je bil vpra\u0161an o sojenju. Pu\u0161nik je namre\u010d dejal, \u00bbda ve, v kateri dr\u017eavi \u017eivi,\u00ab in objektivnim poznavalcem je bilo povsem jasno, da izjava \u00bbleti\u00ab na poznavanje pravil in dejstvo, da je seznanjen s tem, da na Hrva\u0161kem trenerji in igralci ne smejo komentirati sojenja. Vendar pa je Jeli\u010di\u0107 vse skupaj razumel druga\u010de in na dru\u017ebenem omre\u017eju zapisal: \u00bbTrener Hajduka, Slovenec Pu\u0161nik, po derbiju na vpra\u0161anje o sojenju: Vem, v kateri dr\u017eavi\u00a0...\" \/>\n<meta property=\"og:url\" content=\"https:\/\/hudo.com\/si\/aktualno\/hrvaski-ocitki-slovenskemu-trenerju\/\" \/>\n<meta property=\"og:site_name\" content=\"Hudo Slovenija\" \/>\n<meta property=\"article:publisher\" content=\"https:\/\/www.facebook.com\/hudo.si\" \/>\n<meta property=\"article:published_time\" content=\"2016-08-14T09:52:00+00:00\" \/>\n<meta property=\"article:modified_time\" content=\"2016-08-15T06:21:12+00:00\" \/>\n<meta property=\"og:image\" content=\"https:\/\/hudo.com\/si\/wp-content\/uploads\/sites\/2\/2016\/08\/480x290_Sport__djvu_2154802_gnejedl_hires0.jpeg\" \/>\n\t<meta property=\"og:image:width\" content=\"480\" \/>\n\t<meta property=\"og:image:height\" content=\"290\" \/>\n\t<meta property=\"og:image:type\" content=\"image\/jpeg\" \/>\n<meta name=\"author\" content=\"hudo\" \/>\n<meta name=\"twitter:card\" content=\"summary_large_image\" \/>\n<meta name=\"twitter:creator\" content=\"@hudo_si\" \/>\n<meta name=\"twitter:site\" content=\"@hudo_si\" \/>\n<meta name=\"twitter:label1\" content=\"Written by\" \/>\n\t<meta name=\"twitter:data1\" content=\"hudo\" \/>\n\t<meta name=\"twitter:label2\" content=\"Est. reading time\" \/>\n\t<meta name=\"twitter:data2\" content=\"1 minuta\" \/>\n<script type=\"application\/ld+json\" class=\"yoast-schema-graph\">{\"@context\":\"https:\/\/schema.org\",\"@graph\":[{\"@type\":\"Article\",\"@id\":\"https:\/\/hudo.com\/si\/aktualno\/hrvaski-ocitki-slovenskemu-trenerju\/#article\",\"isPartOf\":{\"@id\":\"https:\/\/hudo.com\/si\/aktualno\/hrvaski-ocitki-slovenskemu-trenerju\/\"},\"author\":{\"name\":\"hudo\",\"@id\":\"https:\/\/hudo.com\/si\/#\/schema\/person\/601cf3379633985b20f7e50f2bb47707\"},\"headline\":\"Hrva\u0161ki o\u010ditki slovenskemu trenerju\",\"datePublished\":\"2016-08-14T09:52:00+00:00\",\"dateModified\":\"2016-08-15T06:21:12+00:00\",\"mainEntityOfPage\":{\"@id\":\"https:\/\/hudo.com\/si\/aktualno\/hrvaski-ocitki-slovenskemu-trenerju\/\"},\"wordCount\":163,\"publisher\":{\"@id\":\"https:\/\/hudo.com\/si\/#organization\"},\"articleSection\":[\"Aktualno\"],\"inLanguage\":\"sl-SI\"},{\"@type\":\"WebPage\",\"@id\":\"https:\/\/hudo.com\/si\/aktualno\/hrvaski-ocitki-slovenskemu-trenerju\/\",\"url\":\"https:\/\/hudo.com\/si\/aktualno\/hrvaski-ocitki-slovenskemu-trenerju\/\",\"name\":\"Hrva\u0161ki o\u010ditki slovenskemu trenerju - Hudo Slovenija\",\"isPartOf\":{\"@id\":\"https:\/\/hudo.com\/si\/#website\"},\"datePublished\":\"2016-08-14T09:52:00+00:00\",\"dateModified\":\"2016-08-15T06:21:12+00:00\",\"breadcrumb\":{\"@id\":\"https:\/\/hudo.com\/si\/aktualno\/hrvaski-ocitki-slovenskemu-trenerju\/#breadcrumb\"},\"inLanguage\":\"sl-SI\",\"potentialAction\":[{\"@type\":\"ReadAction\",\"target\":[\"https:\/\/hudo.com\/si\/aktualno\/hrvaski-ocitki-slovenskemu-trenerju\/\"]}]},{\"@type\":\"BreadcrumbList\",\"@id\":\"https:\/\/hudo.com\/si\/aktualno\/hrvaski-ocitki-slovenskemu-trenerju\/#breadcrumb\",\"itemListElement\":[{\"@type\":\"ListItem\",\"position\":1,\"name\":\"Home\",\"item\":\"https:\/\/hudo.com\/si\/\"},{\"@type\":\"ListItem\",\"position\":2,\"name\":\"Hrva\u0161ki o\u010ditki slovenskemu trenerju\"}]},{\"@type\":\"WebSite\",\"@id\":\"https:\/\/hudo.com\/si\/#website\",\"url\":\"https:\/\/hudo.com\/si\/\",\"name\":\"Hudo Slovenija\",\"description\":\"Vse novice iz Slovenije in sveta\",\"publisher\":{\"@id\":\"https:\/\/hudo.com\/si\/#organization\"},\"potentialAction\":[{\"@type\":\"SearchAction\",\"target\":{\"@type\":\"EntryPoint\",\"urlTemplate\":\"https:\/\/hudo.com\/si\/?s={search_term_string}\"},\"query-input\":\"required name=search_term_string\"}],\"inLanguage\":\"sl-SI\"},{\"@type\":\"Organization\",\"@id\":\"https:\/\/hudo.com\/si\/#organization\",\"name\":\"VSN Media\",\"url\":\"https:\/\/hudo.com\/si\/\",\"logo\":{\"@type\":\"ImageObject\",\"inLanguage\":\"sl-SI\",\"@id\":\"https:\/\/hudo.com\/si\/#\/schema\/logo\/image\/\",\"url\":\"https:\/\/hudo.com\/si\/wp-content\/uploads\/sites\/2\/2021\/03\/hudo-app-2.png\",\"contentUrl\":\"https:\/\/hudo.com\/si\/wp-content\/uploads\/sites\/2\/2021\/03\/hudo-app-2.png\",\"width\":2185,\"height\":2167,\"caption\":\"VSN Media\"},\"image\":{\"@id\":\"https:\/\/hudo.com\/si\/#\/schema\/logo\/image\/\"},\"sameAs\":[\"https:\/\/www.facebook.com\/hudo.si\",\"https:\/\/twitter.com\/hudo_si\"]},{\"@type\":\"Person\",\"@id\":\"https:\/\/hudo.com\/si\/#\/schema\/person\/601cf3379633985b20f7e50f2bb47707\",\"name\":\"hudo\",\"image\":{\"@type\":\"ImageObject\",\"inLanguage\":\"sl-SI\",\"@id\":\"https:\/\/hudo.com\/si\/#\/schema\/person\/image\/\",\"url\":\"https:\/\/secure.gravatar.com\/avatar\/c4ca25fa72cace7a696b52ff5db9e095?s=96&d=mm&r=g\",\"contentUrl\":\"https:\/\/secure.gravatar.com\/avatar\/c4ca25fa72cace7a696b52ff5db9e095?s=96&d=mm&r=g\",\"caption\":\"hudo\"},\"url\":\"https:\/\/hudo.com\/si\/author\/hudo\/\"}]}<\/script>\n<!-- \/ Yoast SEO plugin. -->","yoast_head_json":{"title":"Hrva\u0161ki o\u010ditki slovenskemu trenerju - Hudo Slovenija","robots":{"index":"index","follow":"follow","max-snippet":"max-snippet:-1","max-image-preview":"max-image-preview:large","max-video-preview":"max-video-preview:-1"},"canonical":"https:\/\/hudo.com\/si\/aktualno\/hrvaski-ocitki-slovenskemu-trenerju\/","og_locale":"sl_SI","og_type":"article","og_title":"Hrva\u0161ki o\u010ditki slovenskemu trenerju - Hudo Slovenija","og_description":"Kategorija: Ofsajd Sun, 14 Aug 2016 13:52:00 +0200 Zagreb - Kar malo potihoma poteka dokaj ostra in po prepri\u010danju nekaterih \u00bbcelo nevarna\u00ab razprava med Marijanom Pu\u0161nikom, slovenskim trenerjem na klopi nogometnega kluba Hajduk, in nekdanjim hrva\u0161kim nogometa\u0161em in reprezentativcem, zdaj komentatorjem na eni od hrva\u0161kih komercialnih televizij Jo\u0161kom Jeli\u010di\u0107em. Slednji se je namre\u010d odzval na slab rezultat Hajduka na enem zadnjih sre\u010danj, pa tudi na Pu\u0161nikovo izjavo, ko je bil vpra\u0161an o sojenju. Pu\u0161nik je namre\u010d dejal, \u00bbda ve, v kateri dr\u017eavi \u017eivi,\u00ab in objektivnim poznavalcem je bilo povsem jasno, da izjava \u00bbleti\u00ab na poznavanje pravil in dejstvo, da je seznanjen s tem, da na Hrva\u0161kem trenerji in igralci ne smejo komentirati sojenja. Vendar pa je Jeli\u010di\u0107 vse skupaj razumel druga\u010de in na dru\u017ebenem omre\u017eju zapisal: \u00bbTrener Hajduka, Slovenec Pu\u0161nik, po derbiju na vpra\u0161anje o sojenju: Vem, v kateri dr\u017eavi\u00a0...","og_url":"https:\/\/hudo.com\/si\/aktualno\/hrvaski-ocitki-slovenskemu-trenerju\/","og_site_name":"Hudo Slovenija","article_publisher":"https:\/\/www.facebook.com\/hudo.si","article_published_time":"2016-08-14T09:52:00+00:00","article_modified_time":"2016-08-15T06:21:12+00:00","og_image":[{"width":480,"height":290,"url":"https:\/\/hudo.com\/si\/wp-content\/uploads\/sites\/2\/2016\/08\/480x290_Sport__djvu_2154802_gnejedl_hires0.jpeg","type":"image\/jpeg"}],"author":"hudo","twitter_card":"summary_large_image","twitter_creator":"@hudo_si","twitter_site":"@hudo_si","twitter_misc":{"Written by":"hudo","Est. reading time":"1 minuta"},"schema":{"@context":"https:\/\/schema.org","@graph":[{"@type":"Article","@id":"https:\/\/hudo.com\/si\/aktualno\/hrvaski-ocitki-slovenskemu-trenerju\/#article","isPartOf":{"@id":"https:\/\/hudo.com\/si\/aktualno\/hrvaski-ocitki-slovenskemu-trenerju\/"},"author":{"name":"hudo","@id":"https:\/\/hudo.com\/si\/#\/schema\/person\/601cf3379633985b20f7e50f2bb47707"},"headline":"Hrva\u0161ki o\u010ditki slovenskemu trenerju","datePublished":"2016-08-14T09:52:00+00:00","dateModified":"2016-08-15T06:21:12+00:00","mainEntityOfPage":{"@id":"https:\/\/hudo.com\/si\/aktualno\/hrvaski-ocitki-slovenskemu-trenerju\/"},"wordCount":163,"publisher":{"@id":"https:\/\/hudo.com\/si\/#organization"},"articleSection":["Aktualno"],"inLanguage":"sl-SI"},{"@type":"WebPage","@id":"https:\/\/hudo.com\/si\/aktualno\/hrvaski-ocitki-slovenskemu-trenerju\/","url":"https:\/\/hudo.com\/si\/aktualno\/hrvaski-ocitki-slovenskemu-trenerju\/","name":"Hrva\u0161ki o\u010ditki slovenskemu trenerju - Hudo Slovenija","isPartOf":{"@id":"https:\/\/hudo.com\/si\/#website"},"datePublished":"2016-08-14T09:52:00+00:00","dateModified":"2016-08-15T06:21:12+00:00","breadcrumb":{"@id":"https:\/\/hudo.com\/si\/aktualno\/hrvaski-ocitki-slovenskemu-trenerju\/#breadcrumb"},"inLanguage":"sl-SI","potentialAction":[{"@type":"ReadAction","target":["https:\/\/hudo.com\/si\/aktualno\/hrvaski-ocitki-slovenskemu-trenerju\/"]}]},{"@type":"BreadcrumbList","@id":"https:\/\/hudo.com\/si\/aktualno\/hrvaski-ocitki-slovenskemu-trenerju\/#breadcrumb","itemListElement":[{"@type":"ListItem","position":1,"name":"Home","item":"https:\/\/hudo.com\/si\/"},{"@type":"ListItem","position":2,"name":"Hrva\u0161ki o\u010ditki slovenskemu trenerju"}]},{"@type":"WebSite","@id":"https:\/\/hudo.com\/si\/#website","url":"https:\/\/hudo.com\/si\/","name":"Hudo Slovenija","description":"Vse novice iz Slovenije in sveta","publisher":{"@id":"https:\/\/hudo.com\/si\/#organization"},"potentialAction":[{"@type":"SearchAction","target":{"@type":"EntryPoint","urlTemplate":"https:\/\/hudo.com\/si\/?s={search_term_string}"},"query-input":"required name=search_term_string"}],"inLanguage":"sl-SI"},{"@type":"Organization","@id":"https:\/\/hudo.com\/si\/#organization","name":"VSN Media","url":"https:\/\/hudo.com\/si\/","logo":{"@type":"ImageObject","inLanguage":"sl-SI","@id":"https:\/\/hudo.com\/si\/#\/schema\/logo\/image\/","url":"https:\/\/hudo.com\/si\/wp-content\/uploads\/sites\/2\/2021\/03\/hudo-app-2.png","contentUrl":"https:\/\/hudo.com\/si\/wp-content\/uploads\/sites\/2\/2021\/03\/hudo-app-2.png","width":2185,"height":2167,"caption":"VSN Media"},"image":{"@id":"https:\/\/hudo.com\/si\/#\/schema\/logo\/image\/"},"sameAs":["https:\/\/www.facebook.com\/hudo.si","https:\/\/twitter.com\/hudo_si"]},{"@type":"Person","@id":"https:\/\/hudo.com\/si\/#\/schema\/person\/601cf3379633985b20f7e50f2bb47707","name":"hudo","image":{"@type":"ImageObject","inLanguage":"sl-SI","@id":"https:\/\/hudo.com\/si\/#\/schema\/person\/image\/","url":"https:\/\/secure.gravatar.com\/avatar\/c4ca25fa72cace7a696b52ff5db9e095?s=96&d=mm&r=g","contentUrl":"https:\/\/secure.gravatar.com\/avatar\/c4ca25fa72cace7a696b52ff5db9e095?s=96&d=mm&r=g","caption":"hudo"},"url":"https:\/\/hudo.com\/si\/author\/hudo\/"}]}},"amp_enabled":true,"_links":{"self":[{"href":"https:\/\/hudo.com\/si\/wp-json\/wp\/v2\/posts\/113668"}],"collection":[{"href":"https:\/\/hudo.com\/si\/wp-json\/wp\/v2\/posts"}],"about":[{"href":"https:\/\/hudo.com\/si\/wp-json\/wp\/v2\/types\/post"}],"author":[{"embeddable":true,"href":"https:\/\/hudo.com\/si\/wp-json\/wp\/v2\/users\/1"}],"replies":[{"embeddable":true,"href":"https:\/\/hudo.com\/si\/wp-json\/wp\/v2\/comments?post=113668"}],"version-history":[{"count":1,"href":"https:\/\/hudo.com\/si\/wp-json\/wp\/v2\/posts\/113668\/revisions"}],"predecessor-version":[{"id":113776,"href":"https:\/\/hudo.com\/si\/wp-json\/wp\/v2\/posts\/113668\/revisions\/113776"}],"wp:attachment":[{"href":"https:\/\/hudo.com\/si\/wp-json\/wp\/v2\/media?parent=113668"}],"wp:term":[{"taxonomy":"category","embeddable":true,"href":"https:\/\/hudo.com\/si\/wp-json\/wp\/v2\/categories?post=113668"},{"taxonomy":"post_tag","embeddable":true,"href":"https:\/\/hudo.com\/si\/wp-json\/wp\/v2\/tags?post=113668"},{"taxonomy":"source","embeddable":true,"href":"https:\/\/hudo.com\/si\/wp-json\/wp\/v2\/source?post=113668"},{"taxonomy":"supertag","embeddable":true,"href":"https:\/\/hudo.com\/si\/wp-json\/wp\/v2\/supertag?post=113668"}],"curies":[{"name":"wp","href":"https:\/\/api.w.org\/{rel}","templated":true}]}}