{"id":113672,"date":"2016-08-14T10:30:00","date_gmt":"2016-08-14T08:30:00","guid":{"rendered":"http:\/\/hudo.com\/si\/2016\/08\/14\/tina-trstenjak-ze-v-trstu-jutri-sprejem-na-lopati-v-celju\/"},"modified":"2016-08-15T08:21:25","modified_gmt":"2016-08-15T06:21:25","slug":"tina-trstenjak-ze-v-trstu-jutri-sprejem-na-lopati-v-celju","status":"publish","type":"post","link":"https:\/\/hudo.com\/si\/aktualno\/tina-trstenjak-ze-v-trstu-jutri-sprejem-na-lopati-v-celju\/","title":{"rendered":"Tina Trstenjak \u017ee v Trstu, jutri sprejem na Lopati v Celju"},"content":{"rendered":"<p>Danes dopoldne je na letali\u0161\u010de v Trst prispel tudi del slovenske judoisti\u010dne reprezentance z olimpijsko prvakinjo Tino Trstenjak in trenerjem Marjanom Fabjanom na \u010delu, poro\u010da spletni portal Siol. Drugi del bo v poznih ve\u010dernih urah pripotoval na letali\u0161\u010de v Benetke, v tej skupini bo tudi dobitnica bronaste olimpijske medalje Ana Velen\u0161ek, \u0161e omenja spletni portal. In \u0161e, da je bil prihod na letali\u0161\u010de &#8220;brez velikega pompa, vznesenih govorov in \u010dustvenih izlivov. Asketsko, kot je to \u017ee navada v judoisti\u010dnih krogih&#8221;. Sprejem za Trstenjakovo bo jutri ob 19. uri na Lopati pri Celju.\u0160port<\/p>\n","protected":false},"excerpt":{"rendered":"<p>Danes dopoldne je na letali\u0161\u010de v Trst prispel tudi del slovenske judoisti\u010dne reprezentance z olimpijsko prvakinjo Tino Trstenjak in trenerjem Marjanom Fabjanom na \u010delu, poro\u010da spletni portal Siol. Drugi del bo v poznih ve\u010dernih urah pripotoval na letali\u0161\u010de v Benetke, v tej skupini bo tudi dobitnica bronaste olimpijske medalje Ana Velen\u0161ek, \u0161e omenja spletni portal. In \u0161e, da je bil prihod na letali\u0161\u010de &#8220;brez velikega pompa, vznesenih govorov in \u010dustvenih izlivov. Asketsko, kot je to \u017ee navada v judoisti\u010dnih krogih&#8221;. Sprejem za Trstenjakovo bo jutri ob 19. uri na Lopati pri Celju.\u0160port<\/p>\n","protected":false},"author":1,"featured_media":0,"comment_status":"closed","ping_status":"closed","sticky":false,"template":"","format":"standard","meta":{"footnotes":""},"categories":[1179],"tags":[],"source":[1711],"supertag":[],"acf":[],"yoast_head":"<!-- This site is optimized with the Yoast SEO plugin v21.3 - https:\/\/yoast.com\/wordpress\/plugins\/seo\/ -->\n<title>Tina Trstenjak \u017ee v Trstu, jutri sprejem na Lopati v Celju - Hudo Slovenija<\/title>\n<meta name=\"robots\" content=\"index, follow, max-snippet:-1, max-image-preview:large, max-video-preview:-1\" \/>\n<link rel=\"canonical\" href=\"https:\/\/hudo.com\/si\/aktualno\/tina-trstenjak-ze-v-trstu-jutri-sprejem-na-lopati-v-celju\/\" \/>\n<meta property=\"og:locale\" content=\"sl_SI\" \/>\n<meta property=\"og:type\" content=\"article\" \/>\n<meta property=\"og:title\" content=\"Tina Trstenjak \u017ee v Trstu, jutri sprejem na Lopati v Celju - Hudo Slovenija\" \/>\n<meta property=\"og:description\" content=\"Danes dopoldne je na letali\u0161\u010de v Trst prispel tudi del slovenske judoisti\u010dne reprezentance z olimpijsko prvakinjo Tino Trstenjak in trenerjem Marjanom Fabjanom na \u010delu, poro\u010da spletni portal Siol. Drugi del bo v poznih ve\u010dernih urah pripotoval na letali\u0161\u010de v Benetke, v tej skupini bo tudi dobitnica bronaste olimpijske medalje Ana Velen\u0161ek, \u0161e omenja spletni portal. In \u0161e, da je bil prihod na letali\u0161\u010de &quot;brez velikega pompa, vznesenih govorov in \u010dustvenih izlivov. Asketsko, kot je to \u017ee navada v judoisti\u010dnih krogih&quot;. Sprejem za Trstenjakovo bo jutri ob 19. uri na Lopati pri Celju.\u0160port\" \/>\n<meta property=\"og:url\" content=\"https:\/\/hudo.com\/si\/aktualno\/tina-trstenjak-ze-v-trstu-jutri-sprejem-na-lopati-v-celju\/\" \/>\n<meta property=\"og:site_name\" content=\"Hudo Slovenija\" \/>\n<meta property=\"article:publisher\" content=\"https:\/\/www.facebook.com\/hudo.si\" \/>\n<meta property=\"article:published_time\" content=\"2016-08-14T08:30:00+00:00\" \/>\n<meta property=\"article:modified_time\" content=\"2016-08-15T06:21:25+00:00\" \/>\n<meta property=\"og:image\" content=\"https:\/\/hudo.com\/si\/wp-content\/uploads\/sites\/2\/2016\/08\/tina-300.jpg\" \/>\n\t<meta property=\"og:image:width\" content=\"450\" \/>\n\t<meta property=\"og:image:height\" content=\"253\" \/>\n\t<meta property=\"og:image:type\" content=\"image\/jpeg\" \/>\n<meta name=\"author\" content=\"hudo\" \/>\n<meta name=\"twitter:card\" content=\"summary_large_image\" \/>\n<meta name=\"twitter:creator\" content=\"@hudo_si\" \/>\n<meta name=\"twitter:site\" content=\"@hudo_si\" \/>\n<meta name=\"twitter:label1\" content=\"Written by\" \/>\n\t<meta name=\"twitter:data1\" content=\"hudo\" \/>\n\t<meta name=\"twitter:label2\" content=\"Est. reading time\" \/>\n\t<meta name=\"twitter:data2\" content=\"1 minuta\" \/>\n<script type=\"application\/ld+json\" class=\"yoast-schema-graph\">{\"@context\":\"https:\/\/schema.org\",\"@graph\":[{\"@type\":\"Article\",\"@id\":\"https:\/\/hudo.com\/si\/aktualno\/tina-trstenjak-ze-v-trstu-jutri-sprejem-na-lopati-v-celju\/#article\",\"isPartOf\":{\"@id\":\"https:\/\/hudo.com\/si\/aktualno\/tina-trstenjak-ze-v-trstu-jutri-sprejem-na-lopati-v-celju\/\"},\"author\":{\"name\":\"hudo\",\"@id\":\"https:\/\/hudo.com\/si\/#\/schema\/person\/601cf3379633985b20f7e50f2bb47707\"},\"headline\":\"Tina Trstenjak \u017ee v Trstu, jutri sprejem na Lopati v Celju\",\"datePublished\":\"2016-08-14T08:30:00+00:00\",\"dateModified\":\"2016-08-15T06:21:25+00:00\",\"mainEntityOfPage\":{\"@id\":\"https:\/\/hudo.com\/si\/aktualno\/tina-trstenjak-ze-v-trstu-jutri-sprejem-na-lopati-v-celju\/\"},\"wordCount\":111,\"publisher\":{\"@id\":\"https:\/\/hudo.com\/si\/#organization\"},\"articleSection\":[\"Aktualno\"],\"inLanguage\":\"sl-SI\"},{\"@type\":\"WebPage\",\"@id\":\"https:\/\/hudo.com\/si\/aktualno\/tina-trstenjak-ze-v-trstu-jutri-sprejem-na-lopati-v-celju\/\",\"url\":\"https:\/\/hudo.com\/si\/aktualno\/tina-trstenjak-ze-v-trstu-jutri-sprejem-na-lopati-v-celju\/\",\"name\":\"Tina Trstenjak \u017ee v Trstu, jutri sprejem na Lopati v Celju - Hudo Slovenija\",\"isPartOf\":{\"@id\":\"https:\/\/hudo.com\/si\/#website\"},\"datePublished\":\"2016-08-14T08:30:00+00:00\",\"dateModified\":\"2016-08-15T06:21:25+00:00\",\"breadcrumb\":{\"@id\":\"https:\/\/hudo.com\/si\/aktualno\/tina-trstenjak-ze-v-trstu-jutri-sprejem-na-lopati-v-celju\/#breadcrumb\"},\"inLanguage\":\"sl-SI\",\"potentialAction\":[{\"@type\":\"ReadAction\",\"target\":[\"https:\/\/hudo.com\/si\/aktualno\/tina-trstenjak-ze-v-trstu-jutri-sprejem-na-lopati-v-celju\/\"]}]},{\"@type\":\"BreadcrumbList\",\"@id\":\"https:\/\/hudo.com\/si\/aktualno\/tina-trstenjak-ze-v-trstu-jutri-sprejem-na-lopati-v-celju\/#breadcrumb\",\"itemListElement\":[{\"@type\":\"ListItem\",\"position\":1,\"name\":\"Home\",\"item\":\"https:\/\/hudo.com\/si\/\"},{\"@type\":\"ListItem\",\"position\":2,\"name\":\"Tina Trstenjak \u017ee v Trstu, jutri sprejem na Lopati v Celju\"}]},{\"@type\":\"WebSite\",\"@id\":\"https:\/\/hudo.com\/si\/#website\",\"url\":\"https:\/\/hudo.com\/si\/\",\"name\":\"Hudo Slovenija\",\"description\":\"Vse novice iz Slovenije in sveta\",\"publisher\":{\"@id\":\"https:\/\/hudo.com\/si\/#organization\"},\"potentialAction\":[{\"@type\":\"SearchAction\",\"target\":{\"@type\":\"EntryPoint\",\"urlTemplate\":\"https:\/\/hudo.com\/si\/?s={search_term_string}\"},\"query-input\":\"required name=search_term_string\"}],\"inLanguage\":\"sl-SI\"},{\"@type\":\"Organization\",\"@id\":\"https:\/\/hudo.com\/si\/#organization\",\"name\":\"VSN Media\",\"url\":\"https:\/\/hudo.com\/si\/\",\"logo\":{\"@type\":\"ImageObject\",\"inLanguage\":\"sl-SI\",\"@id\":\"https:\/\/hudo.com\/si\/#\/schema\/logo\/image\/\",\"url\":\"https:\/\/hudo.com\/si\/wp-content\/uploads\/sites\/2\/2021\/03\/hudo-app-2.png\",\"contentUrl\":\"https:\/\/hudo.com\/si\/wp-content\/uploads\/sites\/2\/2021\/03\/hudo-app-2.png\",\"width\":2185,\"height\":2167,\"caption\":\"VSN Media\"},\"image\":{\"@id\":\"https:\/\/hudo.com\/si\/#\/schema\/logo\/image\/\"},\"sameAs\":[\"https:\/\/www.facebook.com\/hudo.si\",\"https:\/\/twitter.com\/hudo_si\"]},{\"@type\":\"Person\",\"@id\":\"https:\/\/hudo.com\/si\/#\/schema\/person\/601cf3379633985b20f7e50f2bb47707\",\"name\":\"hudo\",\"image\":{\"@type\":\"ImageObject\",\"inLanguage\":\"sl-SI\",\"@id\":\"https:\/\/hudo.com\/si\/#\/schema\/person\/image\/\",\"url\":\"https:\/\/secure.gravatar.com\/avatar\/c4ca25fa72cace7a696b52ff5db9e095?s=96&d=mm&r=g\",\"contentUrl\":\"https:\/\/secure.gravatar.com\/avatar\/c4ca25fa72cace7a696b52ff5db9e095?s=96&d=mm&r=g\",\"caption\":\"hudo\"},\"url\":\"https:\/\/hudo.com\/si\/author\/hudo\/\"}]}<\/script>\n<!-- \/ Yoast SEO plugin. -->","yoast_head_json":{"title":"Tina Trstenjak \u017ee v Trstu, jutri sprejem na Lopati v Celju - Hudo Slovenija","robots":{"index":"index","follow":"follow","max-snippet":"max-snippet:-1","max-image-preview":"max-image-preview:large","max-video-preview":"max-video-preview:-1"},"canonical":"https:\/\/hudo.com\/si\/aktualno\/tina-trstenjak-ze-v-trstu-jutri-sprejem-na-lopati-v-celju\/","og_locale":"sl_SI","og_type":"article","og_title":"Tina Trstenjak \u017ee v Trstu, jutri sprejem na Lopati v Celju - Hudo Slovenija","og_description":"Danes dopoldne je na letali\u0161\u010de v Trst prispel tudi del slovenske judoisti\u010dne reprezentance z olimpijsko prvakinjo Tino Trstenjak in trenerjem Marjanom Fabjanom na \u010delu, poro\u010da spletni portal Siol. Drugi del bo v poznih ve\u010dernih urah pripotoval na letali\u0161\u010de v Benetke, v tej skupini bo tudi dobitnica bronaste olimpijske medalje Ana Velen\u0161ek, \u0161e omenja spletni portal. In \u0161e, da je bil prihod na letali\u0161\u010de \"brez velikega pompa, vznesenih govorov in \u010dustvenih izlivov. Asketsko, kot je to \u017ee navada v judoisti\u010dnih krogih\". Sprejem za Trstenjakovo bo jutri ob 19. uri na Lopati pri Celju.\u0160port","og_url":"https:\/\/hudo.com\/si\/aktualno\/tina-trstenjak-ze-v-trstu-jutri-sprejem-na-lopati-v-celju\/","og_site_name":"Hudo Slovenija","article_publisher":"https:\/\/www.facebook.com\/hudo.si","article_published_time":"2016-08-14T08:30:00+00:00","article_modified_time":"2016-08-15T06:21:25+00:00","og_image":[{"width":450,"height":253,"url":"https:\/\/hudo.com\/si\/wp-content\/uploads\/sites\/2\/2016\/08\/tina-300.jpg","type":"image\/jpeg"}],"author":"hudo","twitter_card":"summary_large_image","twitter_creator":"@hudo_si","twitter_site":"@hudo_si","twitter_misc":{"Written by":"hudo","Est. reading time":"1 minuta"},"schema":{"@context":"https:\/\/schema.org","@graph":[{"@type":"Article","@id":"https:\/\/hudo.com\/si\/aktualno\/tina-trstenjak-ze-v-trstu-jutri-sprejem-na-lopati-v-celju\/#article","isPartOf":{"@id":"https:\/\/hudo.com\/si\/aktualno\/tina-trstenjak-ze-v-trstu-jutri-sprejem-na-lopati-v-celju\/"},"author":{"name":"hudo","@id":"https:\/\/hudo.com\/si\/#\/schema\/person\/601cf3379633985b20f7e50f2bb47707"},"headline":"Tina Trstenjak \u017ee v Trstu, jutri sprejem na Lopati v Celju","datePublished":"2016-08-14T08:30:00+00:00","dateModified":"2016-08-15T06:21:25+00:00","mainEntityOfPage":{"@id":"https:\/\/hudo.com\/si\/aktualno\/tina-trstenjak-ze-v-trstu-jutri-sprejem-na-lopati-v-celju\/"},"wordCount":111,"publisher":{"@id":"https:\/\/hudo.com\/si\/#organization"},"articleSection":["Aktualno"],"inLanguage":"sl-SI"},{"@type":"WebPage","@id":"https:\/\/hudo.com\/si\/aktualno\/tina-trstenjak-ze-v-trstu-jutri-sprejem-na-lopati-v-celju\/","url":"https:\/\/hudo.com\/si\/aktualno\/tina-trstenjak-ze-v-trstu-jutri-sprejem-na-lopati-v-celju\/","name":"Tina Trstenjak \u017ee v Trstu, jutri sprejem na Lopati v Celju - Hudo Slovenija","isPartOf":{"@id":"https:\/\/hudo.com\/si\/#website"},"datePublished":"2016-08-14T08:30:00+00:00","dateModified":"2016-08-15T06:21:25+00:00","breadcrumb":{"@id":"https:\/\/hudo.com\/si\/aktualno\/tina-trstenjak-ze-v-trstu-jutri-sprejem-na-lopati-v-celju\/#breadcrumb"},"inLanguage":"sl-SI","potentialAction":[{"@type":"ReadAction","target":["https:\/\/hudo.com\/si\/aktualno\/tina-trstenjak-ze-v-trstu-jutri-sprejem-na-lopati-v-celju\/"]}]},{"@type":"BreadcrumbList","@id":"https:\/\/hudo.com\/si\/aktualno\/tina-trstenjak-ze-v-trstu-jutri-sprejem-na-lopati-v-celju\/#breadcrumb","itemListElement":[{"@type":"ListItem","position":1,"name":"Home","item":"https:\/\/hudo.com\/si\/"},{"@type":"ListItem","position":2,"name":"Tina Trstenjak \u017ee v Trstu, jutri sprejem na Lopati v Celju"}]},{"@type":"WebSite","@id":"https:\/\/hudo.com\/si\/#website","url":"https:\/\/hudo.com\/si\/","name":"Hudo Slovenija","description":"Vse novice iz Slovenije in sveta","publisher":{"@id":"https:\/\/hudo.com\/si\/#organization"},"potentialAction":[{"@type":"SearchAction","target":{"@type":"EntryPoint","urlTemplate":"https:\/\/hudo.com\/si\/?s={search_term_string}"},"query-input":"required name=search_term_string"}],"inLanguage":"sl-SI"},{"@type":"Organization","@id":"https:\/\/hudo.com\/si\/#organization","name":"VSN Media","url":"https:\/\/hudo.com\/si\/","logo":{"@type":"ImageObject","inLanguage":"sl-SI","@id":"https:\/\/hudo.com\/si\/#\/schema\/logo\/image\/","url":"https:\/\/hudo.com\/si\/wp-content\/uploads\/sites\/2\/2021\/03\/hudo-app-2.png","contentUrl":"https:\/\/hudo.com\/si\/wp-content\/uploads\/sites\/2\/2021\/03\/hudo-app-2.png","width":2185,"height":2167,"caption":"VSN Media"},"image":{"@id":"https:\/\/hudo.com\/si\/#\/schema\/logo\/image\/"},"sameAs":["https:\/\/www.facebook.com\/hudo.si","https:\/\/twitter.com\/hudo_si"]},{"@type":"Person","@id":"https:\/\/hudo.com\/si\/#\/schema\/person\/601cf3379633985b20f7e50f2bb47707","name":"hudo","image":{"@type":"ImageObject","inLanguage":"sl-SI","@id":"https:\/\/hudo.com\/si\/#\/schema\/person\/image\/","url":"https:\/\/secure.gravatar.com\/avatar\/c4ca25fa72cace7a696b52ff5db9e095?s=96&d=mm&r=g","contentUrl":"https:\/\/secure.gravatar.com\/avatar\/c4ca25fa72cace7a696b52ff5db9e095?s=96&d=mm&r=g","caption":"hudo"},"url":"https:\/\/hudo.com\/si\/author\/hudo\/"}]}},"amp_enabled":true,"_links":{"self":[{"href":"https:\/\/hudo.com\/si\/wp-json\/wp\/v2\/posts\/113672"}],"collection":[{"href":"https:\/\/hudo.com\/si\/wp-json\/wp\/v2\/posts"}],"about":[{"href":"https:\/\/hudo.com\/si\/wp-json\/wp\/v2\/types\/post"}],"author":[{"embeddable":true,"href":"https:\/\/hudo.com\/si\/wp-json\/wp\/v2\/users\/1"}],"replies":[{"embeddable":true,"href":"https:\/\/hudo.com\/si\/wp-json\/wp\/v2\/comments?post=113672"}],"version-history":[{"count":1,"href":"https:\/\/hudo.com\/si\/wp-json\/wp\/v2\/posts\/113672\/revisions"}],"predecessor-version":[{"id":113778,"href":"https:\/\/hudo.com\/si\/wp-json\/wp\/v2\/posts\/113672\/revisions\/113778"}],"wp:attachment":[{"href":"https:\/\/hudo.com\/si\/wp-json\/wp\/v2\/media?parent=113672"}],"wp:term":[{"taxonomy":"category","embeddable":true,"href":"https:\/\/hudo.com\/si\/wp-json\/wp\/v2\/categories?post=113672"},{"taxonomy":"post_tag","embeddable":true,"href":"https:\/\/hudo.com\/si\/wp-json\/wp\/v2\/tags?post=113672"},{"taxonomy":"source","embeddable":true,"href":"https:\/\/hudo.com\/si\/wp-json\/wp\/v2\/source?post=113672"},{"taxonomy":"supertag","embeddable":true,"href":"https:\/\/hudo.com\/si\/wp-json\/wp\/v2\/supertag?post=113672"}],"curies":[{"name":"wp","href":"https:\/\/api.w.org\/{rel}","templated":true}]}}