{"id":113680,"date":"2016-08-14T08:45:00","date_gmt":"2016-08-14T06:45:00","guid":{"rendered":"http:\/\/hudo.com\/si\/2016\/08\/14\/brexit-morda-prelozen-na-leto-2019\/"},"modified":"2016-08-15T08:21:49","modified_gmt":"2016-08-15T06:21:49","slug":"brexit-morda-prelozen-na-leto-2019","status":"publish","type":"post","link":"https:\/\/hudo.com\/si\/aktualno\/brexit-morda-prelozen-na-leto-2019\/","title":{"rendered":"Brexit morda prelo\u017een na leto 2019"},"content":{"rendered":"<p>Velika Britanija bi lahko po opozorilih ministrov ostala v EU vse do leta 2019, kar je leto dlje od prvotno na\u010drtovanega, pi\u0161e britanski Sunday Times. Premierka Theresa May naj bi 50. \u010dlen lizbonske pogodbe aktivirala januarja prihodnje leto, a se dr\u017eava najverjetneje ne bo uspela tako hitro pripraviti na izstopna pogajanja, opozarjajo v vladi. Kot navaja \u010dasnik, ki se sklicuje na vire blizu ministrov, naj bi bila razloga za zamudo tudi Francija in Nem\u010dija. Na Otoku naj bi s spro\u017eitvijo postopka v skladu s 50. \u010dlenom lizbonske pogodbe namre\u010d \u017eeleli po\u010dakati do volitev v Franciji maja prihodnje leto in v Nem\u010diji septembra prihodnje leto. &#8220;Ne more\u0161 se pogajati, \u010de ne ve\u0161, s kom se pogaja\u0161,&#8221; je za \u010dasnik dejal eden od virov. Eden od ministrov pa je potrdil, da je bilo v zvezi s francoskimi in nem\u0161kimi volilnimi razporedi &#8220;nekaj izzivov&#8221;. Izstopna pogajanja z EU naj bi predvidoma trajala dve leti. Analitiki v primeru zamude pri\u010dakujejo jezo evroskepti\u010dnih poslancev in volivcev, ki so pri\u010dakovali hiter brexit. Nekdanji vodja evroskepti\u010dne stranke Ukip Nigel Farage je opozoril, da bi neupo\u0161tevanje referendumskega izida lahko vodilo v mno\u017ei\u010dne demonstracije. Opozoril je tudi, da obstaja &#8220;resni\u010dna nevarnost&#8221;, da se bodo milijoni volivcev pridru\u017eili skrajnim skupinam, \u010de se bodo po\u010dutili ignorirane. Nejasnosti naj bi obstajale tudi v zvezi s pogovori pred uradnim za\u010detkom izstopnih postopkov, na katerih bi EU in Otok dosegla razumevanje klju\u010dnih vpra\u0161anj. Po navedbah vladnega vira &#8220;o\u010ditno nih\u010de ne ve, kaj naj bi bilo njihovo bistvo&#8221;. Po drugih navedbah bi spro\u017eitev postopka za izstop iz povezave lahko odlo\u017eili na jesen 2017, saj vlada nima ustrezne infrastrukture za vse ljudi, ki jih namerava zaposliti. &#8220;Pravijo, da niti ne poznajo pravih vpra\u0161anj za takrat, ko se bodo pogajanja kon\u010dno za\u010dela,&#8221; je izpostavil vir. Da bi Velika Britanija EU lahko zapustila \u0161ele v za\u010detku leta 2019, sta \u017ee namignila dr\u017eavni sekretar za brexit David Davis in sekretar za mednarodno trgovino Liam<\/p>\n","protected":false},"excerpt":{"rendered":"<p>Velika Britanija bi lahko po opozorilih ministrov ostala v EU vse do leta 2019, kar je leto dlje od prvotno na\u010drtovanega, pi\u0161e britanski Sunday Times. Premierka Theresa May naj bi 50. \u010dlen lizbonske pogodbe aktivirala januarja prihodnje leto, a se dr\u017eava najverjetneje ne bo uspela tako hitro pripraviti na izstopna pogajanja, opozarjajo v vladi. Kot navaja \u010dasnik, ki se sklicuje na vire blizu ministrov, naj bi bila razloga za zamudo tudi Francija in Nem\u010dija. Na Otoku naj bi s spro\u017eitvijo postopka v skladu s 50. \u010dlenom lizbonske pogodbe namre\u010d \u017eeleli po\u010dakati do volitev v Franciji maja prihodnje leto in v Nem\u010diji septembra prihodnje leto. &#8220;Ne more\u0161 se pogajati, \u010de ne ve\u0161, s kom se pogaja\u0161,&#8221; je za \u010dasnik dejal eden od virov. Eden od ministrov pa je potrdil, da je bilo v zvezi s francoskimi in nem\u0161kimi volilnimi razporedi &#8220;nekaj izzivov&#8221;. Izstopna pogajanja z EU naj bi predvidoma trajala dve leti. Analitiki v primeru zamude pri\u010dakujejo jezo evroskepti\u010dnih poslancev in volivcev, ki so pri\u010dakovali hiter brexit. Nekdanji vodja evroskepti\u010dne stranke Ukip Nigel Farage je opozoril, da bi neupo\u0161tevanje referendumskega izida lahko vodilo v mno\u017ei\u010dne demonstracije. Opozoril je tudi, da obstaja &#8220;resni\u010dna nevarnost&#8221;, da se bodo milijoni volivcev pridru\u017eili skrajnim skupinam, \u010de se bodo po\u010dutili ignorirane. Nejasnosti naj bi obstajale tudi v zvezi s pogovori pred uradnim za\u010detkom izstopnih postopkov, na katerih bi EU in Otok dosegla razumevanje klju\u010dnih vpra\u0161anj. Po navedbah vladnega vira &#8220;o\u010ditno nih\u010de ne ve, kaj naj bi bilo njihovo bistvo&#8221;. Po drugih navedbah bi spro\u017eitev postopka za izstop iz povezave lahko odlo\u017eili na jesen 2017, saj vlada nima ustrezne infrastrukture za vse ljudi, ki jih namerava zaposliti. &#8220;Pravijo, da niti ne poznajo pravih vpra\u0161anj za takrat, ko se bodo pogajanja kon\u010dno za\u010dela,&#8221; je izpostavil vir. Da bi Velika Britanija EU lahko zapustila \u0161ele v za\u010detku leta 2019, sta \u017ee namignila dr\u017eavni sekretar za brexit David Davis in sekretar za mednarodno trgovino Liam<\/p>\n","protected":false},"author":1,"featured_media":0,"comment_status":"closed","ping_status":"closed","sticky":false,"template":"","format":"standard","meta":{"footnotes":""},"categories":[1179],"tags":[],"source":[1711],"supertag":[],"acf":[],"yoast_head":"<!-- This site is optimized with the Yoast SEO plugin v21.3 - https:\/\/yoast.com\/wordpress\/plugins\/seo\/ -->\n<title>Brexit morda prelo\u017een na leto 2019 - Hudo Slovenija<\/title>\n<meta name=\"robots\" content=\"index, follow, max-snippet:-1, max-image-preview:large, max-video-preview:-1\" \/>\n<link rel=\"canonical\" href=\"https:\/\/hudo.com\/si\/aktualno\/brexit-morda-prelozen-na-leto-2019\/\" \/>\n<meta property=\"og:locale\" content=\"sl_SI\" \/>\n<meta property=\"og:type\" content=\"article\" \/>\n<meta property=\"og:title\" content=\"Brexit morda prelo\u017een na leto 2019 - Hudo Slovenija\" \/>\n<meta property=\"og:description\" content=\"Velika Britanija bi lahko po opozorilih ministrov ostala v EU vse do leta 2019, kar je leto dlje od prvotno na\u010drtovanega, pi\u0161e britanski Sunday Times. Premierka Theresa May naj bi 50. \u010dlen lizbonske pogodbe aktivirala januarja prihodnje leto, a se dr\u017eava najverjetneje ne bo uspela tako hitro pripraviti na izstopna pogajanja, opozarjajo v vladi. Kot navaja \u010dasnik, ki se sklicuje na vire blizu ministrov, naj bi bila razloga za zamudo tudi Francija in Nem\u010dija. Na Otoku naj bi s spro\u017eitvijo postopka v skladu s 50. \u010dlenom lizbonske pogodbe namre\u010d \u017eeleli po\u010dakati do volitev v Franciji maja prihodnje leto in v Nem\u010diji septembra prihodnje leto. &quot;Ne more\u0161 se pogajati, \u010de ne ve\u0161, s kom se pogaja\u0161,&quot; je za \u010dasnik dejal eden od virov. Eden od ministrov pa je potrdil, da je bilo v zvezi s francoskimi in nem\u0161kimi volilnimi razporedi &quot;nekaj izzivov&quot;. Izstopna pogajanja z EU naj bi predvidoma trajala dve leti. Analitiki v primeru zamude pri\u010dakujejo jezo evroskepti\u010dnih poslancev in volivcev, ki so pri\u010dakovali hiter brexit. Nekdanji vodja evroskepti\u010dne stranke Ukip Nigel Farage je opozoril, da bi neupo\u0161tevanje referendumskega izida lahko vodilo v mno\u017ei\u010dne demonstracije. Opozoril je tudi, da obstaja &quot;resni\u010dna nevarnost&quot;, da se bodo milijoni volivcev pridru\u017eili skrajnim skupinam, \u010de se bodo po\u010dutili ignorirane. Nejasnosti naj bi obstajale tudi v zvezi s pogovori pred uradnim za\u010detkom izstopnih postopkov, na katerih bi EU in Otok dosegla razumevanje klju\u010dnih vpra\u0161anj. Po navedbah vladnega vira &quot;o\u010ditno nih\u010de ne ve, kaj naj bi bilo njihovo bistvo&quot;. Po drugih navedbah bi spro\u017eitev postopka za izstop iz povezave lahko odlo\u017eili na jesen 2017, saj vlada nima ustrezne infrastrukture za vse ljudi, ki jih namerava zaposliti. &quot;Pravijo, da niti ne poznajo pravih vpra\u0161anj za takrat, ko se bodo pogajanja kon\u010dno za\u010dela,&quot; je izpostavil vir. Da bi Velika Britanija EU lahko zapustila \u0161ele v za\u010detku leta 2019, sta \u017ee namignila dr\u017eavni sekretar za brexit David Davis in sekretar za mednarodno trgovino Liam\" \/>\n<meta property=\"og:url\" content=\"https:\/\/hudo.com\/si\/aktualno\/brexit-morda-prelozen-na-leto-2019\/\" \/>\n<meta property=\"og:site_name\" content=\"Hudo Slovenija\" \/>\n<meta property=\"article:publisher\" content=\"https:\/\/www.facebook.com\/hudo.si\" \/>\n<meta property=\"article:published_time\" content=\"2016-08-14T06:45:00+00:00\" \/>\n<meta property=\"article:modified_time\" content=\"2016-08-15T06:21:49+00:00\" \/>\n<meta property=\"og:image\" content=\"https:\/\/hudo.com\/si\/wp-content\/uploads\/sites\/2\/2016\/08\/01508275F-300.jpg\" \/>\n\t<meta property=\"og:image:width\" content=\"450\" \/>\n\t<meta property=\"og:image:height\" content=\"303\" \/>\n\t<meta property=\"og:image:type\" content=\"image\/jpeg\" \/>\n<meta name=\"author\" content=\"hudo\" \/>\n<meta name=\"twitter:card\" content=\"summary_large_image\" \/>\n<meta name=\"twitter:creator\" content=\"@hudo_si\" \/>\n<meta name=\"twitter:site\" content=\"@hudo_si\" \/>\n<meta name=\"twitter:label1\" content=\"Written by\" \/>\n\t<meta name=\"twitter:data1\" content=\"hudo\" \/>\n\t<meta name=\"twitter:label2\" content=\"Est. reading time\" \/>\n\t<meta name=\"twitter:data2\" content=\"2 minuti\" \/>\n<script type=\"application\/ld+json\" class=\"yoast-schema-graph\">{\"@context\":\"https:\/\/schema.org\",\"@graph\":[{\"@type\":\"Article\",\"@id\":\"https:\/\/hudo.com\/si\/aktualno\/brexit-morda-prelozen-na-leto-2019\/#article\",\"isPartOf\":{\"@id\":\"https:\/\/hudo.com\/si\/aktualno\/brexit-morda-prelozen-na-leto-2019\/\"},\"author\":{\"name\":\"hudo\",\"@id\":\"https:\/\/hudo.com\/si\/#\/schema\/person\/601cf3379633985b20f7e50f2bb47707\"},\"headline\":\"Brexit morda prelo\u017een na leto 2019\",\"datePublished\":\"2016-08-14T06:45:00+00:00\",\"dateModified\":\"2016-08-15T06:21:49+00:00\",\"mainEntityOfPage\":{\"@id\":\"https:\/\/hudo.com\/si\/aktualno\/brexit-morda-prelozen-na-leto-2019\/\"},\"wordCount\":346,\"publisher\":{\"@id\":\"https:\/\/hudo.com\/si\/#organization\"},\"articleSection\":[\"Aktualno\"],\"inLanguage\":\"sl-SI\"},{\"@type\":\"WebPage\",\"@id\":\"https:\/\/hudo.com\/si\/aktualno\/brexit-morda-prelozen-na-leto-2019\/\",\"url\":\"https:\/\/hudo.com\/si\/aktualno\/brexit-morda-prelozen-na-leto-2019\/\",\"name\":\"Brexit morda prelo\u017een na leto 2019 - Hudo Slovenija\",\"isPartOf\":{\"@id\":\"https:\/\/hudo.com\/si\/#website\"},\"datePublished\":\"2016-08-14T06:45:00+00:00\",\"dateModified\":\"2016-08-15T06:21:49+00:00\",\"breadcrumb\":{\"@id\":\"https:\/\/hudo.com\/si\/aktualno\/brexit-morda-prelozen-na-leto-2019\/#breadcrumb\"},\"inLanguage\":\"sl-SI\",\"potentialAction\":[{\"@type\":\"ReadAction\",\"target\":[\"https:\/\/hudo.com\/si\/aktualno\/brexit-morda-prelozen-na-leto-2019\/\"]}]},{\"@type\":\"BreadcrumbList\",\"@id\":\"https:\/\/hudo.com\/si\/aktualno\/brexit-morda-prelozen-na-leto-2019\/#breadcrumb\",\"itemListElement\":[{\"@type\":\"ListItem\",\"position\":1,\"name\":\"Home\",\"item\":\"https:\/\/hudo.com\/si\/\"},{\"@type\":\"ListItem\",\"position\":2,\"name\":\"Brexit morda prelo\u017een na leto 2019\"}]},{\"@type\":\"WebSite\",\"@id\":\"https:\/\/hudo.com\/si\/#website\",\"url\":\"https:\/\/hudo.com\/si\/\",\"name\":\"Hudo Slovenija\",\"description\":\"Vse novice iz Slovenije in sveta\",\"publisher\":{\"@id\":\"https:\/\/hudo.com\/si\/#organization\"},\"potentialAction\":[{\"@type\":\"SearchAction\",\"target\":{\"@type\":\"EntryPoint\",\"urlTemplate\":\"https:\/\/hudo.com\/si\/?s={search_term_string}\"},\"query-input\":\"required name=search_term_string\"}],\"inLanguage\":\"sl-SI\"},{\"@type\":\"Organization\",\"@id\":\"https:\/\/hudo.com\/si\/#organization\",\"name\":\"VSN Media\",\"url\":\"https:\/\/hudo.com\/si\/\",\"logo\":{\"@type\":\"ImageObject\",\"inLanguage\":\"sl-SI\",\"@id\":\"https:\/\/hudo.com\/si\/#\/schema\/logo\/image\/\",\"url\":\"https:\/\/hudo.com\/si\/wp-content\/uploads\/sites\/2\/2021\/03\/hudo-app-2.png\",\"contentUrl\":\"https:\/\/hudo.com\/si\/wp-content\/uploads\/sites\/2\/2021\/03\/hudo-app-2.png\",\"width\":2185,\"height\":2167,\"caption\":\"VSN Media\"},\"image\":{\"@id\":\"https:\/\/hudo.com\/si\/#\/schema\/logo\/image\/\"},\"sameAs\":[\"https:\/\/www.facebook.com\/hudo.si\",\"https:\/\/twitter.com\/hudo_si\"]},{\"@type\":\"Person\",\"@id\":\"https:\/\/hudo.com\/si\/#\/schema\/person\/601cf3379633985b20f7e50f2bb47707\",\"name\":\"hudo\",\"image\":{\"@type\":\"ImageObject\",\"inLanguage\":\"sl-SI\",\"@id\":\"https:\/\/hudo.com\/si\/#\/schema\/person\/image\/\",\"url\":\"https:\/\/secure.gravatar.com\/avatar\/c4ca25fa72cace7a696b52ff5db9e095?s=96&d=mm&r=g\",\"contentUrl\":\"https:\/\/secure.gravatar.com\/avatar\/c4ca25fa72cace7a696b52ff5db9e095?s=96&d=mm&r=g\",\"caption\":\"hudo\"},\"url\":\"https:\/\/hudo.com\/si\/author\/hudo\/\"}]}<\/script>\n<!-- \/ Yoast SEO plugin. -->","yoast_head_json":{"title":"Brexit morda prelo\u017een na leto 2019 - Hudo Slovenija","robots":{"index":"index","follow":"follow","max-snippet":"max-snippet:-1","max-image-preview":"max-image-preview:large","max-video-preview":"max-video-preview:-1"},"canonical":"https:\/\/hudo.com\/si\/aktualno\/brexit-morda-prelozen-na-leto-2019\/","og_locale":"sl_SI","og_type":"article","og_title":"Brexit morda prelo\u017een na leto 2019 - Hudo Slovenija","og_description":"Velika Britanija bi lahko po opozorilih ministrov ostala v EU vse do leta 2019, kar je leto dlje od prvotno na\u010drtovanega, pi\u0161e britanski Sunday Times. Premierka Theresa May naj bi 50. \u010dlen lizbonske pogodbe aktivirala januarja prihodnje leto, a se dr\u017eava najverjetneje ne bo uspela tako hitro pripraviti na izstopna pogajanja, opozarjajo v vladi. Kot navaja \u010dasnik, ki se sklicuje na vire blizu ministrov, naj bi bila razloga za zamudo tudi Francija in Nem\u010dija. Na Otoku naj bi s spro\u017eitvijo postopka v skladu s 50. \u010dlenom lizbonske pogodbe namre\u010d \u017eeleli po\u010dakati do volitev v Franciji maja prihodnje leto in v Nem\u010diji septembra prihodnje leto. \"Ne more\u0161 se pogajati, \u010de ne ve\u0161, s kom se pogaja\u0161,\" je za \u010dasnik dejal eden od virov. Eden od ministrov pa je potrdil, da je bilo v zvezi s francoskimi in nem\u0161kimi volilnimi razporedi \"nekaj izzivov\". Izstopna pogajanja z EU naj bi predvidoma trajala dve leti. Analitiki v primeru zamude pri\u010dakujejo jezo evroskepti\u010dnih poslancev in volivcev, ki so pri\u010dakovali hiter brexit. Nekdanji vodja evroskepti\u010dne stranke Ukip Nigel Farage je opozoril, da bi neupo\u0161tevanje referendumskega izida lahko vodilo v mno\u017ei\u010dne demonstracije. Opozoril je tudi, da obstaja \"resni\u010dna nevarnost\", da se bodo milijoni volivcev pridru\u017eili skrajnim skupinam, \u010de se bodo po\u010dutili ignorirane. Nejasnosti naj bi obstajale tudi v zvezi s pogovori pred uradnim za\u010detkom izstopnih postopkov, na katerih bi EU in Otok dosegla razumevanje klju\u010dnih vpra\u0161anj. Po navedbah vladnega vira \"o\u010ditno nih\u010de ne ve, kaj naj bi bilo njihovo bistvo\". Po drugih navedbah bi spro\u017eitev postopka za izstop iz povezave lahko odlo\u017eili na jesen 2017, saj vlada nima ustrezne infrastrukture za vse ljudi, ki jih namerava zaposliti. \"Pravijo, da niti ne poznajo pravih vpra\u0161anj za takrat, ko se bodo pogajanja kon\u010dno za\u010dela,\" je izpostavil vir. Da bi Velika Britanija EU lahko zapustila \u0161ele v za\u010detku leta 2019, sta \u017ee namignila dr\u017eavni sekretar za brexit David Davis in sekretar za mednarodno trgovino Liam","og_url":"https:\/\/hudo.com\/si\/aktualno\/brexit-morda-prelozen-na-leto-2019\/","og_site_name":"Hudo Slovenija","article_publisher":"https:\/\/www.facebook.com\/hudo.si","article_published_time":"2016-08-14T06:45:00+00:00","article_modified_time":"2016-08-15T06:21:49+00:00","og_image":[{"width":450,"height":303,"url":"https:\/\/hudo.com\/si\/wp-content\/uploads\/sites\/2\/2016\/08\/01508275F-300.jpg","type":"image\/jpeg"}],"author":"hudo","twitter_card":"summary_large_image","twitter_creator":"@hudo_si","twitter_site":"@hudo_si","twitter_misc":{"Written by":"hudo","Est. reading time":"2 minuti"},"schema":{"@context":"https:\/\/schema.org","@graph":[{"@type":"Article","@id":"https:\/\/hudo.com\/si\/aktualno\/brexit-morda-prelozen-na-leto-2019\/#article","isPartOf":{"@id":"https:\/\/hudo.com\/si\/aktualno\/brexit-morda-prelozen-na-leto-2019\/"},"author":{"name":"hudo","@id":"https:\/\/hudo.com\/si\/#\/schema\/person\/601cf3379633985b20f7e50f2bb47707"},"headline":"Brexit morda prelo\u017een na leto 2019","datePublished":"2016-08-14T06:45:00+00:00","dateModified":"2016-08-15T06:21:49+00:00","mainEntityOfPage":{"@id":"https:\/\/hudo.com\/si\/aktualno\/brexit-morda-prelozen-na-leto-2019\/"},"wordCount":346,"publisher":{"@id":"https:\/\/hudo.com\/si\/#organization"},"articleSection":["Aktualno"],"inLanguage":"sl-SI"},{"@type":"WebPage","@id":"https:\/\/hudo.com\/si\/aktualno\/brexit-morda-prelozen-na-leto-2019\/","url":"https:\/\/hudo.com\/si\/aktualno\/brexit-morda-prelozen-na-leto-2019\/","name":"Brexit morda prelo\u017een na leto 2019 - Hudo Slovenija","isPartOf":{"@id":"https:\/\/hudo.com\/si\/#website"},"datePublished":"2016-08-14T06:45:00+00:00","dateModified":"2016-08-15T06:21:49+00:00","breadcrumb":{"@id":"https:\/\/hudo.com\/si\/aktualno\/brexit-morda-prelozen-na-leto-2019\/#breadcrumb"},"inLanguage":"sl-SI","potentialAction":[{"@type":"ReadAction","target":["https:\/\/hudo.com\/si\/aktualno\/brexit-morda-prelozen-na-leto-2019\/"]}]},{"@type":"BreadcrumbList","@id":"https:\/\/hudo.com\/si\/aktualno\/brexit-morda-prelozen-na-leto-2019\/#breadcrumb","itemListElement":[{"@type":"ListItem","position":1,"name":"Home","item":"https:\/\/hudo.com\/si\/"},{"@type":"ListItem","position":2,"name":"Brexit morda prelo\u017een na leto 2019"}]},{"@type":"WebSite","@id":"https:\/\/hudo.com\/si\/#website","url":"https:\/\/hudo.com\/si\/","name":"Hudo Slovenija","description":"Vse novice iz Slovenije in sveta","publisher":{"@id":"https:\/\/hudo.com\/si\/#organization"},"potentialAction":[{"@type":"SearchAction","target":{"@type":"EntryPoint","urlTemplate":"https:\/\/hudo.com\/si\/?s={search_term_string}"},"query-input":"required name=search_term_string"}],"inLanguage":"sl-SI"},{"@type":"Organization","@id":"https:\/\/hudo.com\/si\/#organization","name":"VSN Media","url":"https:\/\/hudo.com\/si\/","logo":{"@type":"ImageObject","inLanguage":"sl-SI","@id":"https:\/\/hudo.com\/si\/#\/schema\/logo\/image\/","url":"https:\/\/hudo.com\/si\/wp-content\/uploads\/sites\/2\/2021\/03\/hudo-app-2.png","contentUrl":"https:\/\/hudo.com\/si\/wp-content\/uploads\/sites\/2\/2021\/03\/hudo-app-2.png","width":2185,"height":2167,"caption":"VSN Media"},"image":{"@id":"https:\/\/hudo.com\/si\/#\/schema\/logo\/image\/"},"sameAs":["https:\/\/www.facebook.com\/hudo.si","https:\/\/twitter.com\/hudo_si"]},{"@type":"Person","@id":"https:\/\/hudo.com\/si\/#\/schema\/person\/601cf3379633985b20f7e50f2bb47707","name":"hudo","image":{"@type":"ImageObject","inLanguage":"sl-SI","@id":"https:\/\/hudo.com\/si\/#\/schema\/person\/image\/","url":"https:\/\/secure.gravatar.com\/avatar\/c4ca25fa72cace7a696b52ff5db9e095?s=96&d=mm&r=g","contentUrl":"https:\/\/secure.gravatar.com\/avatar\/c4ca25fa72cace7a696b52ff5db9e095?s=96&d=mm&r=g","caption":"hudo"},"url":"https:\/\/hudo.com\/si\/author\/hudo\/"}]}},"amp_enabled":true,"_links":{"self":[{"href":"https:\/\/hudo.com\/si\/wp-json\/wp\/v2\/posts\/113680"}],"collection":[{"href":"https:\/\/hudo.com\/si\/wp-json\/wp\/v2\/posts"}],"about":[{"href":"https:\/\/hudo.com\/si\/wp-json\/wp\/v2\/types\/post"}],"author":[{"embeddable":true,"href":"https:\/\/hudo.com\/si\/wp-json\/wp\/v2\/users\/1"}],"replies":[{"embeddable":true,"href":"https:\/\/hudo.com\/si\/wp-json\/wp\/v2\/comments?post=113680"}],"version-history":[{"count":1,"href":"https:\/\/hudo.com\/si\/wp-json\/wp\/v2\/posts\/113680\/revisions"}],"predecessor-version":[{"id":113782,"href":"https:\/\/hudo.com\/si\/wp-json\/wp\/v2\/posts\/113680\/revisions\/113782"}],"wp:attachment":[{"href":"https:\/\/hudo.com\/si\/wp-json\/wp\/v2\/media?parent=113680"}],"wp:term":[{"taxonomy":"category","embeddable":true,"href":"https:\/\/hudo.com\/si\/wp-json\/wp\/v2\/categories?post=113680"},{"taxonomy":"post_tag","embeddable":true,"href":"https:\/\/hudo.com\/si\/wp-json\/wp\/v2\/tags?post=113680"},{"taxonomy":"source","embeddable":true,"href":"https:\/\/hudo.com\/si\/wp-json\/wp\/v2\/source?post=113680"},{"taxonomy":"supertag","embeddable":true,"href":"https:\/\/hudo.com\/si\/wp-json\/wp\/v2\/supertag?post=113680"}],"curies":[{"name":"wp","href":"https:\/\/api.w.org\/{rel}","templated":true}]}}