{"id":114373,"date":"2016-08-16T11:33:10","date_gmt":"2016-08-16T09:33:10","guid":{"rendered":"http:\/\/hudo.com\/si\/?p=114373"},"modified":"2016-08-16T11:35:56","modified_gmt":"2016-08-16T09:35:56","slug":"v-nsi-se-spominjajo-andreja-bajuka","status":"publish","type":"post","link":"https:\/\/hudo.com\/si\/aktualno\/v-nsi-se-spominjajo-andreja-bajuka\/","title":{"rendered":"V NSi se spominjajo pokojnega ustanovitelja Andreja Bajuka"},"content":{"rendered":"<figure id=\"attachment_114376\" aria-describedby=\"caption-attachment-114376\" style=\"width: 640px\" class=\"wp-caption alignnone\"><a href=\"http:\/\/hudo.com\/si\/wp-content\/uploads\/sites\/2\/2016\/08\/20110819-00293145.jpg\" rel=\"attachment wp-att-114376\"><img loading=\"lazy\" decoding=\"async\" class=\"size-full wp-image-114376\" src=\"http:\/\/hudo.com\/si\/wp-content\/uploads\/sites\/2\/2016\/08\/20110819-00293145.jpg\" alt=\"Vpisovanje v \u017ealno knjigo \u010dlanov vlad iz mandatov 2000 in 2004-2008 ob smrti nekdanjega predsednika vlade, finan\u010dnega ministra in poslanca Andreja Bajuka. Nekdanji minister za gospodarstvo Andrej Vizjak. (foto STA)\" width=\"640\" height=\"486\" srcset=\"https:\/\/hudo.com\/si\/wp-content\/uploads\/sites\/2\/2016\/08\/20110819-00293145.jpg 640w, https:\/\/hudo.com\/si\/wp-content\/uploads\/sites\/2\/2016\/08\/20110819-00293145-300x228.jpg 300w, https:\/\/hudo.com\/si\/wp-content\/uploads\/sites\/2\/2016\/08\/20110819-00293145-600x456.jpg 600w\" sizes=\"(max-width: 640px) 100vw, 640px\" \/><\/a><figcaption id=\"caption-attachment-114376\" class=\"wp-caption-text\">Vpisovanje v \u017ealno knjigo \u010dlanov vlad iz mandatov 2000 in 2004-2008 ob smrti nekdanjega predsednika vlade, finan\u010dnega ministra in poslanca Andreja Bajuka. Nekdanji minister za gospodarstvo Andrej Vizjak. (foto STA)<\/figcaption><\/figure>\n<p>V Novi Sloveniji se Bajuka spominjajo kot velikega \u010dloveka, ki je z ustanovitvijo Nove Slovenije botroval ohranitvi kr\u0161\u010danske demokracije v Sloveniji, pi\u0161ejo na strani stranke.\u00a0V spomin na nekdanjega predsednika so leto dni po njegovi smrti v NSi vsakoletni poletni tabor poimenovali po njem.<\/p>\n<p>V letu 2000 je Andrej Bajuk vodil vlado, v vladi Janeza Jan\u0161e pa je bil minister za finance. Leta 2008 se je po izpadu NSi iz parlamenta na volitvah umaknil z vrha stranke in iz aktivne politike.<\/p>\n<blockquote><p>Andrej Bajuk se je rodil leta 1943 &#8211; med drugo svetovno &#8211; v Ljubljani. Odra\u0161\u010dal v tujini, saj sta se star\u0161a zaradi o\u010detove politi\u010dne preteklosti po drugi svetovni vojni bala vrniti v Ljubljano. Po vojni se je dru\u017eina umaknila v Avstrijo, nato pa v Argentino. V Slovenijo se je vrnil leta 2000, da bi vstopil v politiko. Umrl je leta 2011 v Ljubljani. (vir: <span style=\"text-decoration: underline\"><a href=\"https:\/\/sl.wikipedia.org\/wiki\/Andrej_Bajuk\">Wikipedija<\/a><\/span>)<\/p><\/blockquote>\n","protected":false},"excerpt":{"rendered":"<p>V ponedeljek je minilo pet let, odkar je v 68. letu starosti umrl prvi predsednik NSi, nekdanji predsednik vlade in finan\u010dni minister Andrej Bajuk. Vodstvo s predsednico NSi Ljudmilo Novak bo danes ob 12. uri na ljubljanskih \u017dalah polo\u017eilo cvetje in obele\u017eilo obletnico njegove smrti, so sporo\u010dili iz NSi.<\/p>\n","protected":false},"author":5,"featured_media":114377,"comment_status":"closed","ping_status":"closed","sticky":false,"template":"","format":"standard","meta":{"footnotes":""},"categories":[1179],"tags":[4631,1595],"source":[4511],"supertag":[5675],"acf":[],"yoast_head":"<!-- This site is optimized with the Yoast SEO plugin v21.3 - https:\/\/yoast.com\/wordpress\/plugins\/seo\/ -->\n<title>V NSi se spominjajo pokojnega ustanovitelja Andreja Bajuka - Hudo Slovenija<\/title>\n<meta name=\"robots\" content=\"index, follow, max-snippet:-1, max-image-preview:large, max-video-preview:-1\" \/>\n<link rel=\"canonical\" href=\"https:\/\/hudo.com\/si\/aktualno\/v-nsi-se-spominjajo-andreja-bajuka\/\" \/>\n<meta property=\"og:locale\" content=\"sl_SI\" \/>\n<meta property=\"og:type\" content=\"article\" \/>\n<meta property=\"og:title\" content=\"V NSi se spominjajo pokojnega ustanovitelja Andreja Bajuka - Hudo Slovenija\" \/>\n<meta property=\"og:description\" content=\"V ponedeljek je minilo pet let, odkar je v 68. letu starosti umrl prvi predsednik NSi, nekdanji predsednik vlade in finan\u010dni minister Andrej Bajuk. Vodstvo s predsednico NSi Ljudmilo Novak bo danes ob 12. uri na ljubljanskih \u017dalah polo\u017eilo cvetje in obele\u017eilo obletnico njegove smrti, so sporo\u010dili iz NSi.\" \/>\n<meta property=\"og:url\" content=\"https:\/\/hudo.com\/si\/aktualno\/v-nsi-se-spominjajo-andreja-bajuka\/\" \/>\n<meta property=\"og:site_name\" content=\"Hudo Slovenija\" \/>\n<meta property=\"article:publisher\" content=\"https:\/\/www.facebook.com\/hudo.si\" \/>\n<meta property=\"article:published_time\" content=\"2016-08-16T09:33:10+00:00\" \/>\n<meta property=\"article:modified_time\" content=\"2016-08-16T09:35:56+00:00\" \/>\n<meta property=\"og:image\" content=\"https:\/\/hudo.com\/si\/wp-content\/uploads\/sites\/2\/2016\/08\/bajuk.jpg\" \/>\n\t<meta property=\"og:image:width\" content=\"975\" \/>\n\t<meta property=\"og:image:height\" content=\"650\" \/>\n\t<meta property=\"og:image:type\" content=\"image\/jpeg\" \/>\n<meta name=\"author\" content=\"A. G., STA\" \/>\n<meta name=\"twitter:card\" content=\"summary_large_image\" \/>\n<meta name=\"twitter:creator\" content=\"@hudo_si\" \/>\n<meta name=\"twitter:site\" content=\"@hudo_si\" \/>\n<meta name=\"twitter:label1\" content=\"Written by\" \/>\n\t<meta name=\"twitter:data1\" content=\"A. G., STA\" \/>\n\t<meta name=\"twitter:label2\" content=\"Est. reading time\" \/>\n\t<meta name=\"twitter:data2\" content=\"1 minuta\" \/>\n<script type=\"application\/ld+json\" class=\"yoast-schema-graph\">{\"@context\":\"https:\/\/schema.org\",\"@graph\":[{\"@type\":\"Article\",\"@id\":\"https:\/\/hudo.com\/si\/aktualno\/v-nsi-se-spominjajo-andreja-bajuka\/#article\",\"isPartOf\":{\"@id\":\"https:\/\/hudo.com\/si\/aktualno\/v-nsi-se-spominjajo-andreja-bajuka\/\"},\"author\":{\"name\":\"A. G., STA\",\"@id\":\"https:\/\/hudo.com\/si\/#\/schema\/person\/2391667a63ea075ba94f2f2dc6b77537\"},\"headline\":\"V NSi se spominjajo pokojnega ustanovitelja Andreja Bajuka\",\"datePublished\":\"2016-08-16T09:33:10+00:00\",\"dateModified\":\"2016-08-16T09:35:56+00:00\",\"mainEntityOfPage\":{\"@id\":\"https:\/\/hudo.com\/si\/aktualno\/v-nsi-se-spominjajo-andreja-bajuka\/\"},\"wordCount\":194,\"publisher\":{\"@id\":\"https:\/\/hudo.com\/si\/#organization\"},\"keywords\":[\"NSi\",\"Slovenija\"],\"articleSection\":[\"Aktualno\"],\"inLanguage\":\"sl-SI\"},{\"@type\":\"WebPage\",\"@id\":\"https:\/\/hudo.com\/si\/aktualno\/v-nsi-se-spominjajo-andreja-bajuka\/\",\"url\":\"https:\/\/hudo.com\/si\/aktualno\/v-nsi-se-spominjajo-andreja-bajuka\/\",\"name\":\"V NSi se spominjajo pokojnega ustanovitelja Andreja Bajuka - Hudo Slovenija\",\"isPartOf\":{\"@id\":\"https:\/\/hudo.com\/si\/#website\"},\"datePublished\":\"2016-08-16T09:33:10+00:00\",\"dateModified\":\"2016-08-16T09:35:56+00:00\",\"breadcrumb\":{\"@id\":\"https:\/\/hudo.com\/si\/aktualno\/v-nsi-se-spominjajo-andreja-bajuka\/#breadcrumb\"},\"inLanguage\":\"sl-SI\",\"potentialAction\":[{\"@type\":\"ReadAction\",\"target\":[\"https:\/\/hudo.com\/si\/aktualno\/v-nsi-se-spominjajo-andreja-bajuka\/\"]}]},{\"@type\":\"BreadcrumbList\",\"@id\":\"https:\/\/hudo.com\/si\/aktualno\/v-nsi-se-spominjajo-andreja-bajuka\/#breadcrumb\",\"itemListElement\":[{\"@type\":\"ListItem\",\"position\":1,\"name\":\"Home\",\"item\":\"https:\/\/hudo.com\/si\/\"},{\"@type\":\"ListItem\",\"position\":2,\"name\":\"V NSi se spominjajo pokojnega ustanovitelja Andreja Bajuka\"}]},{\"@type\":\"WebSite\",\"@id\":\"https:\/\/hudo.com\/si\/#website\",\"url\":\"https:\/\/hudo.com\/si\/\",\"name\":\"Hudo Slovenija\",\"description\":\"Vse novice iz Slovenije in sveta\",\"publisher\":{\"@id\":\"https:\/\/hudo.com\/si\/#organization\"},\"potentialAction\":[{\"@type\":\"SearchAction\",\"target\":{\"@type\":\"EntryPoint\",\"urlTemplate\":\"https:\/\/hudo.com\/si\/?s={search_term_string}\"},\"query-input\":\"required name=search_term_string\"}],\"inLanguage\":\"sl-SI\"},{\"@type\":\"Organization\",\"@id\":\"https:\/\/hudo.com\/si\/#organization\",\"name\":\"VSN Media\",\"url\":\"https:\/\/hudo.com\/si\/\",\"logo\":{\"@type\":\"ImageObject\",\"inLanguage\":\"sl-SI\",\"@id\":\"https:\/\/hudo.com\/si\/#\/schema\/logo\/image\/\",\"url\":\"https:\/\/hudo.com\/si\/wp-content\/uploads\/sites\/2\/2021\/03\/hudo-app-2.png\",\"contentUrl\":\"https:\/\/hudo.com\/si\/wp-content\/uploads\/sites\/2\/2021\/03\/hudo-app-2.png\",\"width\":2185,\"height\":2167,\"caption\":\"VSN Media\"},\"image\":{\"@id\":\"https:\/\/hudo.com\/si\/#\/schema\/logo\/image\/\"},\"sameAs\":[\"https:\/\/www.facebook.com\/hudo.si\",\"https:\/\/twitter.com\/hudo_si\"]},{\"@type\":\"Person\",\"@id\":\"https:\/\/hudo.com\/si\/#\/schema\/person\/2391667a63ea075ba94f2f2dc6b77537\",\"name\":\"A. G., STA\",\"image\":{\"@type\":\"ImageObject\",\"inLanguage\":\"sl-SI\",\"@id\":\"https:\/\/hudo.com\/si\/#\/schema\/person\/image\/\",\"url\":\"https:\/\/secure.gravatar.com\/avatar\/e13d22ac3e442658d5025fbbe6238a79?s=96&d=mm&r=g\",\"contentUrl\":\"https:\/\/secure.gravatar.com\/avatar\/e13d22ac3e442658d5025fbbe6238a79?s=96&d=mm&r=g\",\"caption\":\"A. G., STA\"},\"url\":\"https:\/\/hudo.com\/si\/author\/alenka\/\"}]}<\/script>\n<!-- \/ Yoast SEO plugin. -->","yoast_head_json":{"title":"V NSi se spominjajo pokojnega ustanovitelja Andreja Bajuka - Hudo Slovenija","robots":{"index":"index","follow":"follow","max-snippet":"max-snippet:-1","max-image-preview":"max-image-preview:large","max-video-preview":"max-video-preview:-1"},"canonical":"https:\/\/hudo.com\/si\/aktualno\/v-nsi-se-spominjajo-andreja-bajuka\/","og_locale":"sl_SI","og_type":"article","og_title":"V NSi se spominjajo pokojnega ustanovitelja Andreja Bajuka - Hudo Slovenija","og_description":"V ponedeljek je minilo pet let, odkar je v 68. letu starosti umrl prvi predsednik NSi, nekdanji predsednik vlade in finan\u010dni minister Andrej Bajuk. Vodstvo s predsednico NSi Ljudmilo Novak bo danes ob 12. uri na ljubljanskih \u017dalah polo\u017eilo cvetje in obele\u017eilo obletnico njegove smrti, so sporo\u010dili iz NSi.","og_url":"https:\/\/hudo.com\/si\/aktualno\/v-nsi-se-spominjajo-andreja-bajuka\/","og_site_name":"Hudo Slovenija","article_publisher":"https:\/\/www.facebook.com\/hudo.si","article_published_time":"2016-08-16T09:33:10+00:00","article_modified_time":"2016-08-16T09:35:56+00:00","og_image":[{"width":975,"height":650,"url":"https:\/\/hudo.com\/si\/wp-content\/uploads\/sites\/2\/2016\/08\/bajuk.jpg","type":"image\/jpeg"}],"author":"A. G., STA","twitter_card":"summary_large_image","twitter_creator":"@hudo_si","twitter_site":"@hudo_si","twitter_misc":{"Written by":"A. G., STA","Est. reading time":"1 minuta"},"schema":{"@context":"https:\/\/schema.org","@graph":[{"@type":"Article","@id":"https:\/\/hudo.com\/si\/aktualno\/v-nsi-se-spominjajo-andreja-bajuka\/#article","isPartOf":{"@id":"https:\/\/hudo.com\/si\/aktualno\/v-nsi-se-spominjajo-andreja-bajuka\/"},"author":{"name":"A. G., STA","@id":"https:\/\/hudo.com\/si\/#\/schema\/person\/2391667a63ea075ba94f2f2dc6b77537"},"headline":"V NSi se spominjajo pokojnega ustanovitelja Andreja Bajuka","datePublished":"2016-08-16T09:33:10+00:00","dateModified":"2016-08-16T09:35:56+00:00","mainEntityOfPage":{"@id":"https:\/\/hudo.com\/si\/aktualno\/v-nsi-se-spominjajo-andreja-bajuka\/"},"wordCount":194,"publisher":{"@id":"https:\/\/hudo.com\/si\/#organization"},"keywords":["NSi","Slovenija"],"articleSection":["Aktualno"],"inLanguage":"sl-SI"},{"@type":"WebPage","@id":"https:\/\/hudo.com\/si\/aktualno\/v-nsi-se-spominjajo-andreja-bajuka\/","url":"https:\/\/hudo.com\/si\/aktualno\/v-nsi-se-spominjajo-andreja-bajuka\/","name":"V NSi se spominjajo pokojnega ustanovitelja Andreja Bajuka - Hudo Slovenija","isPartOf":{"@id":"https:\/\/hudo.com\/si\/#website"},"datePublished":"2016-08-16T09:33:10+00:00","dateModified":"2016-08-16T09:35:56+00:00","breadcrumb":{"@id":"https:\/\/hudo.com\/si\/aktualno\/v-nsi-se-spominjajo-andreja-bajuka\/#breadcrumb"},"inLanguage":"sl-SI","potentialAction":[{"@type":"ReadAction","target":["https:\/\/hudo.com\/si\/aktualno\/v-nsi-se-spominjajo-andreja-bajuka\/"]}]},{"@type":"BreadcrumbList","@id":"https:\/\/hudo.com\/si\/aktualno\/v-nsi-se-spominjajo-andreja-bajuka\/#breadcrumb","itemListElement":[{"@type":"ListItem","position":1,"name":"Home","item":"https:\/\/hudo.com\/si\/"},{"@type":"ListItem","position":2,"name":"V NSi se spominjajo pokojnega ustanovitelja Andreja Bajuka"}]},{"@type":"WebSite","@id":"https:\/\/hudo.com\/si\/#website","url":"https:\/\/hudo.com\/si\/","name":"Hudo Slovenija","description":"Vse novice iz Slovenije in sveta","publisher":{"@id":"https:\/\/hudo.com\/si\/#organization"},"potentialAction":[{"@type":"SearchAction","target":{"@type":"EntryPoint","urlTemplate":"https:\/\/hudo.com\/si\/?s={search_term_string}"},"query-input":"required name=search_term_string"}],"inLanguage":"sl-SI"},{"@type":"Organization","@id":"https:\/\/hudo.com\/si\/#organization","name":"VSN Media","url":"https:\/\/hudo.com\/si\/","logo":{"@type":"ImageObject","inLanguage":"sl-SI","@id":"https:\/\/hudo.com\/si\/#\/schema\/logo\/image\/","url":"https:\/\/hudo.com\/si\/wp-content\/uploads\/sites\/2\/2021\/03\/hudo-app-2.png","contentUrl":"https:\/\/hudo.com\/si\/wp-content\/uploads\/sites\/2\/2021\/03\/hudo-app-2.png","width":2185,"height":2167,"caption":"VSN Media"},"image":{"@id":"https:\/\/hudo.com\/si\/#\/schema\/logo\/image\/"},"sameAs":["https:\/\/www.facebook.com\/hudo.si","https:\/\/twitter.com\/hudo_si"]},{"@type":"Person","@id":"https:\/\/hudo.com\/si\/#\/schema\/person\/2391667a63ea075ba94f2f2dc6b77537","name":"A. G., STA","image":{"@type":"ImageObject","inLanguage":"sl-SI","@id":"https:\/\/hudo.com\/si\/#\/schema\/person\/image\/","url":"https:\/\/secure.gravatar.com\/avatar\/e13d22ac3e442658d5025fbbe6238a79?s=96&d=mm&r=g","contentUrl":"https:\/\/secure.gravatar.com\/avatar\/e13d22ac3e442658d5025fbbe6238a79?s=96&d=mm&r=g","caption":"A. G., STA"},"url":"https:\/\/hudo.com\/si\/author\/alenka\/"}]}},"amp_enabled":true,"_links":{"self":[{"href":"https:\/\/hudo.com\/si\/wp-json\/wp\/v2\/posts\/114373"}],"collection":[{"href":"https:\/\/hudo.com\/si\/wp-json\/wp\/v2\/posts"}],"about":[{"href":"https:\/\/hudo.com\/si\/wp-json\/wp\/v2\/types\/post"}],"author":[{"embeddable":true,"href":"https:\/\/hudo.com\/si\/wp-json\/wp\/v2\/users\/5"}],"replies":[{"embeddable":true,"href":"https:\/\/hudo.com\/si\/wp-json\/wp\/v2\/comments?post=114373"}],"version-history":[{"count":3,"href":"https:\/\/hudo.com\/si\/wp-json\/wp\/v2\/posts\/114373\/revisions"}],"predecessor-version":[{"id":114380,"href":"https:\/\/hudo.com\/si\/wp-json\/wp\/v2\/posts\/114373\/revisions\/114380"}],"wp:featuredmedia":[{"embeddable":true,"href":"https:\/\/hudo.com\/si\/wp-json\/wp\/v2\/media\/114377"}],"wp:attachment":[{"href":"https:\/\/hudo.com\/si\/wp-json\/wp\/v2\/media?parent=114373"}],"wp:term":[{"taxonomy":"category","embeddable":true,"href":"https:\/\/hudo.com\/si\/wp-json\/wp\/v2\/categories?post=114373"},{"taxonomy":"post_tag","embeddable":true,"href":"https:\/\/hudo.com\/si\/wp-json\/wp\/v2\/tags?post=114373"},{"taxonomy":"source","embeddable":true,"href":"https:\/\/hudo.com\/si\/wp-json\/wp\/v2\/source?post=114373"},{"taxonomy":"supertag","embeddable":true,"href":"https:\/\/hudo.com\/si\/wp-json\/wp\/v2\/supertag?post=114373"}],"curies":[{"name":"wp","href":"https:\/\/api.w.org\/{rel}","templated":true}]}}