{"id":115078,"date":"2016-08-18T04:55:37","date_gmt":"2016-08-18T02:55:37","guid":{"rendered":"http:\/\/hudo.com\/si\/?p=115078"},"modified":"2016-08-26T12:20:54","modified_gmt":"2016-08-26T10:20:54","slug":"paralizirana-nevesta-vstala-iz-invalidskega-vozicka-in-se-sprehodila-do-oltarja","status":"publish","type":"post","link":"https:\/\/hudo.com\/si\/lifestyle\/paralizirana-nevesta-vstala-iz-invalidskega-vozicka-in-se-sprehodila-do-oltarja\/","title":{"rendered":"Paralizirana nevesta vstala iz invalidskega vozi\u010dka in se sprehodila do oltarja"},"content":{"rendered":"<figure>\n\t\t\t\t\t<img loading=\"lazy\" decoding=\"async\" width=\"660\" height=\"320\" src=\"data:image\/gif;base64,R0lGODlhAQABAAAAACH5BAEKAAEALAAAAAABAAEAAAICTAEAOw==\" class=\"lazyload\" data-src=\"http:\/\/zenska.hudo.com\/files\/2016\/08\/jaq-320x155.jpg\" data-srcset=\"http:\/\/zenska.hudo.com\/files\/2016\/08\/jaq-660x320.jpg 660w,http:\/\/zenska.hudo.com\/files\/2016\/08\/jaq-320x155.jpg 330w\" sizes=\"(max-width: 660px) 100vw, 660px\"\/><figcaption>Foto: Facebook<\/figcaption><\/figure>\n<p>Nekdanja \u0161portnica ni obupala in je \u017ee po \u0161estih mesecih uspela narediti prve korake. Na za\u010detku se ji je bilo te\u017eko sprijazniti z dejstvom, da je na invalidskem vozi\u010dku, zato je Jaquie redno hodila na terapije in v telovadnico. No, kjub temu pa je bila naslednjih osem let vseeno prikljenjena na vozi\u010dek.<\/p>\n<figure>\n\t\t\t\t\t<img loading=\"lazy\" decoding=\"async\" width=\"660\" height=\"320\" src=\"data:image\/gif;base64,R0lGODlhAQABAAAAACH5BAEKAAEALAAAAAABAAEAAAICTAEAOw==\" class=\"lazyload\" data-src=\"http:\/\/zenska.hudo.com\/files\/2016\/08\/jaq1-320x155.jpg\" data-srcset=\"http:\/\/zenska.hudo.com\/files\/2016\/08\/jaq1-660x320.jpg 660w,http:\/\/zenska.hudo.com\/files\/2016\/08\/jaq1-320x155.jpg 330w\" sizes=\"(max-width: 660px) 100vw, 660px\"\/><figcaption>Foto: Facebook<\/figcaption><\/figure>\n<p>\u010ceprav je lahko sama vstala in naredila nekaj korakov, dlje \u010dasa ni mogla ostati na nogah.<\/p>\n<figure>\n\t\t\t\t\t<img loading=\"lazy\" decoding=\"async\" width=\"660\" height=\"320\" src=\"data:image\/gif;base64,R0lGODlhAQABAAAAACH5BAEKAAEALAAAAAABAAEAAAICTAEAOw==\" class=\"lazyload\" data-src=\"http:\/\/zenska.hudo.com\/files\/2016\/08\/jaq2-320x155.jpg\" data-srcset=\"http:\/\/zenska.hudo.com\/files\/2016\/08\/jaq2-660x320.jpg 660w,http:\/\/zenska.hudo.com\/files\/2016\/08\/jaq2-320x155.jpg 330w\" sizes=\"(max-width: 660px) 100vw, 660px\"\/><figcaption>Foto: Facebook<\/figcaption><\/figure>\n<p>25-letnica si je lani pred poroko zadala cilj, da se sama sprehodi do oltarja in odple\u0161e prvi ples s svojim bodo\u010dim mo\u017eem. Vztrajno je hodila na telovadbo in terapije, kar se ji je na koncu mo\u010dno obrestovalo in ji je uspelo dose\u010di zadani cilj.<\/p>\n<p>Ko je vstala iz invalidskega vozi\u010dka in se s pomo\u010djo o\u010deta sprehodila do oltarja, so vsi jokali, vklju\u010dno z \u017eeninom. Jaquie je na nogah zdr\u017eala cel poro\u010dni obred in s svojim mo\u017eem odplesala prvi ples.<\/p>\n<p>\u0160e en dokaz, da upanje vedno umre zadnje in, da nikoli ne smemo obupati nad svojimi cilji.<\/p>\n<figure>\n\t\t\t\t\t<img loading=\"lazy\" decoding=\"async\" width=\"660\" height=\"320\" src=\"data:image\/gif;base64,R0lGODlhAQABAAAAACH5BAEKAAEALAAAAAABAAEAAAICTAEAOw==\" class=\"lazyload\" data-src=\"http:\/\/zenska.hudo.com\/files\/2016\/08\/jaq3-320x155.jpg\" data-srcset=\"http:\/\/zenska.hudo.com\/files\/2016\/08\/jaq3-660x320.jpg 660w,http:\/\/zenska.hudo.com\/files\/2016\/08\/jaq3-320x155.jpg 330w\" sizes=\"(max-width: 660px) 100vw, 660px\"\/><figcaption>Foto: Facebook<\/figcaption><\/figure>\n<figure>\n\t\t\t\t\t<img loading=\"lazy\" decoding=\"async\" width=\"660\" height=\"320\" src=\"data:image\/gif;base64,R0lGODlhAQABAAAAACH5BAEKAAEALAAAAAABAAEAAAICTAEAOw==\" class=\"lazyload\" data-src=\"http:\/\/zenska.hudo.com\/files\/2016\/08\/jaq4-320x155.jpg\" data-srcset=\"http:\/\/zenska.hudo.com\/files\/2016\/08\/jaq4-660x320.jpg 660w,http:\/\/zenska.hudo.com\/files\/2016\/08\/jaq4-320x155.jpg 330w\" sizes=\"(max-width: 660px) 100vw, 660px\"\/><figcaption>Foto: Facebook<\/figcaption><\/figure>\n<figure>\n\t\t\t\t\t<img loading=\"lazy\" decoding=\"async\" width=\"660\" height=\"320\" src=\"data:image\/gif;base64,R0lGODlhAQABAAAAACH5BAEKAAEALAAAAAABAAEAAAICTAEAOw==\" class=\"lazyload\" data-src=\"http:\/\/zenska.hudo.com\/files\/2016\/08\/jaq5-320x155.jpg\" data-srcset=\"http:\/\/zenska.hudo.com\/files\/2016\/08\/jaq5-660x320.jpg 660w,http:\/\/zenska.hudo.com\/files\/2016\/08\/jaq5-320x155.jpg 330w\" sizes=\"(max-width: 660px) 100vw, 660px\"\/><figcaption>Foto: Facebook<\/figcaption><\/figure>\n<figure>\n\t\t\t\t\t<img loading=\"lazy\" decoding=\"async\" width=\"660\" height=\"320\" src=\"data:image\/gif;base64,R0lGODlhAQABAAAAACH5BAEKAAEALAAAAAABAAEAAAICTAEAOw==\" class=\"lazyload\" data-src=\"http:\/\/zenska.hudo.com\/files\/2016\/08\/jaq6-320x155.jpg\" data-srcset=\"http:\/\/zenska.hudo.com\/files\/2016\/08\/jaq6-660x320.jpg 660w,http:\/\/zenska.hudo.com\/files\/2016\/08\/jaq6-320x155.jpg 330w\" sizes=\"(max-width: 660px) 100vw, 660px\"\/><figcaption>Foto: Facebook<\/figcaption><\/figure>\n","protected":false},"excerpt":{"rendered":"<p>Jaquie Goncher se je pri 17-ih letih po\u0161kodovala med plavanjem, zato je paralizirana od pasu navzdol. Jaquie si je takrat zlomila vratno vretence, zdravniki pa so trdili, da se ne bo mogla nikoli ve\u010d postaviti na noge. Pa so se mo\u010dno u\u0161teli &#8230;<\/p>\n","protected":false},"author":1,"featured_media":0,"comment_status":"closed","ping_status":"closed","sticky":false,"template":"","format":"standard","meta":{"footnotes":""},"categories":[1091],"tags":[1727],"source":[1356,1357,1334],"supertag":[],"acf":[],"yoast_head":"<!-- This site is optimized with the Yoast SEO plugin v21.3 - https:\/\/yoast.com\/wordpress\/plugins\/seo\/ -->\n<title>Paralizirana nevesta vstala iz invalidskega vozi\u010dka in se sprehodila do oltarja - Hudo Slovenija<\/title>\n<meta name=\"robots\" content=\"index, follow, max-snippet:-1, max-image-preview:large, max-video-preview:-1\" \/>\n<link rel=\"canonical\" href=\"https:\/\/hudo.com\/si\/lifestyle\/paralizirana-nevesta-vstala-iz-invalidskega-vozicka-in-se-sprehodila-do-oltarja\/\" \/>\n<meta property=\"og:locale\" content=\"sl_SI\" \/>\n<meta property=\"og:type\" content=\"article\" \/>\n<meta property=\"og:title\" content=\"Paralizirana nevesta vstala iz invalidskega vozi\u010dka in se sprehodila do oltarja - Hudo Slovenija\" \/>\n<meta property=\"og:description\" content=\"Jaquie Goncher se je pri 17-ih letih po\u0161kodovala med plavanjem, zato je paralizirana od pasu navzdol. Jaquie si je takrat zlomila vratno vretence, zdravniki pa so trdili, da se ne bo mogla nikoli ve\u010d postaviti na noge. Pa so se mo\u010dno u\u0161teli ...\" \/>\n<meta property=\"og:url\" content=\"https:\/\/hudo.com\/si\/lifestyle\/paralizirana-nevesta-vstala-iz-invalidskega-vozicka-in-se-sprehodila-do-oltarja\/\" \/>\n<meta property=\"og:site_name\" content=\"Hudo Slovenija\" \/>\n<meta property=\"article:publisher\" content=\"https:\/\/www.facebook.com\/hudo.si\" \/>\n<meta property=\"article:published_time\" content=\"2016-08-18T02:55:37+00:00\" \/>\n<meta property=\"article:modified_time\" content=\"2016-08-26T10:20:54+00:00\" \/>\n<meta property=\"og:image\" content=\"https:\/\/hudo.com\/si\/wp-content\/uploads\/sites\/2\/2016\/08\/jaq.jpg\" \/>\n\t<meta property=\"og:image:width\" content=\"625\" \/>\n\t<meta property=\"og:image:height\" content=\"417\" \/>\n\t<meta property=\"og:image:type\" content=\"image\/jpeg\" \/>\n<meta name=\"author\" content=\"hudo\" \/>\n<meta name=\"twitter:card\" content=\"summary_large_image\" \/>\n<meta name=\"twitter:creator\" content=\"@hudo_si\" \/>\n<meta name=\"twitter:site\" content=\"@hudo_si\" \/>\n<meta name=\"twitter:label1\" content=\"Written by\" \/>\n\t<meta name=\"twitter:data1\" content=\"hudo\" \/>\n\t<meta name=\"twitter:label2\" content=\"Est. reading time\" \/>\n\t<meta name=\"twitter:data2\" content=\"1 minuta\" \/>\n<script type=\"application\/ld+json\" class=\"yoast-schema-graph\">{\"@context\":\"https:\/\/schema.org\",\"@graph\":[{\"@type\":\"Article\",\"@id\":\"https:\/\/hudo.com\/si\/lifestyle\/paralizirana-nevesta-vstala-iz-invalidskega-vozicka-in-se-sprehodila-do-oltarja\/#article\",\"isPartOf\":{\"@id\":\"https:\/\/hudo.com\/si\/lifestyle\/paralizirana-nevesta-vstala-iz-invalidskega-vozicka-in-se-sprehodila-do-oltarja\/\"},\"author\":{\"name\":\"hudo\",\"@id\":\"https:\/\/hudo.com\/si\/#\/schema\/person\/601cf3379633985b20f7e50f2bb47707\"},\"headline\":\"Paralizirana nevesta vstala iz invalidskega vozi\u010dka in se sprehodila do oltarja\",\"datePublished\":\"2016-08-18T02:55:37+00:00\",\"dateModified\":\"2016-08-26T10:20:54+00:00\",\"mainEntityOfPage\":{\"@id\":\"https:\/\/hudo.com\/si\/lifestyle\/paralizirana-nevesta-vstala-iz-invalidskega-vozicka-in-se-sprehodila-do-oltarja\/\"},\"wordCount\":206,\"publisher\":{\"@id\":\"https:\/\/hudo.com\/si\/#organization\"},\"keywords\":[\"resni\u010dna zgodba\"],\"articleSection\":[\"Lifestyle\"],\"inLanguage\":\"sl-SI\"},{\"@type\":\"WebPage\",\"@id\":\"https:\/\/hudo.com\/si\/lifestyle\/paralizirana-nevesta-vstala-iz-invalidskega-vozicka-in-se-sprehodila-do-oltarja\/\",\"url\":\"https:\/\/hudo.com\/si\/lifestyle\/paralizirana-nevesta-vstala-iz-invalidskega-vozicka-in-se-sprehodila-do-oltarja\/\",\"name\":\"Paralizirana nevesta vstala iz invalidskega vozi\u010dka in se sprehodila do oltarja - Hudo Slovenija\",\"isPartOf\":{\"@id\":\"https:\/\/hudo.com\/si\/#website\"},\"datePublished\":\"2016-08-18T02:55:37+00:00\",\"dateModified\":\"2016-08-26T10:20:54+00:00\",\"breadcrumb\":{\"@id\":\"https:\/\/hudo.com\/si\/lifestyle\/paralizirana-nevesta-vstala-iz-invalidskega-vozicka-in-se-sprehodila-do-oltarja\/#breadcrumb\"},\"inLanguage\":\"sl-SI\",\"potentialAction\":[{\"@type\":\"ReadAction\",\"target\":[\"https:\/\/hudo.com\/si\/lifestyle\/paralizirana-nevesta-vstala-iz-invalidskega-vozicka-in-se-sprehodila-do-oltarja\/\"]}]},{\"@type\":\"BreadcrumbList\",\"@id\":\"https:\/\/hudo.com\/si\/lifestyle\/paralizirana-nevesta-vstala-iz-invalidskega-vozicka-in-se-sprehodila-do-oltarja\/#breadcrumb\",\"itemListElement\":[{\"@type\":\"ListItem\",\"position\":1,\"name\":\"Home\",\"item\":\"https:\/\/hudo.com\/si\/\"},{\"@type\":\"ListItem\",\"position\":2,\"name\":\"Paralizirana nevesta vstala iz invalidskega vozi\u010dka in se sprehodila do oltarja\"}]},{\"@type\":\"WebSite\",\"@id\":\"https:\/\/hudo.com\/si\/#website\",\"url\":\"https:\/\/hudo.com\/si\/\",\"name\":\"Hudo Slovenija\",\"description\":\"Vse novice iz Slovenije in sveta\",\"publisher\":{\"@id\":\"https:\/\/hudo.com\/si\/#organization\"},\"potentialAction\":[{\"@type\":\"SearchAction\",\"target\":{\"@type\":\"EntryPoint\",\"urlTemplate\":\"https:\/\/hudo.com\/si\/?s={search_term_string}\"},\"query-input\":\"required name=search_term_string\"}],\"inLanguage\":\"sl-SI\"},{\"@type\":\"Organization\",\"@id\":\"https:\/\/hudo.com\/si\/#organization\",\"name\":\"VSN Media\",\"url\":\"https:\/\/hudo.com\/si\/\",\"logo\":{\"@type\":\"ImageObject\",\"inLanguage\":\"sl-SI\",\"@id\":\"https:\/\/hudo.com\/si\/#\/schema\/logo\/image\/\",\"url\":\"https:\/\/hudo.com\/si\/wp-content\/uploads\/sites\/2\/2021\/03\/hudo-app-2.png\",\"contentUrl\":\"https:\/\/hudo.com\/si\/wp-content\/uploads\/sites\/2\/2021\/03\/hudo-app-2.png\",\"width\":2185,\"height\":2167,\"caption\":\"VSN Media\"},\"image\":{\"@id\":\"https:\/\/hudo.com\/si\/#\/schema\/logo\/image\/\"},\"sameAs\":[\"https:\/\/www.facebook.com\/hudo.si\",\"https:\/\/twitter.com\/hudo_si\"]},{\"@type\":\"Person\",\"@id\":\"https:\/\/hudo.com\/si\/#\/schema\/person\/601cf3379633985b20f7e50f2bb47707\",\"name\":\"hudo\",\"image\":{\"@type\":\"ImageObject\",\"inLanguage\":\"sl-SI\",\"@id\":\"https:\/\/hudo.com\/si\/#\/schema\/person\/image\/\",\"url\":\"https:\/\/secure.gravatar.com\/avatar\/c4ca25fa72cace7a696b52ff5db9e095?s=96&d=mm&r=g\",\"contentUrl\":\"https:\/\/secure.gravatar.com\/avatar\/c4ca25fa72cace7a696b52ff5db9e095?s=96&d=mm&r=g\",\"caption\":\"hudo\"},\"url\":\"https:\/\/hudo.com\/si\/author\/hudo\/\"}]}<\/script>\n<!-- \/ Yoast SEO plugin. -->","yoast_head_json":{"title":"Paralizirana nevesta vstala iz invalidskega vozi\u010dka in se sprehodila do oltarja - Hudo Slovenija","robots":{"index":"index","follow":"follow","max-snippet":"max-snippet:-1","max-image-preview":"max-image-preview:large","max-video-preview":"max-video-preview:-1"},"canonical":"https:\/\/hudo.com\/si\/lifestyle\/paralizirana-nevesta-vstala-iz-invalidskega-vozicka-in-se-sprehodila-do-oltarja\/","og_locale":"sl_SI","og_type":"article","og_title":"Paralizirana nevesta vstala iz invalidskega vozi\u010dka in se sprehodila do oltarja - Hudo Slovenija","og_description":"Jaquie Goncher se je pri 17-ih letih po\u0161kodovala med plavanjem, zato je paralizirana od pasu navzdol. Jaquie si je takrat zlomila vratno vretence, zdravniki pa so trdili, da se ne bo mogla nikoli ve\u010d postaviti na noge. Pa so se mo\u010dno u\u0161teli ...","og_url":"https:\/\/hudo.com\/si\/lifestyle\/paralizirana-nevesta-vstala-iz-invalidskega-vozicka-in-se-sprehodila-do-oltarja\/","og_site_name":"Hudo Slovenija","article_publisher":"https:\/\/www.facebook.com\/hudo.si","article_published_time":"2016-08-18T02:55:37+00:00","article_modified_time":"2016-08-26T10:20:54+00:00","og_image":[{"width":625,"height":417,"url":"https:\/\/hudo.com\/si\/wp-content\/uploads\/sites\/2\/2016\/08\/jaq.jpg","type":"image\/jpeg"}],"author":"hudo","twitter_card":"summary_large_image","twitter_creator":"@hudo_si","twitter_site":"@hudo_si","twitter_misc":{"Written by":"hudo","Est. reading time":"1 minuta"},"schema":{"@context":"https:\/\/schema.org","@graph":[{"@type":"Article","@id":"https:\/\/hudo.com\/si\/lifestyle\/paralizirana-nevesta-vstala-iz-invalidskega-vozicka-in-se-sprehodila-do-oltarja\/#article","isPartOf":{"@id":"https:\/\/hudo.com\/si\/lifestyle\/paralizirana-nevesta-vstala-iz-invalidskega-vozicka-in-se-sprehodila-do-oltarja\/"},"author":{"name":"hudo","@id":"https:\/\/hudo.com\/si\/#\/schema\/person\/601cf3379633985b20f7e50f2bb47707"},"headline":"Paralizirana nevesta vstala iz invalidskega vozi\u010dka in se sprehodila do oltarja","datePublished":"2016-08-18T02:55:37+00:00","dateModified":"2016-08-26T10:20:54+00:00","mainEntityOfPage":{"@id":"https:\/\/hudo.com\/si\/lifestyle\/paralizirana-nevesta-vstala-iz-invalidskega-vozicka-in-se-sprehodila-do-oltarja\/"},"wordCount":206,"publisher":{"@id":"https:\/\/hudo.com\/si\/#organization"},"keywords":["resni\u010dna zgodba"],"articleSection":["Lifestyle"],"inLanguage":"sl-SI"},{"@type":"WebPage","@id":"https:\/\/hudo.com\/si\/lifestyle\/paralizirana-nevesta-vstala-iz-invalidskega-vozicka-in-se-sprehodila-do-oltarja\/","url":"https:\/\/hudo.com\/si\/lifestyle\/paralizirana-nevesta-vstala-iz-invalidskega-vozicka-in-se-sprehodila-do-oltarja\/","name":"Paralizirana nevesta vstala iz invalidskega vozi\u010dka in se sprehodila do oltarja - Hudo Slovenija","isPartOf":{"@id":"https:\/\/hudo.com\/si\/#website"},"datePublished":"2016-08-18T02:55:37+00:00","dateModified":"2016-08-26T10:20:54+00:00","breadcrumb":{"@id":"https:\/\/hudo.com\/si\/lifestyle\/paralizirana-nevesta-vstala-iz-invalidskega-vozicka-in-se-sprehodila-do-oltarja\/#breadcrumb"},"inLanguage":"sl-SI","potentialAction":[{"@type":"ReadAction","target":["https:\/\/hudo.com\/si\/lifestyle\/paralizirana-nevesta-vstala-iz-invalidskega-vozicka-in-se-sprehodila-do-oltarja\/"]}]},{"@type":"BreadcrumbList","@id":"https:\/\/hudo.com\/si\/lifestyle\/paralizirana-nevesta-vstala-iz-invalidskega-vozicka-in-se-sprehodila-do-oltarja\/#breadcrumb","itemListElement":[{"@type":"ListItem","position":1,"name":"Home","item":"https:\/\/hudo.com\/si\/"},{"@type":"ListItem","position":2,"name":"Paralizirana nevesta vstala iz invalidskega vozi\u010dka in se sprehodila do oltarja"}]},{"@type":"WebSite","@id":"https:\/\/hudo.com\/si\/#website","url":"https:\/\/hudo.com\/si\/","name":"Hudo Slovenija","description":"Vse novice iz Slovenije in sveta","publisher":{"@id":"https:\/\/hudo.com\/si\/#organization"},"potentialAction":[{"@type":"SearchAction","target":{"@type":"EntryPoint","urlTemplate":"https:\/\/hudo.com\/si\/?s={search_term_string}"},"query-input":"required name=search_term_string"}],"inLanguage":"sl-SI"},{"@type":"Organization","@id":"https:\/\/hudo.com\/si\/#organization","name":"VSN Media","url":"https:\/\/hudo.com\/si\/","logo":{"@type":"ImageObject","inLanguage":"sl-SI","@id":"https:\/\/hudo.com\/si\/#\/schema\/logo\/image\/","url":"https:\/\/hudo.com\/si\/wp-content\/uploads\/sites\/2\/2021\/03\/hudo-app-2.png","contentUrl":"https:\/\/hudo.com\/si\/wp-content\/uploads\/sites\/2\/2021\/03\/hudo-app-2.png","width":2185,"height":2167,"caption":"VSN Media"},"image":{"@id":"https:\/\/hudo.com\/si\/#\/schema\/logo\/image\/"},"sameAs":["https:\/\/www.facebook.com\/hudo.si","https:\/\/twitter.com\/hudo_si"]},{"@type":"Person","@id":"https:\/\/hudo.com\/si\/#\/schema\/person\/601cf3379633985b20f7e50f2bb47707","name":"hudo","image":{"@type":"ImageObject","inLanguage":"sl-SI","@id":"https:\/\/hudo.com\/si\/#\/schema\/person\/image\/","url":"https:\/\/secure.gravatar.com\/avatar\/c4ca25fa72cace7a696b52ff5db9e095?s=96&d=mm&r=g","contentUrl":"https:\/\/secure.gravatar.com\/avatar\/c4ca25fa72cace7a696b52ff5db9e095?s=96&d=mm&r=g","caption":"hudo"},"url":"https:\/\/hudo.com\/si\/author\/hudo\/"}]}},"amp_enabled":true,"_links":{"self":[{"href":"https:\/\/hudo.com\/si\/wp-json\/wp\/v2\/posts\/115078"}],"collection":[{"href":"https:\/\/hudo.com\/si\/wp-json\/wp\/v2\/posts"}],"about":[{"href":"https:\/\/hudo.com\/si\/wp-json\/wp\/v2\/types\/post"}],"author":[{"embeddable":true,"href":"https:\/\/hudo.com\/si\/wp-json\/wp\/v2\/users\/1"}],"replies":[{"embeddable":true,"href":"https:\/\/hudo.com\/si\/wp-json\/wp\/v2\/comments?post=115078"}],"version-history":[{"count":0,"href":"https:\/\/hudo.com\/si\/wp-json\/wp\/v2\/posts\/115078\/revisions"}],"wp:attachment":[{"href":"https:\/\/hudo.com\/si\/wp-json\/wp\/v2\/media?parent=115078"}],"wp:term":[{"taxonomy":"category","embeddable":true,"href":"https:\/\/hudo.com\/si\/wp-json\/wp\/v2\/categories?post=115078"},{"taxonomy":"post_tag","embeddable":true,"href":"https:\/\/hudo.com\/si\/wp-json\/wp\/v2\/tags?post=115078"},{"taxonomy":"source","embeddable":true,"href":"https:\/\/hudo.com\/si\/wp-json\/wp\/v2\/source?post=115078"},{"taxonomy":"supertag","embeddable":true,"href":"https:\/\/hudo.com\/si\/wp-json\/wp\/v2\/supertag?post=115078"}],"curies":[{"name":"wp","href":"https:\/\/api.w.org\/{rel}","templated":true}]}}