{"id":11635,"date":"2015-09-21T05:39:49","date_gmt":"2015-09-21T04:39:49","guid":{"rendered":"http:\/\/master.hudo.com\/si\/2015\/09\/21\/gledalci-marjetka-poberi-se\/"},"modified":"2015-09-21T05:39:49","modified_gmt":"2015-09-21T04:39:49","slug":"gledalci-marjetka-poberi-se","status":"publish","type":"post","link":"https:\/\/hudo.com\/si\/vip\/gledalci-marjetka-poberi-se\/","title":{"rendered":"GLEDALCI: &#8221;Marjetka, poberi se!&#8221;"},"content":{"rendered":"<p><a href=\"http:\/\/www.moski.si\/scena\/domaca-scena\/gledalci-marjetka-poberi-se\/galerija\/zirija\/\" rel=\"attachment wp-att-197039\"><img loading=\"lazy\" decoding=\"async\" class=\"alignnone size-large wp-image-197039\" src=\"http:\/\/www.moski.si\/wp-content\/uploads\/2015\/09\/zirija-660x440.jpg\" alt=\"\u017eirija\" width=\"660\" height=\"440\" \/><\/a><\/p>\n<p>Po v\u010deraj\u0161nji premierni oddaji nove sezone Slovenija ima talent sta jasni dve stvari: 1.) nekih pretresljivih talentov letos ni pri\u010dakovati in 2.) ustvarjalcem je uspelo najti najbolj nepriljubljeno\u00a0\u017eirantko v zgodovini slovenskih avdicijskih oddaj.<\/p>\n<h2>Marjetka zasen\u010dila ostale \u010dlane \u017eirije&#8230;<\/h2>\n<p>&#8230;s svojo neverjetno zoprnostjo. Uporabniki Facebooka\u00a0so prepri\u010dani, da Marjetka Vovk nima pravice kogarkoli kritizirati zato, ker njegova avtorska skladba zveni kot \u0161lager (halo, Turbo Angels aka Tangles?), tudi njeni argumenti, da tekmovalci ne dosegajo &#8216;tujih standardov&#8217;, so gledalce zbegali. \u0160e posebej na \u017eivce je \u0161la gledalcem njena kritika na ra\u010dun dekleta, ki je pelo z &#8216;zafnanim&#8217; glasom. Ne, Marjetka, tvojega mijavkanja s povsem nezna\u010dilnim glasom\u00a0na Evrosongu ljudje \u0161e niso pozabili.<\/p>\n<p>Na Facebooku je seveda nemudoma zavr\u0161alo in uradno stran \u0161ova so preplavile bolj ali manj vljudno artikulirane kritike na ra\u010dun Vovkove. Hitro je nastala skupina<span style=\"text-decoration: underline;\"> <strong><a href=\"https:\/\/www.facebook.com\/Marjetka-Vovk-naj-zapusti-%C5%A1ov-Slovenija-ima-talent-1041043305927701\/timeline\/\">&#8216;Marjetka Vovk naj zapusti\u00a0\u0161ov Slovenija ima talent&#8217;<\/a>,<\/strong><\/span> ki \u017ee zbira predloge, kdo naj bi jo zamenjal v po novem 4-\u010dlanski \u017eiriji. Kaj pravite, kako se bo Pop TV odzval na odzive javnosti? Bodo vztrajali pri svoji neposre\u010deni (?) izbiri \u017eirantke, ali jo bodo poskusili &#8216;diskretno&#8217; odstraniti? Morda pa je to vse skupaj samo prevara in Marjetka le igra vlogo zoprne \u017eirantke, ki izjavlja neumnosti, da bi oddaja pritegnila pozornost?<\/p>\n<p>Primer komentarjev na FB:<\/p>\n<p><a href=\"http:\/\/www.moski.si\/scena\/domaca-scena\/gledalci-marjetka-poberi-se\/galerija\/marjetka\/\" rel=\"attachment wp-att-197040\"><img loading=\"lazy\" decoding=\"async\" class=\"alignnone size-large wp-image-197040\" src=\"http:\/\/www.moski.si\/wp-content\/uploads\/2015\/09\/marjetka-660x289.jpg\" alt=\"marjetka\" width=\"660\" height=\"289\" \/><\/a><\/p>\n<p>Ostali \u010dlani niso presene\u010dali. Kla\u0161nja je \u0161e vedno pocukrana, \u010cakarmi\u0161 \u0161armantno previden pri komentiranju, novi \u010dlan Bizovi\u010dar pa je edini, ki mu kdaj uspe gledalce nasmejati s kak\u0161no spontano in kosmato izjavo.<\/p>\n<p><strong>\u0160e nekaj odzivov gledalcev na <a href=\"https:\/\/www.facebook.com\/slovenija.ima.talent?fref=ts\"><span style=\"text-decoration: underline;\">uradni FB strani \u0161ova<\/span><\/a>:<\/strong><\/p>\n<p>&#8221;Ma dejte to Marjetko ven,vsakga neki kritizira,\u010de bi sama znala pet,bi tud na evrosongu kam dlje pri\u0161la!&#8221;<\/p>\n<p>&#8221;Marjetka ce postavimo tebe in tuje glasbenike si ti globoko pod standardi!!!&#8221;<\/p>\n<p>&#8221;Oooo marjetka je dala Da.. Neverjetno&#8230;.&#8221; (o nastopu Ekaterine)<\/p>\n<p>&#8221;\u010cudno, da je ni Marjetka, wanna be &#8216;vsemogo\u010dna&#8217;, pokritizirala, hah;-)&#8221; (o nastopu Ekaterine)<\/p>\n<p>&#8221;Marjetka, glede na to kolk si pametna, pa me zanima, zakaj nisi zmagala ne Euroviziji&#8221;<\/p>\n<p>&#8221;Marjetka je prav moteca, nesramna in na podlagi svoje uvrstitve na Evrosongu zajetno prepotentna.&#8221;<\/p>\n<p><span data-ft=\"{&quot;tn&quot;:&quot;K&quot;}\" data-reactid=\".ao.1:5.1:$comment10153701191144668_10153701260614668\/=10.0.$right.0.$left.0.0.1.$comment-body\"><span class=\"UFICommentBody\" data-reactid=\".ao.1:5.1:$comment10153701191144668_10153701260614668\/=10.0.$right.0.$left.0.0.1.$comment-body.0\"><span data-reactid=\".ao.1:5.1:$comment10153701191144668_10153701260614668\/=10.0.$right.0.$left.0.0.1.$comment-body.0.$end\/=1$text0\/=010\">&#8221;jooooj kak pa marjetka ne pa\u0161e sem&#8230; uni\u010dla bo \u0161ov!! al je sam danes tak te\u010dna,ko je slu\u0161alke doma pozabla???&#8221;<\/span><\/span><\/span><\/p>\n<p>&#8221;Bolj neumne face kokr je ta Marjetka, pa ze dolgo ne. Ona gre ocenjevat petje? Prvic, folk, ki poje niso profiji, kar je najbolj prav. Torej ne mores primerjat z originalom. Drugic, z nekim debilnim nosljanjem, ki ga premore omenjena profesorica glasbe, ocenjuje druge? No comment. Resno.&#8221;<\/p>\n<p>&#8221;Marjetka,z vsem spo\u0161tovanjem,ampak talenti so zato,da pridejo ljudje dejansko pokazat svoj TALENT..mislim,da ni namen tega \u0161ova,da se pridejo kazat profesionalci in \u0161olani ljudje&#8230;(pa \u010deprav,smo videli \u017eal,da temu ni tako). Malo se je teba sprostit!. Lp&#8221;<\/p>\n<p>&#8221;Zard Lada bi bla oddaja spet lahko dobro gledana ampak tale Marjetka poskrbi da preklopm se predn odpre usta !!&#8221;<\/p>\n","protected":false},"excerpt":{"rendered":"<p>Po v\u010deraj\u0161nji premierni oddaji nove sezone Slovenija ima talent je na dru\u017eabnih omre\u017ejih zavr\u0161alo: gledalci \u017eelijo, da Marjetka Vovk iz dua Maraya zapusti oddajo.<\/p>\n","protected":false},"author":1,"featured_media":0,"comment_status":"closed","ping_status":"closed","sticky":false,"template":"","format":"standard","meta":{"footnotes":""},"categories":[1093],"tags":[2520,2408],"source":[2060,1518,1572],"supertag":[],"acf":[],"yoast_head":"<!-- This site is optimized with the Yoast SEO plugin v21.3 - https:\/\/yoast.com\/wordpress\/plugins\/seo\/ -->\n<title>GLEDALCI: &#8221;Marjetka, poberi se!&#8221; - Hudo Slovenija<\/title>\n<meta name=\"robots\" content=\"index, follow, max-snippet:-1, max-image-preview:large, max-video-preview:-1\" \/>\n<link rel=\"canonical\" href=\"https:\/\/hudo.com\/si\/vip\/gledalci-marjetka-poberi-se\/\" \/>\n<meta property=\"og:locale\" content=\"sl_SI\" \/>\n<meta property=\"og:type\" content=\"article\" \/>\n<meta property=\"og:title\" content=\"GLEDALCI: &#8221;Marjetka, poberi se!&#8221; - Hudo Slovenija\" \/>\n<meta property=\"og:description\" content=\"Po v\u010deraj\u0161nji premierni oddaji nove sezone Slovenija ima talent je na dru\u017eabnih omre\u017ejih zavr\u0161alo: gledalci \u017eelijo, da Marjetka Vovk iz dua Maraya zapusti oddajo.\" \/>\n<meta property=\"og:url\" content=\"https:\/\/hudo.com\/si\/vip\/gledalci-marjetka-poberi-se\/\" \/>\n<meta property=\"og:site_name\" content=\"Hudo Slovenija\" \/>\n<meta property=\"article:publisher\" content=\"https:\/\/www.facebook.com\/hudo.si\" \/>\n<meta property=\"article:published_time\" content=\"2015-09-21T04:39:49+00:00\" \/>\n<meta property=\"og:image\" content=\"https:\/\/hudo.com\/si\/wp-content\/uploads\/sites\/2\/2016\/03\/zirija.jpg\" \/>\n\t<meta property=\"og:image:width\" content=\"600\" \/>\n\t<meta property=\"og:image:height\" content=\"400\" \/>\n\t<meta property=\"og:image:type\" content=\"image\/jpeg\" \/>\n<meta name=\"author\" content=\"hudo\" \/>\n<meta name=\"twitter:card\" content=\"summary_large_image\" \/>\n<meta name=\"twitter:creator\" content=\"@hudo_si\" \/>\n<meta name=\"twitter:site\" content=\"@hudo_si\" \/>\n<meta name=\"twitter:label1\" content=\"Written by\" \/>\n\t<meta name=\"twitter:data1\" content=\"hudo\" \/>\n\t<meta name=\"twitter:label2\" content=\"Est. reading time\" \/>\n\t<meta name=\"twitter:data2\" content=\"2 minuti\" \/>\n<script type=\"application\/ld+json\" class=\"yoast-schema-graph\">{\"@context\":\"https:\/\/schema.org\",\"@graph\":[{\"@type\":\"Article\",\"@id\":\"https:\/\/hudo.com\/si\/vip\/gledalci-marjetka-poberi-se\/#article\",\"isPartOf\":{\"@id\":\"https:\/\/hudo.com\/si\/vip\/gledalci-marjetka-poberi-se\/\"},\"author\":{\"name\":\"hudo\",\"@id\":\"https:\/\/hudo.com\/si\/#\/schema\/person\/601cf3379633985b20f7e50f2bb47707\"},\"headline\":\"GLEDALCI: &#8221;Marjetka, poberi se!&#8221;\",\"datePublished\":\"2015-09-21T04:39:49+00:00\",\"dateModified\":\"2015-09-21T04:39:49+00:00\",\"mainEntityOfPage\":{\"@id\":\"https:\/\/hudo.com\/si\/vip\/gledalci-marjetka-poberi-se\/\"},\"wordCount\":489,\"publisher\":{\"@id\":\"https:\/\/hudo.com\/si\/#organization\"},\"keywords\":[\"Slovenija ima talent\",\"televizijski \u0161ov\"],\"articleSection\":[\"VIP\"],\"inLanguage\":\"sl-SI\"},{\"@type\":\"WebPage\",\"@id\":\"https:\/\/hudo.com\/si\/vip\/gledalci-marjetka-poberi-se\/\",\"url\":\"https:\/\/hudo.com\/si\/vip\/gledalci-marjetka-poberi-se\/\",\"name\":\"GLEDALCI: &#8221;Marjetka, poberi se!&#8221; - Hudo Slovenija\",\"isPartOf\":{\"@id\":\"https:\/\/hudo.com\/si\/#website\"},\"datePublished\":\"2015-09-21T04:39:49+00:00\",\"dateModified\":\"2015-09-21T04:39:49+00:00\",\"breadcrumb\":{\"@id\":\"https:\/\/hudo.com\/si\/vip\/gledalci-marjetka-poberi-se\/#breadcrumb\"},\"inLanguage\":\"sl-SI\",\"potentialAction\":[{\"@type\":\"ReadAction\",\"target\":[\"https:\/\/hudo.com\/si\/vip\/gledalci-marjetka-poberi-se\/\"]}]},{\"@type\":\"BreadcrumbList\",\"@id\":\"https:\/\/hudo.com\/si\/vip\/gledalci-marjetka-poberi-se\/#breadcrumb\",\"itemListElement\":[{\"@type\":\"ListItem\",\"position\":1,\"name\":\"Home\",\"item\":\"https:\/\/hudo.com\/si\/\"},{\"@type\":\"ListItem\",\"position\":2,\"name\":\"GLEDALCI: &#8221;Marjetka, poberi se!&#8221;\"}]},{\"@type\":\"WebSite\",\"@id\":\"https:\/\/hudo.com\/si\/#website\",\"url\":\"https:\/\/hudo.com\/si\/\",\"name\":\"Hudo Slovenija\",\"description\":\"Vse novice iz Slovenije in sveta\",\"publisher\":{\"@id\":\"https:\/\/hudo.com\/si\/#organization\"},\"potentialAction\":[{\"@type\":\"SearchAction\",\"target\":{\"@type\":\"EntryPoint\",\"urlTemplate\":\"https:\/\/hudo.com\/si\/?s={search_term_string}\"},\"query-input\":\"required name=search_term_string\"}],\"inLanguage\":\"sl-SI\"},{\"@type\":\"Organization\",\"@id\":\"https:\/\/hudo.com\/si\/#organization\",\"name\":\"VSN Media\",\"url\":\"https:\/\/hudo.com\/si\/\",\"logo\":{\"@type\":\"ImageObject\",\"inLanguage\":\"sl-SI\",\"@id\":\"https:\/\/hudo.com\/si\/#\/schema\/logo\/image\/\",\"url\":\"https:\/\/hudo.com\/si\/wp-content\/uploads\/sites\/2\/2021\/03\/hudo-app-2.png\",\"contentUrl\":\"https:\/\/hudo.com\/si\/wp-content\/uploads\/sites\/2\/2021\/03\/hudo-app-2.png\",\"width\":2185,\"height\":2167,\"caption\":\"VSN Media\"},\"image\":{\"@id\":\"https:\/\/hudo.com\/si\/#\/schema\/logo\/image\/\"},\"sameAs\":[\"https:\/\/www.facebook.com\/hudo.si\",\"https:\/\/twitter.com\/hudo_si\"]},{\"@type\":\"Person\",\"@id\":\"https:\/\/hudo.com\/si\/#\/schema\/person\/601cf3379633985b20f7e50f2bb47707\",\"name\":\"hudo\",\"image\":{\"@type\":\"ImageObject\",\"inLanguage\":\"sl-SI\",\"@id\":\"https:\/\/hudo.com\/si\/#\/schema\/person\/image\/\",\"url\":\"https:\/\/secure.gravatar.com\/avatar\/c4ca25fa72cace7a696b52ff5db9e095?s=96&d=mm&r=g\",\"contentUrl\":\"https:\/\/secure.gravatar.com\/avatar\/c4ca25fa72cace7a696b52ff5db9e095?s=96&d=mm&r=g\",\"caption\":\"hudo\"},\"url\":\"https:\/\/hudo.com\/si\/author\/hudo\/\"}]}<\/script>\n<!-- \/ Yoast SEO plugin. -->","yoast_head_json":{"title":"GLEDALCI: &#8221;Marjetka, poberi se!&#8221; - Hudo Slovenija","robots":{"index":"index","follow":"follow","max-snippet":"max-snippet:-1","max-image-preview":"max-image-preview:large","max-video-preview":"max-video-preview:-1"},"canonical":"https:\/\/hudo.com\/si\/vip\/gledalci-marjetka-poberi-se\/","og_locale":"sl_SI","og_type":"article","og_title":"GLEDALCI: &#8221;Marjetka, poberi se!&#8221; - Hudo Slovenija","og_description":"Po v\u010deraj\u0161nji premierni oddaji nove sezone Slovenija ima talent je na dru\u017eabnih omre\u017ejih zavr\u0161alo: gledalci \u017eelijo, da Marjetka Vovk iz dua Maraya zapusti oddajo.","og_url":"https:\/\/hudo.com\/si\/vip\/gledalci-marjetka-poberi-se\/","og_site_name":"Hudo Slovenija","article_publisher":"https:\/\/www.facebook.com\/hudo.si","article_published_time":"2015-09-21T04:39:49+00:00","og_image":[{"width":600,"height":400,"url":"https:\/\/hudo.com\/si\/wp-content\/uploads\/sites\/2\/2016\/03\/zirija.jpg","type":"image\/jpeg"}],"author":"hudo","twitter_card":"summary_large_image","twitter_creator":"@hudo_si","twitter_site":"@hudo_si","twitter_misc":{"Written by":"hudo","Est. reading time":"2 minuti"},"schema":{"@context":"https:\/\/schema.org","@graph":[{"@type":"Article","@id":"https:\/\/hudo.com\/si\/vip\/gledalci-marjetka-poberi-se\/#article","isPartOf":{"@id":"https:\/\/hudo.com\/si\/vip\/gledalci-marjetka-poberi-se\/"},"author":{"name":"hudo","@id":"https:\/\/hudo.com\/si\/#\/schema\/person\/601cf3379633985b20f7e50f2bb47707"},"headline":"GLEDALCI: &#8221;Marjetka, poberi se!&#8221;","datePublished":"2015-09-21T04:39:49+00:00","dateModified":"2015-09-21T04:39:49+00:00","mainEntityOfPage":{"@id":"https:\/\/hudo.com\/si\/vip\/gledalci-marjetka-poberi-se\/"},"wordCount":489,"publisher":{"@id":"https:\/\/hudo.com\/si\/#organization"},"keywords":["Slovenija ima talent","televizijski \u0161ov"],"articleSection":["VIP"],"inLanguage":"sl-SI"},{"@type":"WebPage","@id":"https:\/\/hudo.com\/si\/vip\/gledalci-marjetka-poberi-se\/","url":"https:\/\/hudo.com\/si\/vip\/gledalci-marjetka-poberi-se\/","name":"GLEDALCI: &#8221;Marjetka, poberi se!&#8221; - Hudo Slovenija","isPartOf":{"@id":"https:\/\/hudo.com\/si\/#website"},"datePublished":"2015-09-21T04:39:49+00:00","dateModified":"2015-09-21T04:39:49+00:00","breadcrumb":{"@id":"https:\/\/hudo.com\/si\/vip\/gledalci-marjetka-poberi-se\/#breadcrumb"},"inLanguage":"sl-SI","potentialAction":[{"@type":"ReadAction","target":["https:\/\/hudo.com\/si\/vip\/gledalci-marjetka-poberi-se\/"]}]},{"@type":"BreadcrumbList","@id":"https:\/\/hudo.com\/si\/vip\/gledalci-marjetka-poberi-se\/#breadcrumb","itemListElement":[{"@type":"ListItem","position":1,"name":"Home","item":"https:\/\/hudo.com\/si\/"},{"@type":"ListItem","position":2,"name":"GLEDALCI: &#8221;Marjetka, poberi se!&#8221;"}]},{"@type":"WebSite","@id":"https:\/\/hudo.com\/si\/#website","url":"https:\/\/hudo.com\/si\/","name":"Hudo Slovenija","description":"Vse novice iz Slovenije in sveta","publisher":{"@id":"https:\/\/hudo.com\/si\/#organization"},"potentialAction":[{"@type":"SearchAction","target":{"@type":"EntryPoint","urlTemplate":"https:\/\/hudo.com\/si\/?s={search_term_string}"},"query-input":"required name=search_term_string"}],"inLanguage":"sl-SI"},{"@type":"Organization","@id":"https:\/\/hudo.com\/si\/#organization","name":"VSN Media","url":"https:\/\/hudo.com\/si\/","logo":{"@type":"ImageObject","inLanguage":"sl-SI","@id":"https:\/\/hudo.com\/si\/#\/schema\/logo\/image\/","url":"https:\/\/hudo.com\/si\/wp-content\/uploads\/sites\/2\/2021\/03\/hudo-app-2.png","contentUrl":"https:\/\/hudo.com\/si\/wp-content\/uploads\/sites\/2\/2021\/03\/hudo-app-2.png","width":2185,"height":2167,"caption":"VSN Media"},"image":{"@id":"https:\/\/hudo.com\/si\/#\/schema\/logo\/image\/"},"sameAs":["https:\/\/www.facebook.com\/hudo.si","https:\/\/twitter.com\/hudo_si"]},{"@type":"Person","@id":"https:\/\/hudo.com\/si\/#\/schema\/person\/601cf3379633985b20f7e50f2bb47707","name":"hudo","image":{"@type":"ImageObject","inLanguage":"sl-SI","@id":"https:\/\/hudo.com\/si\/#\/schema\/person\/image\/","url":"https:\/\/secure.gravatar.com\/avatar\/c4ca25fa72cace7a696b52ff5db9e095?s=96&d=mm&r=g","contentUrl":"https:\/\/secure.gravatar.com\/avatar\/c4ca25fa72cace7a696b52ff5db9e095?s=96&d=mm&r=g","caption":"hudo"},"url":"https:\/\/hudo.com\/si\/author\/hudo\/"}]}},"amp_enabled":true,"_links":{"self":[{"href":"https:\/\/hudo.com\/si\/wp-json\/wp\/v2\/posts\/11635"}],"collection":[{"href":"https:\/\/hudo.com\/si\/wp-json\/wp\/v2\/posts"}],"about":[{"href":"https:\/\/hudo.com\/si\/wp-json\/wp\/v2\/types\/post"}],"author":[{"embeddable":true,"href":"https:\/\/hudo.com\/si\/wp-json\/wp\/v2\/users\/1"}],"replies":[{"embeddable":true,"href":"https:\/\/hudo.com\/si\/wp-json\/wp\/v2\/comments?post=11635"}],"version-history":[{"count":0,"href":"https:\/\/hudo.com\/si\/wp-json\/wp\/v2\/posts\/11635\/revisions"}],"wp:attachment":[{"href":"https:\/\/hudo.com\/si\/wp-json\/wp\/v2\/media?parent=11635"}],"wp:term":[{"taxonomy":"category","embeddable":true,"href":"https:\/\/hudo.com\/si\/wp-json\/wp\/v2\/categories?post=11635"},{"taxonomy":"post_tag","embeddable":true,"href":"https:\/\/hudo.com\/si\/wp-json\/wp\/v2\/tags?post=11635"},{"taxonomy":"source","embeddable":true,"href":"https:\/\/hudo.com\/si\/wp-json\/wp\/v2\/source?post=11635"},{"taxonomy":"supertag","embeddable":true,"href":"https:\/\/hudo.com\/si\/wp-json\/wp\/v2\/supertag?post=11635"}],"curies":[{"name":"wp","href":"https:\/\/api.w.org\/{rel}","templated":true}]}}