{"id":116428,"date":"2016-08-19T08:46:34","date_gmt":"2016-08-19T06:46:34","guid":{"rendered":"http:\/\/hudo.com\/si\/?p=116428"},"modified":"2016-08-19T08:46:34","modified_gmt":"2016-08-19T06:46:34","slug":"pobuda-za-spomenik-milosevicu-deli-srbe","status":"publish","type":"post","link":"https:\/\/hudo.com\/si\/aktualno\/pobuda-za-spomenik-milosevicu-deli-srbe\/","title":{"rendered":"Srbi nameravajo postaviti spomenik \u010dloveku, ki so mu sodili za genocid, vojne zlo\u010dine in zlo\u010dine proti \u010dlove\u010dnosti"},"content":{"rendered":"<p>Zamisel o spomeniku Milo\u0161evi\u0107u se je v Srbiji pojavila, potem ko so v javnost pri\u0161le ocene, da je haa\u0161ko Mednarodno sodi\u0161\u010de za vojne zlo\u010dine na obmo\u010dju nekdanje Jugoslavije z obrazlo\u017eitvijo sodbe nekdanjemu politi\u010dnemu voditelju bosanskih Srbov Radovanu Karad\u017ei\u0107u Milo\u0161evi\u0107a opralo krivde za zlo\u010dine v BiH.<\/p>\n<p>Pobudo za postavitev spomenika je dala nekdanja Milo\u0161evi\u0107eva socialisti\u010dna stranka SPS in s tem po poro\u010danju hrva\u0161ke tiskovne agencije Hina spro\u017eila plaz odzivov na dru\u017ebenih omre\u017ejih. Nekateri trdijo, da je bil Milo\u0161evi\u0107 zgodovinska osebnost in si zaslu\u017ei spomenik, drugi grozijo, da od spomenika ne bo ostalo ni\u010d, \u010de ga bodo zares postavili.<\/p>\n<p>Profesor psihologije in nekdanji \u010dlan srbske vlade po strmoglavljenju Milo\u0161evi\u0107a \u017darko Kora\u0107 je ocenil, da gre pri pobudi za postavitev spomenika za poskus &#8220;oprati lastno biografijo&#8221;, \u010deprav bo to naletelo na negativen odziv tako v regiji kot v Evropi.<\/p>\n<p>Urednik beograjskega dopisni\u0161tva Radia svobodna Evropa Milo\u0161 Teodorovi\u0107 pa meni, da je pobuda vrhunec brezobzirnosti, saj, kot je dejal, &#8220;se \u0161e dobro spomnimo tistih \u010dasov in tega, kaj smo takrat pre\u017eivljali&#8221;.<\/p>\n<p>Karad\u017ei\u0107a je haa\u0161ko sodi\u0161\u010de 24. marca letos obsodilo na 40 let zapora zaradi genocida nad Bo\u0161njaki v Srebrenici, zlo\u010dinov v Sarajevu, ugrabitve talcev in \u0161tevilnih vojnih zlo\u010dinov v sedmih ob\u010dinah BiH. Karad\u017ei\u0107 se je prej\u0161nji mesec na sodbo prito\u017eil.<\/p>\n<p>Milo\u0161evi\u0107 je v priporu haa\u0161kega sodi\u0161\u010da umrl 11. marca 2006, \u0161e pred koncem sojenja. Sodili so mu za genocid, vojne zlo\u010dine in zlo\u010dine proti \u010dlove\u010dnosti. Po njegovi smrti je haa\u0161ko sodi\u0161\u010de primer opustilo in tako nikoli izreklo sodbe.<\/p>\n","protected":false},"excerpt":{"rendered":"<p>V Srbiji se je v zadnjem \u010dasu porodila pobuda za postavitev spomenika pokojnemu srbskemu in jugoslovanskemu predsedniku Slobodanu Milo\u0161evi\u0107u, ki je mo\u010dno razdelila srbsko javnost. Da je glede tega v dilemi, priznava tudi srbski predsednik Tomislav Nikoli\u0107, ki ob tem opozarja, da spomenik Srbov ne bi smel deliti, temve\u010d bi jih moral zdru\u017eevati.<\/p>\n","protected":false},"author":5,"featured_media":116429,"comment_status":"closed","ping_status":"closed","sticky":false,"template":"","format":"standard","meta":{"footnotes":""},"categories":[1179],"tags":[6047,2442],"source":[4511],"supertag":[],"acf":[],"yoast_head":"<!-- This site is optimized with the Yoast SEO plugin v21.3 - https:\/\/yoast.com\/wordpress\/plugins\/seo\/ -->\n<title>Srbi nameravajo postaviti spomenik \u010dloveku, ki so mu sodili za genocid, vojne zlo\u010dine in zlo\u010dine proti \u010dlove\u010dnosti - Hudo Slovenija<\/title>\n<meta name=\"robots\" content=\"index, follow, max-snippet:-1, max-image-preview:large, max-video-preview:-1\" \/>\n<link rel=\"canonical\" href=\"https:\/\/hudo.com\/si\/aktualno\/pobuda-za-spomenik-milosevicu-deli-srbe\/\" \/>\n<meta property=\"og:locale\" content=\"sl_SI\" \/>\n<meta property=\"og:type\" content=\"article\" \/>\n<meta property=\"og:title\" content=\"Srbi nameravajo postaviti spomenik \u010dloveku, ki so mu sodili za genocid, vojne zlo\u010dine in zlo\u010dine proti \u010dlove\u010dnosti - Hudo Slovenija\" \/>\n<meta property=\"og:description\" content=\"V Srbiji se je v zadnjem \u010dasu porodila pobuda za postavitev spomenika pokojnemu srbskemu in jugoslovanskemu predsedniku Slobodanu Milo\u0161evi\u0107u, ki je mo\u010dno razdelila srbsko javnost. Da je glede tega v dilemi, priznava tudi srbski predsednik Tomislav Nikoli\u0107, ki ob tem opozarja, da spomenik Srbov ne bi smel deliti, temve\u010d bi jih moral zdru\u017eevati.\" \/>\n<meta property=\"og:url\" content=\"https:\/\/hudo.com\/si\/aktualno\/pobuda-za-spomenik-milosevicu-deli-srbe\/\" \/>\n<meta property=\"og:site_name\" content=\"Hudo Slovenija\" \/>\n<meta property=\"article:publisher\" content=\"https:\/\/www.facebook.com\/hudo.si\" \/>\n<meta property=\"article:published_time\" content=\"2016-08-19T06:46:34+00:00\" \/>\n<meta property=\"og:image\" content=\"https:\/\/hudo.com\/si\/wp-content\/uploads\/sites\/2\/2016\/08\/profimedia-0209973544.jpg\" \/>\n\t<meta property=\"og:image:width\" content=\"1250\" \/>\n\t<meta property=\"og:image:height\" content=\"895\" \/>\n\t<meta property=\"og:image:type\" content=\"image\/jpeg\" \/>\n<meta name=\"author\" content=\"A. G., STA\" \/>\n<meta name=\"twitter:card\" content=\"summary_large_image\" \/>\n<meta name=\"twitter:creator\" content=\"@hudo_si\" \/>\n<meta name=\"twitter:site\" content=\"@hudo_si\" \/>\n<meta name=\"twitter:label1\" content=\"Written by\" \/>\n\t<meta name=\"twitter:data1\" content=\"A. G., STA\" \/>\n\t<meta name=\"twitter:label2\" content=\"Est. reading time\" \/>\n\t<meta name=\"twitter:data2\" content=\"1 minuta\" \/>\n<script type=\"application\/ld+json\" class=\"yoast-schema-graph\">{\"@context\":\"https:\/\/schema.org\",\"@graph\":[{\"@type\":\"Article\",\"@id\":\"https:\/\/hudo.com\/si\/aktualno\/pobuda-za-spomenik-milosevicu-deli-srbe\/#article\",\"isPartOf\":{\"@id\":\"https:\/\/hudo.com\/si\/aktualno\/pobuda-za-spomenik-milosevicu-deli-srbe\/\"},\"author\":{\"name\":\"A. G., STA\",\"@id\":\"https:\/\/hudo.com\/si\/#\/schema\/person\/2391667a63ea075ba94f2f2dc6b77537\"},\"headline\":\"Srbi nameravajo postaviti spomenik \u010dloveku, ki so mu sodili za genocid, vojne zlo\u010dine in zlo\u010dine proti \u010dlove\u010dnosti\",\"datePublished\":\"2016-08-19T06:46:34+00:00\",\"dateModified\":\"2016-08-19T06:46:34+00:00\",\"mainEntityOfPage\":{\"@id\":\"https:\/\/hudo.com\/si\/aktualno\/pobuda-za-spomenik-milosevicu-deli-srbe\/\"},\"wordCount\":307,\"publisher\":{\"@id\":\"https:\/\/hudo.com\/si\/#organization\"},\"keywords\":[\"slobodan milo\u0161evi\u0107\",\"Srbija\"],\"articleSection\":[\"Aktualno\"],\"inLanguage\":\"sl-SI\"},{\"@type\":\"WebPage\",\"@id\":\"https:\/\/hudo.com\/si\/aktualno\/pobuda-za-spomenik-milosevicu-deli-srbe\/\",\"url\":\"https:\/\/hudo.com\/si\/aktualno\/pobuda-za-spomenik-milosevicu-deli-srbe\/\",\"name\":\"Srbi nameravajo postaviti spomenik \u010dloveku, ki so mu sodili za genocid, vojne zlo\u010dine in zlo\u010dine proti \u010dlove\u010dnosti - Hudo Slovenija\",\"isPartOf\":{\"@id\":\"https:\/\/hudo.com\/si\/#website\"},\"datePublished\":\"2016-08-19T06:46:34+00:00\",\"dateModified\":\"2016-08-19T06:46:34+00:00\",\"breadcrumb\":{\"@id\":\"https:\/\/hudo.com\/si\/aktualno\/pobuda-za-spomenik-milosevicu-deli-srbe\/#breadcrumb\"},\"inLanguage\":\"sl-SI\",\"potentialAction\":[{\"@type\":\"ReadAction\",\"target\":[\"https:\/\/hudo.com\/si\/aktualno\/pobuda-za-spomenik-milosevicu-deli-srbe\/\"]}]},{\"@type\":\"BreadcrumbList\",\"@id\":\"https:\/\/hudo.com\/si\/aktualno\/pobuda-za-spomenik-milosevicu-deli-srbe\/#breadcrumb\",\"itemListElement\":[{\"@type\":\"ListItem\",\"position\":1,\"name\":\"Home\",\"item\":\"https:\/\/hudo.com\/si\/\"},{\"@type\":\"ListItem\",\"position\":2,\"name\":\"Srbi nameravajo postaviti spomenik \u010dloveku, ki so mu sodili za genocid, vojne zlo\u010dine in zlo\u010dine proti \u010dlove\u010dnosti\"}]},{\"@type\":\"WebSite\",\"@id\":\"https:\/\/hudo.com\/si\/#website\",\"url\":\"https:\/\/hudo.com\/si\/\",\"name\":\"Hudo Slovenija\",\"description\":\"Vse novice iz Slovenije in sveta\",\"publisher\":{\"@id\":\"https:\/\/hudo.com\/si\/#organization\"},\"potentialAction\":[{\"@type\":\"SearchAction\",\"target\":{\"@type\":\"EntryPoint\",\"urlTemplate\":\"https:\/\/hudo.com\/si\/?s={search_term_string}\"},\"query-input\":\"required name=search_term_string\"}],\"inLanguage\":\"sl-SI\"},{\"@type\":\"Organization\",\"@id\":\"https:\/\/hudo.com\/si\/#organization\",\"name\":\"VSN Media\",\"url\":\"https:\/\/hudo.com\/si\/\",\"logo\":{\"@type\":\"ImageObject\",\"inLanguage\":\"sl-SI\",\"@id\":\"https:\/\/hudo.com\/si\/#\/schema\/logo\/image\/\",\"url\":\"https:\/\/hudo.com\/si\/wp-content\/uploads\/sites\/2\/2021\/03\/hudo-app-2.png\",\"contentUrl\":\"https:\/\/hudo.com\/si\/wp-content\/uploads\/sites\/2\/2021\/03\/hudo-app-2.png\",\"width\":2185,\"height\":2167,\"caption\":\"VSN Media\"},\"image\":{\"@id\":\"https:\/\/hudo.com\/si\/#\/schema\/logo\/image\/\"},\"sameAs\":[\"https:\/\/www.facebook.com\/hudo.si\",\"https:\/\/twitter.com\/hudo_si\"]},{\"@type\":\"Person\",\"@id\":\"https:\/\/hudo.com\/si\/#\/schema\/person\/2391667a63ea075ba94f2f2dc6b77537\",\"name\":\"A. G., STA\",\"image\":{\"@type\":\"ImageObject\",\"inLanguage\":\"sl-SI\",\"@id\":\"https:\/\/hudo.com\/si\/#\/schema\/person\/image\/\",\"url\":\"https:\/\/secure.gravatar.com\/avatar\/e13d22ac3e442658d5025fbbe6238a79?s=96&d=mm&r=g\",\"contentUrl\":\"https:\/\/secure.gravatar.com\/avatar\/e13d22ac3e442658d5025fbbe6238a79?s=96&d=mm&r=g\",\"caption\":\"A. G., STA\"},\"url\":\"https:\/\/hudo.com\/si\/author\/alenka\/\"}]}<\/script>\n<!-- \/ Yoast SEO plugin. -->","yoast_head_json":{"title":"Srbi nameravajo postaviti spomenik \u010dloveku, ki so mu sodili za genocid, vojne zlo\u010dine in zlo\u010dine proti \u010dlove\u010dnosti - Hudo Slovenija","robots":{"index":"index","follow":"follow","max-snippet":"max-snippet:-1","max-image-preview":"max-image-preview:large","max-video-preview":"max-video-preview:-1"},"canonical":"https:\/\/hudo.com\/si\/aktualno\/pobuda-za-spomenik-milosevicu-deli-srbe\/","og_locale":"sl_SI","og_type":"article","og_title":"Srbi nameravajo postaviti spomenik \u010dloveku, ki so mu sodili za genocid, vojne zlo\u010dine in zlo\u010dine proti \u010dlove\u010dnosti - Hudo Slovenija","og_description":"V Srbiji se je v zadnjem \u010dasu porodila pobuda za postavitev spomenika pokojnemu srbskemu in jugoslovanskemu predsedniku Slobodanu Milo\u0161evi\u0107u, ki je mo\u010dno razdelila srbsko javnost. Da je glede tega v dilemi, priznava tudi srbski predsednik Tomislav Nikoli\u0107, ki ob tem opozarja, da spomenik Srbov ne bi smel deliti, temve\u010d bi jih moral zdru\u017eevati.","og_url":"https:\/\/hudo.com\/si\/aktualno\/pobuda-za-spomenik-milosevicu-deli-srbe\/","og_site_name":"Hudo Slovenija","article_publisher":"https:\/\/www.facebook.com\/hudo.si","article_published_time":"2016-08-19T06:46:34+00:00","og_image":[{"width":1250,"height":895,"url":"https:\/\/hudo.com\/si\/wp-content\/uploads\/sites\/2\/2016\/08\/profimedia-0209973544.jpg","type":"image\/jpeg"}],"author":"A. G., STA","twitter_card":"summary_large_image","twitter_creator":"@hudo_si","twitter_site":"@hudo_si","twitter_misc":{"Written by":"A. G., STA","Est. reading time":"1 minuta"},"schema":{"@context":"https:\/\/schema.org","@graph":[{"@type":"Article","@id":"https:\/\/hudo.com\/si\/aktualno\/pobuda-za-spomenik-milosevicu-deli-srbe\/#article","isPartOf":{"@id":"https:\/\/hudo.com\/si\/aktualno\/pobuda-za-spomenik-milosevicu-deli-srbe\/"},"author":{"name":"A. G., STA","@id":"https:\/\/hudo.com\/si\/#\/schema\/person\/2391667a63ea075ba94f2f2dc6b77537"},"headline":"Srbi nameravajo postaviti spomenik \u010dloveku, ki so mu sodili za genocid, vojne zlo\u010dine in zlo\u010dine proti \u010dlove\u010dnosti","datePublished":"2016-08-19T06:46:34+00:00","dateModified":"2016-08-19T06:46:34+00:00","mainEntityOfPage":{"@id":"https:\/\/hudo.com\/si\/aktualno\/pobuda-za-spomenik-milosevicu-deli-srbe\/"},"wordCount":307,"publisher":{"@id":"https:\/\/hudo.com\/si\/#organization"},"keywords":["slobodan milo\u0161evi\u0107","Srbija"],"articleSection":["Aktualno"],"inLanguage":"sl-SI"},{"@type":"WebPage","@id":"https:\/\/hudo.com\/si\/aktualno\/pobuda-za-spomenik-milosevicu-deli-srbe\/","url":"https:\/\/hudo.com\/si\/aktualno\/pobuda-za-spomenik-milosevicu-deli-srbe\/","name":"Srbi nameravajo postaviti spomenik \u010dloveku, ki so mu sodili za genocid, vojne zlo\u010dine in zlo\u010dine proti \u010dlove\u010dnosti - Hudo Slovenija","isPartOf":{"@id":"https:\/\/hudo.com\/si\/#website"},"datePublished":"2016-08-19T06:46:34+00:00","dateModified":"2016-08-19T06:46:34+00:00","breadcrumb":{"@id":"https:\/\/hudo.com\/si\/aktualno\/pobuda-za-spomenik-milosevicu-deli-srbe\/#breadcrumb"},"inLanguage":"sl-SI","potentialAction":[{"@type":"ReadAction","target":["https:\/\/hudo.com\/si\/aktualno\/pobuda-za-spomenik-milosevicu-deli-srbe\/"]}]},{"@type":"BreadcrumbList","@id":"https:\/\/hudo.com\/si\/aktualno\/pobuda-za-spomenik-milosevicu-deli-srbe\/#breadcrumb","itemListElement":[{"@type":"ListItem","position":1,"name":"Home","item":"https:\/\/hudo.com\/si\/"},{"@type":"ListItem","position":2,"name":"Srbi nameravajo postaviti spomenik \u010dloveku, ki so mu sodili za genocid, vojne zlo\u010dine in zlo\u010dine proti \u010dlove\u010dnosti"}]},{"@type":"WebSite","@id":"https:\/\/hudo.com\/si\/#website","url":"https:\/\/hudo.com\/si\/","name":"Hudo Slovenija","description":"Vse novice iz Slovenije in sveta","publisher":{"@id":"https:\/\/hudo.com\/si\/#organization"},"potentialAction":[{"@type":"SearchAction","target":{"@type":"EntryPoint","urlTemplate":"https:\/\/hudo.com\/si\/?s={search_term_string}"},"query-input":"required name=search_term_string"}],"inLanguage":"sl-SI"},{"@type":"Organization","@id":"https:\/\/hudo.com\/si\/#organization","name":"VSN Media","url":"https:\/\/hudo.com\/si\/","logo":{"@type":"ImageObject","inLanguage":"sl-SI","@id":"https:\/\/hudo.com\/si\/#\/schema\/logo\/image\/","url":"https:\/\/hudo.com\/si\/wp-content\/uploads\/sites\/2\/2021\/03\/hudo-app-2.png","contentUrl":"https:\/\/hudo.com\/si\/wp-content\/uploads\/sites\/2\/2021\/03\/hudo-app-2.png","width":2185,"height":2167,"caption":"VSN Media"},"image":{"@id":"https:\/\/hudo.com\/si\/#\/schema\/logo\/image\/"},"sameAs":["https:\/\/www.facebook.com\/hudo.si","https:\/\/twitter.com\/hudo_si"]},{"@type":"Person","@id":"https:\/\/hudo.com\/si\/#\/schema\/person\/2391667a63ea075ba94f2f2dc6b77537","name":"A. G., STA","image":{"@type":"ImageObject","inLanguage":"sl-SI","@id":"https:\/\/hudo.com\/si\/#\/schema\/person\/image\/","url":"https:\/\/secure.gravatar.com\/avatar\/e13d22ac3e442658d5025fbbe6238a79?s=96&d=mm&r=g","contentUrl":"https:\/\/secure.gravatar.com\/avatar\/e13d22ac3e442658d5025fbbe6238a79?s=96&d=mm&r=g","caption":"A. G., STA"},"url":"https:\/\/hudo.com\/si\/author\/alenka\/"}]}},"amp_enabled":true,"_links":{"self":[{"href":"https:\/\/hudo.com\/si\/wp-json\/wp\/v2\/posts\/116428"}],"collection":[{"href":"https:\/\/hudo.com\/si\/wp-json\/wp\/v2\/posts"}],"about":[{"href":"https:\/\/hudo.com\/si\/wp-json\/wp\/v2\/types\/post"}],"author":[{"embeddable":true,"href":"https:\/\/hudo.com\/si\/wp-json\/wp\/v2\/users\/5"}],"replies":[{"embeddable":true,"href":"https:\/\/hudo.com\/si\/wp-json\/wp\/v2\/comments?post=116428"}],"version-history":[{"count":1,"href":"https:\/\/hudo.com\/si\/wp-json\/wp\/v2\/posts\/116428\/revisions"}],"predecessor-version":[{"id":116430,"href":"https:\/\/hudo.com\/si\/wp-json\/wp\/v2\/posts\/116428\/revisions\/116430"}],"wp:featuredmedia":[{"embeddable":true,"href":"https:\/\/hudo.com\/si\/wp-json\/wp\/v2\/media\/116429"}],"wp:attachment":[{"href":"https:\/\/hudo.com\/si\/wp-json\/wp\/v2\/media?parent=116428"}],"wp:term":[{"taxonomy":"category","embeddable":true,"href":"https:\/\/hudo.com\/si\/wp-json\/wp\/v2\/categories?post=116428"},{"taxonomy":"post_tag","embeddable":true,"href":"https:\/\/hudo.com\/si\/wp-json\/wp\/v2\/tags?post=116428"},{"taxonomy":"source","embeddable":true,"href":"https:\/\/hudo.com\/si\/wp-json\/wp\/v2\/source?post=116428"},{"taxonomy":"supertag","embeddable":true,"href":"https:\/\/hudo.com\/si\/wp-json\/wp\/v2\/supertag?post=116428"}],"curies":[{"name":"wp","href":"https:\/\/api.w.org\/{rel}","templated":true}]}}