{"id":11649,"date":"2015-09-17T09:50:31","date_gmt":"2015-09-17T08:50:31","guid":{"rendered":"http:\/\/master.hudo.com\/si\/2015\/09\/17\/legendarna-lepotica-zeli-da-bi-ves-svet-videl-njene-bradavicke-preveri-zakaj-foto\/"},"modified":"2015-09-17T09:50:31","modified_gmt":"2015-09-17T08:50:31","slug":"legendarna-lepotica-zeli-da-bi-ves-svet-videl-njene-bradavicke-preveri-zakaj-foto","status":"publish","type":"post","link":"https:\/\/hudo.com\/si\/vip\/legendarna-lepotica-zeli-da-bi-ves-svet-videl-njene-bradavicke-preveri-zakaj-foto\/","title":{"rendered":"Legendarna lepotica \u017eeli, da bi ves svet videl njene bradavi\u010dke. Preveri, zakaj! (foto)"},"content":{"rendered":"<p>Naomi Campbell se je s svojo podporo kampanji <a href=\"https:\/\/en.wikipedia.org\/wiki\/Free_the_Nipple_(campaign)\"><span style=\"text-decoration: underline;\">&#8216;Free The Nipple&#8217;<\/span><\/a>, ki si prizadeva za dru\u017ebeno enakost spolov, pridru\u017eila \u0161tevilnim zvezdnicam, kot so Miley Cyrus, Rumer Willis in Cara Delevinge. Kampanja, ki \u017ee dobro leto skrbi za veliko debato na dru\u017eabnih omre\u017ejih, predvsem na <a href=\"https:\/\/twitter.com\/freethenipple\"><span style=\"text-decoration: underline;\"><strong>Twitterju<\/strong><\/span><\/a>, izpostavlja dru\u017ebeno hipokrizijo, zaradi katere se mo\u0161ki v javnosti in medijih lahko pojavljajo zgoraj brez, \u017eenske pa morajo prekriti prsne bradavice. Mo\u0161ki tako na Facebooku lahko objavljamo svoje fotografije s pla\u017ee, punce pa morajo najprej nadeti modrc, sicer bo Facebook fotko umaknil in za kazen morda celo blokiral uporabni\u0161ki ra\u010dun. To pa je le eden od oprijemljivej\u0161ih primerov za dvoli\u010dnost dru\u017ebenih norm.<\/p>\n<p>Mi kampanjo seveda podpiramo, v znak podpore pa z vami delimo fotografijo, ki jo je objavila Naomi Campbell na svojem <a href=\"https:\/\/instagram.com\/iamnaomicampbell\/\"><span style=\"text-decoration: underline;\"><strong>Instagramu<\/strong><\/span><\/a>, kjer so jo, ironi\u010dno, takoj umaknili.<\/p>\n<figure>\n\t\t\t\t\t<img loading=\"lazy\" decoding=\"async\" width=\"660\" height=\"320\" src=\"data:image\/gif;base64,R0lGODlhAQABAAAAACH5BAEKAAEALAAAAAABAAEAAAICTAEAOw==\" class=\"lazyload\" data-src=\"http:\/\/moski.hudo.com\/wp-content\/uploads\/2015\/09\/profimedia-0258865834-320x155.jpg\" data-srcset=\"http:\/\/moski.hudo.com\/wp-content\/uploads\/2015\/09\/profimedia-0258865834-660x320.jpg 660w,http:\/\/moski.hudo.com\/wp-content\/uploads\/2015\/09\/profimedia-0258865834-320x155.jpg 330w\" sizes=\"(max-width: 660px) 100vw, 660px\"\/><figcaption>(foto:Profimedia\/Instagram Naomi Campbell)<\/figcaption><\/figure>\n","protected":false},"excerpt":{"rendered":"<p>Naomi Campbell se je slekla v podporo pobudi za &#8216;osvoboditev \u017eenskih bradavi\u010dk&#8217; (#freethenipple).<\/p>\n","protected":false},"author":1,"featured_media":0,"comment_status":"closed","ping_status":"closed","sticky":false,"template":"","format":"standard","meta":{"footnotes":""},"categories":[1093],"tags":[2523,1589],"source":[1518,1572,1588],"supertag":[],"acf":[],"yoast_head":"<!-- This site is optimized with the Yoast SEO plugin v21.3 - https:\/\/yoast.com\/wordpress\/plugins\/seo\/ -->\n<title>Legendarna lepotica \u017eeli, da bi ves svet videl njene bradavi\u010dke. Preveri, zakaj! (foto) - Hudo Slovenija<\/title>\n<meta name=\"robots\" content=\"index, follow, max-snippet:-1, max-image-preview:large, max-video-preview:-1\" \/>\n<link rel=\"canonical\" href=\"https:\/\/hudo.com\/si\/vip\/legendarna-lepotica-zeli-da-bi-ves-svet-videl-njene-bradavicke-preveri-zakaj-foto\/\" \/>\n<meta property=\"og:locale\" content=\"sl_SI\" \/>\n<meta property=\"og:type\" content=\"article\" \/>\n<meta property=\"og:title\" content=\"Legendarna lepotica \u017eeli, da bi ves svet videl njene bradavi\u010dke. Preveri, zakaj! (foto) - Hudo Slovenija\" \/>\n<meta property=\"og:description\" content=\"Naomi Campbell se je slekla v podporo pobudi za &#039;osvoboditev \u017eenskih bradavi\u010dk&#039; (#freethenipple).\" \/>\n<meta property=\"og:url\" content=\"https:\/\/hudo.com\/si\/vip\/legendarna-lepotica-zeli-da-bi-ves-svet-videl-njene-bradavicke-preveri-zakaj-foto\/\" \/>\n<meta property=\"og:site_name\" content=\"Hudo Slovenija\" \/>\n<meta property=\"article:publisher\" content=\"https:\/\/www.facebook.com\/hudo.si\" \/>\n<meta property=\"article:published_time\" content=\"2015-09-17T08:50:31+00:00\" \/>\n<meta property=\"og:image\" content=\"https:\/\/hudo.com\/si\/wp-content\/uploads\/sites\/2\/2016\/03\/naomi.jpg\" \/>\n\t<meta property=\"og:image:width\" content=\"830\" \/>\n\t<meta property=\"og:image:height\" content=\"555\" \/>\n\t<meta property=\"og:image:type\" content=\"image\/jpeg\" \/>\n<meta name=\"author\" content=\"hudo\" \/>\n<meta name=\"twitter:card\" content=\"summary_large_image\" \/>\n<meta name=\"twitter:creator\" content=\"@hudo_si\" \/>\n<meta name=\"twitter:site\" content=\"@hudo_si\" \/>\n<meta name=\"twitter:label1\" content=\"Written by\" \/>\n\t<meta name=\"twitter:data1\" content=\"hudo\" \/>\n\t<meta name=\"twitter:label2\" content=\"Est. reading time\" \/>\n\t<meta name=\"twitter:data2\" content=\"1 minuta\" \/>\n<script type=\"application\/ld+json\" class=\"yoast-schema-graph\">{\"@context\":\"https:\/\/schema.org\",\"@graph\":[{\"@type\":\"Article\",\"@id\":\"https:\/\/hudo.com\/si\/vip\/legendarna-lepotica-zeli-da-bi-ves-svet-videl-njene-bradavicke-preveri-zakaj-foto\/#article\",\"isPartOf\":{\"@id\":\"https:\/\/hudo.com\/si\/vip\/legendarna-lepotica-zeli-da-bi-ves-svet-videl-njene-bradavicke-preveri-zakaj-foto\/\"},\"author\":{\"name\":\"hudo\",\"@id\":\"https:\/\/hudo.com\/si\/#\/schema\/person\/601cf3379633985b20f7e50f2bb47707\"},\"headline\":\"Legendarna lepotica \u017eeli, da bi ves svet videl njene bradavi\u010dke. Preveri, zakaj! (foto)\",\"datePublished\":\"2015-09-17T08:50:31+00:00\",\"dateModified\":\"2015-09-17T08:50:31+00:00\",\"mainEntityOfPage\":{\"@id\":\"https:\/\/hudo.com\/si\/vip\/legendarna-lepotica-zeli-da-bi-ves-svet-videl-njene-bradavicke-preveri-zakaj-foto\/\"},\"wordCount\":167,\"publisher\":{\"@id\":\"https:\/\/hudo.com\/si\/#organization\"},\"keywords\":[\"Naomi Campbell\",\"razgaljene zvezdnice\"],\"articleSection\":[\"VIP\"],\"inLanguage\":\"sl-SI\"},{\"@type\":\"WebPage\",\"@id\":\"https:\/\/hudo.com\/si\/vip\/legendarna-lepotica-zeli-da-bi-ves-svet-videl-njene-bradavicke-preveri-zakaj-foto\/\",\"url\":\"https:\/\/hudo.com\/si\/vip\/legendarna-lepotica-zeli-da-bi-ves-svet-videl-njene-bradavicke-preveri-zakaj-foto\/\",\"name\":\"Legendarna lepotica \u017eeli, da bi ves svet videl njene bradavi\u010dke. Preveri, zakaj! (foto) - Hudo Slovenija\",\"isPartOf\":{\"@id\":\"https:\/\/hudo.com\/si\/#website\"},\"datePublished\":\"2015-09-17T08:50:31+00:00\",\"dateModified\":\"2015-09-17T08:50:31+00:00\",\"breadcrumb\":{\"@id\":\"https:\/\/hudo.com\/si\/vip\/legendarna-lepotica-zeli-da-bi-ves-svet-videl-njene-bradavicke-preveri-zakaj-foto\/#breadcrumb\"},\"inLanguage\":\"sl-SI\",\"potentialAction\":[{\"@type\":\"ReadAction\",\"target\":[\"https:\/\/hudo.com\/si\/vip\/legendarna-lepotica-zeli-da-bi-ves-svet-videl-njene-bradavicke-preveri-zakaj-foto\/\"]}]},{\"@type\":\"BreadcrumbList\",\"@id\":\"https:\/\/hudo.com\/si\/vip\/legendarna-lepotica-zeli-da-bi-ves-svet-videl-njene-bradavicke-preveri-zakaj-foto\/#breadcrumb\",\"itemListElement\":[{\"@type\":\"ListItem\",\"position\":1,\"name\":\"Home\",\"item\":\"https:\/\/hudo.com\/si\/\"},{\"@type\":\"ListItem\",\"position\":2,\"name\":\"Legendarna lepotica \u017eeli, da bi ves svet videl njene bradavi\u010dke. Preveri, zakaj! (foto)\"}]},{\"@type\":\"WebSite\",\"@id\":\"https:\/\/hudo.com\/si\/#website\",\"url\":\"https:\/\/hudo.com\/si\/\",\"name\":\"Hudo Slovenija\",\"description\":\"Vse novice iz Slovenije in sveta\",\"publisher\":{\"@id\":\"https:\/\/hudo.com\/si\/#organization\"},\"potentialAction\":[{\"@type\":\"SearchAction\",\"target\":{\"@type\":\"EntryPoint\",\"urlTemplate\":\"https:\/\/hudo.com\/si\/?s={search_term_string}\"},\"query-input\":\"required name=search_term_string\"}],\"inLanguage\":\"sl-SI\"},{\"@type\":\"Organization\",\"@id\":\"https:\/\/hudo.com\/si\/#organization\",\"name\":\"VSN Media\",\"url\":\"https:\/\/hudo.com\/si\/\",\"logo\":{\"@type\":\"ImageObject\",\"inLanguage\":\"sl-SI\",\"@id\":\"https:\/\/hudo.com\/si\/#\/schema\/logo\/image\/\",\"url\":\"https:\/\/hudo.com\/si\/wp-content\/uploads\/sites\/2\/2021\/03\/hudo-app-2.png\",\"contentUrl\":\"https:\/\/hudo.com\/si\/wp-content\/uploads\/sites\/2\/2021\/03\/hudo-app-2.png\",\"width\":2185,\"height\":2167,\"caption\":\"VSN Media\"},\"image\":{\"@id\":\"https:\/\/hudo.com\/si\/#\/schema\/logo\/image\/\"},\"sameAs\":[\"https:\/\/www.facebook.com\/hudo.si\",\"https:\/\/twitter.com\/hudo_si\"]},{\"@type\":\"Person\",\"@id\":\"https:\/\/hudo.com\/si\/#\/schema\/person\/601cf3379633985b20f7e50f2bb47707\",\"name\":\"hudo\",\"image\":{\"@type\":\"ImageObject\",\"inLanguage\":\"sl-SI\",\"@id\":\"https:\/\/hudo.com\/si\/#\/schema\/person\/image\/\",\"url\":\"https:\/\/secure.gravatar.com\/avatar\/c4ca25fa72cace7a696b52ff5db9e095?s=96&d=mm&r=g\",\"contentUrl\":\"https:\/\/secure.gravatar.com\/avatar\/c4ca25fa72cace7a696b52ff5db9e095?s=96&d=mm&r=g\",\"caption\":\"hudo\"},\"url\":\"https:\/\/hudo.com\/si\/author\/hudo\/\"}]}<\/script>\n<!-- \/ Yoast SEO plugin. -->","yoast_head_json":{"title":"Legendarna lepotica \u017eeli, da bi ves svet videl njene bradavi\u010dke. Preveri, zakaj! (foto) - Hudo Slovenija","robots":{"index":"index","follow":"follow","max-snippet":"max-snippet:-1","max-image-preview":"max-image-preview:large","max-video-preview":"max-video-preview:-1"},"canonical":"https:\/\/hudo.com\/si\/vip\/legendarna-lepotica-zeli-da-bi-ves-svet-videl-njene-bradavicke-preveri-zakaj-foto\/","og_locale":"sl_SI","og_type":"article","og_title":"Legendarna lepotica \u017eeli, da bi ves svet videl njene bradavi\u010dke. Preveri, zakaj! (foto) - Hudo Slovenija","og_description":"Naomi Campbell se je slekla v podporo pobudi za 'osvoboditev \u017eenskih bradavi\u010dk' (#freethenipple).","og_url":"https:\/\/hudo.com\/si\/vip\/legendarna-lepotica-zeli-da-bi-ves-svet-videl-njene-bradavicke-preveri-zakaj-foto\/","og_site_name":"Hudo Slovenija","article_publisher":"https:\/\/www.facebook.com\/hudo.si","article_published_time":"2015-09-17T08:50:31+00:00","og_image":[{"width":830,"height":555,"url":"https:\/\/hudo.com\/si\/wp-content\/uploads\/sites\/2\/2016\/03\/naomi.jpg","type":"image\/jpeg"}],"author":"hudo","twitter_card":"summary_large_image","twitter_creator":"@hudo_si","twitter_site":"@hudo_si","twitter_misc":{"Written by":"hudo","Est. reading time":"1 minuta"},"schema":{"@context":"https:\/\/schema.org","@graph":[{"@type":"Article","@id":"https:\/\/hudo.com\/si\/vip\/legendarna-lepotica-zeli-da-bi-ves-svet-videl-njene-bradavicke-preveri-zakaj-foto\/#article","isPartOf":{"@id":"https:\/\/hudo.com\/si\/vip\/legendarna-lepotica-zeli-da-bi-ves-svet-videl-njene-bradavicke-preveri-zakaj-foto\/"},"author":{"name":"hudo","@id":"https:\/\/hudo.com\/si\/#\/schema\/person\/601cf3379633985b20f7e50f2bb47707"},"headline":"Legendarna lepotica \u017eeli, da bi ves svet videl njene bradavi\u010dke. Preveri, zakaj! (foto)","datePublished":"2015-09-17T08:50:31+00:00","dateModified":"2015-09-17T08:50:31+00:00","mainEntityOfPage":{"@id":"https:\/\/hudo.com\/si\/vip\/legendarna-lepotica-zeli-da-bi-ves-svet-videl-njene-bradavicke-preveri-zakaj-foto\/"},"wordCount":167,"publisher":{"@id":"https:\/\/hudo.com\/si\/#organization"},"keywords":["Naomi Campbell","razgaljene zvezdnice"],"articleSection":["VIP"],"inLanguage":"sl-SI"},{"@type":"WebPage","@id":"https:\/\/hudo.com\/si\/vip\/legendarna-lepotica-zeli-da-bi-ves-svet-videl-njene-bradavicke-preveri-zakaj-foto\/","url":"https:\/\/hudo.com\/si\/vip\/legendarna-lepotica-zeli-da-bi-ves-svet-videl-njene-bradavicke-preveri-zakaj-foto\/","name":"Legendarna lepotica \u017eeli, da bi ves svet videl njene bradavi\u010dke. Preveri, zakaj! (foto) - Hudo Slovenija","isPartOf":{"@id":"https:\/\/hudo.com\/si\/#website"},"datePublished":"2015-09-17T08:50:31+00:00","dateModified":"2015-09-17T08:50:31+00:00","breadcrumb":{"@id":"https:\/\/hudo.com\/si\/vip\/legendarna-lepotica-zeli-da-bi-ves-svet-videl-njene-bradavicke-preveri-zakaj-foto\/#breadcrumb"},"inLanguage":"sl-SI","potentialAction":[{"@type":"ReadAction","target":["https:\/\/hudo.com\/si\/vip\/legendarna-lepotica-zeli-da-bi-ves-svet-videl-njene-bradavicke-preveri-zakaj-foto\/"]}]},{"@type":"BreadcrumbList","@id":"https:\/\/hudo.com\/si\/vip\/legendarna-lepotica-zeli-da-bi-ves-svet-videl-njene-bradavicke-preveri-zakaj-foto\/#breadcrumb","itemListElement":[{"@type":"ListItem","position":1,"name":"Home","item":"https:\/\/hudo.com\/si\/"},{"@type":"ListItem","position":2,"name":"Legendarna lepotica \u017eeli, da bi ves svet videl njene bradavi\u010dke. Preveri, zakaj! (foto)"}]},{"@type":"WebSite","@id":"https:\/\/hudo.com\/si\/#website","url":"https:\/\/hudo.com\/si\/","name":"Hudo Slovenija","description":"Vse novice iz Slovenije in sveta","publisher":{"@id":"https:\/\/hudo.com\/si\/#organization"},"potentialAction":[{"@type":"SearchAction","target":{"@type":"EntryPoint","urlTemplate":"https:\/\/hudo.com\/si\/?s={search_term_string}"},"query-input":"required name=search_term_string"}],"inLanguage":"sl-SI"},{"@type":"Organization","@id":"https:\/\/hudo.com\/si\/#organization","name":"VSN Media","url":"https:\/\/hudo.com\/si\/","logo":{"@type":"ImageObject","inLanguage":"sl-SI","@id":"https:\/\/hudo.com\/si\/#\/schema\/logo\/image\/","url":"https:\/\/hudo.com\/si\/wp-content\/uploads\/sites\/2\/2021\/03\/hudo-app-2.png","contentUrl":"https:\/\/hudo.com\/si\/wp-content\/uploads\/sites\/2\/2021\/03\/hudo-app-2.png","width":2185,"height":2167,"caption":"VSN Media"},"image":{"@id":"https:\/\/hudo.com\/si\/#\/schema\/logo\/image\/"},"sameAs":["https:\/\/www.facebook.com\/hudo.si","https:\/\/twitter.com\/hudo_si"]},{"@type":"Person","@id":"https:\/\/hudo.com\/si\/#\/schema\/person\/601cf3379633985b20f7e50f2bb47707","name":"hudo","image":{"@type":"ImageObject","inLanguage":"sl-SI","@id":"https:\/\/hudo.com\/si\/#\/schema\/person\/image\/","url":"https:\/\/secure.gravatar.com\/avatar\/c4ca25fa72cace7a696b52ff5db9e095?s=96&d=mm&r=g","contentUrl":"https:\/\/secure.gravatar.com\/avatar\/c4ca25fa72cace7a696b52ff5db9e095?s=96&d=mm&r=g","caption":"hudo"},"url":"https:\/\/hudo.com\/si\/author\/hudo\/"}]}},"amp_enabled":true,"_links":{"self":[{"href":"https:\/\/hudo.com\/si\/wp-json\/wp\/v2\/posts\/11649"}],"collection":[{"href":"https:\/\/hudo.com\/si\/wp-json\/wp\/v2\/posts"}],"about":[{"href":"https:\/\/hudo.com\/si\/wp-json\/wp\/v2\/types\/post"}],"author":[{"embeddable":true,"href":"https:\/\/hudo.com\/si\/wp-json\/wp\/v2\/users\/1"}],"replies":[{"embeddable":true,"href":"https:\/\/hudo.com\/si\/wp-json\/wp\/v2\/comments?post=11649"}],"version-history":[{"count":0,"href":"https:\/\/hudo.com\/si\/wp-json\/wp\/v2\/posts\/11649\/revisions"}],"wp:attachment":[{"href":"https:\/\/hudo.com\/si\/wp-json\/wp\/v2\/media?parent=11649"}],"wp:term":[{"taxonomy":"category","embeddable":true,"href":"https:\/\/hudo.com\/si\/wp-json\/wp\/v2\/categories?post=11649"},{"taxonomy":"post_tag","embeddable":true,"href":"https:\/\/hudo.com\/si\/wp-json\/wp\/v2\/tags?post=11649"},{"taxonomy":"source","embeddable":true,"href":"https:\/\/hudo.com\/si\/wp-json\/wp\/v2\/source?post=11649"},{"taxonomy":"supertag","embeddable":true,"href":"https:\/\/hudo.com\/si\/wp-json\/wp\/v2\/supertag?post=11649"}],"curies":[{"name":"wp","href":"https:\/\/api.w.org\/{rel}","templated":true}]}}