{"id":117109,"date":"2016-08-20T08:13:33","date_gmt":"2016-08-20T06:13:33","guid":{"rendered":"http:\/\/hudo.com\/si\/?p=117109"},"modified":"2016-08-20T08:13:33","modified_gmt":"2016-08-20T06:13:33","slug":"v-gornji-radgoni-se-zacenja-kmetijsko-zivilski-sejem-agra","status":"publish","type":"post","link":"https:\/\/hudo.com\/si\/aktualno\/v-gornji-radgoni-se-zacenja-kmetijsko-zivilski-sejem-agra\/","title":{"rendered":"V Gornji Radgoni se za\u010denja kmetijsko-\u017eivilski sejem Agra"},"content":{"rendered":"<p>Premier si bo po odprtju ogledal sejem, nato pa bo predvidoma ob 13. uri na razstavnem prostoru ministrstva za kmetijstvo, gozdarstvo in prehrano dal izjavo za medije.<\/p>\n<p>Na odprtju sejma bodo poleg Cerarja spregovorili \u0161e predsednik uprave Pomurskega sejma Janez Erjavec, \u017eupan ob\u010dine Gornja Radgona Stanislav Rojko, predsednik Kmetijsko-gozdarske zbornice Slovenije Cveto Zupan\u010di\u010d, predsednik Zadru\u017ene zveze Slovenije Peter Vrisk, Andrea Gulyas z mad\u017earskega ministrstva za kmetijstvo, dr\u017eavni sekretar na slova\u0161kem ministrstvu za kmetijstvo Jozef Kamenicky ter minister za kmetijstvo, gozdarstvo in prehrano Dejan \u017didan.<\/p>\n<p>Na Agri sicer letos posebno pozornost namenjajo mednarodnemu letu stro\u010dnic, ekolo\u0161kemu kmetijstvu in zdravju prijaznim \u017eivilom, lokalno pridelani hrani, zeli\u0161\u010dem in aromatskim rastlinam, industrijski konoplji, nacionalnemu bogastvu gozdovom in lesu, kmetijski tehniki za okolju varno in prijazno kmetovanje, mladim ter sodelovanju s Slovenci po svetu ob 25. obletnici osamosvojitve.<\/p>\n<p>Dr\u017eava partnerica je Mad\u017earska, posebej se bodo predstavile Belorusija, Poljska, Srbija z Vojvodino ter hrva\u0161ki zagreb\u0161ka in med\u017eimurska \u017eupanija ter \u017eupanijska zbornica iz Siska, na odprtju pa pri\u010dakujejo delegacije iz okoli 20 dr\u017eav.<\/p>\n<p>V okviru Agre bo potekal tudi 20. mednarodni sejem embala\u017ee, tehnike pakiranja in logistike Inpak ter razstava nate\u010daj Slovenski oskar za embala\u017eo &#8211; na njem je sodelovalo 12 prijaviteljev s 15 modeli embala\u017ee.<\/p>\n","protected":false},"excerpt":{"rendered":"<p>V Gornji Radgoni bo vrata danes odprl 54. mednarodni kmetijsko-\u017eivilski sejem Agra. Na sejmu, ki bo po ocenah organizatorjev privabil med 120.000 in 130.000 obiskovalcev, se bo na 71.000 kvadratnih metrih povr\u0161in do \u010detrtka predstavljalo 1800 razstavljavcev iz 30 dr\u017eav. Sejem bo slovesno odprl predsednik vlade Miro Cerar.<\/p>\n","protected":false},"author":5,"featured_media":117110,"comment_status":"closed","ping_status":"closed","sticky":false,"template":"","format":"standard","meta":{"footnotes":""},"categories":[1179],"tags":[6064,6063,4915,6065,1595],"source":[4511],"supertag":[7541,5675],"acf":[],"yoast_head":"<!-- This site is optimized with the Yoast SEO plugin v21.3 - https:\/\/yoast.com\/wordpress\/plugins\/seo\/ -->\n<title>V Gornji Radgoni se za\u010denja kmetijsko-\u017eivilski sejem Agra - Hudo Slovenija<\/title>\n<meta name=\"robots\" content=\"index, follow, max-snippet:-1, max-image-preview:large, max-video-preview:-1\" \/>\n<link rel=\"canonical\" href=\"https:\/\/hudo.com\/si\/aktualno\/v-gornji-radgoni-se-zacenja-kmetijsko-zivilski-sejem-agra\/\" \/>\n<meta property=\"og:locale\" content=\"sl_SI\" \/>\n<meta property=\"og:type\" content=\"article\" \/>\n<meta property=\"og:title\" content=\"V Gornji Radgoni se za\u010denja kmetijsko-\u017eivilski sejem Agra - Hudo Slovenija\" \/>\n<meta property=\"og:description\" content=\"V Gornji Radgoni bo vrata danes odprl 54. mednarodni kmetijsko-\u017eivilski sejem Agra. Na sejmu, ki bo po ocenah organizatorjev privabil med 120.000 in 130.000 obiskovalcev, se bo na 71.000 kvadratnih metrih povr\u0161in do \u010detrtka predstavljalo 1800 razstavljavcev iz 30 dr\u017eav. Sejem bo slovesno odprl predsednik vlade Miro Cerar.\" \/>\n<meta property=\"og:url\" content=\"https:\/\/hudo.com\/si\/aktualno\/v-gornji-radgoni-se-zacenja-kmetijsko-zivilski-sejem-agra\/\" \/>\n<meta property=\"og:site_name\" content=\"Hudo Slovenija\" \/>\n<meta property=\"article:publisher\" content=\"https:\/\/www.facebook.com\/hudo.si\" \/>\n<meta property=\"article:published_time\" content=\"2016-08-20T06:13:33+00:00\" \/>\n<meta property=\"og:image\" content=\"https:\/\/hudo.com\/si\/wp-content\/uploads\/sites\/2\/2016\/08\/20150823-00628063.jpg\" \/>\n\t<meta property=\"og:image:width\" content=\"640\" \/>\n\t<meta property=\"og:image:height\" content=\"427\" \/>\n\t<meta property=\"og:image:type\" content=\"image\/jpeg\" \/>\n<meta name=\"author\" content=\"A. G., STA\" \/>\n<meta name=\"twitter:card\" content=\"summary_large_image\" \/>\n<meta name=\"twitter:creator\" content=\"@hudo_si\" \/>\n<meta name=\"twitter:site\" content=\"@hudo_si\" \/>\n<meta name=\"twitter:label1\" content=\"Written by\" \/>\n\t<meta name=\"twitter:data1\" content=\"A. G., STA\" \/>\n\t<meta name=\"twitter:label2\" content=\"Est. reading time\" \/>\n\t<meta name=\"twitter:data2\" content=\"1 minuta\" \/>\n<script type=\"application\/ld+json\" class=\"yoast-schema-graph\">{\"@context\":\"https:\/\/schema.org\",\"@graph\":[{\"@type\":\"Article\",\"@id\":\"https:\/\/hudo.com\/si\/aktualno\/v-gornji-radgoni-se-zacenja-kmetijsko-zivilski-sejem-agra\/#article\",\"isPartOf\":{\"@id\":\"https:\/\/hudo.com\/si\/aktualno\/v-gornji-radgoni-se-zacenja-kmetijsko-zivilski-sejem-agra\/\"},\"author\":{\"name\":\"A. G., STA\",\"@id\":\"https:\/\/hudo.com\/si\/#\/schema\/person\/2391667a63ea075ba94f2f2dc6b77537\"},\"headline\":\"V Gornji Radgoni se za\u010denja kmetijsko-\u017eivilski sejem Agra\",\"datePublished\":\"2016-08-20T06:13:33+00:00\",\"dateModified\":\"2016-08-20T06:13:33+00:00\",\"mainEntityOfPage\":{\"@id\":\"https:\/\/hudo.com\/si\/aktualno\/v-gornji-radgoni-se-zacenja-kmetijsko-zivilski-sejem-agra\/\"},\"wordCount\":223,\"publisher\":{\"@id\":\"https:\/\/hudo.com\/si\/#organization\"},\"keywords\":[\"agra\",\"gornja radgona\",\"kmetijstvo\",\"sejmi\",\"Slovenija\"],\"articleSection\":[\"Aktualno\"],\"inLanguage\":\"sl-SI\"},{\"@type\":\"WebPage\",\"@id\":\"https:\/\/hudo.com\/si\/aktualno\/v-gornji-radgoni-se-zacenja-kmetijsko-zivilski-sejem-agra\/\",\"url\":\"https:\/\/hudo.com\/si\/aktualno\/v-gornji-radgoni-se-zacenja-kmetijsko-zivilski-sejem-agra\/\",\"name\":\"V Gornji Radgoni se za\u010denja kmetijsko-\u017eivilski sejem Agra - Hudo Slovenija\",\"isPartOf\":{\"@id\":\"https:\/\/hudo.com\/si\/#website\"},\"datePublished\":\"2016-08-20T06:13:33+00:00\",\"dateModified\":\"2016-08-20T06:13:33+00:00\",\"breadcrumb\":{\"@id\":\"https:\/\/hudo.com\/si\/aktualno\/v-gornji-radgoni-se-zacenja-kmetijsko-zivilski-sejem-agra\/#breadcrumb\"},\"inLanguage\":\"sl-SI\",\"potentialAction\":[{\"@type\":\"ReadAction\",\"target\":[\"https:\/\/hudo.com\/si\/aktualno\/v-gornji-radgoni-se-zacenja-kmetijsko-zivilski-sejem-agra\/\"]}]},{\"@type\":\"BreadcrumbList\",\"@id\":\"https:\/\/hudo.com\/si\/aktualno\/v-gornji-radgoni-se-zacenja-kmetijsko-zivilski-sejem-agra\/#breadcrumb\",\"itemListElement\":[{\"@type\":\"ListItem\",\"position\":1,\"name\":\"Home\",\"item\":\"https:\/\/hudo.com\/si\/\"},{\"@type\":\"ListItem\",\"position\":2,\"name\":\"V Gornji Radgoni se za\u010denja kmetijsko-\u017eivilski sejem Agra\"}]},{\"@type\":\"WebSite\",\"@id\":\"https:\/\/hudo.com\/si\/#website\",\"url\":\"https:\/\/hudo.com\/si\/\",\"name\":\"Hudo Slovenija\",\"description\":\"Vse novice iz Slovenije in sveta\",\"publisher\":{\"@id\":\"https:\/\/hudo.com\/si\/#organization\"},\"potentialAction\":[{\"@type\":\"SearchAction\",\"target\":{\"@type\":\"EntryPoint\",\"urlTemplate\":\"https:\/\/hudo.com\/si\/?s={search_term_string}\"},\"query-input\":\"required name=search_term_string\"}],\"inLanguage\":\"sl-SI\"},{\"@type\":\"Organization\",\"@id\":\"https:\/\/hudo.com\/si\/#organization\",\"name\":\"VSN Media\",\"url\":\"https:\/\/hudo.com\/si\/\",\"logo\":{\"@type\":\"ImageObject\",\"inLanguage\":\"sl-SI\",\"@id\":\"https:\/\/hudo.com\/si\/#\/schema\/logo\/image\/\",\"url\":\"https:\/\/hudo.com\/si\/wp-content\/uploads\/sites\/2\/2021\/03\/hudo-app-2.png\",\"contentUrl\":\"https:\/\/hudo.com\/si\/wp-content\/uploads\/sites\/2\/2021\/03\/hudo-app-2.png\",\"width\":2185,\"height\":2167,\"caption\":\"VSN Media\"},\"image\":{\"@id\":\"https:\/\/hudo.com\/si\/#\/schema\/logo\/image\/\"},\"sameAs\":[\"https:\/\/www.facebook.com\/hudo.si\",\"https:\/\/twitter.com\/hudo_si\"]},{\"@type\":\"Person\",\"@id\":\"https:\/\/hudo.com\/si\/#\/schema\/person\/2391667a63ea075ba94f2f2dc6b77537\",\"name\":\"A. G., STA\",\"image\":{\"@type\":\"ImageObject\",\"inLanguage\":\"sl-SI\",\"@id\":\"https:\/\/hudo.com\/si\/#\/schema\/person\/image\/\",\"url\":\"https:\/\/secure.gravatar.com\/avatar\/e13d22ac3e442658d5025fbbe6238a79?s=96&d=mm&r=g\",\"contentUrl\":\"https:\/\/secure.gravatar.com\/avatar\/e13d22ac3e442658d5025fbbe6238a79?s=96&d=mm&r=g\",\"caption\":\"A. G., STA\"},\"url\":\"https:\/\/hudo.com\/si\/author\/alenka\/\"}]}<\/script>\n<!-- \/ Yoast SEO plugin. -->","yoast_head_json":{"title":"V Gornji Radgoni se za\u010denja kmetijsko-\u017eivilski sejem Agra - Hudo Slovenija","robots":{"index":"index","follow":"follow","max-snippet":"max-snippet:-1","max-image-preview":"max-image-preview:large","max-video-preview":"max-video-preview:-1"},"canonical":"https:\/\/hudo.com\/si\/aktualno\/v-gornji-radgoni-se-zacenja-kmetijsko-zivilski-sejem-agra\/","og_locale":"sl_SI","og_type":"article","og_title":"V Gornji Radgoni se za\u010denja kmetijsko-\u017eivilski sejem Agra - Hudo Slovenija","og_description":"V Gornji Radgoni bo vrata danes odprl 54. mednarodni kmetijsko-\u017eivilski sejem Agra. Na sejmu, ki bo po ocenah organizatorjev privabil med 120.000 in 130.000 obiskovalcev, se bo na 71.000 kvadratnih metrih povr\u0161in do \u010detrtka predstavljalo 1800 razstavljavcev iz 30 dr\u017eav. Sejem bo slovesno odprl predsednik vlade Miro Cerar.","og_url":"https:\/\/hudo.com\/si\/aktualno\/v-gornji-radgoni-se-zacenja-kmetijsko-zivilski-sejem-agra\/","og_site_name":"Hudo Slovenija","article_publisher":"https:\/\/www.facebook.com\/hudo.si","article_published_time":"2016-08-20T06:13:33+00:00","og_image":[{"width":640,"height":427,"url":"https:\/\/hudo.com\/si\/wp-content\/uploads\/sites\/2\/2016\/08\/20150823-00628063.jpg","type":"image\/jpeg"}],"author":"A. G., STA","twitter_card":"summary_large_image","twitter_creator":"@hudo_si","twitter_site":"@hudo_si","twitter_misc":{"Written by":"A. G., STA","Est. reading time":"1 minuta"},"schema":{"@context":"https:\/\/schema.org","@graph":[{"@type":"Article","@id":"https:\/\/hudo.com\/si\/aktualno\/v-gornji-radgoni-se-zacenja-kmetijsko-zivilski-sejem-agra\/#article","isPartOf":{"@id":"https:\/\/hudo.com\/si\/aktualno\/v-gornji-radgoni-se-zacenja-kmetijsko-zivilski-sejem-agra\/"},"author":{"name":"A. G., STA","@id":"https:\/\/hudo.com\/si\/#\/schema\/person\/2391667a63ea075ba94f2f2dc6b77537"},"headline":"V Gornji Radgoni se za\u010denja kmetijsko-\u017eivilski sejem Agra","datePublished":"2016-08-20T06:13:33+00:00","dateModified":"2016-08-20T06:13:33+00:00","mainEntityOfPage":{"@id":"https:\/\/hudo.com\/si\/aktualno\/v-gornji-radgoni-se-zacenja-kmetijsko-zivilski-sejem-agra\/"},"wordCount":223,"publisher":{"@id":"https:\/\/hudo.com\/si\/#organization"},"keywords":["agra","gornja radgona","kmetijstvo","sejmi","Slovenija"],"articleSection":["Aktualno"],"inLanguage":"sl-SI"},{"@type":"WebPage","@id":"https:\/\/hudo.com\/si\/aktualno\/v-gornji-radgoni-se-zacenja-kmetijsko-zivilski-sejem-agra\/","url":"https:\/\/hudo.com\/si\/aktualno\/v-gornji-radgoni-se-zacenja-kmetijsko-zivilski-sejem-agra\/","name":"V Gornji Radgoni se za\u010denja kmetijsko-\u017eivilski sejem Agra - Hudo Slovenija","isPartOf":{"@id":"https:\/\/hudo.com\/si\/#website"},"datePublished":"2016-08-20T06:13:33+00:00","dateModified":"2016-08-20T06:13:33+00:00","breadcrumb":{"@id":"https:\/\/hudo.com\/si\/aktualno\/v-gornji-radgoni-se-zacenja-kmetijsko-zivilski-sejem-agra\/#breadcrumb"},"inLanguage":"sl-SI","potentialAction":[{"@type":"ReadAction","target":["https:\/\/hudo.com\/si\/aktualno\/v-gornji-radgoni-se-zacenja-kmetijsko-zivilski-sejem-agra\/"]}]},{"@type":"BreadcrumbList","@id":"https:\/\/hudo.com\/si\/aktualno\/v-gornji-radgoni-se-zacenja-kmetijsko-zivilski-sejem-agra\/#breadcrumb","itemListElement":[{"@type":"ListItem","position":1,"name":"Home","item":"https:\/\/hudo.com\/si\/"},{"@type":"ListItem","position":2,"name":"V Gornji Radgoni se za\u010denja kmetijsko-\u017eivilski sejem Agra"}]},{"@type":"WebSite","@id":"https:\/\/hudo.com\/si\/#website","url":"https:\/\/hudo.com\/si\/","name":"Hudo Slovenija","description":"Vse novice iz Slovenije in sveta","publisher":{"@id":"https:\/\/hudo.com\/si\/#organization"},"potentialAction":[{"@type":"SearchAction","target":{"@type":"EntryPoint","urlTemplate":"https:\/\/hudo.com\/si\/?s={search_term_string}"},"query-input":"required name=search_term_string"}],"inLanguage":"sl-SI"},{"@type":"Organization","@id":"https:\/\/hudo.com\/si\/#organization","name":"VSN Media","url":"https:\/\/hudo.com\/si\/","logo":{"@type":"ImageObject","inLanguage":"sl-SI","@id":"https:\/\/hudo.com\/si\/#\/schema\/logo\/image\/","url":"https:\/\/hudo.com\/si\/wp-content\/uploads\/sites\/2\/2021\/03\/hudo-app-2.png","contentUrl":"https:\/\/hudo.com\/si\/wp-content\/uploads\/sites\/2\/2021\/03\/hudo-app-2.png","width":2185,"height":2167,"caption":"VSN Media"},"image":{"@id":"https:\/\/hudo.com\/si\/#\/schema\/logo\/image\/"},"sameAs":["https:\/\/www.facebook.com\/hudo.si","https:\/\/twitter.com\/hudo_si"]},{"@type":"Person","@id":"https:\/\/hudo.com\/si\/#\/schema\/person\/2391667a63ea075ba94f2f2dc6b77537","name":"A. G., STA","image":{"@type":"ImageObject","inLanguage":"sl-SI","@id":"https:\/\/hudo.com\/si\/#\/schema\/person\/image\/","url":"https:\/\/secure.gravatar.com\/avatar\/e13d22ac3e442658d5025fbbe6238a79?s=96&d=mm&r=g","contentUrl":"https:\/\/secure.gravatar.com\/avatar\/e13d22ac3e442658d5025fbbe6238a79?s=96&d=mm&r=g","caption":"A. G., STA"},"url":"https:\/\/hudo.com\/si\/author\/alenka\/"}]}},"amp_enabled":true,"_links":{"self":[{"href":"https:\/\/hudo.com\/si\/wp-json\/wp\/v2\/posts\/117109"}],"collection":[{"href":"https:\/\/hudo.com\/si\/wp-json\/wp\/v2\/posts"}],"about":[{"href":"https:\/\/hudo.com\/si\/wp-json\/wp\/v2\/types\/post"}],"author":[{"embeddable":true,"href":"https:\/\/hudo.com\/si\/wp-json\/wp\/v2\/users\/5"}],"replies":[{"embeddable":true,"href":"https:\/\/hudo.com\/si\/wp-json\/wp\/v2\/comments?post=117109"}],"version-history":[{"count":1,"href":"https:\/\/hudo.com\/si\/wp-json\/wp\/v2\/posts\/117109\/revisions"}],"predecessor-version":[{"id":117111,"href":"https:\/\/hudo.com\/si\/wp-json\/wp\/v2\/posts\/117109\/revisions\/117111"}],"wp:featuredmedia":[{"embeddable":true,"href":"https:\/\/hudo.com\/si\/wp-json\/wp\/v2\/media\/117110"}],"wp:attachment":[{"href":"https:\/\/hudo.com\/si\/wp-json\/wp\/v2\/media?parent=117109"}],"wp:term":[{"taxonomy":"category","embeddable":true,"href":"https:\/\/hudo.com\/si\/wp-json\/wp\/v2\/categories?post=117109"},{"taxonomy":"post_tag","embeddable":true,"href":"https:\/\/hudo.com\/si\/wp-json\/wp\/v2\/tags?post=117109"},{"taxonomy":"source","embeddable":true,"href":"https:\/\/hudo.com\/si\/wp-json\/wp\/v2\/source?post=117109"},{"taxonomy":"supertag","embeddable":true,"href":"https:\/\/hudo.com\/si\/wp-json\/wp\/v2\/supertag?post=117109"}],"curies":[{"name":"wp","href":"https:\/\/api.w.org\/{rel}","templated":true}]}}