{"id":117319,"date":"2016-08-20T10:00:00","date_gmt":"2016-08-20T08:00:00","guid":{"rendered":"http:\/\/hudo.com\/si\/2016\/08\/20\/talibani-na-severu-afganistana-zavzeli-vecje-obmocje\/"},"modified":"2016-08-21T08:32:48","modified_gmt":"2016-08-21T06:32:48","slug":"talibani-na-severu-afganistana-zavzeli-vecje-obmocje","status":"publish","type":"post","link":"https:\/\/hudo.com\/si\/aktualno\/talibani-na-severu-afganistana-zavzeli-vecje-obmocje\/","title":{"rendered":"Talibani na severu Afganistana zavzeli ve\u010dje obmo\u010dje"},"content":{"rendered":"<p>Afganistanske oblasti poro\u010dajo, da so Talibani v afganistanski provinci Kunduz, ki je doslej veljala za relativno varno, po umiku nem\u0161ke vojske osvojili precej ozemlja. Polo\u017eaj se \u0161e zaostruje. Trenutno so \u0161tiri od petih okro\u017eij province vsaj delno v rokah islamistov, v glavnem mestu province pa se bojijo, da bi v celoti padla v njihove roke. Talibani so ozemlje osvojili po ve\u010ddnevnih mo\u010dnih spopadih. Danes zjutraj so po navedbah \u010dlana sveta province Sarkula Alimija zasedli sredi\u0161\u010de okro\u017eja \u010canabad in tam izobesili svojo zastavo. Varnostne sile jih sicer posku\u0161ajo prisiliti k umiku, poro\u010da nem\u0161ka tiskovna agencija dpa. Po navedbah vira iz varnostnih krogov so varnostne to\u010dke v sredi\u0161\u010du okro\u017eja \u0161e vedno v rokah vlade, se pa obmo\u010dje soo\u010da s pre\u0161ibko prisotnostjo vojske in policije. Talibani si prila\u0161\u010dajo vse ve\u010d delov \u010canabada, varnostne sile pa jih lahko zadr\u017eujejo le v sredi\u0161\u010du okro\u017eja. V prestolnici province se bojijo ponovitve razmer iz lanske jeseni, ko so talibani dva tedna obvladovali celotno provinco. Da bi to prepre\u010dili, je na obmo\u010dje za\u010dasno prispela manj\u0161a skupina nem\u0161kih voja\u0161kih svetovalcev. Mesto je sicer \u017ee tri dni brez elektrike, saj je bila v napadih po\u0161kodovana napeljava. Nasilje se je v Afganistanu ob\u010dutno okrepilo v za\u010detku julija. Talibani so minuli teden zasedli tudi eno od okro\u017eij province Baglan, ki meji na Kunduz. Tudi tam je bila do leta 2013 name\u0161\u010dena nem\u0161ka vojska, \u0161e navaja dpa.Svet<\/p>\n","protected":false},"excerpt":{"rendered":"<p>Afganistanske oblasti poro\u010dajo, da so Talibani v afganistanski provinci Kunduz, ki je doslej veljala za relativno varno, po umiku nem\u0161ke vojske osvojili precej ozemlja. Polo\u017eaj se \u0161e zaostruje. Trenutno so \u0161tiri od petih okro\u017eij province vsaj delno v rokah islamistov, v glavnem mestu province pa se bojijo, da bi v celoti padla v njihove roke. Talibani so ozemlje osvojili po ve\u010ddnevnih mo\u010dnih spopadih. Danes zjutraj so po navedbah \u010dlana sveta province Sarkula Alimija zasedli sredi\u0161\u010de okro\u017eja \u010canabad in tam izobesili svojo zastavo. Varnostne sile jih sicer posku\u0161ajo prisiliti k umiku, poro\u010da nem\u0161ka tiskovna agencija dpa. Po navedbah vira iz varnostnih krogov so varnostne to\u010dke v sredi\u0161\u010du okro\u017eja \u0161e vedno v rokah vlade, se pa obmo\u010dje soo\u010da s pre\u0161ibko prisotnostjo vojske in policije. Talibani si prila\u0161\u010dajo vse ve\u010d delov \u010canabada, varnostne sile pa jih lahko zadr\u017eujejo le v sredi\u0161\u010du okro\u017eja. V prestolnici province se bojijo ponovitve razmer iz lanske jeseni, ko so talibani dva tedna obvladovali celotno provinco. Da bi to prepre\u010dili, je na obmo\u010dje za\u010dasno prispela manj\u0161a skupina nem\u0161kih voja\u0161kih svetovalcev. Mesto je sicer \u017ee tri dni brez elektrike, saj je bila v napadih po\u0161kodovana napeljava. Nasilje se je v Afganistanu ob\u010dutno okrepilo v za\u010detku julija. Talibani so minuli teden zasedli tudi eno od okro\u017eij province Baglan, ki meji na Kunduz. Tudi tam je bila do leta 2013 name\u0161\u010dena nem\u0161ka vojska, \u0161e navaja dpa.Svet<\/p>\n","protected":false},"author":1,"featured_media":0,"comment_status":"closed","ping_status":"closed","sticky":false,"template":"","format":"standard","meta":{"footnotes":""},"categories":[1179],"tags":[],"source":[1711],"supertag":[],"acf":[],"yoast_head":"<!-- This site is optimized with the Yoast SEO plugin v21.3 - https:\/\/yoast.com\/wordpress\/plugins\/seo\/ -->\n<title>Talibani na severu Afganistana zavzeli ve\u010dje obmo\u010dje - Hudo Slovenija<\/title>\n<meta name=\"robots\" content=\"index, follow, max-snippet:-1, max-image-preview:large, max-video-preview:-1\" \/>\n<link rel=\"canonical\" href=\"https:\/\/hudo.com\/si\/aktualno\/talibani-na-severu-afganistana-zavzeli-vecje-obmocje\/\" \/>\n<meta property=\"og:locale\" content=\"sl_SI\" \/>\n<meta property=\"og:type\" content=\"article\" \/>\n<meta property=\"og:title\" content=\"Talibani na severu Afganistana zavzeli ve\u010dje obmo\u010dje - Hudo Slovenija\" \/>\n<meta property=\"og:description\" content=\"Afganistanske oblasti poro\u010dajo, da so Talibani v afganistanski provinci Kunduz, ki je doslej veljala za relativno varno, po umiku nem\u0161ke vojske osvojili precej ozemlja. Polo\u017eaj se \u0161e zaostruje. Trenutno so \u0161tiri od petih okro\u017eij province vsaj delno v rokah islamistov, v glavnem mestu province pa se bojijo, da bi v celoti padla v njihove roke. Talibani so ozemlje osvojili po ve\u010ddnevnih mo\u010dnih spopadih. Danes zjutraj so po navedbah \u010dlana sveta province Sarkula Alimija zasedli sredi\u0161\u010de okro\u017eja \u010canabad in tam izobesili svojo zastavo. Varnostne sile jih sicer posku\u0161ajo prisiliti k umiku, poro\u010da nem\u0161ka tiskovna agencija dpa. Po navedbah vira iz varnostnih krogov so varnostne to\u010dke v sredi\u0161\u010du okro\u017eja \u0161e vedno v rokah vlade, se pa obmo\u010dje soo\u010da s pre\u0161ibko prisotnostjo vojske in policije. Talibani si prila\u0161\u010dajo vse ve\u010d delov \u010canabada, varnostne sile pa jih lahko zadr\u017eujejo le v sredi\u0161\u010du okro\u017eja. V prestolnici province se bojijo ponovitve razmer iz lanske jeseni, ko so talibani dva tedna obvladovali celotno provinco. Da bi to prepre\u010dili, je na obmo\u010dje za\u010dasno prispela manj\u0161a skupina nem\u0161kih voja\u0161kih svetovalcev. Mesto je sicer \u017ee tri dni brez elektrike, saj je bila v napadih po\u0161kodovana napeljava. Nasilje se je v Afganistanu ob\u010dutno okrepilo v za\u010detku julija. Talibani so minuli teden zasedli tudi eno od okro\u017eij province Baglan, ki meji na Kunduz. Tudi tam je bila do leta 2013 name\u0161\u010dena nem\u0161ka vojska, \u0161e navaja dpa.Svet\" \/>\n<meta property=\"og:url\" content=\"https:\/\/hudo.com\/si\/aktualno\/talibani-na-severu-afganistana-zavzeli-vecje-obmocje\/\" \/>\n<meta property=\"og:site_name\" content=\"Hudo Slovenija\" \/>\n<meta property=\"article:publisher\" content=\"https:\/\/www.facebook.com\/hudo.si\" \/>\n<meta property=\"article:published_time\" content=\"2016-08-20T08:00:00+00:00\" \/>\n<meta property=\"article:modified_time\" content=\"2016-08-21T06:32:48+00:00\" \/>\n<meta property=\"og:image\" content=\"https:\/\/hudo.com\/si\/wp-content\/uploads\/sites\/2\/2016\/08\/01508631F-300.jpg\" \/>\n\t<meta property=\"og:image:width\" content=\"450\" \/>\n\t<meta property=\"og:image:height\" content=\"255\" \/>\n\t<meta property=\"og:image:type\" content=\"image\/jpeg\" \/>\n<meta name=\"author\" content=\"hudo\" \/>\n<meta name=\"twitter:card\" content=\"summary_large_image\" \/>\n<meta name=\"twitter:creator\" content=\"@hudo_si\" \/>\n<meta name=\"twitter:site\" content=\"@hudo_si\" \/>\n<meta name=\"twitter:label1\" content=\"Written by\" \/>\n\t<meta name=\"twitter:data1\" content=\"hudo\" \/>\n\t<meta name=\"twitter:label2\" content=\"Est. reading time\" \/>\n\t<meta name=\"twitter:data2\" content=\"1 minuta\" \/>\n<script type=\"application\/ld+json\" class=\"yoast-schema-graph\">{\"@context\":\"https:\/\/schema.org\",\"@graph\":[{\"@type\":\"Article\",\"@id\":\"https:\/\/hudo.com\/si\/aktualno\/talibani-na-severu-afganistana-zavzeli-vecje-obmocje\/#article\",\"isPartOf\":{\"@id\":\"https:\/\/hudo.com\/si\/aktualno\/talibani-na-severu-afganistana-zavzeli-vecje-obmocje\/\"},\"author\":{\"name\":\"hudo\",\"@id\":\"https:\/\/hudo.com\/si\/#\/schema\/person\/601cf3379633985b20f7e50f2bb47707\"},\"headline\":\"Talibani na severu Afganistana zavzeli ve\u010dje obmo\u010dje\",\"datePublished\":\"2016-08-20T08:00:00+00:00\",\"dateModified\":\"2016-08-21T06:32:48+00:00\",\"mainEntityOfPage\":{\"@id\":\"https:\/\/hudo.com\/si\/aktualno\/talibani-na-severu-afganistana-zavzeli-vecje-obmocje\/\"},\"wordCount\":266,\"publisher\":{\"@id\":\"https:\/\/hudo.com\/si\/#organization\"},\"articleSection\":[\"Aktualno\"],\"inLanguage\":\"sl-SI\"},{\"@type\":\"WebPage\",\"@id\":\"https:\/\/hudo.com\/si\/aktualno\/talibani-na-severu-afganistana-zavzeli-vecje-obmocje\/\",\"url\":\"https:\/\/hudo.com\/si\/aktualno\/talibani-na-severu-afganistana-zavzeli-vecje-obmocje\/\",\"name\":\"Talibani na severu Afganistana zavzeli ve\u010dje obmo\u010dje - Hudo Slovenija\",\"isPartOf\":{\"@id\":\"https:\/\/hudo.com\/si\/#website\"},\"datePublished\":\"2016-08-20T08:00:00+00:00\",\"dateModified\":\"2016-08-21T06:32:48+00:00\",\"breadcrumb\":{\"@id\":\"https:\/\/hudo.com\/si\/aktualno\/talibani-na-severu-afganistana-zavzeli-vecje-obmocje\/#breadcrumb\"},\"inLanguage\":\"sl-SI\",\"potentialAction\":[{\"@type\":\"ReadAction\",\"target\":[\"https:\/\/hudo.com\/si\/aktualno\/talibani-na-severu-afganistana-zavzeli-vecje-obmocje\/\"]}]},{\"@type\":\"BreadcrumbList\",\"@id\":\"https:\/\/hudo.com\/si\/aktualno\/talibani-na-severu-afganistana-zavzeli-vecje-obmocje\/#breadcrumb\",\"itemListElement\":[{\"@type\":\"ListItem\",\"position\":1,\"name\":\"Home\",\"item\":\"https:\/\/hudo.com\/si\/\"},{\"@type\":\"ListItem\",\"position\":2,\"name\":\"Talibani na severu Afganistana zavzeli ve\u010dje obmo\u010dje\"}]},{\"@type\":\"WebSite\",\"@id\":\"https:\/\/hudo.com\/si\/#website\",\"url\":\"https:\/\/hudo.com\/si\/\",\"name\":\"Hudo Slovenija\",\"description\":\"Vse novice iz Slovenije in sveta\",\"publisher\":{\"@id\":\"https:\/\/hudo.com\/si\/#organization\"},\"potentialAction\":[{\"@type\":\"SearchAction\",\"target\":{\"@type\":\"EntryPoint\",\"urlTemplate\":\"https:\/\/hudo.com\/si\/?s={search_term_string}\"},\"query-input\":\"required name=search_term_string\"}],\"inLanguage\":\"sl-SI\"},{\"@type\":\"Organization\",\"@id\":\"https:\/\/hudo.com\/si\/#organization\",\"name\":\"VSN Media\",\"url\":\"https:\/\/hudo.com\/si\/\",\"logo\":{\"@type\":\"ImageObject\",\"inLanguage\":\"sl-SI\",\"@id\":\"https:\/\/hudo.com\/si\/#\/schema\/logo\/image\/\",\"url\":\"https:\/\/hudo.com\/si\/wp-content\/uploads\/sites\/2\/2021\/03\/hudo-app-2.png\",\"contentUrl\":\"https:\/\/hudo.com\/si\/wp-content\/uploads\/sites\/2\/2021\/03\/hudo-app-2.png\",\"width\":2185,\"height\":2167,\"caption\":\"VSN Media\"},\"image\":{\"@id\":\"https:\/\/hudo.com\/si\/#\/schema\/logo\/image\/\"},\"sameAs\":[\"https:\/\/www.facebook.com\/hudo.si\",\"https:\/\/twitter.com\/hudo_si\"]},{\"@type\":\"Person\",\"@id\":\"https:\/\/hudo.com\/si\/#\/schema\/person\/601cf3379633985b20f7e50f2bb47707\",\"name\":\"hudo\",\"image\":{\"@type\":\"ImageObject\",\"inLanguage\":\"sl-SI\",\"@id\":\"https:\/\/hudo.com\/si\/#\/schema\/person\/image\/\",\"url\":\"https:\/\/secure.gravatar.com\/avatar\/c4ca25fa72cace7a696b52ff5db9e095?s=96&d=mm&r=g\",\"contentUrl\":\"https:\/\/secure.gravatar.com\/avatar\/c4ca25fa72cace7a696b52ff5db9e095?s=96&d=mm&r=g\",\"caption\":\"hudo\"},\"url\":\"https:\/\/hudo.com\/si\/author\/hudo\/\"}]}<\/script>\n<!-- \/ Yoast SEO plugin. -->","yoast_head_json":{"title":"Talibani na severu Afganistana zavzeli ve\u010dje obmo\u010dje - Hudo Slovenija","robots":{"index":"index","follow":"follow","max-snippet":"max-snippet:-1","max-image-preview":"max-image-preview:large","max-video-preview":"max-video-preview:-1"},"canonical":"https:\/\/hudo.com\/si\/aktualno\/talibani-na-severu-afganistana-zavzeli-vecje-obmocje\/","og_locale":"sl_SI","og_type":"article","og_title":"Talibani na severu Afganistana zavzeli ve\u010dje obmo\u010dje - Hudo Slovenija","og_description":"Afganistanske oblasti poro\u010dajo, da so Talibani v afganistanski provinci Kunduz, ki je doslej veljala za relativno varno, po umiku nem\u0161ke vojske osvojili precej ozemlja. Polo\u017eaj se \u0161e zaostruje. Trenutno so \u0161tiri od petih okro\u017eij province vsaj delno v rokah islamistov, v glavnem mestu province pa se bojijo, da bi v celoti padla v njihove roke. Talibani so ozemlje osvojili po ve\u010ddnevnih mo\u010dnih spopadih. Danes zjutraj so po navedbah \u010dlana sveta province Sarkula Alimija zasedli sredi\u0161\u010de okro\u017eja \u010canabad in tam izobesili svojo zastavo. Varnostne sile jih sicer posku\u0161ajo prisiliti k umiku, poro\u010da nem\u0161ka tiskovna agencija dpa. Po navedbah vira iz varnostnih krogov so varnostne to\u010dke v sredi\u0161\u010du okro\u017eja \u0161e vedno v rokah vlade, se pa obmo\u010dje soo\u010da s pre\u0161ibko prisotnostjo vojske in policije. Talibani si prila\u0161\u010dajo vse ve\u010d delov \u010canabada, varnostne sile pa jih lahko zadr\u017eujejo le v sredi\u0161\u010du okro\u017eja. V prestolnici province se bojijo ponovitve razmer iz lanske jeseni, ko so talibani dva tedna obvladovali celotno provinco. Da bi to prepre\u010dili, je na obmo\u010dje za\u010dasno prispela manj\u0161a skupina nem\u0161kih voja\u0161kih svetovalcev. Mesto je sicer \u017ee tri dni brez elektrike, saj je bila v napadih po\u0161kodovana napeljava. Nasilje se je v Afganistanu ob\u010dutno okrepilo v za\u010detku julija. Talibani so minuli teden zasedli tudi eno od okro\u017eij province Baglan, ki meji na Kunduz. Tudi tam je bila do leta 2013 name\u0161\u010dena nem\u0161ka vojska, \u0161e navaja dpa.Svet","og_url":"https:\/\/hudo.com\/si\/aktualno\/talibani-na-severu-afganistana-zavzeli-vecje-obmocje\/","og_site_name":"Hudo Slovenija","article_publisher":"https:\/\/www.facebook.com\/hudo.si","article_published_time":"2016-08-20T08:00:00+00:00","article_modified_time":"2016-08-21T06:32:48+00:00","og_image":[{"width":450,"height":255,"url":"https:\/\/hudo.com\/si\/wp-content\/uploads\/sites\/2\/2016\/08\/01508631F-300.jpg","type":"image\/jpeg"}],"author":"hudo","twitter_card":"summary_large_image","twitter_creator":"@hudo_si","twitter_site":"@hudo_si","twitter_misc":{"Written by":"hudo","Est. reading time":"1 minuta"},"schema":{"@context":"https:\/\/schema.org","@graph":[{"@type":"Article","@id":"https:\/\/hudo.com\/si\/aktualno\/talibani-na-severu-afganistana-zavzeli-vecje-obmocje\/#article","isPartOf":{"@id":"https:\/\/hudo.com\/si\/aktualno\/talibani-na-severu-afganistana-zavzeli-vecje-obmocje\/"},"author":{"name":"hudo","@id":"https:\/\/hudo.com\/si\/#\/schema\/person\/601cf3379633985b20f7e50f2bb47707"},"headline":"Talibani na severu Afganistana zavzeli ve\u010dje obmo\u010dje","datePublished":"2016-08-20T08:00:00+00:00","dateModified":"2016-08-21T06:32:48+00:00","mainEntityOfPage":{"@id":"https:\/\/hudo.com\/si\/aktualno\/talibani-na-severu-afganistana-zavzeli-vecje-obmocje\/"},"wordCount":266,"publisher":{"@id":"https:\/\/hudo.com\/si\/#organization"},"articleSection":["Aktualno"],"inLanguage":"sl-SI"},{"@type":"WebPage","@id":"https:\/\/hudo.com\/si\/aktualno\/talibani-na-severu-afganistana-zavzeli-vecje-obmocje\/","url":"https:\/\/hudo.com\/si\/aktualno\/talibani-na-severu-afganistana-zavzeli-vecje-obmocje\/","name":"Talibani na severu Afganistana zavzeli ve\u010dje obmo\u010dje - Hudo Slovenija","isPartOf":{"@id":"https:\/\/hudo.com\/si\/#website"},"datePublished":"2016-08-20T08:00:00+00:00","dateModified":"2016-08-21T06:32:48+00:00","breadcrumb":{"@id":"https:\/\/hudo.com\/si\/aktualno\/talibani-na-severu-afganistana-zavzeli-vecje-obmocje\/#breadcrumb"},"inLanguage":"sl-SI","potentialAction":[{"@type":"ReadAction","target":["https:\/\/hudo.com\/si\/aktualno\/talibani-na-severu-afganistana-zavzeli-vecje-obmocje\/"]}]},{"@type":"BreadcrumbList","@id":"https:\/\/hudo.com\/si\/aktualno\/talibani-na-severu-afganistana-zavzeli-vecje-obmocje\/#breadcrumb","itemListElement":[{"@type":"ListItem","position":1,"name":"Home","item":"https:\/\/hudo.com\/si\/"},{"@type":"ListItem","position":2,"name":"Talibani na severu Afganistana zavzeli ve\u010dje obmo\u010dje"}]},{"@type":"WebSite","@id":"https:\/\/hudo.com\/si\/#website","url":"https:\/\/hudo.com\/si\/","name":"Hudo Slovenija","description":"Vse novice iz Slovenije in sveta","publisher":{"@id":"https:\/\/hudo.com\/si\/#organization"},"potentialAction":[{"@type":"SearchAction","target":{"@type":"EntryPoint","urlTemplate":"https:\/\/hudo.com\/si\/?s={search_term_string}"},"query-input":"required name=search_term_string"}],"inLanguage":"sl-SI"},{"@type":"Organization","@id":"https:\/\/hudo.com\/si\/#organization","name":"VSN Media","url":"https:\/\/hudo.com\/si\/","logo":{"@type":"ImageObject","inLanguage":"sl-SI","@id":"https:\/\/hudo.com\/si\/#\/schema\/logo\/image\/","url":"https:\/\/hudo.com\/si\/wp-content\/uploads\/sites\/2\/2021\/03\/hudo-app-2.png","contentUrl":"https:\/\/hudo.com\/si\/wp-content\/uploads\/sites\/2\/2021\/03\/hudo-app-2.png","width":2185,"height":2167,"caption":"VSN Media"},"image":{"@id":"https:\/\/hudo.com\/si\/#\/schema\/logo\/image\/"},"sameAs":["https:\/\/www.facebook.com\/hudo.si","https:\/\/twitter.com\/hudo_si"]},{"@type":"Person","@id":"https:\/\/hudo.com\/si\/#\/schema\/person\/601cf3379633985b20f7e50f2bb47707","name":"hudo","image":{"@type":"ImageObject","inLanguage":"sl-SI","@id":"https:\/\/hudo.com\/si\/#\/schema\/person\/image\/","url":"https:\/\/secure.gravatar.com\/avatar\/c4ca25fa72cace7a696b52ff5db9e095?s=96&d=mm&r=g","contentUrl":"https:\/\/secure.gravatar.com\/avatar\/c4ca25fa72cace7a696b52ff5db9e095?s=96&d=mm&r=g","caption":"hudo"},"url":"https:\/\/hudo.com\/si\/author\/hudo\/"}]}},"amp_enabled":true,"_links":{"self":[{"href":"https:\/\/hudo.com\/si\/wp-json\/wp\/v2\/posts\/117319"}],"collection":[{"href":"https:\/\/hudo.com\/si\/wp-json\/wp\/v2\/posts"}],"about":[{"href":"https:\/\/hudo.com\/si\/wp-json\/wp\/v2\/types\/post"}],"author":[{"embeddable":true,"href":"https:\/\/hudo.com\/si\/wp-json\/wp\/v2\/users\/1"}],"replies":[{"embeddable":true,"href":"https:\/\/hudo.com\/si\/wp-json\/wp\/v2\/comments?post=117319"}],"version-history":[{"count":1,"href":"https:\/\/hudo.com\/si\/wp-json\/wp\/v2\/posts\/117319\/revisions"}],"predecessor-version":[{"id":117518,"href":"https:\/\/hudo.com\/si\/wp-json\/wp\/v2\/posts\/117319\/revisions\/117518"}],"wp:attachment":[{"href":"https:\/\/hudo.com\/si\/wp-json\/wp\/v2\/media?parent=117319"}],"wp:term":[{"taxonomy":"category","embeddable":true,"href":"https:\/\/hudo.com\/si\/wp-json\/wp\/v2\/categories?post=117319"},{"taxonomy":"post_tag","embeddable":true,"href":"https:\/\/hudo.com\/si\/wp-json\/wp\/v2\/tags?post=117319"},{"taxonomy":"source","embeddable":true,"href":"https:\/\/hudo.com\/si\/wp-json\/wp\/v2\/source?post=117319"},{"taxonomy":"supertag","embeddable":true,"href":"https:\/\/hudo.com\/si\/wp-json\/wp\/v2\/supertag?post=117319"}],"curies":[{"name":"wp","href":"https:\/\/api.w.org\/{rel}","templated":true}]}}