{"id":117690,"date":"2016-08-21T14:45:00","date_gmt":"2016-08-21T12:45:00","guid":{"rendered":"http:\/\/hudo.com\/si\/2016\/08\/21\/plestenjak-in-tabu-navdusili-maribor-magnifico-ruse\/"},"modified":"2016-08-22T12:47:55","modified_gmt":"2016-08-22T10:47:55","slug":"plestenjak-in-tabu-navdusili-maribor-magnifico-ruse","status":"publish","type":"post","link":"https:\/\/hudo.com\/si\/aktualno\/plestenjak-in-tabu-navdusili-maribor-magnifico-ruse\/","title":{"rendered":"Plestenjak in Tabu navdu\u0161ili Maribor, Magnifico Ru\u0161e"},"content":{"rendered":"<p>Koncertno tako pestrega vikenda, kot je bil pri\u010dujo\u010di, v Mariboru in okolici ni bilo \u017ee vse od konca festivala Lent. Trg Leona \u0160tuklja, dnevna soba mesta, je bil v soboto zve\u010der nabito poln. Kako tudi ne, ko pa je nakupovalni center Europark ob svoji 16. letnici Maribor\u010danom \u010dastil nastop Jana Plesetnjaka in zasedbe Tabu. Ne Janu ne Tabujem hitov ne manjka, oboji so stalnica slovenske pop scene \u017ee dve desetletji, zato ne presene\u010da, da je polovico obeh koncertov odpelo kar ob\u010dinstvo. Ni\u010d manj pestro ta vikend ni bilo v Ru\u0161ah. V petek se je namre\u010d tam za\u010del Letni oder Ru\u0161e, 12-dnevno dogajanje pa sta pred okrog tiso\u010dglavo mno\u017eico odprla Magnifico in Tim Kores \u2013 Kori. Prihodnji vikend pa bo ponudil \u0161e ve\u010d koncertov. Na Ve\u010derovem pikniku pod Pohorjem bodo v soboto nastopili fenomenalni rokerji Dan D in Manca \u0160pik, v Europarku bodo nastopili Perpetuum Jazzile in Tanja \u017dagar, Luft svojo novo koncertno sezono za\u010denja z nastopom zasedbe Muff, \u017ee dan prej, v petek, pa bodo v Kavarni Ploj na Teznu nastopili odli\u010dni srbski S.A.R.S.Maribor<\/p>\n","protected":false},"excerpt":{"rendered":"<p>Koncertno tako pestrega vikenda, kot je bil pri\u010dujo\u010di, v Mariboru in okolici ni bilo \u017ee vse od konca festivala Lent. Trg Leona \u0160tuklja, dnevna soba mesta, je bil v soboto zve\u010der nabito poln. Kako tudi ne, ko pa je nakupovalni center Europark ob svoji 16. letnici Maribor\u010danom \u010dastil nastop Jana Plesetnjaka in zasedbe Tabu. Ne Janu ne Tabujem hitov ne manjka, oboji so stalnica slovenske pop scene \u017ee dve desetletji, zato ne presene\u010da, da je polovico obeh koncertov odpelo kar ob\u010dinstvo. Ni\u010d manj pestro ta vikend ni bilo v Ru\u0161ah. V petek se je namre\u010d tam za\u010del Letni oder Ru\u0161e, 12-dnevno dogajanje pa sta pred okrog tiso\u010dglavo mno\u017eico odprla Magnifico in Tim Kores \u2013 Kori. Prihodnji vikend pa bo ponudil \u0161e ve\u010d koncertov. Na Ve\u010derovem pikniku pod Pohorjem bodo v soboto nastopili fenomenalni rokerji Dan D in Manca \u0160pik, v Europarku bodo nastopili Perpetuum Jazzile in Tanja \u017dagar, Luft svojo novo koncertno sezono za\u010denja z nastopom zasedbe Muff, \u017ee dan prej, v petek, pa bodo v Kavarni Ploj na Teznu nastopili odli\u010dni srbski S.A.R.S.Maribor<\/p>\n","protected":false},"author":1,"featured_media":0,"comment_status":"closed","ping_status":"closed","sticky":false,"template":"","format":"standard","meta":{"footnotes":""},"categories":[1179],"tags":[],"source":[1711],"supertag":[],"acf":[],"yoast_head":"<!-- This site is optimized with the Yoast SEO plugin v21.3 - https:\/\/yoast.com\/wordpress\/plugins\/seo\/ -->\n<title>Plestenjak in Tabu navdu\u0161ili Maribor, Magnifico Ru\u0161e - Hudo Slovenija<\/title>\n<meta name=\"robots\" content=\"index, follow, max-snippet:-1, max-image-preview:large, max-video-preview:-1\" \/>\n<link rel=\"canonical\" href=\"https:\/\/hudo.com\/si\/aktualno\/plestenjak-in-tabu-navdusili-maribor-magnifico-ruse\/\" \/>\n<meta property=\"og:locale\" content=\"sl_SI\" \/>\n<meta property=\"og:type\" content=\"article\" \/>\n<meta property=\"og:title\" content=\"Plestenjak in Tabu navdu\u0161ili Maribor, Magnifico Ru\u0161e - Hudo Slovenija\" \/>\n<meta property=\"og:description\" content=\"Koncertno tako pestrega vikenda, kot je bil pri\u010dujo\u010di, v Mariboru in okolici ni bilo \u017ee vse od konca festivala Lent. Trg Leona \u0160tuklja, dnevna soba mesta, je bil v soboto zve\u010der nabito poln. Kako tudi ne, ko pa je nakupovalni center Europark ob svoji 16. letnici Maribor\u010danom \u010dastil nastop Jana Plesetnjaka in zasedbe Tabu. Ne Janu ne Tabujem hitov ne manjka, oboji so stalnica slovenske pop scene \u017ee dve desetletji, zato ne presene\u010da, da je polovico obeh koncertov odpelo kar ob\u010dinstvo. Ni\u010d manj pestro ta vikend ni bilo v Ru\u0161ah. V petek se je namre\u010d tam za\u010del Letni oder Ru\u0161e, 12-dnevno dogajanje pa sta pred okrog tiso\u010dglavo mno\u017eico odprla Magnifico in Tim Kores \u2013 Kori. Prihodnji vikend pa bo ponudil \u0161e ve\u010d koncertov. Na Ve\u010derovem pikniku pod Pohorjem bodo v soboto nastopili fenomenalni rokerji Dan D in Manca \u0160pik, v Europarku bodo nastopili Perpetuum Jazzile in Tanja \u017dagar, Luft svojo novo koncertno sezono za\u010denja z nastopom zasedbe Muff, \u017ee dan prej, v petek, pa bodo v Kavarni Ploj na Teznu nastopili odli\u010dni srbski S.A.R.S.Maribor\" \/>\n<meta property=\"og:url\" content=\"https:\/\/hudo.com\/si\/aktualno\/plestenjak-in-tabu-navdusili-maribor-magnifico-ruse\/\" \/>\n<meta property=\"og:site_name\" content=\"Hudo Slovenija\" \/>\n<meta property=\"article:publisher\" content=\"https:\/\/www.facebook.com\/hudo.si\" \/>\n<meta property=\"article:published_time\" content=\"2016-08-21T12:45:00+00:00\" \/>\n<meta property=\"article:modified_time\" content=\"2016-08-22T10:47:55+00:00\" \/>\n<meta property=\"og:image\" content=\"https:\/\/hudo.com\/si\/wp-content\/uploads\/sites\/2\/2016\/08\/01201131F-300.jpg\" \/>\n\t<meta property=\"og:image:width\" content=\"450\" \/>\n\t<meta property=\"og:image:height\" content=\"441\" \/>\n\t<meta property=\"og:image:type\" content=\"image\/jpeg\" \/>\n<meta name=\"author\" content=\"hudo\" \/>\n<meta name=\"twitter:card\" content=\"summary_large_image\" \/>\n<meta name=\"twitter:creator\" content=\"@hudo_si\" \/>\n<meta name=\"twitter:site\" content=\"@hudo_si\" \/>\n<meta name=\"twitter:label1\" content=\"Written by\" \/>\n\t<meta name=\"twitter:data1\" content=\"hudo\" \/>\n\t<meta name=\"twitter:label2\" content=\"Est. reading time\" \/>\n\t<meta name=\"twitter:data2\" content=\"1 minuta\" \/>\n<script type=\"application\/ld+json\" class=\"yoast-schema-graph\">{\"@context\":\"https:\/\/schema.org\",\"@graph\":[{\"@type\":\"Article\",\"@id\":\"https:\/\/hudo.com\/si\/aktualno\/plestenjak-in-tabu-navdusili-maribor-magnifico-ruse\/#article\",\"isPartOf\":{\"@id\":\"https:\/\/hudo.com\/si\/aktualno\/plestenjak-in-tabu-navdusili-maribor-magnifico-ruse\/\"},\"author\":{\"name\":\"hudo\",\"@id\":\"https:\/\/hudo.com\/si\/#\/schema\/person\/601cf3379633985b20f7e50f2bb47707\"},\"headline\":\"Plestenjak in Tabu navdu\u0161ili Maribor, Magnifico Ru\u0161e\",\"datePublished\":\"2016-08-21T12:45:00+00:00\",\"dateModified\":\"2016-08-22T10:47:55+00:00\",\"mainEntityOfPage\":{\"@id\":\"https:\/\/hudo.com\/si\/aktualno\/plestenjak-in-tabu-navdusili-maribor-magnifico-ruse\/\"},\"wordCount\":199,\"publisher\":{\"@id\":\"https:\/\/hudo.com\/si\/#organization\"},\"articleSection\":[\"Aktualno\"],\"inLanguage\":\"sl-SI\"},{\"@type\":\"WebPage\",\"@id\":\"https:\/\/hudo.com\/si\/aktualno\/plestenjak-in-tabu-navdusili-maribor-magnifico-ruse\/\",\"url\":\"https:\/\/hudo.com\/si\/aktualno\/plestenjak-in-tabu-navdusili-maribor-magnifico-ruse\/\",\"name\":\"Plestenjak in Tabu navdu\u0161ili Maribor, Magnifico Ru\u0161e - Hudo Slovenija\",\"isPartOf\":{\"@id\":\"https:\/\/hudo.com\/si\/#website\"},\"datePublished\":\"2016-08-21T12:45:00+00:00\",\"dateModified\":\"2016-08-22T10:47:55+00:00\",\"breadcrumb\":{\"@id\":\"https:\/\/hudo.com\/si\/aktualno\/plestenjak-in-tabu-navdusili-maribor-magnifico-ruse\/#breadcrumb\"},\"inLanguage\":\"sl-SI\",\"potentialAction\":[{\"@type\":\"ReadAction\",\"target\":[\"https:\/\/hudo.com\/si\/aktualno\/plestenjak-in-tabu-navdusili-maribor-magnifico-ruse\/\"]}]},{\"@type\":\"BreadcrumbList\",\"@id\":\"https:\/\/hudo.com\/si\/aktualno\/plestenjak-in-tabu-navdusili-maribor-magnifico-ruse\/#breadcrumb\",\"itemListElement\":[{\"@type\":\"ListItem\",\"position\":1,\"name\":\"Home\",\"item\":\"https:\/\/hudo.com\/si\/\"},{\"@type\":\"ListItem\",\"position\":2,\"name\":\"Plestenjak in Tabu navdu\u0161ili Maribor, Magnifico Ru\u0161e\"}]},{\"@type\":\"WebSite\",\"@id\":\"https:\/\/hudo.com\/si\/#website\",\"url\":\"https:\/\/hudo.com\/si\/\",\"name\":\"Hudo Slovenija\",\"description\":\"Vse novice iz Slovenije in sveta\",\"publisher\":{\"@id\":\"https:\/\/hudo.com\/si\/#organization\"},\"potentialAction\":[{\"@type\":\"SearchAction\",\"target\":{\"@type\":\"EntryPoint\",\"urlTemplate\":\"https:\/\/hudo.com\/si\/?s={search_term_string}\"},\"query-input\":\"required name=search_term_string\"}],\"inLanguage\":\"sl-SI\"},{\"@type\":\"Organization\",\"@id\":\"https:\/\/hudo.com\/si\/#organization\",\"name\":\"VSN Media\",\"url\":\"https:\/\/hudo.com\/si\/\",\"logo\":{\"@type\":\"ImageObject\",\"inLanguage\":\"sl-SI\",\"@id\":\"https:\/\/hudo.com\/si\/#\/schema\/logo\/image\/\",\"url\":\"https:\/\/hudo.com\/si\/wp-content\/uploads\/sites\/2\/2021\/03\/hudo-app-2.png\",\"contentUrl\":\"https:\/\/hudo.com\/si\/wp-content\/uploads\/sites\/2\/2021\/03\/hudo-app-2.png\",\"width\":2185,\"height\":2167,\"caption\":\"VSN Media\"},\"image\":{\"@id\":\"https:\/\/hudo.com\/si\/#\/schema\/logo\/image\/\"},\"sameAs\":[\"https:\/\/www.facebook.com\/hudo.si\",\"https:\/\/twitter.com\/hudo_si\"]},{\"@type\":\"Person\",\"@id\":\"https:\/\/hudo.com\/si\/#\/schema\/person\/601cf3379633985b20f7e50f2bb47707\",\"name\":\"hudo\",\"image\":{\"@type\":\"ImageObject\",\"inLanguage\":\"sl-SI\",\"@id\":\"https:\/\/hudo.com\/si\/#\/schema\/person\/image\/\",\"url\":\"https:\/\/secure.gravatar.com\/avatar\/c4ca25fa72cace7a696b52ff5db9e095?s=96&d=mm&r=g\",\"contentUrl\":\"https:\/\/secure.gravatar.com\/avatar\/c4ca25fa72cace7a696b52ff5db9e095?s=96&d=mm&r=g\",\"caption\":\"hudo\"},\"url\":\"https:\/\/hudo.com\/si\/author\/hudo\/\"}]}<\/script>\n<!-- \/ Yoast SEO plugin. -->","yoast_head_json":{"title":"Plestenjak in Tabu navdu\u0161ili Maribor, Magnifico Ru\u0161e - Hudo Slovenija","robots":{"index":"index","follow":"follow","max-snippet":"max-snippet:-1","max-image-preview":"max-image-preview:large","max-video-preview":"max-video-preview:-1"},"canonical":"https:\/\/hudo.com\/si\/aktualno\/plestenjak-in-tabu-navdusili-maribor-magnifico-ruse\/","og_locale":"sl_SI","og_type":"article","og_title":"Plestenjak in Tabu navdu\u0161ili Maribor, Magnifico Ru\u0161e - Hudo Slovenija","og_description":"Koncertno tako pestrega vikenda, kot je bil pri\u010dujo\u010di, v Mariboru in okolici ni bilo \u017ee vse od konca festivala Lent. Trg Leona \u0160tuklja, dnevna soba mesta, je bil v soboto zve\u010der nabito poln. Kako tudi ne, ko pa je nakupovalni center Europark ob svoji 16. letnici Maribor\u010danom \u010dastil nastop Jana Plesetnjaka in zasedbe Tabu. Ne Janu ne Tabujem hitov ne manjka, oboji so stalnica slovenske pop scene \u017ee dve desetletji, zato ne presene\u010da, da je polovico obeh koncertov odpelo kar ob\u010dinstvo. Ni\u010d manj pestro ta vikend ni bilo v Ru\u0161ah. V petek se je namre\u010d tam za\u010del Letni oder Ru\u0161e, 12-dnevno dogajanje pa sta pred okrog tiso\u010dglavo mno\u017eico odprla Magnifico in Tim Kores \u2013 Kori. Prihodnji vikend pa bo ponudil \u0161e ve\u010d koncertov. Na Ve\u010derovem pikniku pod Pohorjem bodo v soboto nastopili fenomenalni rokerji Dan D in Manca \u0160pik, v Europarku bodo nastopili Perpetuum Jazzile in Tanja \u017dagar, Luft svojo novo koncertno sezono za\u010denja z nastopom zasedbe Muff, \u017ee dan prej, v petek, pa bodo v Kavarni Ploj na Teznu nastopili odli\u010dni srbski S.A.R.S.Maribor","og_url":"https:\/\/hudo.com\/si\/aktualno\/plestenjak-in-tabu-navdusili-maribor-magnifico-ruse\/","og_site_name":"Hudo Slovenija","article_publisher":"https:\/\/www.facebook.com\/hudo.si","article_published_time":"2016-08-21T12:45:00+00:00","article_modified_time":"2016-08-22T10:47:55+00:00","og_image":[{"width":450,"height":441,"url":"https:\/\/hudo.com\/si\/wp-content\/uploads\/sites\/2\/2016\/08\/01201131F-300.jpg","type":"image\/jpeg"}],"author":"hudo","twitter_card":"summary_large_image","twitter_creator":"@hudo_si","twitter_site":"@hudo_si","twitter_misc":{"Written by":"hudo","Est. reading time":"1 minuta"},"schema":{"@context":"https:\/\/schema.org","@graph":[{"@type":"Article","@id":"https:\/\/hudo.com\/si\/aktualno\/plestenjak-in-tabu-navdusili-maribor-magnifico-ruse\/#article","isPartOf":{"@id":"https:\/\/hudo.com\/si\/aktualno\/plestenjak-in-tabu-navdusili-maribor-magnifico-ruse\/"},"author":{"name":"hudo","@id":"https:\/\/hudo.com\/si\/#\/schema\/person\/601cf3379633985b20f7e50f2bb47707"},"headline":"Plestenjak in Tabu navdu\u0161ili Maribor, Magnifico Ru\u0161e","datePublished":"2016-08-21T12:45:00+00:00","dateModified":"2016-08-22T10:47:55+00:00","mainEntityOfPage":{"@id":"https:\/\/hudo.com\/si\/aktualno\/plestenjak-in-tabu-navdusili-maribor-magnifico-ruse\/"},"wordCount":199,"publisher":{"@id":"https:\/\/hudo.com\/si\/#organization"},"articleSection":["Aktualno"],"inLanguage":"sl-SI"},{"@type":"WebPage","@id":"https:\/\/hudo.com\/si\/aktualno\/plestenjak-in-tabu-navdusili-maribor-magnifico-ruse\/","url":"https:\/\/hudo.com\/si\/aktualno\/plestenjak-in-tabu-navdusili-maribor-magnifico-ruse\/","name":"Plestenjak in Tabu navdu\u0161ili Maribor, Magnifico Ru\u0161e - Hudo Slovenija","isPartOf":{"@id":"https:\/\/hudo.com\/si\/#website"},"datePublished":"2016-08-21T12:45:00+00:00","dateModified":"2016-08-22T10:47:55+00:00","breadcrumb":{"@id":"https:\/\/hudo.com\/si\/aktualno\/plestenjak-in-tabu-navdusili-maribor-magnifico-ruse\/#breadcrumb"},"inLanguage":"sl-SI","potentialAction":[{"@type":"ReadAction","target":["https:\/\/hudo.com\/si\/aktualno\/plestenjak-in-tabu-navdusili-maribor-magnifico-ruse\/"]}]},{"@type":"BreadcrumbList","@id":"https:\/\/hudo.com\/si\/aktualno\/plestenjak-in-tabu-navdusili-maribor-magnifico-ruse\/#breadcrumb","itemListElement":[{"@type":"ListItem","position":1,"name":"Home","item":"https:\/\/hudo.com\/si\/"},{"@type":"ListItem","position":2,"name":"Plestenjak in Tabu navdu\u0161ili Maribor, Magnifico Ru\u0161e"}]},{"@type":"WebSite","@id":"https:\/\/hudo.com\/si\/#website","url":"https:\/\/hudo.com\/si\/","name":"Hudo Slovenija","description":"Vse novice iz Slovenije in sveta","publisher":{"@id":"https:\/\/hudo.com\/si\/#organization"},"potentialAction":[{"@type":"SearchAction","target":{"@type":"EntryPoint","urlTemplate":"https:\/\/hudo.com\/si\/?s={search_term_string}"},"query-input":"required name=search_term_string"}],"inLanguage":"sl-SI"},{"@type":"Organization","@id":"https:\/\/hudo.com\/si\/#organization","name":"VSN Media","url":"https:\/\/hudo.com\/si\/","logo":{"@type":"ImageObject","inLanguage":"sl-SI","@id":"https:\/\/hudo.com\/si\/#\/schema\/logo\/image\/","url":"https:\/\/hudo.com\/si\/wp-content\/uploads\/sites\/2\/2021\/03\/hudo-app-2.png","contentUrl":"https:\/\/hudo.com\/si\/wp-content\/uploads\/sites\/2\/2021\/03\/hudo-app-2.png","width":2185,"height":2167,"caption":"VSN Media"},"image":{"@id":"https:\/\/hudo.com\/si\/#\/schema\/logo\/image\/"},"sameAs":["https:\/\/www.facebook.com\/hudo.si","https:\/\/twitter.com\/hudo_si"]},{"@type":"Person","@id":"https:\/\/hudo.com\/si\/#\/schema\/person\/601cf3379633985b20f7e50f2bb47707","name":"hudo","image":{"@type":"ImageObject","inLanguage":"sl-SI","@id":"https:\/\/hudo.com\/si\/#\/schema\/person\/image\/","url":"https:\/\/secure.gravatar.com\/avatar\/c4ca25fa72cace7a696b52ff5db9e095?s=96&d=mm&r=g","contentUrl":"https:\/\/secure.gravatar.com\/avatar\/c4ca25fa72cace7a696b52ff5db9e095?s=96&d=mm&r=g","caption":"hudo"},"url":"https:\/\/hudo.com\/si\/author\/hudo\/"}]}},"amp_enabled":true,"_links":{"self":[{"href":"https:\/\/hudo.com\/si\/wp-json\/wp\/v2\/posts\/117690"}],"collection":[{"href":"https:\/\/hudo.com\/si\/wp-json\/wp\/v2\/posts"}],"about":[{"href":"https:\/\/hudo.com\/si\/wp-json\/wp\/v2\/types\/post"}],"author":[{"embeddable":true,"href":"https:\/\/hudo.com\/si\/wp-json\/wp\/v2\/users\/1"}],"replies":[{"embeddable":true,"href":"https:\/\/hudo.com\/si\/wp-json\/wp\/v2\/comments?post=117690"}],"version-history":[{"count":1,"href":"https:\/\/hudo.com\/si\/wp-json\/wp\/v2\/posts\/117690\/revisions"}],"predecessor-version":[{"id":117852,"href":"https:\/\/hudo.com\/si\/wp-json\/wp\/v2\/posts\/117690\/revisions\/117852"}],"wp:attachment":[{"href":"https:\/\/hudo.com\/si\/wp-json\/wp\/v2\/media?parent=117690"}],"wp:term":[{"taxonomy":"category","embeddable":true,"href":"https:\/\/hudo.com\/si\/wp-json\/wp\/v2\/categories?post=117690"},{"taxonomy":"post_tag","embeddable":true,"href":"https:\/\/hudo.com\/si\/wp-json\/wp\/v2\/tags?post=117690"},{"taxonomy":"source","embeddable":true,"href":"https:\/\/hudo.com\/si\/wp-json\/wp\/v2\/source?post=117690"},{"taxonomy":"supertag","embeddable":true,"href":"https:\/\/hudo.com\/si\/wp-json\/wp\/v2\/supertag?post=117690"}],"curies":[{"name":"wp","href":"https:\/\/api.w.org\/{rel}","templated":true}]}}