{"id":117696,"date":"2016-08-21T14:00:00","date_gmt":"2016-08-21T12:00:00","guid":{"rendered":"http:\/\/hudo.com\/si\/2016\/08\/21\/dez-se-bo-okrepil\/"},"modified":"2016-08-22T13:06:27","modified_gmt":"2016-08-22T11:06:27","slug":"dez-se-bo-okrepil","status":"publish","type":"post","link":"https:\/\/hudo.com\/si\/aktualno\/dez-se-bo-okrepil\/","title":{"rendered":"De\u017e se bo okrepil"},"content":{"rendered":"<p>Zve\u010der se bo de\u017e od zahoda okrepil, predvsem ob morju bodo tudi nevihte. Ponekod na severu bo prehodno zapihal okrepljen severnik, okrepila se bo tudi burja na Primorskem. Do zjutraj bo de\u017e od severozahoda ponehal, jasnilo se bo. Jutranje temperature bodo od 7 do 14, ob morju okoli 17 stopinj, je zapisano na spletnih straneh Agencije RS za okolje. Jutri bo delno jasno z ob\u010dasno pove\u010dano obla\u010dnostjo, ki jo bo ve\u010d v vzhodni polovici dr\u017eave. Tam bodo popoldne posamezne kratkotrajne plohe. Ponekod bo \u0161e pihal severni veter, burja na Primorskem pa bo slabela in popoldne prehodno ponehala. Najvi\u0161je dnevne temperature bodo od 22 do 27 stopinj Celzija. V torek bo prete\u017eno jasno, le na vzhodu ob\u010dasno zmerno obla\u010dno. Ponekod bo \u0161e pihal severovzhodni veter, na Primorskem \u0161ibka burja. V sredo in \u010detrtek bo prete\u017eno jasno. Zjutraj bo sve\u017ee, morda ponekod megleno. Na Primorskem bo pihala \u0161ibka burja. Hladna fronta bo v prvem delu no\u010di pre\u0161la Slovenijo. Za njo se bo nad Alpami in srednjo Evropo krepilo obmo\u010dje visokega zra\u010dnega tlaka. Od severovzhoda bo k nam dotekal hladnej\u0161i zrak.Slovenija<\/p>\n","protected":false},"excerpt":{"rendered":"<p>Zve\u010der se bo de\u017e od zahoda okrepil, predvsem ob morju bodo tudi nevihte. Ponekod na severu bo prehodno zapihal okrepljen severnik, okrepila se bo tudi burja na Primorskem. Do zjutraj bo de\u017e od severozahoda ponehal, jasnilo se bo. Jutranje temperature bodo od 7 do 14, ob morju okoli 17 stopinj, je zapisano na spletnih straneh Agencije RS za okolje. Jutri bo delno jasno z ob\u010dasno pove\u010dano obla\u010dnostjo, ki jo bo ve\u010d v vzhodni polovici dr\u017eave. Tam bodo popoldne posamezne kratkotrajne plohe. Ponekod bo \u0161e pihal severni veter, burja na Primorskem pa bo slabela in popoldne prehodno ponehala. Najvi\u0161je dnevne temperature bodo od 22 do 27 stopinj Celzija. V torek bo prete\u017eno jasno, le na vzhodu ob\u010dasno zmerno obla\u010dno. Ponekod bo \u0161e pihal severovzhodni veter, na Primorskem \u0161ibka burja. V sredo in \u010detrtek bo prete\u017eno jasno. Zjutraj bo sve\u017ee, morda ponekod megleno. Na Primorskem bo pihala \u0161ibka burja. Hladna fronta bo v prvem delu no\u010di pre\u0161la Slovenijo. Za njo se bo nad Alpami in srednjo Evropo krepilo obmo\u010dje visokega zra\u010dnega tlaka. Od severovzhoda bo k nam dotekal hladnej\u0161i zrak.Slovenija<\/p>\n","protected":false},"author":1,"featured_media":0,"comment_status":"closed","ping_status":"closed","sticky":false,"template":"","format":"standard","meta":{"footnotes":""},"categories":[1179],"tags":[],"source":[1711],"supertag":[],"acf":[],"yoast_head":"<!-- This site is optimized with the Yoast SEO plugin v21.3 - https:\/\/yoast.com\/wordpress\/plugins\/seo\/ -->\n<title>De\u017e se bo okrepil - Hudo Slovenija<\/title>\n<meta name=\"robots\" content=\"index, follow, max-snippet:-1, max-image-preview:large, max-video-preview:-1\" \/>\n<link rel=\"canonical\" href=\"https:\/\/hudo.com\/si\/aktualno\/dez-se-bo-okrepil\/\" \/>\n<meta property=\"og:locale\" content=\"sl_SI\" \/>\n<meta property=\"og:type\" content=\"article\" \/>\n<meta property=\"og:title\" content=\"De\u017e se bo okrepil - Hudo Slovenija\" \/>\n<meta property=\"og:description\" content=\"Zve\u010der se bo de\u017e od zahoda okrepil, predvsem ob morju bodo tudi nevihte. Ponekod na severu bo prehodno zapihal okrepljen severnik, okrepila se bo tudi burja na Primorskem. Do zjutraj bo de\u017e od severozahoda ponehal, jasnilo se bo. Jutranje temperature bodo od 7 do 14, ob morju okoli 17 stopinj, je zapisano na spletnih straneh Agencije RS za okolje. Jutri bo delno jasno z ob\u010dasno pove\u010dano obla\u010dnostjo, ki jo bo ve\u010d v vzhodni polovici dr\u017eave. Tam bodo popoldne posamezne kratkotrajne plohe. Ponekod bo \u0161e pihal severni veter, burja na Primorskem pa bo slabela in popoldne prehodno ponehala. Najvi\u0161je dnevne temperature bodo od 22 do 27 stopinj Celzija. V torek bo prete\u017eno jasno, le na vzhodu ob\u010dasno zmerno obla\u010dno. Ponekod bo \u0161e pihal severovzhodni veter, na Primorskem \u0161ibka burja. V sredo in \u010detrtek bo prete\u017eno jasno. Zjutraj bo sve\u017ee, morda ponekod megleno. Na Primorskem bo pihala \u0161ibka burja. Hladna fronta bo v prvem delu no\u010di pre\u0161la Slovenijo. Za njo se bo nad Alpami in srednjo Evropo krepilo obmo\u010dje visokega zra\u010dnega tlaka. Od severovzhoda bo k nam dotekal hladnej\u0161i zrak.Slovenija\" \/>\n<meta property=\"og:url\" content=\"https:\/\/hudo.com\/si\/aktualno\/dez-se-bo-okrepil\/\" \/>\n<meta property=\"og:site_name\" content=\"Hudo Slovenija\" \/>\n<meta property=\"article:publisher\" content=\"https:\/\/www.facebook.com\/hudo.si\" \/>\n<meta property=\"article:published_time\" content=\"2016-08-21T12:00:00+00:00\" \/>\n<meta property=\"article:modified_time\" content=\"2016-08-22T11:06:27+00:00\" \/>\n<meta property=\"og:image\" content=\"https:\/\/hudo.com\/si\/wp-content\/uploads\/sites\/2\/2016\/08\/01404144F-300.jpg\" \/>\n\t<meta property=\"og:image:width\" content=\"450\" \/>\n\t<meta property=\"og:image:height\" content=\"331\" \/>\n\t<meta property=\"og:image:type\" content=\"image\/jpeg\" \/>\n<meta name=\"author\" content=\"hudo\" \/>\n<meta name=\"twitter:card\" content=\"summary_large_image\" \/>\n<meta name=\"twitter:creator\" content=\"@hudo_si\" \/>\n<meta name=\"twitter:site\" content=\"@hudo_si\" \/>\n<meta name=\"twitter:label1\" content=\"Written by\" \/>\n\t<meta name=\"twitter:data1\" content=\"hudo\" \/>\n\t<meta name=\"twitter:label2\" content=\"Est. reading time\" \/>\n\t<meta name=\"twitter:data2\" content=\"1 minuta\" \/>\n<script type=\"application\/ld+json\" class=\"yoast-schema-graph\">{\"@context\":\"https:\/\/schema.org\",\"@graph\":[{\"@type\":\"Article\",\"@id\":\"https:\/\/hudo.com\/si\/aktualno\/dez-se-bo-okrepil\/#article\",\"isPartOf\":{\"@id\":\"https:\/\/hudo.com\/si\/aktualno\/dez-se-bo-okrepil\/\"},\"author\":{\"name\":\"hudo\",\"@id\":\"https:\/\/hudo.com\/si\/#\/schema\/person\/601cf3379633985b20f7e50f2bb47707\"},\"headline\":\"De\u017e se bo okrepil\",\"datePublished\":\"2016-08-21T12:00:00+00:00\",\"dateModified\":\"2016-08-22T11:06:27+00:00\",\"mainEntityOfPage\":{\"@id\":\"https:\/\/hudo.com\/si\/aktualno\/dez-se-bo-okrepil\/\"},\"wordCount\":194,\"publisher\":{\"@id\":\"https:\/\/hudo.com\/si\/#organization\"},\"articleSection\":[\"Aktualno\"],\"inLanguage\":\"sl-SI\"},{\"@type\":\"WebPage\",\"@id\":\"https:\/\/hudo.com\/si\/aktualno\/dez-se-bo-okrepil\/\",\"url\":\"https:\/\/hudo.com\/si\/aktualno\/dez-se-bo-okrepil\/\",\"name\":\"De\u017e se bo okrepil - Hudo Slovenija\",\"isPartOf\":{\"@id\":\"https:\/\/hudo.com\/si\/#website\"},\"datePublished\":\"2016-08-21T12:00:00+00:00\",\"dateModified\":\"2016-08-22T11:06:27+00:00\",\"breadcrumb\":{\"@id\":\"https:\/\/hudo.com\/si\/aktualno\/dez-se-bo-okrepil\/#breadcrumb\"},\"inLanguage\":\"sl-SI\",\"potentialAction\":[{\"@type\":\"ReadAction\",\"target\":[\"https:\/\/hudo.com\/si\/aktualno\/dez-se-bo-okrepil\/\"]}]},{\"@type\":\"BreadcrumbList\",\"@id\":\"https:\/\/hudo.com\/si\/aktualno\/dez-se-bo-okrepil\/#breadcrumb\",\"itemListElement\":[{\"@type\":\"ListItem\",\"position\":1,\"name\":\"Home\",\"item\":\"https:\/\/hudo.com\/si\/\"},{\"@type\":\"ListItem\",\"position\":2,\"name\":\"De\u017e se bo okrepil\"}]},{\"@type\":\"WebSite\",\"@id\":\"https:\/\/hudo.com\/si\/#website\",\"url\":\"https:\/\/hudo.com\/si\/\",\"name\":\"Hudo Slovenija\",\"description\":\"Vse novice iz Slovenije in sveta\",\"publisher\":{\"@id\":\"https:\/\/hudo.com\/si\/#organization\"},\"potentialAction\":[{\"@type\":\"SearchAction\",\"target\":{\"@type\":\"EntryPoint\",\"urlTemplate\":\"https:\/\/hudo.com\/si\/?s={search_term_string}\"},\"query-input\":\"required name=search_term_string\"}],\"inLanguage\":\"sl-SI\"},{\"@type\":\"Organization\",\"@id\":\"https:\/\/hudo.com\/si\/#organization\",\"name\":\"VSN Media\",\"url\":\"https:\/\/hudo.com\/si\/\",\"logo\":{\"@type\":\"ImageObject\",\"inLanguage\":\"sl-SI\",\"@id\":\"https:\/\/hudo.com\/si\/#\/schema\/logo\/image\/\",\"url\":\"https:\/\/hudo.com\/si\/wp-content\/uploads\/sites\/2\/2021\/03\/hudo-app-2.png\",\"contentUrl\":\"https:\/\/hudo.com\/si\/wp-content\/uploads\/sites\/2\/2021\/03\/hudo-app-2.png\",\"width\":2185,\"height\":2167,\"caption\":\"VSN Media\"},\"image\":{\"@id\":\"https:\/\/hudo.com\/si\/#\/schema\/logo\/image\/\"},\"sameAs\":[\"https:\/\/www.facebook.com\/hudo.si\",\"https:\/\/twitter.com\/hudo_si\"]},{\"@type\":\"Person\",\"@id\":\"https:\/\/hudo.com\/si\/#\/schema\/person\/601cf3379633985b20f7e50f2bb47707\",\"name\":\"hudo\",\"image\":{\"@type\":\"ImageObject\",\"inLanguage\":\"sl-SI\",\"@id\":\"https:\/\/hudo.com\/si\/#\/schema\/person\/image\/\",\"url\":\"https:\/\/secure.gravatar.com\/avatar\/c4ca25fa72cace7a696b52ff5db9e095?s=96&d=mm&r=g\",\"contentUrl\":\"https:\/\/secure.gravatar.com\/avatar\/c4ca25fa72cace7a696b52ff5db9e095?s=96&d=mm&r=g\",\"caption\":\"hudo\"},\"url\":\"https:\/\/hudo.com\/si\/author\/hudo\/\"}]}<\/script>\n<!-- \/ Yoast SEO plugin. -->","yoast_head_json":{"title":"De\u017e se bo okrepil - Hudo Slovenija","robots":{"index":"index","follow":"follow","max-snippet":"max-snippet:-1","max-image-preview":"max-image-preview:large","max-video-preview":"max-video-preview:-1"},"canonical":"https:\/\/hudo.com\/si\/aktualno\/dez-se-bo-okrepil\/","og_locale":"sl_SI","og_type":"article","og_title":"De\u017e se bo okrepil - Hudo Slovenija","og_description":"Zve\u010der se bo de\u017e od zahoda okrepil, predvsem ob morju bodo tudi nevihte. Ponekod na severu bo prehodno zapihal okrepljen severnik, okrepila se bo tudi burja na Primorskem. Do zjutraj bo de\u017e od severozahoda ponehal, jasnilo se bo. Jutranje temperature bodo od 7 do 14, ob morju okoli 17 stopinj, je zapisano na spletnih straneh Agencije RS za okolje. Jutri bo delno jasno z ob\u010dasno pove\u010dano obla\u010dnostjo, ki jo bo ve\u010d v vzhodni polovici dr\u017eave. Tam bodo popoldne posamezne kratkotrajne plohe. Ponekod bo \u0161e pihal severni veter, burja na Primorskem pa bo slabela in popoldne prehodno ponehala. Najvi\u0161je dnevne temperature bodo od 22 do 27 stopinj Celzija. V torek bo prete\u017eno jasno, le na vzhodu ob\u010dasno zmerno obla\u010dno. Ponekod bo \u0161e pihal severovzhodni veter, na Primorskem \u0161ibka burja. V sredo in \u010detrtek bo prete\u017eno jasno. Zjutraj bo sve\u017ee, morda ponekod megleno. Na Primorskem bo pihala \u0161ibka burja. Hladna fronta bo v prvem delu no\u010di pre\u0161la Slovenijo. Za njo se bo nad Alpami in srednjo Evropo krepilo obmo\u010dje visokega zra\u010dnega tlaka. Od severovzhoda bo k nam dotekal hladnej\u0161i zrak.Slovenija","og_url":"https:\/\/hudo.com\/si\/aktualno\/dez-se-bo-okrepil\/","og_site_name":"Hudo Slovenija","article_publisher":"https:\/\/www.facebook.com\/hudo.si","article_published_time":"2016-08-21T12:00:00+00:00","article_modified_time":"2016-08-22T11:06:27+00:00","og_image":[{"width":450,"height":331,"url":"https:\/\/hudo.com\/si\/wp-content\/uploads\/sites\/2\/2016\/08\/01404144F-300.jpg","type":"image\/jpeg"}],"author":"hudo","twitter_card":"summary_large_image","twitter_creator":"@hudo_si","twitter_site":"@hudo_si","twitter_misc":{"Written by":"hudo","Est. reading time":"1 minuta"},"schema":{"@context":"https:\/\/schema.org","@graph":[{"@type":"Article","@id":"https:\/\/hudo.com\/si\/aktualno\/dez-se-bo-okrepil\/#article","isPartOf":{"@id":"https:\/\/hudo.com\/si\/aktualno\/dez-se-bo-okrepil\/"},"author":{"name":"hudo","@id":"https:\/\/hudo.com\/si\/#\/schema\/person\/601cf3379633985b20f7e50f2bb47707"},"headline":"De\u017e se bo okrepil","datePublished":"2016-08-21T12:00:00+00:00","dateModified":"2016-08-22T11:06:27+00:00","mainEntityOfPage":{"@id":"https:\/\/hudo.com\/si\/aktualno\/dez-se-bo-okrepil\/"},"wordCount":194,"publisher":{"@id":"https:\/\/hudo.com\/si\/#organization"},"articleSection":["Aktualno"],"inLanguage":"sl-SI"},{"@type":"WebPage","@id":"https:\/\/hudo.com\/si\/aktualno\/dez-se-bo-okrepil\/","url":"https:\/\/hudo.com\/si\/aktualno\/dez-se-bo-okrepil\/","name":"De\u017e se bo okrepil - Hudo Slovenija","isPartOf":{"@id":"https:\/\/hudo.com\/si\/#website"},"datePublished":"2016-08-21T12:00:00+00:00","dateModified":"2016-08-22T11:06:27+00:00","breadcrumb":{"@id":"https:\/\/hudo.com\/si\/aktualno\/dez-se-bo-okrepil\/#breadcrumb"},"inLanguage":"sl-SI","potentialAction":[{"@type":"ReadAction","target":["https:\/\/hudo.com\/si\/aktualno\/dez-se-bo-okrepil\/"]}]},{"@type":"BreadcrumbList","@id":"https:\/\/hudo.com\/si\/aktualno\/dez-se-bo-okrepil\/#breadcrumb","itemListElement":[{"@type":"ListItem","position":1,"name":"Home","item":"https:\/\/hudo.com\/si\/"},{"@type":"ListItem","position":2,"name":"De\u017e se bo okrepil"}]},{"@type":"WebSite","@id":"https:\/\/hudo.com\/si\/#website","url":"https:\/\/hudo.com\/si\/","name":"Hudo Slovenija","description":"Vse novice iz Slovenije in sveta","publisher":{"@id":"https:\/\/hudo.com\/si\/#organization"},"potentialAction":[{"@type":"SearchAction","target":{"@type":"EntryPoint","urlTemplate":"https:\/\/hudo.com\/si\/?s={search_term_string}"},"query-input":"required name=search_term_string"}],"inLanguage":"sl-SI"},{"@type":"Organization","@id":"https:\/\/hudo.com\/si\/#organization","name":"VSN Media","url":"https:\/\/hudo.com\/si\/","logo":{"@type":"ImageObject","inLanguage":"sl-SI","@id":"https:\/\/hudo.com\/si\/#\/schema\/logo\/image\/","url":"https:\/\/hudo.com\/si\/wp-content\/uploads\/sites\/2\/2021\/03\/hudo-app-2.png","contentUrl":"https:\/\/hudo.com\/si\/wp-content\/uploads\/sites\/2\/2021\/03\/hudo-app-2.png","width":2185,"height":2167,"caption":"VSN Media"},"image":{"@id":"https:\/\/hudo.com\/si\/#\/schema\/logo\/image\/"},"sameAs":["https:\/\/www.facebook.com\/hudo.si","https:\/\/twitter.com\/hudo_si"]},{"@type":"Person","@id":"https:\/\/hudo.com\/si\/#\/schema\/person\/601cf3379633985b20f7e50f2bb47707","name":"hudo","image":{"@type":"ImageObject","inLanguage":"sl-SI","@id":"https:\/\/hudo.com\/si\/#\/schema\/person\/image\/","url":"https:\/\/secure.gravatar.com\/avatar\/c4ca25fa72cace7a696b52ff5db9e095?s=96&d=mm&r=g","contentUrl":"https:\/\/secure.gravatar.com\/avatar\/c4ca25fa72cace7a696b52ff5db9e095?s=96&d=mm&r=g","caption":"hudo"},"url":"https:\/\/hudo.com\/si\/author\/hudo\/"}]}},"amp_enabled":true,"_links":{"self":[{"href":"https:\/\/hudo.com\/si\/wp-json\/wp\/v2\/posts\/117696"}],"collection":[{"href":"https:\/\/hudo.com\/si\/wp-json\/wp\/v2\/posts"}],"about":[{"href":"https:\/\/hudo.com\/si\/wp-json\/wp\/v2\/types\/post"}],"author":[{"embeddable":true,"href":"https:\/\/hudo.com\/si\/wp-json\/wp\/v2\/users\/1"}],"replies":[{"embeddable":true,"href":"https:\/\/hudo.com\/si\/wp-json\/wp\/v2\/comments?post=117696"}],"version-history":[{"count":1,"href":"https:\/\/hudo.com\/si\/wp-json\/wp\/v2\/posts\/117696\/revisions"}],"predecessor-version":[{"id":117855,"href":"https:\/\/hudo.com\/si\/wp-json\/wp\/v2\/posts\/117696\/revisions\/117855"}],"wp:attachment":[{"href":"https:\/\/hudo.com\/si\/wp-json\/wp\/v2\/media?parent=117696"}],"wp:term":[{"taxonomy":"category","embeddable":true,"href":"https:\/\/hudo.com\/si\/wp-json\/wp\/v2\/categories?post=117696"},{"taxonomy":"post_tag","embeddable":true,"href":"https:\/\/hudo.com\/si\/wp-json\/wp\/v2\/tags?post=117696"},{"taxonomy":"source","embeddable":true,"href":"https:\/\/hudo.com\/si\/wp-json\/wp\/v2\/source?post=117696"},{"taxonomy":"supertag","embeddable":true,"href":"https:\/\/hudo.com\/si\/wp-json\/wp\/v2\/supertag?post=117696"}],"curies":[{"name":"wp","href":"https:\/\/api.w.org\/{rel}","templated":true}]}}