{"id":117807,"date":"2016-08-21T19:44:00","date_gmt":"2016-08-21T17:44:00","guid":{"rendered":"http:\/\/hudo.com\/si\/2016\/08\/21\/izolani-z-zbogarjem-proslavili-olimpijski-uspeh\/"},"modified":"2016-08-21T19:44:00","modified_gmt":"2016-08-21T17:44:00","slug":"izolani-z-zbogarjem-proslavili-olimpijski-uspeh","status":"publish","type":"post","link":"https:\/\/hudo.com\/si\/aktualno\/izolani-z-zbogarjem-proslavili-olimpijski-uspeh\/","title":{"rendered":"Izolani z \u017dbogarjem proslavili olimpijski uspeh"},"content":{"rendered":"<p>Kategorija: OI 2016 Sun, 21 Aug 2016 21:44:00 +0200  Izola &#8211; Jadralca Vasilija \u017dbogarja, ki se je z olimpijskih iger v Riu de Janeiru vrnil s srebrno kolajno v razredu finn, je danes v Izoli pri\u010dakala mno\u017eica doma\u010dih navija\u010dev in skupaj z Vaskotom, kot ga kli\u010dejo, proslavila naslov olimpijskega podprvaka. \u017dbogar je doma\u010do Izolo \u0161e tretji\u010d oven\u010dal z olimpijsko medaljo. Tudi ko je osvojil srebro v Pekingu 2008 in bron v Atenah 2004 ter osvajal odli\u010dja na evropskih in svetovnem prvenstvu, se je Izola veselila skupaj z njim. Ni\u010d druga\u010de ni bilo danes, ko je ve\u010dtiso\u010dglava mno\u017eica na Velikem trgu pri\u010dakala doma\u010dega asa. \u00bbNi\u010d ni lep\u0161ega, kot videti toliko veselja skupaj,\u00ab je bil ob pogledu na tako \u0161tevil\u010dno mno\u017eico, ki se je zbrala v sredi\u0161\u010du Izole, ganjen \u017dbogar. Spomnil se je sprejema izpred \u0161tirih let, ko se je iz Londona vrnil\u00a0&#8230;<\/p>\n","protected":false},"excerpt":{"rendered":"<p>Kategorija: OI 2016 Sun, 21 Aug 2016 21:44:00 +0200  Izola &#8211; Jadralca Vasilija \u017dbogarja, ki se je z olimpijskih iger v Riu de Janeiru vrnil s srebrno kolajno v razredu finn, je danes v Izoli pri\u010dakala mno\u017eica doma\u010dih navija\u010dev in skupaj z Vaskotom, kot ga kli\u010dejo, proslavila naslov olimpijskega podprvaka. \u017dbogar je doma\u010do Izolo \u0161e tretji\u010d oven\u010dal z olimpijsko medaljo. Tudi ko je osvojil srebro v Pekingu 2008 in bron v Atenah 2004 ter osvajal odli\u010dja na evropskih in svetovnem prvenstvu, se je Izola veselila skupaj z njim. Ni\u010d druga\u010de ni bilo danes, ko je ve\u010dtiso\u010dglava mno\u017eica na Velikem trgu pri\u010dakala doma\u010dega asa. \u00bbNi\u010d ni lep\u0161ega, kot videti toliko veselja skupaj,\u00ab je bil ob pogledu na tako \u0161tevil\u010dno mno\u017eico, ki se je zbrala v sredi\u0161\u010du Izole, ganjen \u017dbogar. Spomnil se je sprejema izpred \u0161tirih let, ko se je iz Londona vrnil\u00a0&#8230;<\/p>\n","protected":false},"author":1,"featured_media":0,"comment_status":"closed","ping_status":"closed","sticky":false,"template":"","format":"standard","meta":{"footnotes":""},"categories":[1179],"tags":[],"source":[4511],"supertag":[],"acf":[],"yoast_head":"<!-- This site is optimized with the Yoast SEO plugin v21.3 - https:\/\/yoast.com\/wordpress\/plugins\/seo\/ -->\n<title>Izolani z \u017dbogarjem proslavili olimpijski uspeh - Hudo Slovenija<\/title>\n<meta name=\"robots\" content=\"index, follow, max-snippet:-1, max-image-preview:large, max-video-preview:-1\" \/>\n<link rel=\"canonical\" href=\"https:\/\/hudo.com\/si\/aktualno\/izolani-z-zbogarjem-proslavili-olimpijski-uspeh\/\" \/>\n<meta property=\"og:locale\" content=\"sl_SI\" \/>\n<meta property=\"og:type\" content=\"article\" \/>\n<meta property=\"og:title\" content=\"Izolani z \u017dbogarjem proslavili olimpijski uspeh - Hudo Slovenija\" \/>\n<meta property=\"og:description\" content=\"Kategorija: OI 2016 Sun, 21 Aug 2016 21:44:00 +0200 Izola - Jadralca Vasilija \u017dbogarja, ki se je z olimpijskih iger v Riu de Janeiru vrnil s srebrno kolajno v razredu finn, je danes v Izoli pri\u010dakala mno\u017eica doma\u010dih navija\u010dev in skupaj z Vaskotom, kot ga kli\u010dejo, proslavila naslov olimpijskega podprvaka. \u017dbogar je doma\u010do Izolo \u0161e tretji\u010d oven\u010dal z olimpijsko medaljo. Tudi ko je osvojil srebro v Pekingu 2008 in bron v Atenah 2004 ter osvajal odli\u010dja na evropskih in svetovnem prvenstvu, se je Izola veselila skupaj z njim. Ni\u010d druga\u010de ni bilo danes, ko je ve\u010dtiso\u010dglava mno\u017eica na Velikem trgu pri\u010dakala doma\u010dega asa. \u00bbNi\u010d ni lep\u0161ega, kot videti toliko veselja skupaj,\u00ab je bil ob pogledu na tako \u0161tevil\u010dno mno\u017eico, ki se je zbrala v sredi\u0161\u010du Izole, ganjen \u017dbogar. Spomnil se je sprejema izpred \u0161tirih let, ko se je iz Londona vrnil\u00a0...\" \/>\n<meta property=\"og:url\" content=\"https:\/\/hudo.com\/si\/aktualno\/izolani-z-zbogarjem-proslavili-olimpijski-uspeh\/\" \/>\n<meta property=\"og:site_name\" content=\"Hudo Slovenija\" \/>\n<meta property=\"article:publisher\" content=\"https:\/\/www.facebook.com\/hudo.si\" \/>\n<meta property=\"article:published_time\" content=\"2016-08-21T17:44:00+00:00\" \/>\n<meta property=\"og:image\" content=\"https:\/\/hudo.com\/si\/wp-content\/uploads\/sites\/2\/2016\/08\/480x290_Delo_Foto-20160821204711-64716400.jpeg\" \/>\n\t<meta property=\"og:image:width\" content=\"480\" \/>\n\t<meta property=\"og:image:height\" content=\"290\" \/>\n\t<meta property=\"og:image:type\" content=\"image\/jpeg\" \/>\n<meta name=\"author\" content=\"hudo\" \/>\n<meta name=\"twitter:card\" content=\"summary_large_image\" \/>\n<meta name=\"twitter:creator\" content=\"@hudo_si\" \/>\n<meta name=\"twitter:site\" content=\"@hudo_si\" \/>\n<meta name=\"twitter:label1\" content=\"Written by\" \/>\n\t<meta name=\"twitter:data1\" content=\"hudo\" \/>\n\t<meta name=\"twitter:label2\" content=\"Est. reading time\" \/>\n\t<meta name=\"twitter:data2\" content=\"1 minuta\" \/>\n<script type=\"application\/ld+json\" class=\"yoast-schema-graph\">{\"@context\":\"https:\/\/schema.org\",\"@graph\":[{\"@type\":\"Article\",\"@id\":\"https:\/\/hudo.com\/si\/aktualno\/izolani-z-zbogarjem-proslavili-olimpijski-uspeh\/#article\",\"isPartOf\":{\"@id\":\"https:\/\/hudo.com\/si\/aktualno\/izolani-z-zbogarjem-proslavili-olimpijski-uspeh\/\"},\"author\":{\"name\":\"hudo\",\"@id\":\"https:\/\/hudo.com\/si\/#\/schema\/person\/601cf3379633985b20f7e50f2bb47707\"},\"headline\":\"Izolani z \u017dbogarjem proslavili olimpijski uspeh\",\"datePublished\":\"2016-08-21T17:44:00+00:00\",\"dateModified\":\"2016-08-21T17:44:00+00:00\",\"mainEntityOfPage\":{\"@id\":\"https:\/\/hudo.com\/si\/aktualno\/izolani-z-zbogarjem-proslavili-olimpijski-uspeh\/\"},\"wordCount\":158,\"publisher\":{\"@id\":\"https:\/\/hudo.com\/si\/#organization\"},\"articleSection\":[\"Aktualno\"],\"inLanguage\":\"sl-SI\"},{\"@type\":\"WebPage\",\"@id\":\"https:\/\/hudo.com\/si\/aktualno\/izolani-z-zbogarjem-proslavili-olimpijski-uspeh\/\",\"url\":\"https:\/\/hudo.com\/si\/aktualno\/izolani-z-zbogarjem-proslavili-olimpijski-uspeh\/\",\"name\":\"Izolani z \u017dbogarjem proslavili olimpijski uspeh - Hudo Slovenija\",\"isPartOf\":{\"@id\":\"https:\/\/hudo.com\/si\/#website\"},\"datePublished\":\"2016-08-21T17:44:00+00:00\",\"dateModified\":\"2016-08-21T17:44:00+00:00\",\"breadcrumb\":{\"@id\":\"https:\/\/hudo.com\/si\/aktualno\/izolani-z-zbogarjem-proslavili-olimpijski-uspeh\/#breadcrumb\"},\"inLanguage\":\"sl-SI\",\"potentialAction\":[{\"@type\":\"ReadAction\",\"target\":[\"https:\/\/hudo.com\/si\/aktualno\/izolani-z-zbogarjem-proslavili-olimpijski-uspeh\/\"]}]},{\"@type\":\"BreadcrumbList\",\"@id\":\"https:\/\/hudo.com\/si\/aktualno\/izolani-z-zbogarjem-proslavili-olimpijski-uspeh\/#breadcrumb\",\"itemListElement\":[{\"@type\":\"ListItem\",\"position\":1,\"name\":\"Home\",\"item\":\"https:\/\/hudo.com\/si\/\"},{\"@type\":\"ListItem\",\"position\":2,\"name\":\"Izolani z \u017dbogarjem proslavili olimpijski uspeh\"}]},{\"@type\":\"WebSite\",\"@id\":\"https:\/\/hudo.com\/si\/#website\",\"url\":\"https:\/\/hudo.com\/si\/\",\"name\":\"Hudo Slovenija\",\"description\":\"Vse novice iz Slovenije in sveta\",\"publisher\":{\"@id\":\"https:\/\/hudo.com\/si\/#organization\"},\"potentialAction\":[{\"@type\":\"SearchAction\",\"target\":{\"@type\":\"EntryPoint\",\"urlTemplate\":\"https:\/\/hudo.com\/si\/?s={search_term_string}\"},\"query-input\":\"required name=search_term_string\"}],\"inLanguage\":\"sl-SI\"},{\"@type\":\"Organization\",\"@id\":\"https:\/\/hudo.com\/si\/#organization\",\"name\":\"VSN Media\",\"url\":\"https:\/\/hudo.com\/si\/\",\"logo\":{\"@type\":\"ImageObject\",\"inLanguage\":\"sl-SI\",\"@id\":\"https:\/\/hudo.com\/si\/#\/schema\/logo\/image\/\",\"url\":\"https:\/\/hudo.com\/si\/wp-content\/uploads\/sites\/2\/2021\/03\/hudo-app-2.png\",\"contentUrl\":\"https:\/\/hudo.com\/si\/wp-content\/uploads\/sites\/2\/2021\/03\/hudo-app-2.png\",\"width\":2185,\"height\":2167,\"caption\":\"VSN Media\"},\"image\":{\"@id\":\"https:\/\/hudo.com\/si\/#\/schema\/logo\/image\/\"},\"sameAs\":[\"https:\/\/www.facebook.com\/hudo.si\",\"https:\/\/twitter.com\/hudo_si\"]},{\"@type\":\"Person\",\"@id\":\"https:\/\/hudo.com\/si\/#\/schema\/person\/601cf3379633985b20f7e50f2bb47707\",\"name\":\"hudo\",\"image\":{\"@type\":\"ImageObject\",\"inLanguage\":\"sl-SI\",\"@id\":\"https:\/\/hudo.com\/si\/#\/schema\/person\/image\/\",\"url\":\"https:\/\/secure.gravatar.com\/avatar\/c4ca25fa72cace7a696b52ff5db9e095?s=96&d=mm&r=g\",\"contentUrl\":\"https:\/\/secure.gravatar.com\/avatar\/c4ca25fa72cace7a696b52ff5db9e095?s=96&d=mm&r=g\",\"caption\":\"hudo\"},\"url\":\"https:\/\/hudo.com\/si\/author\/hudo\/\"}]}<\/script>\n<!-- \/ Yoast SEO plugin. -->","yoast_head_json":{"title":"Izolani z \u017dbogarjem proslavili olimpijski uspeh - Hudo Slovenija","robots":{"index":"index","follow":"follow","max-snippet":"max-snippet:-1","max-image-preview":"max-image-preview:large","max-video-preview":"max-video-preview:-1"},"canonical":"https:\/\/hudo.com\/si\/aktualno\/izolani-z-zbogarjem-proslavili-olimpijski-uspeh\/","og_locale":"sl_SI","og_type":"article","og_title":"Izolani z \u017dbogarjem proslavili olimpijski uspeh - Hudo Slovenija","og_description":"Kategorija: OI 2016 Sun, 21 Aug 2016 21:44:00 +0200 Izola - Jadralca Vasilija \u017dbogarja, ki se je z olimpijskih iger v Riu de Janeiru vrnil s srebrno kolajno v razredu finn, je danes v Izoli pri\u010dakala mno\u017eica doma\u010dih navija\u010dev in skupaj z Vaskotom, kot ga kli\u010dejo, proslavila naslov olimpijskega podprvaka. \u017dbogar je doma\u010do Izolo \u0161e tretji\u010d oven\u010dal z olimpijsko medaljo. Tudi ko je osvojil srebro v Pekingu 2008 in bron v Atenah 2004 ter osvajal odli\u010dja na evropskih in svetovnem prvenstvu, se je Izola veselila skupaj z njim. Ni\u010d druga\u010de ni bilo danes, ko je ve\u010dtiso\u010dglava mno\u017eica na Velikem trgu pri\u010dakala doma\u010dega asa. \u00bbNi\u010d ni lep\u0161ega, kot videti toliko veselja skupaj,\u00ab je bil ob pogledu na tako \u0161tevil\u010dno mno\u017eico, ki se je zbrala v sredi\u0161\u010du Izole, ganjen \u017dbogar. Spomnil se je sprejema izpred \u0161tirih let, ko se je iz Londona vrnil\u00a0...","og_url":"https:\/\/hudo.com\/si\/aktualno\/izolani-z-zbogarjem-proslavili-olimpijski-uspeh\/","og_site_name":"Hudo Slovenija","article_publisher":"https:\/\/www.facebook.com\/hudo.si","article_published_time":"2016-08-21T17:44:00+00:00","og_image":[{"width":480,"height":290,"url":"https:\/\/hudo.com\/si\/wp-content\/uploads\/sites\/2\/2016\/08\/480x290_Delo_Foto-20160821204711-64716400.jpeg","type":"image\/jpeg"}],"author":"hudo","twitter_card":"summary_large_image","twitter_creator":"@hudo_si","twitter_site":"@hudo_si","twitter_misc":{"Written by":"hudo","Est. reading time":"1 minuta"},"schema":{"@context":"https:\/\/schema.org","@graph":[{"@type":"Article","@id":"https:\/\/hudo.com\/si\/aktualno\/izolani-z-zbogarjem-proslavili-olimpijski-uspeh\/#article","isPartOf":{"@id":"https:\/\/hudo.com\/si\/aktualno\/izolani-z-zbogarjem-proslavili-olimpijski-uspeh\/"},"author":{"name":"hudo","@id":"https:\/\/hudo.com\/si\/#\/schema\/person\/601cf3379633985b20f7e50f2bb47707"},"headline":"Izolani z \u017dbogarjem proslavili olimpijski uspeh","datePublished":"2016-08-21T17:44:00+00:00","dateModified":"2016-08-21T17:44:00+00:00","mainEntityOfPage":{"@id":"https:\/\/hudo.com\/si\/aktualno\/izolani-z-zbogarjem-proslavili-olimpijski-uspeh\/"},"wordCount":158,"publisher":{"@id":"https:\/\/hudo.com\/si\/#organization"},"articleSection":["Aktualno"],"inLanguage":"sl-SI"},{"@type":"WebPage","@id":"https:\/\/hudo.com\/si\/aktualno\/izolani-z-zbogarjem-proslavili-olimpijski-uspeh\/","url":"https:\/\/hudo.com\/si\/aktualno\/izolani-z-zbogarjem-proslavili-olimpijski-uspeh\/","name":"Izolani z \u017dbogarjem proslavili olimpijski uspeh - Hudo Slovenija","isPartOf":{"@id":"https:\/\/hudo.com\/si\/#website"},"datePublished":"2016-08-21T17:44:00+00:00","dateModified":"2016-08-21T17:44:00+00:00","breadcrumb":{"@id":"https:\/\/hudo.com\/si\/aktualno\/izolani-z-zbogarjem-proslavili-olimpijski-uspeh\/#breadcrumb"},"inLanguage":"sl-SI","potentialAction":[{"@type":"ReadAction","target":["https:\/\/hudo.com\/si\/aktualno\/izolani-z-zbogarjem-proslavili-olimpijski-uspeh\/"]}]},{"@type":"BreadcrumbList","@id":"https:\/\/hudo.com\/si\/aktualno\/izolani-z-zbogarjem-proslavili-olimpijski-uspeh\/#breadcrumb","itemListElement":[{"@type":"ListItem","position":1,"name":"Home","item":"https:\/\/hudo.com\/si\/"},{"@type":"ListItem","position":2,"name":"Izolani z \u017dbogarjem proslavili olimpijski uspeh"}]},{"@type":"WebSite","@id":"https:\/\/hudo.com\/si\/#website","url":"https:\/\/hudo.com\/si\/","name":"Hudo Slovenija","description":"Vse novice iz Slovenije in sveta","publisher":{"@id":"https:\/\/hudo.com\/si\/#organization"},"potentialAction":[{"@type":"SearchAction","target":{"@type":"EntryPoint","urlTemplate":"https:\/\/hudo.com\/si\/?s={search_term_string}"},"query-input":"required name=search_term_string"}],"inLanguage":"sl-SI"},{"@type":"Organization","@id":"https:\/\/hudo.com\/si\/#organization","name":"VSN Media","url":"https:\/\/hudo.com\/si\/","logo":{"@type":"ImageObject","inLanguage":"sl-SI","@id":"https:\/\/hudo.com\/si\/#\/schema\/logo\/image\/","url":"https:\/\/hudo.com\/si\/wp-content\/uploads\/sites\/2\/2021\/03\/hudo-app-2.png","contentUrl":"https:\/\/hudo.com\/si\/wp-content\/uploads\/sites\/2\/2021\/03\/hudo-app-2.png","width":2185,"height":2167,"caption":"VSN Media"},"image":{"@id":"https:\/\/hudo.com\/si\/#\/schema\/logo\/image\/"},"sameAs":["https:\/\/www.facebook.com\/hudo.si","https:\/\/twitter.com\/hudo_si"]},{"@type":"Person","@id":"https:\/\/hudo.com\/si\/#\/schema\/person\/601cf3379633985b20f7e50f2bb47707","name":"hudo","image":{"@type":"ImageObject","inLanguage":"sl-SI","@id":"https:\/\/hudo.com\/si\/#\/schema\/person\/image\/","url":"https:\/\/secure.gravatar.com\/avatar\/c4ca25fa72cace7a696b52ff5db9e095?s=96&d=mm&r=g","contentUrl":"https:\/\/secure.gravatar.com\/avatar\/c4ca25fa72cace7a696b52ff5db9e095?s=96&d=mm&r=g","caption":"hudo"},"url":"https:\/\/hudo.com\/si\/author\/hudo\/"}]}},"amp_enabled":true,"_links":{"self":[{"href":"https:\/\/hudo.com\/si\/wp-json\/wp\/v2\/posts\/117807"}],"collection":[{"href":"https:\/\/hudo.com\/si\/wp-json\/wp\/v2\/posts"}],"about":[{"href":"https:\/\/hudo.com\/si\/wp-json\/wp\/v2\/types\/post"}],"author":[{"embeddable":true,"href":"https:\/\/hudo.com\/si\/wp-json\/wp\/v2\/users\/1"}],"replies":[{"embeddable":true,"href":"https:\/\/hudo.com\/si\/wp-json\/wp\/v2\/comments?post=117807"}],"version-history":[{"count":0,"href":"https:\/\/hudo.com\/si\/wp-json\/wp\/v2\/posts\/117807\/revisions"}],"wp:attachment":[{"href":"https:\/\/hudo.com\/si\/wp-json\/wp\/v2\/media?parent=117807"}],"wp:term":[{"taxonomy":"category","embeddable":true,"href":"https:\/\/hudo.com\/si\/wp-json\/wp\/v2\/categories?post=117807"},{"taxonomy":"post_tag","embeddable":true,"href":"https:\/\/hudo.com\/si\/wp-json\/wp\/v2\/tags?post=117807"},{"taxonomy":"source","embeddable":true,"href":"https:\/\/hudo.com\/si\/wp-json\/wp\/v2\/source?post=117807"},{"taxonomy":"supertag","embeddable":true,"href":"https:\/\/hudo.com\/si\/wp-json\/wp\/v2\/supertag?post=117807"}],"curies":[{"name":"wp","href":"https:\/\/api.w.org\/{rel}","templated":true}]}}