{"id":117821,"date":"2016-08-21T19:00:00","date_gmt":"2016-08-21T17:00:00","guid":{"rendered":"http:\/\/hudo.com\/si\/2016\/08\/21\/majhno-in-razdrobljeno-slovensko-kmetijstvo-je-v-podrejenem-polozaju\/"},"modified":"2016-08-22T05:37:31","modified_gmt":"2016-08-22T03:37:31","slug":"majhno-in-razdrobljeno-slovensko-kmetijstvo-je-v-podrejenem-polozaju","status":"publish","type":"post","link":"https:\/\/hudo.com\/si\/aktualno\/majhno-in-razdrobljeno-slovensko-kmetijstvo-je-v-podrejenem-polozaju\/","title":{"rendered":"Majhno in razdrobljeno slovensko kmetijstvo je v podrejenem polo\u017eaju"},"content":{"rendered":"<p>Kategorija: Kmetijstvo Sun, 21 Aug 2016 21:00:00 +0200  Gornja Radgona \u2013 \u017de 54. mednarodni kmetijsko-\u017eivilski sejem Agra je z obljubo kmetom, da bo vlada kar se da dobro poskrbela zanje, v soboto odprl predsednik vlade Miro Cerar. Na sejmu, ki si ga bo mogo\u010de ogledati do \u010detrtka, sodeluje 1798 razstavljavcev iz 30 dr\u017eav, razteza pa se na 70.800 kvadratnih metrih razstavi\u0161\u010d in vzor\u010dnih nasadov. Razprave o kmetijski politiki in trenutnem polo\u017eaju slovenskih kmetov so \u0161e kako potrebne, sta \u017ee ob odprtju opozorila predsednik Kmetijsko-gozdarske zbornice Slovenije (KGZS) Cvetko Zupan\u010di\u010d in predsednik Zadru\u017ene zveze Slovenije Peter Vrisk. V evropski kmetijski politiki, ki \u010dedalje bolj postaja del tr\u017enega gospodarstva, je namre\u010d majhno in razdrobljeno slovensko kmetijstvo v podrejenem polo\u017eaju oziroma evropska skupna kmetijska politika nanj vpliva bolj negativno kot pozitivno, je dejal Zupan\u010di\u010d. Vrisk pa je opozoril, da so slovenski\u00a0&#8230;<\/p>\n","protected":false},"excerpt":{"rendered":"<p>Kategorija: Kmetijstvo Sun, 21 Aug 2016 21:00:00 +0200  Gornja Radgona \u2013 \u017de 54. mednarodni kmetijsko-\u017eivilski sejem Agra je z obljubo kmetom, da bo vlada kar se da dobro poskrbela zanje, v soboto odprl predsednik vlade Miro Cerar. Na sejmu, ki si ga bo mogo\u010de ogledati do \u010detrtka, sodeluje 1798 razstavljavcev iz 30 dr\u017eav, razteza pa se na 70.800 kvadratnih metrih razstavi\u0161\u010d in vzor\u010dnih nasadov. Razprave o kmetijski politiki in trenutnem polo\u017eaju slovenskih kmetov so \u0161e kako potrebne, sta \u017ee ob odprtju opozorila predsednik Kmetijsko-gozdarske zbornice Slovenije (KGZS) Cvetko Zupan\u010di\u010d in predsednik Zadru\u017ene zveze Slovenije Peter Vrisk. V evropski kmetijski politiki, ki \u010dedalje bolj postaja del tr\u017enega gospodarstva, je namre\u010d majhno in razdrobljeno slovensko kmetijstvo v podrejenem polo\u017eaju oziroma evropska skupna kmetijska politika nanj vpliva bolj negativno kot pozitivno, je dejal Zupan\u010di\u010d. Vrisk pa je opozoril, da so slovenski\u00a0&#8230;<\/p>\n","protected":false},"author":1,"featured_media":0,"comment_status":"closed","ping_status":"closed","sticky":false,"template":"","format":"standard","meta":{"footnotes":""},"categories":[1179],"tags":[],"source":[4511],"supertag":[],"acf":[],"yoast_head":"<!-- This site is optimized with the Yoast SEO plugin v21.3 - https:\/\/yoast.com\/wordpress\/plugins\/seo\/ -->\n<title>Majhno in razdrobljeno slovensko kmetijstvo je v podrejenem polo\u017eaju - Hudo Slovenija<\/title>\n<meta name=\"robots\" content=\"index, follow, max-snippet:-1, max-image-preview:large, max-video-preview:-1\" \/>\n<link rel=\"canonical\" href=\"https:\/\/hudo.com\/si\/aktualno\/majhno-in-razdrobljeno-slovensko-kmetijstvo-je-v-podrejenem-polozaju\/\" \/>\n<meta property=\"og:locale\" content=\"sl_SI\" \/>\n<meta property=\"og:type\" content=\"article\" \/>\n<meta property=\"og:title\" content=\"Majhno in razdrobljeno slovensko kmetijstvo je v podrejenem polo\u017eaju - Hudo Slovenija\" \/>\n<meta property=\"og:description\" content=\"Kategorija: Kmetijstvo Sun, 21 Aug 2016 21:00:00 +0200 Gornja Radgona \u2013 \u017de 54. mednarodni kmetijsko-\u017eivilski sejem Agra je z obljubo kmetom, da bo vlada kar se da dobro poskrbela zanje, v soboto odprl predsednik vlade Miro Cerar. Na sejmu, ki si ga bo mogo\u010de ogledati do \u010detrtka, sodeluje 1798 razstavljavcev iz 30 dr\u017eav, razteza pa se na 70.800 kvadratnih metrih razstavi\u0161\u010d in vzor\u010dnih nasadov. Razprave o kmetijski politiki in trenutnem polo\u017eaju slovenskih kmetov so \u0161e kako potrebne, sta \u017ee ob odprtju opozorila predsednik Kmetijsko-gozdarske zbornice Slovenije (KGZS) Cvetko Zupan\u010di\u010d in predsednik Zadru\u017ene zveze Slovenije Peter Vrisk. V evropski kmetijski politiki, ki \u010dedalje bolj postaja del tr\u017enega gospodarstva, je namre\u010d majhno in razdrobljeno slovensko kmetijstvo v podrejenem polo\u017eaju oziroma evropska skupna kmetijska politika nanj vpliva bolj negativno kot pozitivno, je dejal Zupan\u010di\u010d. Vrisk pa je opozoril, da so slovenski\u00a0...\" \/>\n<meta property=\"og:url\" content=\"https:\/\/hudo.com\/si\/aktualno\/majhno-in-razdrobljeno-slovensko-kmetijstvo-je-v-podrejenem-polozaju\/\" \/>\n<meta property=\"og:site_name\" content=\"Hudo Slovenija\" \/>\n<meta property=\"article:publisher\" content=\"https:\/\/www.facebook.com\/hudo.si\" \/>\n<meta property=\"article:published_time\" content=\"2016-08-21T17:00:00+00:00\" \/>\n<meta property=\"article:modified_time\" content=\"2016-08-22T03:37:31+00:00\" \/>\n<meta property=\"og:image\" content=\"https:\/\/hudo.com\/si\/wp-content\/uploads\/sites\/2\/2016\/08\/480x290_Gospodarska__Delo_Foto_2016.3_hires0.jpeg\" \/>\n\t<meta property=\"og:image:width\" content=\"480\" \/>\n\t<meta property=\"og:image:height\" content=\"290\" \/>\n\t<meta property=\"og:image:type\" content=\"image\/jpeg\" \/>\n<meta name=\"author\" content=\"hudo\" \/>\n<meta name=\"twitter:card\" content=\"summary_large_image\" \/>\n<meta name=\"twitter:creator\" content=\"@hudo_si\" \/>\n<meta name=\"twitter:site\" content=\"@hudo_si\" \/>\n<meta name=\"twitter:label1\" content=\"Written by\" \/>\n\t<meta name=\"twitter:data1\" content=\"hudo\" \/>\n\t<meta name=\"twitter:label2\" content=\"Est. reading time\" \/>\n\t<meta name=\"twitter:data2\" content=\"1 minuta\" \/>\n<script type=\"application\/ld+json\" class=\"yoast-schema-graph\">{\"@context\":\"https:\/\/schema.org\",\"@graph\":[{\"@type\":\"Article\",\"@id\":\"https:\/\/hudo.com\/si\/aktualno\/majhno-in-razdrobljeno-slovensko-kmetijstvo-je-v-podrejenem-polozaju\/#article\",\"isPartOf\":{\"@id\":\"https:\/\/hudo.com\/si\/aktualno\/majhno-in-razdrobljeno-slovensko-kmetijstvo-je-v-podrejenem-polozaju\/\"},\"author\":{\"name\":\"hudo\",\"@id\":\"https:\/\/hudo.com\/si\/#\/schema\/person\/601cf3379633985b20f7e50f2bb47707\"},\"headline\":\"Majhno in razdrobljeno slovensko kmetijstvo je v podrejenem polo\u017eaju\",\"datePublished\":\"2016-08-21T17:00:00+00:00\",\"dateModified\":\"2016-08-22T03:37:31+00:00\",\"mainEntityOfPage\":{\"@id\":\"https:\/\/hudo.com\/si\/aktualno\/majhno-in-razdrobljeno-slovensko-kmetijstvo-je-v-podrejenem-polozaju\/\"},\"wordCount\":149,\"publisher\":{\"@id\":\"https:\/\/hudo.com\/si\/#organization\"},\"articleSection\":[\"Aktualno\"],\"inLanguage\":\"sl-SI\"},{\"@type\":\"WebPage\",\"@id\":\"https:\/\/hudo.com\/si\/aktualno\/majhno-in-razdrobljeno-slovensko-kmetijstvo-je-v-podrejenem-polozaju\/\",\"url\":\"https:\/\/hudo.com\/si\/aktualno\/majhno-in-razdrobljeno-slovensko-kmetijstvo-je-v-podrejenem-polozaju\/\",\"name\":\"Majhno in razdrobljeno slovensko kmetijstvo je v podrejenem polo\u017eaju - Hudo Slovenija\",\"isPartOf\":{\"@id\":\"https:\/\/hudo.com\/si\/#website\"},\"datePublished\":\"2016-08-21T17:00:00+00:00\",\"dateModified\":\"2016-08-22T03:37:31+00:00\",\"breadcrumb\":{\"@id\":\"https:\/\/hudo.com\/si\/aktualno\/majhno-in-razdrobljeno-slovensko-kmetijstvo-je-v-podrejenem-polozaju\/#breadcrumb\"},\"inLanguage\":\"sl-SI\",\"potentialAction\":[{\"@type\":\"ReadAction\",\"target\":[\"https:\/\/hudo.com\/si\/aktualno\/majhno-in-razdrobljeno-slovensko-kmetijstvo-je-v-podrejenem-polozaju\/\"]}]},{\"@type\":\"BreadcrumbList\",\"@id\":\"https:\/\/hudo.com\/si\/aktualno\/majhno-in-razdrobljeno-slovensko-kmetijstvo-je-v-podrejenem-polozaju\/#breadcrumb\",\"itemListElement\":[{\"@type\":\"ListItem\",\"position\":1,\"name\":\"Home\",\"item\":\"https:\/\/hudo.com\/si\/\"},{\"@type\":\"ListItem\",\"position\":2,\"name\":\"Majhno in razdrobljeno slovensko kmetijstvo je v podrejenem polo\u017eaju\"}]},{\"@type\":\"WebSite\",\"@id\":\"https:\/\/hudo.com\/si\/#website\",\"url\":\"https:\/\/hudo.com\/si\/\",\"name\":\"Hudo Slovenija\",\"description\":\"Vse novice iz Slovenije in sveta\",\"publisher\":{\"@id\":\"https:\/\/hudo.com\/si\/#organization\"},\"potentialAction\":[{\"@type\":\"SearchAction\",\"target\":{\"@type\":\"EntryPoint\",\"urlTemplate\":\"https:\/\/hudo.com\/si\/?s={search_term_string}\"},\"query-input\":\"required name=search_term_string\"}],\"inLanguage\":\"sl-SI\"},{\"@type\":\"Organization\",\"@id\":\"https:\/\/hudo.com\/si\/#organization\",\"name\":\"VSN Media\",\"url\":\"https:\/\/hudo.com\/si\/\",\"logo\":{\"@type\":\"ImageObject\",\"inLanguage\":\"sl-SI\",\"@id\":\"https:\/\/hudo.com\/si\/#\/schema\/logo\/image\/\",\"url\":\"https:\/\/hudo.com\/si\/wp-content\/uploads\/sites\/2\/2021\/03\/hudo-app-2.png\",\"contentUrl\":\"https:\/\/hudo.com\/si\/wp-content\/uploads\/sites\/2\/2021\/03\/hudo-app-2.png\",\"width\":2185,\"height\":2167,\"caption\":\"VSN Media\"},\"image\":{\"@id\":\"https:\/\/hudo.com\/si\/#\/schema\/logo\/image\/\"},\"sameAs\":[\"https:\/\/www.facebook.com\/hudo.si\",\"https:\/\/twitter.com\/hudo_si\"]},{\"@type\":\"Person\",\"@id\":\"https:\/\/hudo.com\/si\/#\/schema\/person\/601cf3379633985b20f7e50f2bb47707\",\"name\":\"hudo\",\"image\":{\"@type\":\"ImageObject\",\"inLanguage\":\"sl-SI\",\"@id\":\"https:\/\/hudo.com\/si\/#\/schema\/person\/image\/\",\"url\":\"https:\/\/secure.gravatar.com\/avatar\/c4ca25fa72cace7a696b52ff5db9e095?s=96&d=mm&r=g\",\"contentUrl\":\"https:\/\/secure.gravatar.com\/avatar\/c4ca25fa72cace7a696b52ff5db9e095?s=96&d=mm&r=g\",\"caption\":\"hudo\"},\"url\":\"https:\/\/hudo.com\/si\/author\/hudo\/\"}]}<\/script>\n<!-- \/ Yoast SEO plugin. -->","yoast_head_json":{"title":"Majhno in razdrobljeno slovensko kmetijstvo je v podrejenem polo\u017eaju - Hudo Slovenija","robots":{"index":"index","follow":"follow","max-snippet":"max-snippet:-1","max-image-preview":"max-image-preview:large","max-video-preview":"max-video-preview:-1"},"canonical":"https:\/\/hudo.com\/si\/aktualno\/majhno-in-razdrobljeno-slovensko-kmetijstvo-je-v-podrejenem-polozaju\/","og_locale":"sl_SI","og_type":"article","og_title":"Majhno in razdrobljeno slovensko kmetijstvo je v podrejenem polo\u017eaju - Hudo Slovenija","og_description":"Kategorija: Kmetijstvo Sun, 21 Aug 2016 21:00:00 +0200 Gornja Radgona \u2013 \u017de 54. mednarodni kmetijsko-\u017eivilski sejem Agra je z obljubo kmetom, da bo vlada kar se da dobro poskrbela zanje, v soboto odprl predsednik vlade Miro Cerar. Na sejmu, ki si ga bo mogo\u010de ogledati do \u010detrtka, sodeluje 1798 razstavljavcev iz 30 dr\u017eav, razteza pa se na 70.800 kvadratnih metrih razstavi\u0161\u010d in vzor\u010dnih nasadov. Razprave o kmetijski politiki in trenutnem polo\u017eaju slovenskih kmetov so \u0161e kako potrebne, sta \u017ee ob odprtju opozorila predsednik Kmetijsko-gozdarske zbornice Slovenije (KGZS) Cvetko Zupan\u010di\u010d in predsednik Zadru\u017ene zveze Slovenije Peter Vrisk. V evropski kmetijski politiki, ki \u010dedalje bolj postaja del tr\u017enega gospodarstva, je namre\u010d majhno in razdrobljeno slovensko kmetijstvo v podrejenem polo\u017eaju oziroma evropska skupna kmetijska politika nanj vpliva bolj negativno kot pozitivno, je dejal Zupan\u010di\u010d. Vrisk pa je opozoril, da so slovenski\u00a0...","og_url":"https:\/\/hudo.com\/si\/aktualno\/majhno-in-razdrobljeno-slovensko-kmetijstvo-je-v-podrejenem-polozaju\/","og_site_name":"Hudo Slovenija","article_publisher":"https:\/\/www.facebook.com\/hudo.si","article_published_time":"2016-08-21T17:00:00+00:00","article_modified_time":"2016-08-22T03:37:31+00:00","og_image":[{"width":480,"height":290,"url":"https:\/\/hudo.com\/si\/wp-content\/uploads\/sites\/2\/2016\/08\/480x290_Gospodarska__Delo_Foto_2016.3_hires0.jpeg","type":"image\/jpeg"}],"author":"hudo","twitter_card":"summary_large_image","twitter_creator":"@hudo_si","twitter_site":"@hudo_si","twitter_misc":{"Written by":"hudo","Est. reading time":"1 minuta"},"schema":{"@context":"https:\/\/schema.org","@graph":[{"@type":"Article","@id":"https:\/\/hudo.com\/si\/aktualno\/majhno-in-razdrobljeno-slovensko-kmetijstvo-je-v-podrejenem-polozaju\/#article","isPartOf":{"@id":"https:\/\/hudo.com\/si\/aktualno\/majhno-in-razdrobljeno-slovensko-kmetijstvo-je-v-podrejenem-polozaju\/"},"author":{"name":"hudo","@id":"https:\/\/hudo.com\/si\/#\/schema\/person\/601cf3379633985b20f7e50f2bb47707"},"headline":"Majhno in razdrobljeno slovensko kmetijstvo je v podrejenem polo\u017eaju","datePublished":"2016-08-21T17:00:00+00:00","dateModified":"2016-08-22T03:37:31+00:00","mainEntityOfPage":{"@id":"https:\/\/hudo.com\/si\/aktualno\/majhno-in-razdrobljeno-slovensko-kmetijstvo-je-v-podrejenem-polozaju\/"},"wordCount":149,"publisher":{"@id":"https:\/\/hudo.com\/si\/#organization"},"articleSection":["Aktualno"],"inLanguage":"sl-SI"},{"@type":"WebPage","@id":"https:\/\/hudo.com\/si\/aktualno\/majhno-in-razdrobljeno-slovensko-kmetijstvo-je-v-podrejenem-polozaju\/","url":"https:\/\/hudo.com\/si\/aktualno\/majhno-in-razdrobljeno-slovensko-kmetijstvo-je-v-podrejenem-polozaju\/","name":"Majhno in razdrobljeno slovensko kmetijstvo je v podrejenem polo\u017eaju - Hudo Slovenija","isPartOf":{"@id":"https:\/\/hudo.com\/si\/#website"},"datePublished":"2016-08-21T17:00:00+00:00","dateModified":"2016-08-22T03:37:31+00:00","breadcrumb":{"@id":"https:\/\/hudo.com\/si\/aktualno\/majhno-in-razdrobljeno-slovensko-kmetijstvo-je-v-podrejenem-polozaju\/#breadcrumb"},"inLanguage":"sl-SI","potentialAction":[{"@type":"ReadAction","target":["https:\/\/hudo.com\/si\/aktualno\/majhno-in-razdrobljeno-slovensko-kmetijstvo-je-v-podrejenem-polozaju\/"]}]},{"@type":"BreadcrumbList","@id":"https:\/\/hudo.com\/si\/aktualno\/majhno-in-razdrobljeno-slovensko-kmetijstvo-je-v-podrejenem-polozaju\/#breadcrumb","itemListElement":[{"@type":"ListItem","position":1,"name":"Home","item":"https:\/\/hudo.com\/si\/"},{"@type":"ListItem","position":2,"name":"Majhno in razdrobljeno slovensko kmetijstvo je v podrejenem polo\u017eaju"}]},{"@type":"WebSite","@id":"https:\/\/hudo.com\/si\/#website","url":"https:\/\/hudo.com\/si\/","name":"Hudo Slovenija","description":"Vse novice iz Slovenije in sveta","publisher":{"@id":"https:\/\/hudo.com\/si\/#organization"},"potentialAction":[{"@type":"SearchAction","target":{"@type":"EntryPoint","urlTemplate":"https:\/\/hudo.com\/si\/?s={search_term_string}"},"query-input":"required name=search_term_string"}],"inLanguage":"sl-SI"},{"@type":"Organization","@id":"https:\/\/hudo.com\/si\/#organization","name":"VSN Media","url":"https:\/\/hudo.com\/si\/","logo":{"@type":"ImageObject","inLanguage":"sl-SI","@id":"https:\/\/hudo.com\/si\/#\/schema\/logo\/image\/","url":"https:\/\/hudo.com\/si\/wp-content\/uploads\/sites\/2\/2021\/03\/hudo-app-2.png","contentUrl":"https:\/\/hudo.com\/si\/wp-content\/uploads\/sites\/2\/2021\/03\/hudo-app-2.png","width":2185,"height":2167,"caption":"VSN Media"},"image":{"@id":"https:\/\/hudo.com\/si\/#\/schema\/logo\/image\/"},"sameAs":["https:\/\/www.facebook.com\/hudo.si","https:\/\/twitter.com\/hudo_si"]},{"@type":"Person","@id":"https:\/\/hudo.com\/si\/#\/schema\/person\/601cf3379633985b20f7e50f2bb47707","name":"hudo","image":{"@type":"ImageObject","inLanguage":"sl-SI","@id":"https:\/\/hudo.com\/si\/#\/schema\/person\/image\/","url":"https:\/\/secure.gravatar.com\/avatar\/c4ca25fa72cace7a696b52ff5db9e095?s=96&d=mm&r=g","contentUrl":"https:\/\/secure.gravatar.com\/avatar\/c4ca25fa72cace7a696b52ff5db9e095?s=96&d=mm&r=g","caption":"hudo"},"url":"https:\/\/hudo.com\/si\/author\/hudo\/"}]}},"amp_enabled":true,"_links":{"self":[{"href":"https:\/\/hudo.com\/si\/wp-json\/wp\/v2\/posts\/117821"}],"collection":[{"href":"https:\/\/hudo.com\/si\/wp-json\/wp\/v2\/posts"}],"about":[{"href":"https:\/\/hudo.com\/si\/wp-json\/wp\/v2\/types\/post"}],"author":[{"embeddable":true,"href":"https:\/\/hudo.com\/si\/wp-json\/wp\/v2\/users\/1"}],"replies":[{"embeddable":true,"href":"https:\/\/hudo.com\/si\/wp-json\/wp\/v2\/comments?post=117821"}],"version-history":[{"count":1,"href":"https:\/\/hudo.com\/si\/wp-json\/wp\/v2\/posts\/117821\/revisions"}],"predecessor-version":[{"id":117909,"href":"https:\/\/hudo.com\/si\/wp-json\/wp\/v2\/posts\/117821\/revisions\/117909"}],"wp:attachment":[{"href":"https:\/\/hudo.com\/si\/wp-json\/wp\/v2\/media?parent=117821"}],"wp:term":[{"taxonomy":"category","embeddable":true,"href":"https:\/\/hudo.com\/si\/wp-json\/wp\/v2\/categories?post=117821"},{"taxonomy":"post_tag","embeddable":true,"href":"https:\/\/hudo.com\/si\/wp-json\/wp\/v2\/tags?post=117821"},{"taxonomy":"source","embeddable":true,"href":"https:\/\/hudo.com\/si\/wp-json\/wp\/v2\/source?post=117821"},{"taxonomy":"supertag","embeddable":true,"href":"https:\/\/hudo.com\/si\/wp-json\/wp\/v2\/supertag?post=117821"}],"curies":[{"name":"wp","href":"https:\/\/api.w.org\/{rel}","templated":true}]}}