{"id":117823,"date":"2016-08-21T19:00:00","date_gmt":"2016-08-21T17:00:00","guid":{"rendered":"http:\/\/hudo.com\/si\/2016\/08\/21\/usodna-talna-uredba\/"},"modified":"2016-08-22T05:37:38","modified_gmt":"2016-08-22T03:37:38","slug":"usodna-talna-uredba","status":"publish","type":"post","link":"https:\/\/hudo.com\/si\/aktualno\/usodna-talna-uredba\/","title":{"rendered":"Usodna \u00bbtalna\u00ab uredba"},"content":{"rendered":"<p>Kategorija: Komentarji Sun, 21 Aug 2016 21:00:00 +0200  Nebo ali zemlja, zrak ali tla \u2013 ko na okoljskem ministrstvu (Mop) dobijo prilo\u017enost, da spi\u0161ejo zakonodajo, ki bo v prid zdravju ljudi in okolju, se vselej izka\u017eejo za enako brezbri\u017ene do ljudi in nenavadno du\u0161ebri\u017ene do onesna\u017eevalcev. Njihove ve\u010dletne sistemske \u00bbnapake\u00ab gredo v milijone. A z \u00bbnapakami\u00ab je kot s strupi v telesu: ne se\u0161tevajo se, ampak multiplicirajo. Predlog uredbe o stanju tal je le ena od njih. \u010ce obvelja, utegne postati \u2013 usodna. \u00bbTalna\u00ab uredba je d\u00e9ja v\u00f9 postopkov in politike, ki jih vodi okoljski resor ne glede na to, iz katere politi\u010dne opcije je vsakokratni minister, in ne glede na to, ali gre za zrak, vodo ali tla. Z zni\u017eevanjem standardov za\u0161\u010dite okolja in z rahljanjem stopenj onesna\u017eenja slovenske vlade druga za drugo v \u0161kodo lastnega naroda\u00a0&#8230;<\/p>\n","protected":false},"excerpt":{"rendered":"<p>Kategorija: Komentarji Sun, 21 Aug 2016 21:00:00 +0200  Nebo ali zemlja, zrak ali tla \u2013 ko na okoljskem ministrstvu (Mop) dobijo prilo\u017enost, da spi\u0161ejo zakonodajo, ki bo v prid zdravju ljudi in okolju, se vselej izka\u017eejo za enako brezbri\u017ene do ljudi in nenavadno du\u0161ebri\u017ene do onesna\u017eevalcev. Njihove ve\u010dletne sistemske \u00bbnapake\u00ab gredo v milijone. A z \u00bbnapakami\u00ab je kot s strupi v telesu: ne se\u0161tevajo se, ampak multiplicirajo. Predlog uredbe o stanju tal je le ena od njih. \u010ce obvelja, utegne postati \u2013 usodna. \u00bbTalna\u00ab uredba je d\u00e9ja v\u00f9 postopkov in politike, ki jih vodi okoljski resor ne glede na to, iz katere politi\u010dne opcije je vsakokratni minister, in ne glede na to, ali gre za zrak, vodo ali tla. Z zni\u017eevanjem standardov za\u0161\u010dite okolja in z rahljanjem stopenj onesna\u017eenja slovenske vlade druga za drugo v \u0161kodo lastnega naroda\u00a0&#8230;<\/p>\n","protected":false},"author":1,"featured_media":0,"comment_status":"closed","ping_status":"closed","sticky":false,"template":"","format":"standard","meta":{"footnotes":""},"categories":[1179],"tags":[],"source":[4511],"supertag":[],"acf":[],"yoast_head":"<!-- This site is optimized with the Yoast SEO plugin v21.3 - https:\/\/yoast.com\/wordpress\/plugins\/seo\/ -->\n<title>Usodna \u00bbtalna\u00ab uredba - Hudo Slovenija<\/title>\n<meta name=\"robots\" content=\"index, follow, max-snippet:-1, max-image-preview:large, max-video-preview:-1\" \/>\n<link rel=\"canonical\" href=\"https:\/\/hudo.com\/si\/aktualno\/usodna-talna-uredba\/\" \/>\n<meta property=\"og:locale\" content=\"sl_SI\" \/>\n<meta property=\"og:type\" content=\"article\" \/>\n<meta property=\"og:title\" content=\"Usodna \u00bbtalna\u00ab uredba - Hudo Slovenija\" \/>\n<meta property=\"og:description\" content=\"Kategorija: Komentarji Sun, 21 Aug 2016 21:00:00 +0200 Nebo ali zemlja, zrak ali tla \u2013 ko na okoljskem ministrstvu (Mop) dobijo prilo\u017enost, da spi\u0161ejo zakonodajo, ki bo v prid zdravju ljudi in okolju, se vselej izka\u017eejo za enako brezbri\u017ene do ljudi in nenavadno du\u0161ebri\u017ene do onesna\u017eevalcev. Njihove ve\u010dletne sistemske \u00bbnapake\u00ab gredo v milijone. A z \u00bbnapakami\u00ab je kot s strupi v telesu: ne se\u0161tevajo se, ampak multiplicirajo. Predlog uredbe o stanju tal je le ena od njih. \u010ce obvelja, utegne postati \u2013 usodna. \u00bbTalna\u00ab uredba je d\u00e9ja v\u00f9 postopkov in politike, ki jih vodi okoljski resor ne glede na to, iz katere politi\u010dne opcije je vsakokratni minister, in ne glede na to, ali gre za zrak, vodo ali tla. Z zni\u017eevanjem standardov za\u0161\u010dite okolja in z rahljanjem stopenj onesna\u017eenja slovenske vlade druga za drugo v \u0161kodo lastnega naroda\u00a0...\" \/>\n<meta property=\"og:url\" content=\"https:\/\/hudo.com\/si\/aktualno\/usodna-talna-uredba\/\" \/>\n<meta property=\"og:site_name\" content=\"Hudo Slovenija\" \/>\n<meta property=\"article:publisher\" content=\"https:\/\/www.facebook.com\/hudo.si\" \/>\n<meta property=\"article:published_time\" content=\"2016-08-21T17:00:00+00:00\" \/>\n<meta property=\"article:modified_time\" content=\"2016-08-22T03:37:38+00:00\" \/>\n<meta property=\"og:image\" content=\"https:\/\/hudo.com\/si\/wp-content\/uploads\/sites\/2\/2016\/08\/480x290_Znanost__kupi__lindre_hires0.jpeg\" \/>\n\t<meta property=\"og:image:width\" content=\"480\" \/>\n\t<meta property=\"og:image:height\" content=\"290\" \/>\n\t<meta property=\"og:image:type\" content=\"image\/jpeg\" \/>\n<meta name=\"author\" content=\"hudo\" \/>\n<meta name=\"twitter:card\" content=\"summary_large_image\" \/>\n<meta name=\"twitter:creator\" content=\"@hudo_si\" \/>\n<meta name=\"twitter:site\" content=\"@hudo_si\" \/>\n<meta name=\"twitter:label1\" content=\"Written by\" \/>\n\t<meta name=\"twitter:data1\" content=\"hudo\" \/>\n\t<meta name=\"twitter:label2\" content=\"Est. reading time\" \/>\n\t<meta name=\"twitter:data2\" content=\"1 minuta\" \/>\n<script type=\"application\/ld+json\" class=\"yoast-schema-graph\">{\"@context\":\"https:\/\/schema.org\",\"@graph\":[{\"@type\":\"Article\",\"@id\":\"https:\/\/hudo.com\/si\/aktualno\/usodna-talna-uredba\/#article\",\"isPartOf\":{\"@id\":\"https:\/\/hudo.com\/si\/aktualno\/usodna-talna-uredba\/\"},\"author\":{\"name\":\"hudo\",\"@id\":\"https:\/\/hudo.com\/si\/#\/schema\/person\/601cf3379633985b20f7e50f2bb47707\"},\"headline\":\"Usodna \u00bbtalna\u00ab uredba\",\"datePublished\":\"2016-08-21T17:00:00+00:00\",\"dateModified\":\"2016-08-22T03:37:38+00:00\",\"mainEntityOfPage\":{\"@id\":\"https:\/\/hudo.com\/si\/aktualno\/usodna-talna-uredba\/\"},\"wordCount\":149,\"publisher\":{\"@id\":\"https:\/\/hudo.com\/si\/#organization\"},\"articleSection\":[\"Aktualno\"],\"inLanguage\":\"sl-SI\"},{\"@type\":\"WebPage\",\"@id\":\"https:\/\/hudo.com\/si\/aktualno\/usodna-talna-uredba\/\",\"url\":\"https:\/\/hudo.com\/si\/aktualno\/usodna-talna-uredba\/\",\"name\":\"Usodna \u00bbtalna\u00ab uredba - Hudo Slovenija\",\"isPartOf\":{\"@id\":\"https:\/\/hudo.com\/si\/#website\"},\"datePublished\":\"2016-08-21T17:00:00+00:00\",\"dateModified\":\"2016-08-22T03:37:38+00:00\",\"breadcrumb\":{\"@id\":\"https:\/\/hudo.com\/si\/aktualno\/usodna-talna-uredba\/#breadcrumb\"},\"inLanguage\":\"sl-SI\",\"potentialAction\":[{\"@type\":\"ReadAction\",\"target\":[\"https:\/\/hudo.com\/si\/aktualno\/usodna-talna-uredba\/\"]}]},{\"@type\":\"BreadcrumbList\",\"@id\":\"https:\/\/hudo.com\/si\/aktualno\/usodna-talna-uredba\/#breadcrumb\",\"itemListElement\":[{\"@type\":\"ListItem\",\"position\":1,\"name\":\"Home\",\"item\":\"https:\/\/hudo.com\/si\/\"},{\"@type\":\"ListItem\",\"position\":2,\"name\":\"Usodna \u00bbtalna\u00ab uredba\"}]},{\"@type\":\"WebSite\",\"@id\":\"https:\/\/hudo.com\/si\/#website\",\"url\":\"https:\/\/hudo.com\/si\/\",\"name\":\"Hudo Slovenija\",\"description\":\"Vse novice iz Slovenije in sveta\",\"publisher\":{\"@id\":\"https:\/\/hudo.com\/si\/#organization\"},\"potentialAction\":[{\"@type\":\"SearchAction\",\"target\":{\"@type\":\"EntryPoint\",\"urlTemplate\":\"https:\/\/hudo.com\/si\/?s={search_term_string}\"},\"query-input\":\"required name=search_term_string\"}],\"inLanguage\":\"sl-SI\"},{\"@type\":\"Organization\",\"@id\":\"https:\/\/hudo.com\/si\/#organization\",\"name\":\"VSN Media\",\"url\":\"https:\/\/hudo.com\/si\/\",\"logo\":{\"@type\":\"ImageObject\",\"inLanguage\":\"sl-SI\",\"@id\":\"https:\/\/hudo.com\/si\/#\/schema\/logo\/image\/\",\"url\":\"https:\/\/hudo.com\/si\/wp-content\/uploads\/sites\/2\/2021\/03\/hudo-app-2.png\",\"contentUrl\":\"https:\/\/hudo.com\/si\/wp-content\/uploads\/sites\/2\/2021\/03\/hudo-app-2.png\",\"width\":2185,\"height\":2167,\"caption\":\"VSN Media\"},\"image\":{\"@id\":\"https:\/\/hudo.com\/si\/#\/schema\/logo\/image\/\"},\"sameAs\":[\"https:\/\/www.facebook.com\/hudo.si\",\"https:\/\/twitter.com\/hudo_si\"]},{\"@type\":\"Person\",\"@id\":\"https:\/\/hudo.com\/si\/#\/schema\/person\/601cf3379633985b20f7e50f2bb47707\",\"name\":\"hudo\",\"image\":{\"@type\":\"ImageObject\",\"inLanguage\":\"sl-SI\",\"@id\":\"https:\/\/hudo.com\/si\/#\/schema\/person\/image\/\",\"url\":\"https:\/\/secure.gravatar.com\/avatar\/c4ca25fa72cace7a696b52ff5db9e095?s=96&d=mm&r=g\",\"contentUrl\":\"https:\/\/secure.gravatar.com\/avatar\/c4ca25fa72cace7a696b52ff5db9e095?s=96&d=mm&r=g\",\"caption\":\"hudo\"},\"url\":\"https:\/\/hudo.com\/si\/author\/hudo\/\"}]}<\/script>\n<!-- \/ Yoast SEO plugin. -->","yoast_head_json":{"title":"Usodna \u00bbtalna\u00ab uredba - Hudo Slovenija","robots":{"index":"index","follow":"follow","max-snippet":"max-snippet:-1","max-image-preview":"max-image-preview:large","max-video-preview":"max-video-preview:-1"},"canonical":"https:\/\/hudo.com\/si\/aktualno\/usodna-talna-uredba\/","og_locale":"sl_SI","og_type":"article","og_title":"Usodna \u00bbtalna\u00ab uredba - Hudo Slovenija","og_description":"Kategorija: Komentarji Sun, 21 Aug 2016 21:00:00 +0200 Nebo ali zemlja, zrak ali tla \u2013 ko na okoljskem ministrstvu (Mop) dobijo prilo\u017enost, da spi\u0161ejo zakonodajo, ki bo v prid zdravju ljudi in okolju, se vselej izka\u017eejo za enako brezbri\u017ene do ljudi in nenavadno du\u0161ebri\u017ene do onesna\u017eevalcev. Njihove ve\u010dletne sistemske \u00bbnapake\u00ab gredo v milijone. A z \u00bbnapakami\u00ab je kot s strupi v telesu: ne se\u0161tevajo se, ampak multiplicirajo. Predlog uredbe o stanju tal je le ena od njih. \u010ce obvelja, utegne postati \u2013 usodna. \u00bbTalna\u00ab uredba je d\u00e9ja v\u00f9 postopkov in politike, ki jih vodi okoljski resor ne glede na to, iz katere politi\u010dne opcije je vsakokratni minister, in ne glede na to, ali gre za zrak, vodo ali tla. Z zni\u017eevanjem standardov za\u0161\u010dite okolja in z rahljanjem stopenj onesna\u017eenja slovenske vlade druga za drugo v \u0161kodo lastnega naroda\u00a0...","og_url":"https:\/\/hudo.com\/si\/aktualno\/usodna-talna-uredba\/","og_site_name":"Hudo Slovenija","article_publisher":"https:\/\/www.facebook.com\/hudo.si","article_published_time":"2016-08-21T17:00:00+00:00","article_modified_time":"2016-08-22T03:37:38+00:00","og_image":[{"width":480,"height":290,"url":"https:\/\/hudo.com\/si\/wp-content\/uploads\/sites\/2\/2016\/08\/480x290_Znanost__kupi__lindre_hires0.jpeg","type":"image\/jpeg"}],"author":"hudo","twitter_card":"summary_large_image","twitter_creator":"@hudo_si","twitter_site":"@hudo_si","twitter_misc":{"Written by":"hudo","Est. reading time":"1 minuta"},"schema":{"@context":"https:\/\/schema.org","@graph":[{"@type":"Article","@id":"https:\/\/hudo.com\/si\/aktualno\/usodna-talna-uredba\/#article","isPartOf":{"@id":"https:\/\/hudo.com\/si\/aktualno\/usodna-talna-uredba\/"},"author":{"name":"hudo","@id":"https:\/\/hudo.com\/si\/#\/schema\/person\/601cf3379633985b20f7e50f2bb47707"},"headline":"Usodna \u00bbtalna\u00ab uredba","datePublished":"2016-08-21T17:00:00+00:00","dateModified":"2016-08-22T03:37:38+00:00","mainEntityOfPage":{"@id":"https:\/\/hudo.com\/si\/aktualno\/usodna-talna-uredba\/"},"wordCount":149,"publisher":{"@id":"https:\/\/hudo.com\/si\/#organization"},"articleSection":["Aktualno"],"inLanguage":"sl-SI"},{"@type":"WebPage","@id":"https:\/\/hudo.com\/si\/aktualno\/usodna-talna-uredba\/","url":"https:\/\/hudo.com\/si\/aktualno\/usodna-talna-uredba\/","name":"Usodna \u00bbtalna\u00ab uredba - Hudo Slovenija","isPartOf":{"@id":"https:\/\/hudo.com\/si\/#website"},"datePublished":"2016-08-21T17:00:00+00:00","dateModified":"2016-08-22T03:37:38+00:00","breadcrumb":{"@id":"https:\/\/hudo.com\/si\/aktualno\/usodna-talna-uredba\/#breadcrumb"},"inLanguage":"sl-SI","potentialAction":[{"@type":"ReadAction","target":["https:\/\/hudo.com\/si\/aktualno\/usodna-talna-uredba\/"]}]},{"@type":"BreadcrumbList","@id":"https:\/\/hudo.com\/si\/aktualno\/usodna-talna-uredba\/#breadcrumb","itemListElement":[{"@type":"ListItem","position":1,"name":"Home","item":"https:\/\/hudo.com\/si\/"},{"@type":"ListItem","position":2,"name":"Usodna \u00bbtalna\u00ab uredba"}]},{"@type":"WebSite","@id":"https:\/\/hudo.com\/si\/#website","url":"https:\/\/hudo.com\/si\/","name":"Hudo Slovenija","description":"Vse novice iz Slovenije in sveta","publisher":{"@id":"https:\/\/hudo.com\/si\/#organization"},"potentialAction":[{"@type":"SearchAction","target":{"@type":"EntryPoint","urlTemplate":"https:\/\/hudo.com\/si\/?s={search_term_string}"},"query-input":"required name=search_term_string"}],"inLanguage":"sl-SI"},{"@type":"Organization","@id":"https:\/\/hudo.com\/si\/#organization","name":"VSN Media","url":"https:\/\/hudo.com\/si\/","logo":{"@type":"ImageObject","inLanguage":"sl-SI","@id":"https:\/\/hudo.com\/si\/#\/schema\/logo\/image\/","url":"https:\/\/hudo.com\/si\/wp-content\/uploads\/sites\/2\/2021\/03\/hudo-app-2.png","contentUrl":"https:\/\/hudo.com\/si\/wp-content\/uploads\/sites\/2\/2021\/03\/hudo-app-2.png","width":2185,"height":2167,"caption":"VSN Media"},"image":{"@id":"https:\/\/hudo.com\/si\/#\/schema\/logo\/image\/"},"sameAs":["https:\/\/www.facebook.com\/hudo.si","https:\/\/twitter.com\/hudo_si"]},{"@type":"Person","@id":"https:\/\/hudo.com\/si\/#\/schema\/person\/601cf3379633985b20f7e50f2bb47707","name":"hudo","image":{"@type":"ImageObject","inLanguage":"sl-SI","@id":"https:\/\/hudo.com\/si\/#\/schema\/person\/image\/","url":"https:\/\/secure.gravatar.com\/avatar\/c4ca25fa72cace7a696b52ff5db9e095?s=96&d=mm&r=g","contentUrl":"https:\/\/secure.gravatar.com\/avatar\/c4ca25fa72cace7a696b52ff5db9e095?s=96&d=mm&r=g","caption":"hudo"},"url":"https:\/\/hudo.com\/si\/author\/hudo\/"}]}},"amp_enabled":true,"_links":{"self":[{"href":"https:\/\/hudo.com\/si\/wp-json\/wp\/v2\/posts\/117823"}],"collection":[{"href":"https:\/\/hudo.com\/si\/wp-json\/wp\/v2\/posts"}],"about":[{"href":"https:\/\/hudo.com\/si\/wp-json\/wp\/v2\/types\/post"}],"author":[{"embeddable":true,"href":"https:\/\/hudo.com\/si\/wp-json\/wp\/v2\/users\/1"}],"replies":[{"embeddable":true,"href":"https:\/\/hudo.com\/si\/wp-json\/wp\/v2\/comments?post=117823"}],"version-history":[{"count":1,"href":"https:\/\/hudo.com\/si\/wp-json\/wp\/v2\/posts\/117823\/revisions"}],"predecessor-version":[{"id":117910,"href":"https:\/\/hudo.com\/si\/wp-json\/wp\/v2\/posts\/117823\/revisions\/117910"}],"wp:attachment":[{"href":"https:\/\/hudo.com\/si\/wp-json\/wp\/v2\/media?parent=117823"}],"wp:term":[{"taxonomy":"category","embeddable":true,"href":"https:\/\/hudo.com\/si\/wp-json\/wp\/v2\/categories?post=117823"},{"taxonomy":"post_tag","embeddable":true,"href":"https:\/\/hudo.com\/si\/wp-json\/wp\/v2\/tags?post=117823"},{"taxonomy":"source","embeddable":true,"href":"https:\/\/hudo.com\/si\/wp-json\/wp\/v2\/source?post=117823"},{"taxonomy":"supertag","embeddable":true,"href":"https:\/\/hudo.com\/si\/wp-json\/wp\/v2\/supertag?post=117823"}],"curies":[{"name":"wp","href":"https:\/\/api.w.org\/{rel}","templated":true}]}}