{"id":117843,"date":"2016-08-21T17:15:00","date_gmt":"2016-08-21T15:15:00","guid":{"rendered":"http:\/\/hudo.com\/si\/2016\/08\/21\/hvala-vam-izola-in-izolani\/"},"modified":"2016-08-22T12:46:53","modified_gmt":"2016-08-22T10:46:53","slug":"hvala-vam-izola-in-izolani","status":"publish","type":"post","link":"https:\/\/hudo.com\/si\/aktualno\/hvala-vam-izola-in-izolani\/","title":{"rendered":"&#8220;Hvala vam, Izola in Izolani&#8221;"},"content":{"rendered":"<p>&#8220;Vasko, Vasko, ole, ole, ole&#8221; je skandirala ve\u010d tiso\u010d glava mno\u017eica, ki se je danes zbrala v izolskem mandar\u010du, da bi pozdravila doma\u010dina, srebrnega Vaska z olimpijskega Ria de Janeira \u2013 jadralca Vasilija \u017dbogarja, ki je bil ob prihodu v svoj doma\u010di kraj vesel in razigran. Kako ne bi, ta, za njega \u017ee tretja olimpijska medalja, po bronu iz Aten 2004 in srebrni v Pekingu leta 2008, ima tokratna srebrna najbr\u017e \u0161e nekoliko ve\u010dji lesk, saj so je v primerjavi s prej\u0161njima dvema osvojil v jadralnem razredu finn. In to potem, ko mu na olimpijskih igrah pred \u0161tirimi leti ni \u0161lo najbolje, saj je kon\u010dal na \u0161estem mestu.  Zato je tudi svoje najzvestej\u0161e podpornike, nekaj sto nogometnih navija\u010dev Ribarov, ki so ga pri\u010dakali s skandiranjem, zastavami in napisi na majicah: &#8220;Vaskovo srebro, za Izolo, za Primorsko, za Slovenijo&#8221; \u017ee pred kampom Jadranka ob vstopu v Izolo, nagovoril z naslednjimi besedami: &#8220;Pred \u0161tirimi leti sem bil \u0161esti, a ste me kljub temu pri\u0161li ob prihodu domov pozdravit. Zdaj sem se vam zahvalil z dobrim rezultatom. Hvala vam, hvala,&#8221; je dejal \u017dbogar, ki so ga ob tem premagal solze sre\u010de. V odprtem avtomobilu, kjer mu je delal dru\u017ebo vodja ekipe in njegov brat Jure, se je nato popeljal med ljudmi. \u0160tevilni so mu stisnili roko v pozdrav in \u010destitko, Vasilij pa se je vsakemu z nasmehom na obrazu zahvalil.    Bobo  Na glavnem prizori\u0161\u010du, kjer se mu je pridru\u017eila tudi dru\u017eina, \u017eena Maja, sin Talin ter mama Dragica in o\u010de Stanislav, pa je odmevala Quennova: Mi smo \u0161ampijoni, medtem ko je mesto preletelo letalo z napisom: Bravo, Vasilij. Tudi tu se je zbranim Izolankam in Izolanom \u017dbogar zahvalil za vso podporo v teh letih. O vzdu\u0161ju pa je dejal, da ga ni mogo\u010de opisati z besedami in dodal, da je neizmerno vesel \u017ee zato, ker vidi, kak\u0161no veselje in dobro volje je z dobrim rezultatom prinesel ljudem.  \u017dbogarju je za izjemen rezultat \u010destital tudi predsednik republike Borut Pahor, Izolani pa so se izjemnega dose\u017eka in prihoda srebrne olimpijske medalje veseli ves popold<\/p>\n","protected":false},"excerpt":{"rendered":"<p>&#8220;Vasko, Vasko, ole, ole, ole&#8221; je skandirala ve\u010d tiso\u010d glava mno\u017eica, ki se je danes zbrala v izolskem mandar\u010du, da bi pozdravila doma\u010dina, srebrnega Vaska z olimpijskega Ria de Janeira \u2013 jadralca Vasilija \u017dbogarja, ki je bil ob prihodu v svoj doma\u010di kraj vesel in razigran. Kako ne bi, ta, za njega \u017ee tretja olimpijska medalja, po bronu iz Aten 2004 in srebrni v Pekingu leta 2008, ima tokratna srebrna najbr\u017e \u0161e nekoliko ve\u010dji lesk, saj so je v primerjavi s prej\u0161njima dvema osvojil v jadralnem razredu finn. In to potem, ko mu na olimpijskih igrah pred \u0161tirimi leti ni \u0161lo najbolje, saj je kon\u010dal na \u0161estem mestu.  Zato je tudi svoje najzvestej\u0161e podpornike, nekaj sto nogometnih navija\u010dev Ribarov, ki so ga pri\u010dakali s skandiranjem, zastavami in napisi na majicah: &#8220;Vaskovo srebro, za Izolo, za Primorsko, za Slovenijo&#8221; \u017ee pred kampom Jadranka ob vstopu v Izolo, nagovoril z naslednjimi besedami: &#8220;Pred \u0161tirimi leti sem bil \u0161esti, a ste me kljub temu pri\u0161li ob prihodu domov pozdravit. Zdaj sem se vam zahvalil z dobrim rezultatom. Hvala vam, hvala,&#8221; je dejal \u017dbogar, ki so ga ob tem premagal solze sre\u010de. V odprtem avtomobilu, kjer mu je delal dru\u017ebo vodja ekipe in njegov brat Jure, se je nato popeljal med ljudmi. \u0160tevilni so mu stisnili roko v pozdrav in \u010destitko, Vasilij pa se je vsakemu z nasmehom na obrazu zahvalil.    Bobo  Na glavnem prizori\u0161\u010du, kjer se mu je pridru\u017eila tudi dru\u017eina, \u017eena Maja, sin Talin ter mama Dragica in o\u010de Stanislav, pa je odmevala Quennova: Mi smo \u0161ampijoni, medtem ko je mesto preletelo letalo z napisom: Bravo, Vasilij. Tudi tu se je zbranim Izolankam in Izolanom \u017dbogar zahvalil za vso podporo v teh letih. O vzdu\u0161ju pa je dejal, da ga ni mogo\u010de opisati z besedami in dodal, da je neizmerno vesel \u017ee zato, ker vidi, kak\u0161no veselje in dobro volje je z dobrim rezultatom prinesel ljudem.  \u017dbogarju je za izjemen rezultat \u010destital tudi predsednik republike Borut Pahor, Izolani pa so se izjemnega dose\u017eka in prihoda srebrne olimpijske medalje veseli ves popold<\/p>\n","protected":false},"author":1,"featured_media":0,"comment_status":"closed","ping_status":"closed","sticky":false,"template":"","format":"standard","meta":{"footnotes":""},"categories":[1179],"tags":[],"source":[1711],"supertag":[],"acf":[],"yoast_head":"<!-- This site is optimized with the Yoast SEO plugin v21.3 - https:\/\/yoast.com\/wordpress\/plugins\/seo\/ -->\n<title>&quot;Hvala vam, Izola in Izolani&quot; - Hudo Slovenija<\/title>\n<meta name=\"robots\" content=\"index, follow, max-snippet:-1, max-image-preview:large, max-video-preview:-1\" \/>\n<link rel=\"canonical\" href=\"https:\/\/hudo.com\/si\/aktualno\/hvala-vam-izola-in-izolani\/\" \/>\n<meta property=\"og:locale\" content=\"sl_SI\" \/>\n<meta property=\"og:type\" content=\"article\" \/>\n<meta property=\"og:title\" content=\"&quot;Hvala vam, Izola in Izolani&quot; - Hudo Slovenija\" \/>\n<meta property=\"og:description\" content=\"&quot;Vasko, Vasko, ole, ole, ole&quot; je skandirala ve\u010d tiso\u010d glava mno\u017eica, ki se je danes zbrala v izolskem mandar\u010du, da bi pozdravila doma\u010dina, srebrnega Vaska z olimpijskega Ria de Janeira \u2013 jadralca Vasilija \u017dbogarja, ki je bil ob prihodu v svoj doma\u010di kraj vesel in razigran. Kako ne bi, ta, za njega \u017ee tretja olimpijska medalja, po bronu iz Aten 2004 in srebrni v Pekingu leta 2008, ima tokratna srebrna najbr\u017e \u0161e nekoliko ve\u010dji lesk, saj so je v primerjavi s prej\u0161njima dvema osvojil v jadralnem razredu finn. In to potem, ko mu na olimpijskih igrah pred \u0161tirimi leti ni \u0161lo najbolje, saj je kon\u010dal na \u0161estem mestu. Zato je tudi svoje najzvestej\u0161e podpornike, nekaj sto nogometnih navija\u010dev Ribarov, ki so ga pri\u010dakali s skandiranjem, zastavami in napisi na majicah: &quot;Vaskovo srebro, za Izolo, za Primorsko, za Slovenijo&quot; \u017ee pred kampom Jadranka ob vstopu v Izolo, nagovoril z naslednjimi besedami: &quot;Pred \u0161tirimi leti sem bil \u0161esti, a ste me kljub temu pri\u0161li ob prihodu domov pozdravit. Zdaj sem se vam zahvalil z dobrim rezultatom. Hvala vam, hvala,&quot; je dejal \u017dbogar, ki so ga ob tem premagal solze sre\u010de. V odprtem avtomobilu, kjer mu je delal dru\u017ebo vodja ekipe in njegov brat Jure, se je nato popeljal med ljudmi. \u0160tevilni so mu stisnili roko v pozdrav in \u010destitko, Vasilij pa se je vsakemu z nasmehom na obrazu zahvalil.  Bobo Na glavnem prizori\u0161\u010du, kjer se mu je pridru\u017eila tudi dru\u017eina, \u017eena Maja, sin Talin ter mama Dragica in o\u010de Stanislav, pa je odmevala Quennova: Mi smo \u0161ampijoni, medtem ko je mesto preletelo letalo z napisom: Bravo, Vasilij. Tudi tu se je zbranim Izolankam in Izolanom \u017dbogar zahvalil za vso podporo v teh letih. O vzdu\u0161ju pa je dejal, da ga ni mogo\u010de opisati z besedami in dodal, da je neizmerno vesel \u017ee zato, ker vidi, kak\u0161no veselje in dobro volje je z dobrim rezultatom prinesel ljudem. \u017dbogarju je za izjemen rezultat \u010destital tudi predsednik republike Borut Pahor, Izolani pa so se izjemnega dose\u017eka in prihoda srebrne olimpijske medalje veseli ves popold\" \/>\n<meta property=\"og:url\" content=\"https:\/\/hudo.com\/si\/aktualno\/hvala-vam-izola-in-izolani\/\" \/>\n<meta property=\"og:site_name\" content=\"Hudo Slovenija\" \/>\n<meta property=\"article:publisher\" content=\"https:\/\/www.facebook.com\/hudo.si\" \/>\n<meta property=\"article:published_time\" content=\"2016-08-21T15:15:00+00:00\" \/>\n<meta property=\"article:modified_time\" content=\"2016-08-22T10:46:53+00:00\" \/>\n<meta property=\"og:image\" content=\"https:\/\/hudo.com\/si\/wp-content\/uploads\/sites\/2\/2016\/08\/SPO20160821_X7R7044-300.jpg\" \/>\n\t<meta property=\"og:image:width\" content=\"450\" \/>\n\t<meta property=\"og:image:height\" content=\"297\" \/>\n\t<meta property=\"og:image:type\" content=\"image\/jpeg\" \/>\n<meta name=\"author\" content=\"hudo\" \/>\n<meta name=\"twitter:card\" content=\"summary_large_image\" \/>\n<meta name=\"twitter:creator\" content=\"@hudo_si\" \/>\n<meta name=\"twitter:site\" content=\"@hudo_si\" \/>\n<meta name=\"twitter:label1\" content=\"Written by\" \/>\n\t<meta name=\"twitter:data1\" content=\"hudo\" \/>\n\t<meta name=\"twitter:label2\" content=\"Est. reading time\" \/>\n\t<meta name=\"twitter:data2\" content=\"2 minuti\" \/>\n<script type=\"application\/ld+json\" class=\"yoast-schema-graph\">{\"@context\":\"https:\/\/schema.org\",\"@graph\":[{\"@type\":\"Article\",\"@id\":\"https:\/\/hudo.com\/si\/aktualno\/hvala-vam-izola-in-izolani\/#article\",\"isPartOf\":{\"@id\":\"https:\/\/hudo.com\/si\/aktualno\/hvala-vam-izola-in-izolani\/\"},\"author\":{\"name\":\"hudo\",\"@id\":\"https:\/\/hudo.com\/si\/#\/schema\/person\/601cf3379633985b20f7e50f2bb47707\"},\"headline\":\"&#8220;Hvala vam, Izola in Izolani&#8221;\",\"datePublished\":\"2016-08-21T15:15:00+00:00\",\"dateModified\":\"2016-08-22T10:46:53+00:00\",\"mainEntityOfPage\":{\"@id\":\"https:\/\/hudo.com\/si\/aktualno\/hvala-vam-izola-in-izolani\/\"},\"wordCount\":362,\"publisher\":{\"@id\":\"https:\/\/hudo.com\/si\/#organization\"},\"articleSection\":[\"Aktualno\"],\"inLanguage\":\"sl-SI\"},{\"@type\":\"WebPage\",\"@id\":\"https:\/\/hudo.com\/si\/aktualno\/hvala-vam-izola-in-izolani\/\",\"url\":\"https:\/\/hudo.com\/si\/aktualno\/hvala-vam-izola-in-izolani\/\",\"name\":\"\\\"Hvala vam, Izola in Izolani\\\" - Hudo Slovenija\",\"isPartOf\":{\"@id\":\"https:\/\/hudo.com\/si\/#website\"},\"datePublished\":\"2016-08-21T15:15:00+00:00\",\"dateModified\":\"2016-08-22T10:46:53+00:00\",\"breadcrumb\":{\"@id\":\"https:\/\/hudo.com\/si\/aktualno\/hvala-vam-izola-in-izolani\/#breadcrumb\"},\"inLanguage\":\"sl-SI\",\"potentialAction\":[{\"@type\":\"ReadAction\",\"target\":[\"https:\/\/hudo.com\/si\/aktualno\/hvala-vam-izola-in-izolani\/\"]}]},{\"@type\":\"BreadcrumbList\",\"@id\":\"https:\/\/hudo.com\/si\/aktualno\/hvala-vam-izola-in-izolani\/#breadcrumb\",\"itemListElement\":[{\"@type\":\"ListItem\",\"position\":1,\"name\":\"Home\",\"item\":\"https:\/\/hudo.com\/si\/\"},{\"@type\":\"ListItem\",\"position\":2,\"name\":\"&#8220;Hvala vam, Izola in Izolani&#8221;\"}]},{\"@type\":\"WebSite\",\"@id\":\"https:\/\/hudo.com\/si\/#website\",\"url\":\"https:\/\/hudo.com\/si\/\",\"name\":\"Hudo Slovenija\",\"description\":\"Vse novice iz Slovenije in sveta\",\"publisher\":{\"@id\":\"https:\/\/hudo.com\/si\/#organization\"},\"potentialAction\":[{\"@type\":\"SearchAction\",\"target\":{\"@type\":\"EntryPoint\",\"urlTemplate\":\"https:\/\/hudo.com\/si\/?s={search_term_string}\"},\"query-input\":\"required name=search_term_string\"}],\"inLanguage\":\"sl-SI\"},{\"@type\":\"Organization\",\"@id\":\"https:\/\/hudo.com\/si\/#organization\",\"name\":\"VSN Media\",\"url\":\"https:\/\/hudo.com\/si\/\",\"logo\":{\"@type\":\"ImageObject\",\"inLanguage\":\"sl-SI\",\"@id\":\"https:\/\/hudo.com\/si\/#\/schema\/logo\/image\/\",\"url\":\"https:\/\/hudo.com\/si\/wp-content\/uploads\/sites\/2\/2021\/03\/hudo-app-2.png\",\"contentUrl\":\"https:\/\/hudo.com\/si\/wp-content\/uploads\/sites\/2\/2021\/03\/hudo-app-2.png\",\"width\":2185,\"height\":2167,\"caption\":\"VSN Media\"},\"image\":{\"@id\":\"https:\/\/hudo.com\/si\/#\/schema\/logo\/image\/\"},\"sameAs\":[\"https:\/\/www.facebook.com\/hudo.si\",\"https:\/\/twitter.com\/hudo_si\"]},{\"@type\":\"Person\",\"@id\":\"https:\/\/hudo.com\/si\/#\/schema\/person\/601cf3379633985b20f7e50f2bb47707\",\"name\":\"hudo\",\"image\":{\"@type\":\"ImageObject\",\"inLanguage\":\"sl-SI\",\"@id\":\"https:\/\/hudo.com\/si\/#\/schema\/person\/image\/\",\"url\":\"https:\/\/secure.gravatar.com\/avatar\/c4ca25fa72cace7a696b52ff5db9e095?s=96&d=mm&r=g\",\"contentUrl\":\"https:\/\/secure.gravatar.com\/avatar\/c4ca25fa72cace7a696b52ff5db9e095?s=96&d=mm&r=g\",\"caption\":\"hudo\"},\"url\":\"https:\/\/hudo.com\/si\/author\/hudo\/\"}]}<\/script>\n<!-- \/ Yoast SEO plugin. -->","yoast_head_json":{"title":"\"Hvala vam, Izola in Izolani\" - Hudo Slovenija","robots":{"index":"index","follow":"follow","max-snippet":"max-snippet:-1","max-image-preview":"max-image-preview:large","max-video-preview":"max-video-preview:-1"},"canonical":"https:\/\/hudo.com\/si\/aktualno\/hvala-vam-izola-in-izolani\/","og_locale":"sl_SI","og_type":"article","og_title":"\"Hvala vam, Izola in Izolani\" - Hudo Slovenija","og_description":"\"Vasko, Vasko, ole, ole, ole\" je skandirala ve\u010d tiso\u010d glava mno\u017eica, ki se je danes zbrala v izolskem mandar\u010du, da bi pozdravila doma\u010dina, srebrnega Vaska z olimpijskega Ria de Janeira \u2013 jadralca Vasilija \u017dbogarja, ki je bil ob prihodu v svoj doma\u010di kraj vesel in razigran. Kako ne bi, ta, za njega \u017ee tretja olimpijska medalja, po bronu iz Aten 2004 in srebrni v Pekingu leta 2008, ima tokratna srebrna najbr\u017e \u0161e nekoliko ve\u010dji lesk, saj so je v primerjavi s prej\u0161njima dvema osvojil v jadralnem razredu finn. In to potem, ko mu na olimpijskih igrah pred \u0161tirimi leti ni \u0161lo najbolje, saj je kon\u010dal na \u0161estem mestu. Zato je tudi svoje najzvestej\u0161e podpornike, nekaj sto nogometnih navija\u010dev Ribarov, ki so ga pri\u010dakali s skandiranjem, zastavami in napisi na majicah: \"Vaskovo srebro, za Izolo, za Primorsko, za Slovenijo\" \u017ee pred kampom Jadranka ob vstopu v Izolo, nagovoril z naslednjimi besedami: \"Pred \u0161tirimi leti sem bil \u0161esti, a ste me kljub temu pri\u0161li ob prihodu domov pozdravit. Zdaj sem se vam zahvalil z dobrim rezultatom. Hvala vam, hvala,\" je dejal \u017dbogar, ki so ga ob tem premagal solze sre\u010de. V odprtem avtomobilu, kjer mu je delal dru\u017ebo vodja ekipe in njegov brat Jure, se je nato popeljal med ljudmi. \u0160tevilni so mu stisnili roko v pozdrav in \u010destitko, Vasilij pa se je vsakemu z nasmehom na obrazu zahvalil.  Bobo Na glavnem prizori\u0161\u010du, kjer se mu je pridru\u017eila tudi dru\u017eina, \u017eena Maja, sin Talin ter mama Dragica in o\u010de Stanislav, pa je odmevala Quennova: Mi smo \u0161ampijoni, medtem ko je mesto preletelo letalo z napisom: Bravo, Vasilij. Tudi tu se je zbranim Izolankam in Izolanom \u017dbogar zahvalil za vso podporo v teh letih. O vzdu\u0161ju pa je dejal, da ga ni mogo\u010de opisati z besedami in dodal, da je neizmerno vesel \u017ee zato, ker vidi, kak\u0161no veselje in dobro volje je z dobrim rezultatom prinesel ljudem. \u017dbogarju je za izjemen rezultat \u010destital tudi predsednik republike Borut Pahor, Izolani pa so se izjemnega dose\u017eka in prihoda srebrne olimpijske medalje veseli ves popold","og_url":"https:\/\/hudo.com\/si\/aktualno\/hvala-vam-izola-in-izolani\/","og_site_name":"Hudo Slovenija","article_publisher":"https:\/\/www.facebook.com\/hudo.si","article_published_time":"2016-08-21T15:15:00+00:00","article_modified_time":"2016-08-22T10:46:53+00:00","og_image":[{"width":450,"height":297,"url":"https:\/\/hudo.com\/si\/wp-content\/uploads\/sites\/2\/2016\/08\/SPO20160821_X7R7044-300.jpg","type":"image\/jpeg"}],"author":"hudo","twitter_card":"summary_large_image","twitter_creator":"@hudo_si","twitter_site":"@hudo_si","twitter_misc":{"Written by":"hudo","Est. reading time":"2 minuti"},"schema":{"@context":"https:\/\/schema.org","@graph":[{"@type":"Article","@id":"https:\/\/hudo.com\/si\/aktualno\/hvala-vam-izola-in-izolani\/#article","isPartOf":{"@id":"https:\/\/hudo.com\/si\/aktualno\/hvala-vam-izola-in-izolani\/"},"author":{"name":"hudo","@id":"https:\/\/hudo.com\/si\/#\/schema\/person\/601cf3379633985b20f7e50f2bb47707"},"headline":"&#8220;Hvala vam, Izola in Izolani&#8221;","datePublished":"2016-08-21T15:15:00+00:00","dateModified":"2016-08-22T10:46:53+00:00","mainEntityOfPage":{"@id":"https:\/\/hudo.com\/si\/aktualno\/hvala-vam-izola-in-izolani\/"},"wordCount":362,"publisher":{"@id":"https:\/\/hudo.com\/si\/#organization"},"articleSection":["Aktualno"],"inLanguage":"sl-SI"},{"@type":"WebPage","@id":"https:\/\/hudo.com\/si\/aktualno\/hvala-vam-izola-in-izolani\/","url":"https:\/\/hudo.com\/si\/aktualno\/hvala-vam-izola-in-izolani\/","name":"\"Hvala vam, Izola in Izolani\" - Hudo Slovenija","isPartOf":{"@id":"https:\/\/hudo.com\/si\/#website"},"datePublished":"2016-08-21T15:15:00+00:00","dateModified":"2016-08-22T10:46:53+00:00","breadcrumb":{"@id":"https:\/\/hudo.com\/si\/aktualno\/hvala-vam-izola-in-izolani\/#breadcrumb"},"inLanguage":"sl-SI","potentialAction":[{"@type":"ReadAction","target":["https:\/\/hudo.com\/si\/aktualno\/hvala-vam-izola-in-izolani\/"]}]},{"@type":"BreadcrumbList","@id":"https:\/\/hudo.com\/si\/aktualno\/hvala-vam-izola-in-izolani\/#breadcrumb","itemListElement":[{"@type":"ListItem","position":1,"name":"Home","item":"https:\/\/hudo.com\/si\/"},{"@type":"ListItem","position":2,"name":"&#8220;Hvala vam, Izola in Izolani&#8221;"}]},{"@type":"WebSite","@id":"https:\/\/hudo.com\/si\/#website","url":"https:\/\/hudo.com\/si\/","name":"Hudo Slovenija","description":"Vse novice iz Slovenije in sveta","publisher":{"@id":"https:\/\/hudo.com\/si\/#organization"},"potentialAction":[{"@type":"SearchAction","target":{"@type":"EntryPoint","urlTemplate":"https:\/\/hudo.com\/si\/?s={search_term_string}"},"query-input":"required name=search_term_string"}],"inLanguage":"sl-SI"},{"@type":"Organization","@id":"https:\/\/hudo.com\/si\/#organization","name":"VSN Media","url":"https:\/\/hudo.com\/si\/","logo":{"@type":"ImageObject","inLanguage":"sl-SI","@id":"https:\/\/hudo.com\/si\/#\/schema\/logo\/image\/","url":"https:\/\/hudo.com\/si\/wp-content\/uploads\/sites\/2\/2021\/03\/hudo-app-2.png","contentUrl":"https:\/\/hudo.com\/si\/wp-content\/uploads\/sites\/2\/2021\/03\/hudo-app-2.png","width":2185,"height":2167,"caption":"VSN Media"},"image":{"@id":"https:\/\/hudo.com\/si\/#\/schema\/logo\/image\/"},"sameAs":["https:\/\/www.facebook.com\/hudo.si","https:\/\/twitter.com\/hudo_si"]},{"@type":"Person","@id":"https:\/\/hudo.com\/si\/#\/schema\/person\/601cf3379633985b20f7e50f2bb47707","name":"hudo","image":{"@type":"ImageObject","inLanguage":"sl-SI","@id":"https:\/\/hudo.com\/si\/#\/schema\/person\/image\/","url":"https:\/\/secure.gravatar.com\/avatar\/c4ca25fa72cace7a696b52ff5db9e095?s=96&d=mm&r=g","contentUrl":"https:\/\/secure.gravatar.com\/avatar\/c4ca25fa72cace7a696b52ff5db9e095?s=96&d=mm&r=g","caption":"hudo"},"url":"https:\/\/hudo.com\/si\/author\/hudo\/"}]}},"amp_enabled":true,"_links":{"self":[{"href":"https:\/\/hudo.com\/si\/wp-json\/wp\/v2\/posts\/117843"}],"collection":[{"href":"https:\/\/hudo.com\/si\/wp-json\/wp\/v2\/posts"}],"about":[{"href":"https:\/\/hudo.com\/si\/wp-json\/wp\/v2\/types\/post"}],"author":[{"embeddable":true,"href":"https:\/\/hudo.com\/si\/wp-json\/wp\/v2\/users\/1"}],"replies":[{"embeddable":true,"href":"https:\/\/hudo.com\/si\/wp-json\/wp\/v2\/comments?post=117843"}],"version-history":[{"count":1,"href":"https:\/\/hudo.com\/si\/wp-json\/wp\/v2\/posts\/117843\/revisions"}],"predecessor-version":[{"id":117920,"href":"https:\/\/hudo.com\/si\/wp-json\/wp\/v2\/posts\/117843\/revisions\/117920"}],"wp:attachment":[{"href":"https:\/\/hudo.com\/si\/wp-json\/wp\/v2\/media?parent=117843"}],"wp:term":[{"taxonomy":"category","embeddable":true,"href":"https:\/\/hudo.com\/si\/wp-json\/wp\/v2\/categories?post=117843"},{"taxonomy":"post_tag","embeddable":true,"href":"https:\/\/hudo.com\/si\/wp-json\/wp\/v2\/tags?post=117843"},{"taxonomy":"source","embeddable":true,"href":"https:\/\/hudo.com\/si\/wp-json\/wp\/v2\/source?post=117843"},{"taxonomy":"supertag","embeddable":true,"href":"https:\/\/hudo.com\/si\/wp-json\/wp\/v2\/supertag?post=117843"}],"curies":[{"name":"wp","href":"https:\/\/api.w.org\/{rel}","templated":true}]}}