{"id":118240,"date":"2016-08-22T12:38:00","date_gmt":"2016-08-22T10:38:00","guid":{"rendered":"http:\/\/hudo.com\/si\/2016\/08\/22\/marjan-fabjan-na-pohodu-do-brezij\/"},"modified":"2016-08-23T10:51:44","modified_gmt":"2016-08-23T08:51:44","slug":"marjan-fabjan-na-pohodu-do-brezij","status":"publish","type":"post","link":"https:\/\/hudo.com\/si\/aktualno\/marjan-fabjan-na-pohodu-do-brezij\/","title":{"rendered":"Marjan Fabjan na pohodu do Brezij"},"content":{"rendered":"<p>Kategorija: OI 2016 Mon, 22 Aug 2016 14:38:00 +0200  Celje\u00a0\u2212 Obljuba dela dolg, zato se je judoisti\u010dni trener Marjan Fabjan odpravil na pohod od Celja do Brezij na Gorenjskem. Ta pohod je obljubil pred za\u010detkom olimpijskih iger v Riu de Janeiru, \u010de katera od njegovih varovank osvoji olimpijsko kolajno. \u00bbPot bom posku\u0161al prehoditi v \u0161tirih etapah in z vmesnimi po\u010ditki. \u0160ova in udele\u017eencev ne potrebujem,\u00ab je pred odhodom zapisal Fabjan. Na koncu sta olimpijsko kolajno osvojili dve njegovi tekmovalki \u2212 Tina Trstenjak zlato odli\u010dje in Ana Velen\u0161ek bronasto. \u00bbPe\u0161 Celje\u2212Brezje, 106 km &#8230; To je moja osebna odlo\u010ditev in sem jo dol\u017ean izpolniti samemu sebi,\u00ab je na facebook strani kluba Sankaku zapisal Fabjan. Ko je Ur\u0161ka \u017dolnir 2004 dobila prvo slovensko kolajno v judu, je doma na Lopati pri Celju postavil \u0161portni muzej, v katerem so na ogled kimona in kopije\u00a0&#8230;<\/p>\n","protected":false},"excerpt":{"rendered":"<p>Kategorija: OI 2016 Mon, 22 Aug 2016 14:38:00 +0200  Celje\u00a0\u2212 Obljuba dela dolg, zato se je judoisti\u010dni trener Marjan Fabjan odpravil na pohod od Celja do Brezij na Gorenjskem. Ta pohod je obljubil pred za\u010detkom olimpijskih iger v Riu de Janeiru, \u010de katera od njegovih varovank osvoji olimpijsko kolajno. \u00bbPot bom posku\u0161al prehoditi v \u0161tirih etapah in z vmesnimi po\u010ditki. \u0160ova in udele\u017eencev ne potrebujem,\u00ab je pred odhodom zapisal Fabjan. Na koncu sta olimpijsko kolajno osvojili dve njegovi tekmovalki \u2212 Tina Trstenjak zlato odli\u010dje in Ana Velen\u0161ek bronasto. \u00bbPe\u0161 Celje\u2212Brezje, 106 km &#8230; To je moja osebna odlo\u010ditev in sem jo dol\u017ean izpolniti samemu sebi,\u00ab je na facebook strani kluba Sankaku zapisal Fabjan. Ko je Ur\u0161ka \u017dolnir 2004 dobila prvo slovensko kolajno v judu, je doma na Lopati pri Celju postavil \u0161portni muzej, v katerem so na ogled kimona in kopije\u00a0&#8230;<\/p>\n","protected":false},"author":1,"featured_media":0,"comment_status":"closed","ping_status":"closed","sticky":false,"template":"","format":"standard","meta":{"footnotes":""},"categories":[1179],"tags":[],"source":[1703],"supertag":[],"acf":[],"yoast_head":"<!-- This site is optimized with the Yoast SEO plugin v21.3 - https:\/\/yoast.com\/wordpress\/plugins\/seo\/ -->\n<title>Marjan Fabjan na pohodu do Brezij - Hudo Slovenija<\/title>\n<meta name=\"robots\" content=\"index, follow, max-snippet:-1, max-image-preview:large, max-video-preview:-1\" \/>\n<link rel=\"canonical\" href=\"https:\/\/hudo.com\/si\/aktualno\/marjan-fabjan-na-pohodu-do-brezij\/\" \/>\n<meta property=\"og:locale\" content=\"sl_SI\" \/>\n<meta property=\"og:type\" content=\"article\" \/>\n<meta property=\"og:title\" content=\"Marjan Fabjan na pohodu do Brezij - Hudo Slovenija\" \/>\n<meta property=\"og:description\" content=\"Kategorija: OI 2016 Mon, 22 Aug 2016 14:38:00 +0200 Celje\u00a0\u2212 Obljuba dela dolg, zato se je judoisti\u010dni trener Marjan Fabjan odpravil na pohod od Celja do Brezij na Gorenjskem. Ta pohod je obljubil pred za\u010detkom olimpijskih iger v Riu de Janeiru, \u010de katera od njegovih varovank osvoji olimpijsko kolajno. \u00bbPot bom posku\u0161al prehoditi v \u0161tirih etapah in z vmesnimi po\u010ditki. \u0160ova in udele\u017eencev ne potrebujem,\u00ab je pred odhodom zapisal Fabjan. Na koncu sta olimpijsko kolajno osvojili dve njegovi tekmovalki \u2212 Tina Trstenjak zlato odli\u010dje in Ana Velen\u0161ek bronasto. \u00bbPe\u0161 Celje\u2212Brezje, 106 km ... To je moja osebna odlo\u010ditev in sem jo dol\u017ean izpolniti samemu sebi,\u00ab je na facebook strani kluba Sankaku zapisal Fabjan. Ko je Ur\u0161ka \u017dolnir 2004 dobila prvo slovensko kolajno v judu, je doma na Lopati pri Celju postavil \u0161portni muzej, v katerem so na ogled kimona in kopije\u00a0...\" \/>\n<meta property=\"og:url\" content=\"https:\/\/hudo.com\/si\/aktualno\/marjan-fabjan-na-pohodu-do-brezij\/\" \/>\n<meta property=\"og:site_name\" content=\"Hudo Slovenija\" \/>\n<meta property=\"article:publisher\" content=\"https:\/\/www.facebook.com\/hudo.si\" \/>\n<meta property=\"article:published_time\" content=\"2016-08-22T10:38:00+00:00\" \/>\n<meta property=\"article:modified_time\" content=\"2016-08-23T08:51:44+00:00\" \/>\n<meta property=\"og:image\" content=\"https:\/\/hudo.com\/si\/wp-content\/uploads\/sites\/2\/2016\/08\/480x290_Delo_Foto-20160822142416-41928600.jpeg\" \/>\n\t<meta property=\"og:image:width\" content=\"480\" \/>\n\t<meta property=\"og:image:height\" content=\"290\" \/>\n\t<meta property=\"og:image:type\" content=\"image\/jpeg\" \/>\n<meta name=\"author\" content=\"hudo\" \/>\n<meta name=\"twitter:card\" content=\"summary_large_image\" \/>\n<meta name=\"twitter:creator\" content=\"@hudo_si\" \/>\n<meta name=\"twitter:site\" content=\"@hudo_si\" \/>\n<meta name=\"twitter:label1\" content=\"Written by\" \/>\n\t<meta name=\"twitter:data1\" content=\"hudo\" \/>\n\t<meta name=\"twitter:label2\" content=\"Est. reading time\" \/>\n\t<meta name=\"twitter:data2\" content=\"1 minuta\" \/>\n<script type=\"application\/ld+json\" class=\"yoast-schema-graph\">{\"@context\":\"https:\/\/schema.org\",\"@graph\":[{\"@type\":\"Article\",\"@id\":\"https:\/\/hudo.com\/si\/aktualno\/marjan-fabjan-na-pohodu-do-brezij\/#article\",\"isPartOf\":{\"@id\":\"https:\/\/hudo.com\/si\/aktualno\/marjan-fabjan-na-pohodu-do-brezij\/\"},\"author\":{\"name\":\"hudo\",\"@id\":\"https:\/\/hudo.com\/si\/#\/schema\/person\/601cf3379633985b20f7e50f2bb47707\"},\"headline\":\"Marjan Fabjan na pohodu do Brezij\",\"datePublished\":\"2016-08-22T10:38:00+00:00\",\"dateModified\":\"2016-08-23T08:51:44+00:00\",\"mainEntityOfPage\":{\"@id\":\"https:\/\/hudo.com\/si\/aktualno\/marjan-fabjan-na-pohodu-do-brezij\/\"},\"wordCount\":149,\"publisher\":{\"@id\":\"https:\/\/hudo.com\/si\/#organization\"},\"articleSection\":[\"Aktualno\"],\"inLanguage\":\"sl-SI\"},{\"@type\":\"WebPage\",\"@id\":\"https:\/\/hudo.com\/si\/aktualno\/marjan-fabjan-na-pohodu-do-brezij\/\",\"url\":\"https:\/\/hudo.com\/si\/aktualno\/marjan-fabjan-na-pohodu-do-brezij\/\",\"name\":\"Marjan Fabjan na pohodu do Brezij - Hudo Slovenija\",\"isPartOf\":{\"@id\":\"https:\/\/hudo.com\/si\/#website\"},\"datePublished\":\"2016-08-22T10:38:00+00:00\",\"dateModified\":\"2016-08-23T08:51:44+00:00\",\"breadcrumb\":{\"@id\":\"https:\/\/hudo.com\/si\/aktualno\/marjan-fabjan-na-pohodu-do-brezij\/#breadcrumb\"},\"inLanguage\":\"sl-SI\",\"potentialAction\":[{\"@type\":\"ReadAction\",\"target\":[\"https:\/\/hudo.com\/si\/aktualno\/marjan-fabjan-na-pohodu-do-brezij\/\"]}]},{\"@type\":\"BreadcrumbList\",\"@id\":\"https:\/\/hudo.com\/si\/aktualno\/marjan-fabjan-na-pohodu-do-brezij\/#breadcrumb\",\"itemListElement\":[{\"@type\":\"ListItem\",\"position\":1,\"name\":\"Home\",\"item\":\"https:\/\/hudo.com\/si\/\"},{\"@type\":\"ListItem\",\"position\":2,\"name\":\"Marjan Fabjan na pohodu do Brezij\"}]},{\"@type\":\"WebSite\",\"@id\":\"https:\/\/hudo.com\/si\/#website\",\"url\":\"https:\/\/hudo.com\/si\/\",\"name\":\"Hudo Slovenija\",\"description\":\"Vse novice iz Slovenije in sveta\",\"publisher\":{\"@id\":\"https:\/\/hudo.com\/si\/#organization\"},\"potentialAction\":[{\"@type\":\"SearchAction\",\"target\":{\"@type\":\"EntryPoint\",\"urlTemplate\":\"https:\/\/hudo.com\/si\/?s={search_term_string}\"},\"query-input\":\"required name=search_term_string\"}],\"inLanguage\":\"sl-SI\"},{\"@type\":\"Organization\",\"@id\":\"https:\/\/hudo.com\/si\/#organization\",\"name\":\"VSN Media\",\"url\":\"https:\/\/hudo.com\/si\/\",\"logo\":{\"@type\":\"ImageObject\",\"inLanguage\":\"sl-SI\",\"@id\":\"https:\/\/hudo.com\/si\/#\/schema\/logo\/image\/\",\"url\":\"https:\/\/hudo.com\/si\/wp-content\/uploads\/sites\/2\/2021\/03\/hudo-app-2.png\",\"contentUrl\":\"https:\/\/hudo.com\/si\/wp-content\/uploads\/sites\/2\/2021\/03\/hudo-app-2.png\",\"width\":2185,\"height\":2167,\"caption\":\"VSN Media\"},\"image\":{\"@id\":\"https:\/\/hudo.com\/si\/#\/schema\/logo\/image\/\"},\"sameAs\":[\"https:\/\/www.facebook.com\/hudo.si\",\"https:\/\/twitter.com\/hudo_si\"]},{\"@type\":\"Person\",\"@id\":\"https:\/\/hudo.com\/si\/#\/schema\/person\/601cf3379633985b20f7e50f2bb47707\",\"name\":\"hudo\",\"image\":{\"@type\":\"ImageObject\",\"inLanguage\":\"sl-SI\",\"@id\":\"https:\/\/hudo.com\/si\/#\/schema\/person\/image\/\",\"url\":\"https:\/\/secure.gravatar.com\/avatar\/c4ca25fa72cace7a696b52ff5db9e095?s=96&d=mm&r=g\",\"contentUrl\":\"https:\/\/secure.gravatar.com\/avatar\/c4ca25fa72cace7a696b52ff5db9e095?s=96&d=mm&r=g\",\"caption\":\"hudo\"},\"url\":\"https:\/\/hudo.com\/si\/author\/hudo\/\"}]}<\/script>\n<!-- \/ Yoast SEO plugin. -->","yoast_head_json":{"title":"Marjan Fabjan na pohodu do Brezij - Hudo Slovenija","robots":{"index":"index","follow":"follow","max-snippet":"max-snippet:-1","max-image-preview":"max-image-preview:large","max-video-preview":"max-video-preview:-1"},"canonical":"https:\/\/hudo.com\/si\/aktualno\/marjan-fabjan-na-pohodu-do-brezij\/","og_locale":"sl_SI","og_type":"article","og_title":"Marjan Fabjan na pohodu do Brezij - Hudo Slovenija","og_description":"Kategorija: OI 2016 Mon, 22 Aug 2016 14:38:00 +0200 Celje\u00a0\u2212 Obljuba dela dolg, zato se je judoisti\u010dni trener Marjan Fabjan odpravil na pohod od Celja do Brezij na Gorenjskem. Ta pohod je obljubil pred za\u010detkom olimpijskih iger v Riu de Janeiru, \u010de katera od njegovih varovank osvoji olimpijsko kolajno. \u00bbPot bom posku\u0161al prehoditi v \u0161tirih etapah in z vmesnimi po\u010ditki. \u0160ova in udele\u017eencev ne potrebujem,\u00ab je pred odhodom zapisal Fabjan. Na koncu sta olimpijsko kolajno osvojili dve njegovi tekmovalki \u2212 Tina Trstenjak zlato odli\u010dje in Ana Velen\u0161ek bronasto. \u00bbPe\u0161 Celje\u2212Brezje, 106 km ... To je moja osebna odlo\u010ditev in sem jo dol\u017ean izpolniti samemu sebi,\u00ab je na facebook strani kluba Sankaku zapisal Fabjan. Ko je Ur\u0161ka \u017dolnir 2004 dobila prvo slovensko kolajno v judu, je doma na Lopati pri Celju postavil \u0161portni muzej, v katerem so na ogled kimona in kopije\u00a0...","og_url":"https:\/\/hudo.com\/si\/aktualno\/marjan-fabjan-na-pohodu-do-brezij\/","og_site_name":"Hudo Slovenija","article_publisher":"https:\/\/www.facebook.com\/hudo.si","article_published_time":"2016-08-22T10:38:00+00:00","article_modified_time":"2016-08-23T08:51:44+00:00","og_image":[{"width":480,"height":290,"url":"https:\/\/hudo.com\/si\/wp-content\/uploads\/sites\/2\/2016\/08\/480x290_Delo_Foto-20160822142416-41928600.jpeg","type":"image\/jpeg"}],"author":"hudo","twitter_card":"summary_large_image","twitter_creator":"@hudo_si","twitter_site":"@hudo_si","twitter_misc":{"Written by":"hudo","Est. reading time":"1 minuta"},"schema":{"@context":"https:\/\/schema.org","@graph":[{"@type":"Article","@id":"https:\/\/hudo.com\/si\/aktualno\/marjan-fabjan-na-pohodu-do-brezij\/#article","isPartOf":{"@id":"https:\/\/hudo.com\/si\/aktualno\/marjan-fabjan-na-pohodu-do-brezij\/"},"author":{"name":"hudo","@id":"https:\/\/hudo.com\/si\/#\/schema\/person\/601cf3379633985b20f7e50f2bb47707"},"headline":"Marjan Fabjan na pohodu do Brezij","datePublished":"2016-08-22T10:38:00+00:00","dateModified":"2016-08-23T08:51:44+00:00","mainEntityOfPage":{"@id":"https:\/\/hudo.com\/si\/aktualno\/marjan-fabjan-na-pohodu-do-brezij\/"},"wordCount":149,"publisher":{"@id":"https:\/\/hudo.com\/si\/#organization"},"articleSection":["Aktualno"],"inLanguage":"sl-SI"},{"@type":"WebPage","@id":"https:\/\/hudo.com\/si\/aktualno\/marjan-fabjan-na-pohodu-do-brezij\/","url":"https:\/\/hudo.com\/si\/aktualno\/marjan-fabjan-na-pohodu-do-brezij\/","name":"Marjan Fabjan na pohodu do Brezij - Hudo Slovenija","isPartOf":{"@id":"https:\/\/hudo.com\/si\/#website"},"datePublished":"2016-08-22T10:38:00+00:00","dateModified":"2016-08-23T08:51:44+00:00","breadcrumb":{"@id":"https:\/\/hudo.com\/si\/aktualno\/marjan-fabjan-na-pohodu-do-brezij\/#breadcrumb"},"inLanguage":"sl-SI","potentialAction":[{"@type":"ReadAction","target":["https:\/\/hudo.com\/si\/aktualno\/marjan-fabjan-na-pohodu-do-brezij\/"]}]},{"@type":"BreadcrumbList","@id":"https:\/\/hudo.com\/si\/aktualno\/marjan-fabjan-na-pohodu-do-brezij\/#breadcrumb","itemListElement":[{"@type":"ListItem","position":1,"name":"Home","item":"https:\/\/hudo.com\/si\/"},{"@type":"ListItem","position":2,"name":"Marjan Fabjan na pohodu do Brezij"}]},{"@type":"WebSite","@id":"https:\/\/hudo.com\/si\/#website","url":"https:\/\/hudo.com\/si\/","name":"Hudo Slovenija","description":"Vse novice iz Slovenije in sveta","publisher":{"@id":"https:\/\/hudo.com\/si\/#organization"},"potentialAction":[{"@type":"SearchAction","target":{"@type":"EntryPoint","urlTemplate":"https:\/\/hudo.com\/si\/?s={search_term_string}"},"query-input":"required name=search_term_string"}],"inLanguage":"sl-SI"},{"@type":"Organization","@id":"https:\/\/hudo.com\/si\/#organization","name":"VSN Media","url":"https:\/\/hudo.com\/si\/","logo":{"@type":"ImageObject","inLanguage":"sl-SI","@id":"https:\/\/hudo.com\/si\/#\/schema\/logo\/image\/","url":"https:\/\/hudo.com\/si\/wp-content\/uploads\/sites\/2\/2021\/03\/hudo-app-2.png","contentUrl":"https:\/\/hudo.com\/si\/wp-content\/uploads\/sites\/2\/2021\/03\/hudo-app-2.png","width":2185,"height":2167,"caption":"VSN Media"},"image":{"@id":"https:\/\/hudo.com\/si\/#\/schema\/logo\/image\/"},"sameAs":["https:\/\/www.facebook.com\/hudo.si","https:\/\/twitter.com\/hudo_si"]},{"@type":"Person","@id":"https:\/\/hudo.com\/si\/#\/schema\/person\/601cf3379633985b20f7e50f2bb47707","name":"hudo","image":{"@type":"ImageObject","inLanguage":"sl-SI","@id":"https:\/\/hudo.com\/si\/#\/schema\/person\/image\/","url":"https:\/\/secure.gravatar.com\/avatar\/c4ca25fa72cace7a696b52ff5db9e095?s=96&d=mm&r=g","contentUrl":"https:\/\/secure.gravatar.com\/avatar\/c4ca25fa72cace7a696b52ff5db9e095?s=96&d=mm&r=g","caption":"hudo"},"url":"https:\/\/hudo.com\/si\/author\/hudo\/"}]}},"amp_enabled":true,"_links":{"self":[{"href":"https:\/\/hudo.com\/si\/wp-json\/wp\/v2\/posts\/118240"}],"collection":[{"href":"https:\/\/hudo.com\/si\/wp-json\/wp\/v2\/posts"}],"about":[{"href":"https:\/\/hudo.com\/si\/wp-json\/wp\/v2\/types\/post"}],"author":[{"embeddable":true,"href":"https:\/\/hudo.com\/si\/wp-json\/wp\/v2\/users\/1"}],"replies":[{"embeddable":true,"href":"https:\/\/hudo.com\/si\/wp-json\/wp\/v2\/comments?post=118240"}],"version-history":[{"count":1,"href":"https:\/\/hudo.com\/si\/wp-json\/wp\/v2\/posts\/118240\/revisions"}],"predecessor-version":[{"id":118441,"href":"https:\/\/hudo.com\/si\/wp-json\/wp\/v2\/posts\/118240\/revisions\/118441"}],"wp:attachment":[{"href":"https:\/\/hudo.com\/si\/wp-json\/wp\/v2\/media?parent=118240"}],"wp:term":[{"taxonomy":"category","embeddable":true,"href":"https:\/\/hudo.com\/si\/wp-json\/wp\/v2\/categories?post=118240"},{"taxonomy":"post_tag","embeddable":true,"href":"https:\/\/hudo.com\/si\/wp-json\/wp\/v2\/tags?post=118240"},{"taxonomy":"source","embeddable":true,"href":"https:\/\/hudo.com\/si\/wp-json\/wp\/v2\/source?post=118240"},{"taxonomy":"supertag","embeddable":true,"href":"https:\/\/hudo.com\/si\/wp-json\/wp\/v2\/supertag?post=118240"}],"curies":[{"name":"wp","href":"https:\/\/api.w.org\/{rel}","templated":true}]}}