{"id":118246,"date":"2016-08-22T12:25:00","date_gmt":"2016-08-22T10:25:00","guid":{"rendered":"http:\/\/hudo.com\/si\/2016\/08\/22\/odmevi-na-poraz-nk-maribor-opomin-pred-izpadom\/"},"modified":"2016-08-23T17:52:50","modified_gmt":"2016-08-23T15:52:50","slug":"odmevi-na-poraz-nk-maribor-opomin-pred-izpadom","status":"publish","type":"post","link":"https:\/\/hudo.com\/si\/aktualno\/odmevi-na-poraz-nk-maribor-opomin-pred-izpadom\/","title":{"rendered":"Odmevi na poraz NK Maribor: Opomin pred izpadom"},"content":{"rendered":"<p>Ko se je mariborski nogometni voz obrnil navzdol, je zagrmelo. Prvemu porazu sezone, ko je Gorica po sedmih letih prekinila urok doma\u010dega igri\u0161\u010da proti vijoli\u010dastim in zmagala z 2:1, sta sledila \u0161e dva. Sino\u010di si nogometa\u0161i Maribora niso zakrpal ran iz Bakuja, iz prve tekme \u010detrtega predkroga evropske lige proti Gabali, borbeni Aluminij je razgalil nove te\u017eave v igri najuspe\u0161nej\u0161ega slovenskega kluba. &#8220;Definitivno se nam pozna, da ne uspemo trenirati, kot bi morali, a imamo privilegij, da igramo v Evropi. Tam se moramo res mentalno in fizi\u010dno zelo potruditi. Dejstvo je, da nas je to iztro\u0161ilo. Na za\u010detku sezone nam je rotacija dobro uspevala, zadr\u017eali smo dinamiko, zdaj pa nam to ni uspelo,&#8221; je po tekmi \u0161estega kroga I. SNL, ki je njegovo mo\u0161tvo prizemljila na petem mestu na lestvici, ugotavljal trener Darko Milani\u010d. &#8220;Pri\u010dakovali smo, da bo Aluminij igral zaprto. Nismo pri\u0161li do izrazitih prilo\u017enosti. Na za\u010detku smo imeli dovolj prekinitev, da bi tekmo odprli, z zgodnjim zadetkom \u0161li v pravo smer, a Aluminij nam je prestregel nekaj \u017eog na na\u0161i polovici, imel protinapade. Ko so zadeli, so se lahko \u0161e bolj zaprli. Mi preprosto nismo bili dovolj agresivni, da bi jim odvzeli \u017eogo v zadnji liniji in s tem presenetili,&#8221; je doslej najvi\u0161ji liga\u0161ki poraz v sezoni pod\u010drtal Ale\u0161 Mertelj. Prvi\u010d po tretjem krogu v Dom\u017ealah je za\u010del v vijoli\u010dasti enajsterici, bil je eden od osmih nogometa\u0161ev, s katerimi je Milani\u010d zamenjal enajsterico iz Azerbajd\u017eana. &#8220;Izgleda, da vse, kar se dogaja, vpliva tudi na tiste, ki so igrali manj, da niso optimalni oziroma, da proti Aluminiju niso bili optimalni,&#8221; je o davku Evrope in dolgih potovanj razmi\u0161ljal trener. No, 29-letni Gorenjec, ki je tudi tokrat igral kot osrednji branilec, ni govoril o iztro\u0161enosti: &#8220;Tekma je tekma, nasprotnik je nasprotnik. Te\u017eko bi govoril o utrujenosti, saj delam vse, da bi bil dober, se dobro regeneriral. Verjamem, da to naredijo tudi drugi. \u010ce \u0161portnik razmi\u0161lja o utrujenosti, je nekaj narobe z njim. Tukaj smo, da r<\/p>\n","protected":false},"excerpt":{"rendered":"<p>Ko se je mariborski nogometni voz obrnil navzdol, je zagrmelo. Prvemu porazu sezone, ko je Gorica po sedmih letih prekinila urok doma\u010dega igri\u0161\u010da proti vijoli\u010dastim in zmagala z 2:1, sta sledila \u0161e dva. Sino\u010di si nogometa\u0161i Maribora niso zakrpal ran iz Bakuja, iz prve tekme \u010detrtega predkroga evropske lige proti Gabali, borbeni Aluminij je razgalil nove te\u017eave v igri najuspe\u0161nej\u0161ega slovenskega kluba. &#8220;Definitivno se nam pozna, da ne uspemo trenirati, kot bi morali, a imamo privilegij, da igramo v Evropi. Tam se moramo res mentalno in fizi\u010dno zelo potruditi. Dejstvo je, da nas je to iztro\u0161ilo. Na za\u010detku sezone nam je rotacija dobro uspevala, zadr\u017eali smo dinamiko, zdaj pa nam to ni uspelo,&#8221; je po tekmi \u0161estega kroga I. SNL, ki je njegovo mo\u0161tvo prizemljila na petem mestu na lestvici, ugotavljal trener Darko Milani\u010d. &#8220;Pri\u010dakovali smo, da bo Aluminij igral zaprto. Nismo pri\u0161li do izrazitih prilo\u017enosti. Na za\u010detku smo imeli dovolj prekinitev, da bi tekmo odprli, z zgodnjim zadetkom \u0161li v pravo smer, a Aluminij nam je prestregel nekaj \u017eog na na\u0161i polovici, imel protinapade. Ko so zadeli, so se lahko \u0161e bolj zaprli. Mi preprosto nismo bili dovolj agresivni, da bi jim odvzeli \u017eogo v zadnji liniji in s tem presenetili,&#8221; je doslej najvi\u0161ji liga\u0161ki poraz v sezoni pod\u010drtal Ale\u0161 Mertelj. Prvi\u010d po tretjem krogu v Dom\u017ealah je za\u010del v vijoli\u010dasti enajsterici, bil je eden od osmih nogometa\u0161ev, s katerimi je Milani\u010d zamenjal enajsterico iz Azerbajd\u017eana. &#8220;Izgleda, da vse, kar se dogaja, vpliva tudi na tiste, ki so igrali manj, da niso optimalni oziroma, da proti Aluminiju niso bili optimalni,&#8221; je o davku Evrope in dolgih potovanj razmi\u0161ljal trener. No, 29-letni Gorenjec, ki je tudi tokrat igral kot osrednji branilec, ni govoril o iztro\u0161enosti: &#8220;Tekma je tekma, nasprotnik je nasprotnik. Te\u017eko bi govoril o utrujenosti, saj delam vse, da bi bil dober, se dobro regeneriral. Verjamem, da to naredijo tudi drugi. \u010ce \u0161portnik razmi\u0161lja o utrujenosti, je nekaj narobe z njim. Tukaj smo, da r<\/p>\n","protected":false},"author":1,"featured_media":0,"comment_status":"closed","ping_status":"closed","sticky":false,"template":"","format":"standard","meta":{"footnotes":""},"categories":[1179],"tags":[],"source":[1711],"supertag":[],"acf":[],"yoast_head":"<!-- This site is optimized with the Yoast SEO plugin v21.3 - https:\/\/yoast.com\/wordpress\/plugins\/seo\/ -->\n<title>Odmevi na poraz NK Maribor: Opomin pred izpadom - Hudo Slovenija<\/title>\n<meta name=\"robots\" content=\"index, follow, max-snippet:-1, max-image-preview:large, max-video-preview:-1\" \/>\n<link rel=\"canonical\" href=\"https:\/\/hudo.com\/si\/aktualno\/odmevi-na-poraz-nk-maribor-opomin-pred-izpadom\/\" \/>\n<meta property=\"og:locale\" content=\"sl_SI\" \/>\n<meta property=\"og:type\" content=\"article\" \/>\n<meta property=\"og:title\" content=\"Odmevi na poraz NK Maribor: Opomin pred izpadom - Hudo Slovenija\" \/>\n<meta property=\"og:description\" content=\"Ko se je mariborski nogometni voz obrnil navzdol, je zagrmelo. Prvemu porazu sezone, ko je Gorica po sedmih letih prekinila urok doma\u010dega igri\u0161\u010da proti vijoli\u010dastim in zmagala z 2:1, sta sledila \u0161e dva. Sino\u010di si nogometa\u0161i Maribora niso zakrpal ran iz Bakuja, iz prve tekme \u010detrtega predkroga evropske lige proti Gabali, borbeni Aluminij je razgalil nove te\u017eave v igri najuspe\u0161nej\u0161ega slovenskega kluba. &quot;Definitivno se nam pozna, da ne uspemo trenirati, kot bi morali, a imamo privilegij, da igramo v Evropi. Tam se moramo res mentalno in fizi\u010dno zelo potruditi. Dejstvo je, da nas je to iztro\u0161ilo. Na za\u010detku sezone nam je rotacija dobro uspevala, zadr\u017eali smo dinamiko, zdaj pa nam to ni uspelo,&quot; je po tekmi \u0161estega kroga I. SNL, ki je njegovo mo\u0161tvo prizemljila na petem mestu na lestvici, ugotavljal trener Darko Milani\u010d. &quot;Pri\u010dakovali smo, da bo Aluminij igral zaprto. Nismo pri\u0161li do izrazitih prilo\u017enosti. Na za\u010detku smo imeli dovolj prekinitev, da bi tekmo odprli, z zgodnjim zadetkom \u0161li v pravo smer, a Aluminij nam je prestregel nekaj \u017eog na na\u0161i polovici, imel protinapade. Ko so zadeli, so se lahko \u0161e bolj zaprli. Mi preprosto nismo bili dovolj agresivni, da bi jim odvzeli \u017eogo v zadnji liniji in s tem presenetili,&quot; je doslej najvi\u0161ji liga\u0161ki poraz v sezoni pod\u010drtal Ale\u0161 Mertelj. Prvi\u010d po tretjem krogu v Dom\u017ealah je za\u010del v vijoli\u010dasti enajsterici, bil je eden od osmih nogometa\u0161ev, s katerimi je Milani\u010d zamenjal enajsterico iz Azerbajd\u017eana. &quot;Izgleda, da vse, kar se dogaja, vpliva tudi na tiste, ki so igrali manj, da niso optimalni oziroma, da proti Aluminiju niso bili optimalni,&quot; je o davku Evrope in dolgih potovanj razmi\u0161ljal trener. No, 29-letni Gorenjec, ki je tudi tokrat igral kot osrednji branilec, ni govoril o iztro\u0161enosti: &quot;Tekma je tekma, nasprotnik je nasprotnik. Te\u017eko bi govoril o utrujenosti, saj delam vse, da bi bil dober, se dobro regeneriral. Verjamem, da to naredijo tudi drugi. \u010ce \u0161portnik razmi\u0161lja o utrujenosti, je nekaj narobe z njim. Tukaj smo, da r\" \/>\n<meta property=\"og:url\" content=\"https:\/\/hudo.com\/si\/aktualno\/odmevi-na-poraz-nk-maribor-opomin-pred-izpadom\/\" \/>\n<meta property=\"og:site_name\" content=\"Hudo Slovenija\" \/>\n<meta property=\"article:publisher\" content=\"https:\/\/www.facebook.com\/hudo.si\" \/>\n<meta property=\"article:published_time\" content=\"2016-08-22T10:25:00+00:00\" \/>\n<meta property=\"article:modified_time\" content=\"2016-08-23T15:52:50+00:00\" \/>\n<meta property=\"og:image\" content=\"https:\/\/hudo.com\/si\/wp-content\/uploads\/sites\/2\/2016\/08\/0821n24-300.jpg\" \/>\n\t<meta property=\"og:image:width\" content=\"450\" \/>\n\t<meta property=\"og:image:height\" content=\"322\" \/>\n\t<meta property=\"og:image:type\" content=\"image\/jpeg\" \/>\n<meta name=\"author\" content=\"hudo\" \/>\n<meta name=\"twitter:card\" content=\"summary_large_image\" \/>\n<meta name=\"twitter:creator\" content=\"@hudo_si\" \/>\n<meta name=\"twitter:site\" content=\"@hudo_si\" \/>\n<meta name=\"twitter:label1\" content=\"Written by\" \/>\n\t<meta name=\"twitter:data1\" content=\"hudo\" \/>\n\t<meta name=\"twitter:label2\" content=\"Est. reading time\" \/>\n\t<meta name=\"twitter:data2\" content=\"2 minuti\" \/>\n<script type=\"application\/ld+json\" class=\"yoast-schema-graph\">{\"@context\":\"https:\/\/schema.org\",\"@graph\":[{\"@type\":\"Article\",\"@id\":\"https:\/\/hudo.com\/si\/aktualno\/odmevi-na-poraz-nk-maribor-opomin-pred-izpadom\/#article\",\"isPartOf\":{\"@id\":\"https:\/\/hudo.com\/si\/aktualno\/odmevi-na-poraz-nk-maribor-opomin-pred-izpadom\/\"},\"author\":{\"name\":\"hudo\",\"@id\":\"https:\/\/hudo.com\/si\/#\/schema\/person\/601cf3379633985b20f7e50f2bb47707\"},\"headline\":\"Odmevi na poraz NK Maribor: Opomin pred izpadom\",\"datePublished\":\"2016-08-22T10:25:00+00:00\",\"dateModified\":\"2016-08-23T15:52:50+00:00\",\"mainEntityOfPage\":{\"@id\":\"https:\/\/hudo.com\/si\/aktualno\/odmevi-na-poraz-nk-maribor-opomin-pred-izpadom\/\"},\"wordCount\":363,\"publisher\":{\"@id\":\"https:\/\/hudo.com\/si\/#organization\"},\"articleSection\":[\"Aktualno\"],\"inLanguage\":\"sl-SI\"},{\"@type\":\"WebPage\",\"@id\":\"https:\/\/hudo.com\/si\/aktualno\/odmevi-na-poraz-nk-maribor-opomin-pred-izpadom\/\",\"url\":\"https:\/\/hudo.com\/si\/aktualno\/odmevi-na-poraz-nk-maribor-opomin-pred-izpadom\/\",\"name\":\"Odmevi na poraz NK Maribor: Opomin pred izpadom - Hudo Slovenija\",\"isPartOf\":{\"@id\":\"https:\/\/hudo.com\/si\/#website\"},\"datePublished\":\"2016-08-22T10:25:00+00:00\",\"dateModified\":\"2016-08-23T15:52:50+00:00\",\"breadcrumb\":{\"@id\":\"https:\/\/hudo.com\/si\/aktualno\/odmevi-na-poraz-nk-maribor-opomin-pred-izpadom\/#breadcrumb\"},\"inLanguage\":\"sl-SI\",\"potentialAction\":[{\"@type\":\"ReadAction\",\"target\":[\"https:\/\/hudo.com\/si\/aktualno\/odmevi-na-poraz-nk-maribor-opomin-pred-izpadom\/\"]}]},{\"@type\":\"BreadcrumbList\",\"@id\":\"https:\/\/hudo.com\/si\/aktualno\/odmevi-na-poraz-nk-maribor-opomin-pred-izpadom\/#breadcrumb\",\"itemListElement\":[{\"@type\":\"ListItem\",\"position\":1,\"name\":\"Home\",\"item\":\"https:\/\/hudo.com\/si\/\"},{\"@type\":\"ListItem\",\"position\":2,\"name\":\"Odmevi na poraz NK Maribor: Opomin pred izpadom\"}]},{\"@type\":\"WebSite\",\"@id\":\"https:\/\/hudo.com\/si\/#website\",\"url\":\"https:\/\/hudo.com\/si\/\",\"name\":\"Hudo Slovenija\",\"description\":\"Vse novice iz Slovenije in sveta\",\"publisher\":{\"@id\":\"https:\/\/hudo.com\/si\/#organization\"},\"potentialAction\":[{\"@type\":\"SearchAction\",\"target\":{\"@type\":\"EntryPoint\",\"urlTemplate\":\"https:\/\/hudo.com\/si\/?s={search_term_string}\"},\"query-input\":\"required name=search_term_string\"}],\"inLanguage\":\"sl-SI\"},{\"@type\":\"Organization\",\"@id\":\"https:\/\/hudo.com\/si\/#organization\",\"name\":\"VSN Media\",\"url\":\"https:\/\/hudo.com\/si\/\",\"logo\":{\"@type\":\"ImageObject\",\"inLanguage\":\"sl-SI\",\"@id\":\"https:\/\/hudo.com\/si\/#\/schema\/logo\/image\/\",\"url\":\"https:\/\/hudo.com\/si\/wp-content\/uploads\/sites\/2\/2021\/03\/hudo-app-2.png\",\"contentUrl\":\"https:\/\/hudo.com\/si\/wp-content\/uploads\/sites\/2\/2021\/03\/hudo-app-2.png\",\"width\":2185,\"height\":2167,\"caption\":\"VSN Media\"},\"image\":{\"@id\":\"https:\/\/hudo.com\/si\/#\/schema\/logo\/image\/\"},\"sameAs\":[\"https:\/\/www.facebook.com\/hudo.si\",\"https:\/\/twitter.com\/hudo_si\"]},{\"@type\":\"Person\",\"@id\":\"https:\/\/hudo.com\/si\/#\/schema\/person\/601cf3379633985b20f7e50f2bb47707\",\"name\":\"hudo\",\"image\":{\"@type\":\"ImageObject\",\"inLanguage\":\"sl-SI\",\"@id\":\"https:\/\/hudo.com\/si\/#\/schema\/person\/image\/\",\"url\":\"https:\/\/secure.gravatar.com\/avatar\/c4ca25fa72cace7a696b52ff5db9e095?s=96&d=mm&r=g\",\"contentUrl\":\"https:\/\/secure.gravatar.com\/avatar\/c4ca25fa72cace7a696b52ff5db9e095?s=96&d=mm&r=g\",\"caption\":\"hudo\"},\"url\":\"https:\/\/hudo.com\/si\/author\/hudo\/\"}]}<\/script>\n<!-- \/ Yoast SEO plugin. -->","yoast_head_json":{"title":"Odmevi na poraz NK Maribor: Opomin pred izpadom - Hudo Slovenija","robots":{"index":"index","follow":"follow","max-snippet":"max-snippet:-1","max-image-preview":"max-image-preview:large","max-video-preview":"max-video-preview:-1"},"canonical":"https:\/\/hudo.com\/si\/aktualno\/odmevi-na-poraz-nk-maribor-opomin-pred-izpadom\/","og_locale":"sl_SI","og_type":"article","og_title":"Odmevi na poraz NK Maribor: Opomin pred izpadom - Hudo Slovenija","og_description":"Ko se je mariborski nogometni voz obrnil navzdol, je zagrmelo. Prvemu porazu sezone, ko je Gorica po sedmih letih prekinila urok doma\u010dega igri\u0161\u010da proti vijoli\u010dastim in zmagala z 2:1, sta sledila \u0161e dva. Sino\u010di si nogometa\u0161i Maribora niso zakrpal ran iz Bakuja, iz prve tekme \u010detrtega predkroga evropske lige proti Gabali, borbeni Aluminij je razgalil nove te\u017eave v igri najuspe\u0161nej\u0161ega slovenskega kluba. \"Definitivno se nam pozna, da ne uspemo trenirati, kot bi morali, a imamo privilegij, da igramo v Evropi. Tam se moramo res mentalno in fizi\u010dno zelo potruditi. Dejstvo je, da nas je to iztro\u0161ilo. Na za\u010detku sezone nam je rotacija dobro uspevala, zadr\u017eali smo dinamiko, zdaj pa nam to ni uspelo,\" je po tekmi \u0161estega kroga I. SNL, ki je njegovo mo\u0161tvo prizemljila na petem mestu na lestvici, ugotavljal trener Darko Milani\u010d. \"Pri\u010dakovali smo, da bo Aluminij igral zaprto. Nismo pri\u0161li do izrazitih prilo\u017enosti. Na za\u010detku smo imeli dovolj prekinitev, da bi tekmo odprli, z zgodnjim zadetkom \u0161li v pravo smer, a Aluminij nam je prestregel nekaj \u017eog na na\u0161i polovici, imel protinapade. Ko so zadeli, so se lahko \u0161e bolj zaprli. Mi preprosto nismo bili dovolj agresivni, da bi jim odvzeli \u017eogo v zadnji liniji in s tem presenetili,\" je doslej najvi\u0161ji liga\u0161ki poraz v sezoni pod\u010drtal Ale\u0161 Mertelj. Prvi\u010d po tretjem krogu v Dom\u017ealah je za\u010del v vijoli\u010dasti enajsterici, bil je eden od osmih nogometa\u0161ev, s katerimi je Milani\u010d zamenjal enajsterico iz Azerbajd\u017eana. \"Izgleda, da vse, kar se dogaja, vpliva tudi na tiste, ki so igrali manj, da niso optimalni oziroma, da proti Aluminiju niso bili optimalni,\" je o davku Evrope in dolgih potovanj razmi\u0161ljal trener. No, 29-letni Gorenjec, ki je tudi tokrat igral kot osrednji branilec, ni govoril o iztro\u0161enosti: \"Tekma je tekma, nasprotnik je nasprotnik. Te\u017eko bi govoril o utrujenosti, saj delam vse, da bi bil dober, se dobro regeneriral. Verjamem, da to naredijo tudi drugi. \u010ce \u0161portnik razmi\u0161lja o utrujenosti, je nekaj narobe z njim. Tukaj smo, da r","og_url":"https:\/\/hudo.com\/si\/aktualno\/odmevi-na-poraz-nk-maribor-opomin-pred-izpadom\/","og_site_name":"Hudo Slovenija","article_publisher":"https:\/\/www.facebook.com\/hudo.si","article_published_time":"2016-08-22T10:25:00+00:00","article_modified_time":"2016-08-23T15:52:50+00:00","og_image":[{"width":450,"height":322,"url":"https:\/\/hudo.com\/si\/wp-content\/uploads\/sites\/2\/2016\/08\/0821n24-300.jpg","type":"image\/jpeg"}],"author":"hudo","twitter_card":"summary_large_image","twitter_creator":"@hudo_si","twitter_site":"@hudo_si","twitter_misc":{"Written by":"hudo","Est. reading time":"2 minuti"},"schema":{"@context":"https:\/\/schema.org","@graph":[{"@type":"Article","@id":"https:\/\/hudo.com\/si\/aktualno\/odmevi-na-poraz-nk-maribor-opomin-pred-izpadom\/#article","isPartOf":{"@id":"https:\/\/hudo.com\/si\/aktualno\/odmevi-na-poraz-nk-maribor-opomin-pred-izpadom\/"},"author":{"name":"hudo","@id":"https:\/\/hudo.com\/si\/#\/schema\/person\/601cf3379633985b20f7e50f2bb47707"},"headline":"Odmevi na poraz NK Maribor: Opomin pred izpadom","datePublished":"2016-08-22T10:25:00+00:00","dateModified":"2016-08-23T15:52:50+00:00","mainEntityOfPage":{"@id":"https:\/\/hudo.com\/si\/aktualno\/odmevi-na-poraz-nk-maribor-opomin-pred-izpadom\/"},"wordCount":363,"publisher":{"@id":"https:\/\/hudo.com\/si\/#organization"},"articleSection":["Aktualno"],"inLanguage":"sl-SI"},{"@type":"WebPage","@id":"https:\/\/hudo.com\/si\/aktualno\/odmevi-na-poraz-nk-maribor-opomin-pred-izpadom\/","url":"https:\/\/hudo.com\/si\/aktualno\/odmevi-na-poraz-nk-maribor-opomin-pred-izpadom\/","name":"Odmevi na poraz NK Maribor: Opomin pred izpadom - Hudo Slovenija","isPartOf":{"@id":"https:\/\/hudo.com\/si\/#website"},"datePublished":"2016-08-22T10:25:00+00:00","dateModified":"2016-08-23T15:52:50+00:00","breadcrumb":{"@id":"https:\/\/hudo.com\/si\/aktualno\/odmevi-na-poraz-nk-maribor-opomin-pred-izpadom\/#breadcrumb"},"inLanguage":"sl-SI","potentialAction":[{"@type":"ReadAction","target":["https:\/\/hudo.com\/si\/aktualno\/odmevi-na-poraz-nk-maribor-opomin-pred-izpadom\/"]}]},{"@type":"BreadcrumbList","@id":"https:\/\/hudo.com\/si\/aktualno\/odmevi-na-poraz-nk-maribor-opomin-pred-izpadom\/#breadcrumb","itemListElement":[{"@type":"ListItem","position":1,"name":"Home","item":"https:\/\/hudo.com\/si\/"},{"@type":"ListItem","position":2,"name":"Odmevi na poraz NK Maribor: Opomin pred izpadom"}]},{"@type":"WebSite","@id":"https:\/\/hudo.com\/si\/#website","url":"https:\/\/hudo.com\/si\/","name":"Hudo Slovenija","description":"Vse novice iz Slovenije in sveta","publisher":{"@id":"https:\/\/hudo.com\/si\/#organization"},"potentialAction":[{"@type":"SearchAction","target":{"@type":"EntryPoint","urlTemplate":"https:\/\/hudo.com\/si\/?s={search_term_string}"},"query-input":"required name=search_term_string"}],"inLanguage":"sl-SI"},{"@type":"Organization","@id":"https:\/\/hudo.com\/si\/#organization","name":"VSN Media","url":"https:\/\/hudo.com\/si\/","logo":{"@type":"ImageObject","inLanguage":"sl-SI","@id":"https:\/\/hudo.com\/si\/#\/schema\/logo\/image\/","url":"https:\/\/hudo.com\/si\/wp-content\/uploads\/sites\/2\/2021\/03\/hudo-app-2.png","contentUrl":"https:\/\/hudo.com\/si\/wp-content\/uploads\/sites\/2\/2021\/03\/hudo-app-2.png","width":2185,"height":2167,"caption":"VSN Media"},"image":{"@id":"https:\/\/hudo.com\/si\/#\/schema\/logo\/image\/"},"sameAs":["https:\/\/www.facebook.com\/hudo.si","https:\/\/twitter.com\/hudo_si"]},{"@type":"Person","@id":"https:\/\/hudo.com\/si\/#\/schema\/person\/601cf3379633985b20f7e50f2bb47707","name":"hudo","image":{"@type":"ImageObject","inLanguage":"sl-SI","@id":"https:\/\/hudo.com\/si\/#\/schema\/person\/image\/","url":"https:\/\/secure.gravatar.com\/avatar\/c4ca25fa72cace7a696b52ff5db9e095?s=96&d=mm&r=g","contentUrl":"https:\/\/secure.gravatar.com\/avatar\/c4ca25fa72cace7a696b52ff5db9e095?s=96&d=mm&r=g","caption":"hudo"},"url":"https:\/\/hudo.com\/si\/author\/hudo\/"}]}},"amp_enabled":true,"_links":{"self":[{"href":"https:\/\/hudo.com\/si\/wp-json\/wp\/v2\/posts\/118246"}],"collection":[{"href":"https:\/\/hudo.com\/si\/wp-json\/wp\/v2\/posts"}],"about":[{"href":"https:\/\/hudo.com\/si\/wp-json\/wp\/v2\/types\/post"}],"author":[{"embeddable":true,"href":"https:\/\/hudo.com\/si\/wp-json\/wp\/v2\/users\/1"}],"replies":[{"embeddable":true,"href":"https:\/\/hudo.com\/si\/wp-json\/wp\/v2\/comments?post=118246"}],"version-history":[{"count":1,"href":"https:\/\/hudo.com\/si\/wp-json\/wp\/v2\/posts\/118246\/revisions"}],"predecessor-version":[{"id":118444,"href":"https:\/\/hudo.com\/si\/wp-json\/wp\/v2\/posts\/118246\/revisions\/118444"}],"wp:attachment":[{"href":"https:\/\/hudo.com\/si\/wp-json\/wp\/v2\/media?parent=118246"}],"wp:term":[{"taxonomy":"category","embeddable":true,"href":"https:\/\/hudo.com\/si\/wp-json\/wp\/v2\/categories?post=118246"},{"taxonomy":"post_tag","embeddable":true,"href":"https:\/\/hudo.com\/si\/wp-json\/wp\/v2\/tags?post=118246"},{"taxonomy":"source","embeddable":true,"href":"https:\/\/hudo.com\/si\/wp-json\/wp\/v2\/source?post=118246"},{"taxonomy":"supertag","embeddable":true,"href":"https:\/\/hudo.com\/si\/wp-json\/wp\/v2\/supertag?post=118246"}],"curies":[{"name":"wp","href":"https:\/\/api.w.org\/{rel}","templated":true}]}}