{"id":118270,"date":"2016-08-22T10:15:00","date_gmt":"2016-08-22T08:15:00","guid":{"rendered":"http:\/\/hudo.com\/si\/2016\/08\/22\/v-sobotnem-napadu-na-poroki-v-turciji-ubiti-stevilni-otroci-2\/"},"modified":"2016-08-23T11:32:59","modified_gmt":"2016-08-23T09:32:59","slug":"v-sobotnem-napadu-na-poroki-v-turciji-ubiti-stevilni-otroci-2","status":"publish","type":"post","link":"https:\/\/hudo.com\/si\/aktualno\/v-sobotnem-napadu-na-poroki-v-turciji-ubiti-stevilni-otroci-2\/","title":{"rendered":"V sobotnem napadu na poroki v Tur\u010diji ubiti \u0161tevilni otroci"},"content":{"rendered":"<p>V sobotnem napadu na kurdskem poro\u010dnem slavju v mestu Gaziantep na jugovzhodu Tur\u010dije blizu meje s Sirijo je umrlo kar 29 otrok. Skupno \u0161tevilo umrlih je sicer naraslo na 54, doslej so jih identificirali 44. V napadu, v katerem se je razstrelil 12 do 14 let star fant, je bilo ranjenih 69 ljudi, 17 kriti\u010dno. Tur\u0161ki zunanji minister Mevlut Cavusoglu je v dana\u0161nji izjavi za javnost sicer dejal, da je treba obmo\u010dje Tur\u010dije ob meji s Sirijo v celoti o\u010distiti d\u017eihadistov skrajne sunitske skupine Islamska dr\u017eava (IS). &#8220;Na\u0161e meje moramo o\u010distiti IS. Na\u0161a naravna pravica je, da se doma in v tujini borimo proti teroristi\u010dnim organizacijam,&#8221; je dejal Cavusoglu. Gaziantep ima 1,5 milijona prebivalcev in le\u017ei pribli\u017eno 40 kilometrov od meje s Sirijo. Odgovornosti za sobotni napad na poro\u010dnem slavju ni prevzel \u0161e nih\u010de, tur\u0161ki predsednik Recep Tayyip Erdogan pa je v nedeljo dejal, da gre najverjetneje za delo skrajne sunitske skupine Islamska dr\u017eava (IS). Preiskovalci so na prizori\u0161\u010du napada na\u0161li ostanke samomorilskega jopi\u010da. Po poro\u010danju tur\u0161ke tiskovne agencije Dogan se je samomorilski napadalec pome\u0161al med svate in se razstrelil. Tur\u0161ke varnostne sile zdaj i\u0161\u010dejo dva mo\u0161ka, ki naj bi na slavje pri\u0161la skupaj z napadalcem, po napadu pa sta pobegnila s prizori\u0161\u010da. Prokurdska Ljudska demokratska stranka (HDP) je sporo\u010dila, da je \u0161lo za poroko enega njenih \u010dlanov. V izjavi je HDP ocenila, da &#8220;sovra\u017eni govor vladajo\u010de stranke, diskriminacija ter njen razdvajajo\u010di odnos na politi\u010dnem parketu spodbujajo take napade&#8221;. Tur\u0161ko vlado je HDP v zadnjem \u010dasu ve\u010dkrat pozvala k obnovitvi mirovnih pogovorov s prepovedano Kurdsko delavsko stranko (PKK), a je tur\u0161ka vlada te pozive zavrnila. Erdogan je po sobotnem napadu v Gaziantepu znova poudaril, da ni razlike med gibanjem klerika Fethullaha G\u00fclena, ki po trditvah Ankare stoji za julijskim spodletelim voja\u0161kim udarom v Tur\u010diji, prepovedano Kurdsko delavsko stranko (PKK) in IS. &#8220;Na\u0161a dr\u017eava in na\u0161 narod imata le eno sporo\u010dilo za tiste, ki nas<\/p>\n","protected":false},"excerpt":{"rendered":"<p>V sobotnem napadu na kurdskem poro\u010dnem slavju v mestu Gaziantep na jugovzhodu Tur\u010dije blizu meje s Sirijo je umrlo kar 29 otrok. Skupno \u0161tevilo umrlih je sicer naraslo na 54, doslej so jih identificirali 44. V napadu, v katerem se je razstrelil 12 do 14 let star fant, je bilo ranjenih 69 ljudi, 17 kriti\u010dno. Tur\u0161ki zunanji minister Mevlut Cavusoglu je v dana\u0161nji izjavi za javnost sicer dejal, da je treba obmo\u010dje Tur\u010dije ob meji s Sirijo v celoti o\u010distiti d\u017eihadistov skrajne sunitske skupine Islamska dr\u017eava (IS). &#8220;Na\u0161e meje moramo o\u010distiti IS. Na\u0161a naravna pravica je, da se doma in v tujini borimo proti teroristi\u010dnim organizacijam,&#8221; je dejal Cavusoglu. Gaziantep ima 1,5 milijona prebivalcev in le\u017ei pribli\u017eno 40 kilometrov od meje s Sirijo. Odgovornosti za sobotni napad na poro\u010dnem slavju ni prevzel \u0161e nih\u010de, tur\u0161ki predsednik Recep Tayyip Erdogan pa je v nedeljo dejal, da gre najverjetneje za delo skrajne sunitske skupine Islamska dr\u017eava (IS). Preiskovalci so na prizori\u0161\u010du napada na\u0161li ostanke samomorilskega jopi\u010da. Po poro\u010danju tur\u0161ke tiskovne agencije Dogan se je samomorilski napadalec pome\u0161al med svate in se razstrelil. Tur\u0161ke varnostne sile zdaj i\u0161\u010dejo dva mo\u0161ka, ki naj bi na slavje pri\u0161la skupaj z napadalcem, po napadu pa sta pobegnila s prizori\u0161\u010da. Prokurdska Ljudska demokratska stranka (HDP) je sporo\u010dila, da je \u0161lo za poroko enega njenih \u010dlanov. V izjavi je HDP ocenila, da &#8220;sovra\u017eni govor vladajo\u010de stranke, diskriminacija ter njen razdvajajo\u010di odnos na politi\u010dnem parketu spodbujajo take napade&#8221;. Tur\u0161ko vlado je HDP v zadnjem \u010dasu ve\u010dkrat pozvala k obnovitvi mirovnih pogovorov s prepovedano Kurdsko delavsko stranko (PKK), a je tur\u0161ka vlada te pozive zavrnila. Erdogan je po sobotnem napadu v Gaziantepu znova poudaril, da ni razlike med gibanjem klerika Fethullaha G\u00fclena, ki po trditvah Ankare stoji za julijskim spodletelim voja\u0161kim udarom v Tur\u010diji, prepovedano Kurdsko delavsko stranko (PKK) in IS. &#8220;Na\u0161a dr\u017eava in na\u0161 narod imata le eno sporo\u010dilo za tiste, ki nas<\/p>\n","protected":false},"author":1,"featured_media":0,"comment_status":"closed","ping_status":"closed","sticky":false,"template":"","format":"standard","meta":{"footnotes":""},"categories":[1179],"tags":[],"source":[1711],"supertag":[],"acf":[],"yoast_head":"<!-- This site is optimized with the Yoast SEO plugin v21.3 - https:\/\/yoast.com\/wordpress\/plugins\/seo\/ -->\n<title>V sobotnem napadu na poroki v Tur\u010diji ubiti \u0161tevilni otroci - Hudo Slovenija<\/title>\n<meta name=\"robots\" content=\"index, follow, max-snippet:-1, max-image-preview:large, max-video-preview:-1\" \/>\n<link rel=\"canonical\" href=\"https:\/\/hudo.com\/si\/aktualno\/v-sobotnem-napadu-na-poroki-v-turciji-ubiti-stevilni-otroci-2\/\" \/>\n<meta property=\"og:locale\" content=\"sl_SI\" \/>\n<meta property=\"og:type\" content=\"article\" \/>\n<meta property=\"og:title\" content=\"V sobotnem napadu na poroki v Tur\u010diji ubiti \u0161tevilni otroci - Hudo Slovenija\" \/>\n<meta property=\"og:description\" content=\"V sobotnem napadu na kurdskem poro\u010dnem slavju v mestu Gaziantep na jugovzhodu Tur\u010dije blizu meje s Sirijo je umrlo kar 29 otrok. Skupno \u0161tevilo umrlih je sicer naraslo na 54, doslej so jih identificirali 44. V napadu, v katerem se je razstrelil 12 do 14 let star fant, je bilo ranjenih 69 ljudi, 17 kriti\u010dno. Tur\u0161ki zunanji minister Mevlut Cavusoglu je v dana\u0161nji izjavi za javnost sicer dejal, da je treba obmo\u010dje Tur\u010dije ob meji s Sirijo v celoti o\u010distiti d\u017eihadistov skrajne sunitske skupine Islamska dr\u017eava (IS). &quot;Na\u0161e meje moramo o\u010distiti IS. Na\u0161a naravna pravica je, da se doma in v tujini borimo proti teroristi\u010dnim organizacijam,&quot; je dejal Cavusoglu. Gaziantep ima 1,5 milijona prebivalcev in le\u017ei pribli\u017eno 40 kilometrov od meje s Sirijo. Odgovornosti za sobotni napad na poro\u010dnem slavju ni prevzel \u0161e nih\u010de, tur\u0161ki predsednik Recep Tayyip Erdogan pa je v nedeljo dejal, da gre najverjetneje za delo skrajne sunitske skupine Islamska dr\u017eava (IS). Preiskovalci so na prizori\u0161\u010du napada na\u0161li ostanke samomorilskega jopi\u010da. Po poro\u010danju tur\u0161ke tiskovne agencije Dogan se je samomorilski napadalec pome\u0161al med svate in se razstrelil. Tur\u0161ke varnostne sile zdaj i\u0161\u010dejo dva mo\u0161ka, ki naj bi na slavje pri\u0161la skupaj z napadalcem, po napadu pa sta pobegnila s prizori\u0161\u010da. Prokurdska Ljudska demokratska stranka (HDP) je sporo\u010dila, da je \u0161lo za poroko enega njenih \u010dlanov. V izjavi je HDP ocenila, da &quot;sovra\u017eni govor vladajo\u010de stranke, diskriminacija ter njen razdvajajo\u010di odnos na politi\u010dnem parketu spodbujajo take napade&quot;. Tur\u0161ko vlado je HDP v zadnjem \u010dasu ve\u010dkrat pozvala k obnovitvi mirovnih pogovorov s prepovedano Kurdsko delavsko stranko (PKK), a je tur\u0161ka vlada te pozive zavrnila. Erdogan je po sobotnem napadu v Gaziantepu znova poudaril, da ni razlike med gibanjem klerika Fethullaha G\u00fclena, ki po trditvah Ankare stoji za julijskim spodletelim voja\u0161kim udarom v Tur\u010diji, prepovedano Kurdsko delavsko stranko (PKK) in IS. &quot;Na\u0161a dr\u017eava in na\u0161 narod imata le eno sporo\u010dilo za tiste, ki nas\" \/>\n<meta property=\"og:url\" content=\"https:\/\/hudo.com\/si\/aktualno\/v-sobotnem-napadu-na-poroki-v-turciji-ubiti-stevilni-otroci-2\/\" \/>\n<meta property=\"og:site_name\" content=\"Hudo Slovenija\" \/>\n<meta property=\"article:publisher\" content=\"https:\/\/www.facebook.com\/hudo.si\" \/>\n<meta property=\"article:published_time\" content=\"2016-08-22T08:15:00+00:00\" \/>\n<meta property=\"article:modified_time\" content=\"2016-08-23T09:32:59+00:00\" \/>\n<meta property=\"og:image\" content=\"https:\/\/hudo.com\/si\/wp-content\/uploads\/sites\/2\/2016\/08\/05504646-300.jpg\" \/>\n\t<meta property=\"og:image:width\" content=\"450\" \/>\n\t<meta property=\"og:image:height\" content=\"283\" \/>\n\t<meta property=\"og:image:type\" content=\"image\/jpeg\" \/>\n<meta name=\"author\" content=\"hudo\" \/>\n<meta name=\"twitter:card\" content=\"summary_large_image\" \/>\n<meta name=\"twitter:creator\" content=\"@hudo_si\" \/>\n<meta name=\"twitter:site\" content=\"@hudo_si\" \/>\n<meta name=\"twitter:label1\" content=\"Written by\" \/>\n\t<meta name=\"twitter:data1\" content=\"hudo\" \/>\n\t<meta name=\"twitter:label2\" content=\"Est. reading time\" \/>\n\t<meta name=\"twitter:data2\" content=\"2 minuti\" \/>\n<script type=\"application\/ld+json\" class=\"yoast-schema-graph\">{\"@context\":\"https:\/\/schema.org\",\"@graph\":[{\"@type\":\"Article\",\"@id\":\"https:\/\/hudo.com\/si\/aktualno\/v-sobotnem-napadu-na-poroki-v-turciji-ubiti-stevilni-otroci-2\/#article\",\"isPartOf\":{\"@id\":\"https:\/\/hudo.com\/si\/aktualno\/v-sobotnem-napadu-na-poroki-v-turciji-ubiti-stevilni-otroci-2\/\"},\"author\":{\"name\":\"hudo\",\"@id\":\"https:\/\/hudo.com\/si\/#\/schema\/person\/601cf3379633985b20f7e50f2bb47707\"},\"headline\":\"V sobotnem napadu na poroki v Tur\u010diji ubiti \u0161tevilni otroci\",\"datePublished\":\"2016-08-22T08:15:00+00:00\",\"dateModified\":\"2016-08-23T09:32:59+00:00\",\"mainEntityOfPage\":{\"@id\":\"https:\/\/hudo.com\/si\/aktualno\/v-sobotnem-napadu-na-poroki-v-turciji-ubiti-stevilni-otroci-2\/\"},\"wordCount\":361,\"publisher\":{\"@id\":\"https:\/\/hudo.com\/si\/#organization\"},\"articleSection\":[\"Aktualno\"],\"inLanguage\":\"sl-SI\"},{\"@type\":\"WebPage\",\"@id\":\"https:\/\/hudo.com\/si\/aktualno\/v-sobotnem-napadu-na-poroki-v-turciji-ubiti-stevilni-otroci-2\/\",\"url\":\"https:\/\/hudo.com\/si\/aktualno\/v-sobotnem-napadu-na-poroki-v-turciji-ubiti-stevilni-otroci-2\/\",\"name\":\"V sobotnem napadu na poroki v Tur\u010diji ubiti \u0161tevilni otroci - Hudo Slovenija\",\"isPartOf\":{\"@id\":\"https:\/\/hudo.com\/si\/#website\"},\"datePublished\":\"2016-08-22T08:15:00+00:00\",\"dateModified\":\"2016-08-23T09:32:59+00:00\",\"breadcrumb\":{\"@id\":\"https:\/\/hudo.com\/si\/aktualno\/v-sobotnem-napadu-na-poroki-v-turciji-ubiti-stevilni-otroci-2\/#breadcrumb\"},\"inLanguage\":\"sl-SI\",\"potentialAction\":[{\"@type\":\"ReadAction\",\"target\":[\"https:\/\/hudo.com\/si\/aktualno\/v-sobotnem-napadu-na-poroki-v-turciji-ubiti-stevilni-otroci-2\/\"]}]},{\"@type\":\"BreadcrumbList\",\"@id\":\"https:\/\/hudo.com\/si\/aktualno\/v-sobotnem-napadu-na-poroki-v-turciji-ubiti-stevilni-otroci-2\/#breadcrumb\",\"itemListElement\":[{\"@type\":\"ListItem\",\"position\":1,\"name\":\"Home\",\"item\":\"https:\/\/hudo.com\/si\/\"},{\"@type\":\"ListItem\",\"position\":2,\"name\":\"V sobotnem napadu na poroki v Tur\u010diji ubiti \u0161tevilni otroci\"}]},{\"@type\":\"WebSite\",\"@id\":\"https:\/\/hudo.com\/si\/#website\",\"url\":\"https:\/\/hudo.com\/si\/\",\"name\":\"Hudo Slovenija\",\"description\":\"Vse novice iz Slovenije in sveta\",\"publisher\":{\"@id\":\"https:\/\/hudo.com\/si\/#organization\"},\"potentialAction\":[{\"@type\":\"SearchAction\",\"target\":{\"@type\":\"EntryPoint\",\"urlTemplate\":\"https:\/\/hudo.com\/si\/?s={search_term_string}\"},\"query-input\":\"required name=search_term_string\"}],\"inLanguage\":\"sl-SI\"},{\"@type\":\"Organization\",\"@id\":\"https:\/\/hudo.com\/si\/#organization\",\"name\":\"VSN Media\",\"url\":\"https:\/\/hudo.com\/si\/\",\"logo\":{\"@type\":\"ImageObject\",\"inLanguage\":\"sl-SI\",\"@id\":\"https:\/\/hudo.com\/si\/#\/schema\/logo\/image\/\",\"url\":\"https:\/\/hudo.com\/si\/wp-content\/uploads\/sites\/2\/2021\/03\/hudo-app-2.png\",\"contentUrl\":\"https:\/\/hudo.com\/si\/wp-content\/uploads\/sites\/2\/2021\/03\/hudo-app-2.png\",\"width\":2185,\"height\":2167,\"caption\":\"VSN Media\"},\"image\":{\"@id\":\"https:\/\/hudo.com\/si\/#\/schema\/logo\/image\/\"},\"sameAs\":[\"https:\/\/www.facebook.com\/hudo.si\",\"https:\/\/twitter.com\/hudo_si\"]},{\"@type\":\"Person\",\"@id\":\"https:\/\/hudo.com\/si\/#\/schema\/person\/601cf3379633985b20f7e50f2bb47707\",\"name\":\"hudo\",\"image\":{\"@type\":\"ImageObject\",\"inLanguage\":\"sl-SI\",\"@id\":\"https:\/\/hudo.com\/si\/#\/schema\/person\/image\/\",\"url\":\"https:\/\/secure.gravatar.com\/avatar\/c4ca25fa72cace7a696b52ff5db9e095?s=96&d=mm&r=g\",\"contentUrl\":\"https:\/\/secure.gravatar.com\/avatar\/c4ca25fa72cace7a696b52ff5db9e095?s=96&d=mm&r=g\",\"caption\":\"hudo\"},\"url\":\"https:\/\/hudo.com\/si\/author\/hudo\/\"}]}<\/script>\n<!-- \/ Yoast SEO plugin. -->","yoast_head_json":{"title":"V sobotnem napadu na poroki v Tur\u010diji ubiti \u0161tevilni otroci - Hudo Slovenija","robots":{"index":"index","follow":"follow","max-snippet":"max-snippet:-1","max-image-preview":"max-image-preview:large","max-video-preview":"max-video-preview:-1"},"canonical":"https:\/\/hudo.com\/si\/aktualno\/v-sobotnem-napadu-na-poroki-v-turciji-ubiti-stevilni-otroci-2\/","og_locale":"sl_SI","og_type":"article","og_title":"V sobotnem napadu na poroki v Tur\u010diji ubiti \u0161tevilni otroci - Hudo Slovenija","og_description":"V sobotnem napadu na kurdskem poro\u010dnem slavju v mestu Gaziantep na jugovzhodu Tur\u010dije blizu meje s Sirijo je umrlo kar 29 otrok. Skupno \u0161tevilo umrlih je sicer naraslo na 54, doslej so jih identificirali 44. V napadu, v katerem se je razstrelil 12 do 14 let star fant, je bilo ranjenih 69 ljudi, 17 kriti\u010dno. Tur\u0161ki zunanji minister Mevlut Cavusoglu je v dana\u0161nji izjavi za javnost sicer dejal, da je treba obmo\u010dje Tur\u010dije ob meji s Sirijo v celoti o\u010distiti d\u017eihadistov skrajne sunitske skupine Islamska dr\u017eava (IS). \"Na\u0161e meje moramo o\u010distiti IS. Na\u0161a naravna pravica je, da se doma in v tujini borimo proti teroristi\u010dnim organizacijam,\" je dejal Cavusoglu. Gaziantep ima 1,5 milijona prebivalcev in le\u017ei pribli\u017eno 40 kilometrov od meje s Sirijo. Odgovornosti za sobotni napad na poro\u010dnem slavju ni prevzel \u0161e nih\u010de, tur\u0161ki predsednik Recep Tayyip Erdogan pa je v nedeljo dejal, da gre najverjetneje za delo skrajne sunitske skupine Islamska dr\u017eava (IS). Preiskovalci so na prizori\u0161\u010du napada na\u0161li ostanke samomorilskega jopi\u010da. Po poro\u010danju tur\u0161ke tiskovne agencije Dogan se je samomorilski napadalec pome\u0161al med svate in se razstrelil. Tur\u0161ke varnostne sile zdaj i\u0161\u010dejo dva mo\u0161ka, ki naj bi na slavje pri\u0161la skupaj z napadalcem, po napadu pa sta pobegnila s prizori\u0161\u010da. Prokurdska Ljudska demokratska stranka (HDP) je sporo\u010dila, da je \u0161lo za poroko enega njenih \u010dlanov. V izjavi je HDP ocenila, da \"sovra\u017eni govor vladajo\u010de stranke, diskriminacija ter njen razdvajajo\u010di odnos na politi\u010dnem parketu spodbujajo take napade\". Tur\u0161ko vlado je HDP v zadnjem \u010dasu ve\u010dkrat pozvala k obnovitvi mirovnih pogovorov s prepovedano Kurdsko delavsko stranko (PKK), a je tur\u0161ka vlada te pozive zavrnila. Erdogan je po sobotnem napadu v Gaziantepu znova poudaril, da ni razlike med gibanjem klerika Fethullaha G\u00fclena, ki po trditvah Ankare stoji za julijskim spodletelim voja\u0161kim udarom v Tur\u010diji, prepovedano Kurdsko delavsko stranko (PKK) in IS. \"Na\u0161a dr\u017eava in na\u0161 narod imata le eno sporo\u010dilo za tiste, ki nas","og_url":"https:\/\/hudo.com\/si\/aktualno\/v-sobotnem-napadu-na-poroki-v-turciji-ubiti-stevilni-otroci-2\/","og_site_name":"Hudo Slovenija","article_publisher":"https:\/\/www.facebook.com\/hudo.si","article_published_time":"2016-08-22T08:15:00+00:00","article_modified_time":"2016-08-23T09:32:59+00:00","og_image":[{"width":450,"height":283,"url":"https:\/\/hudo.com\/si\/wp-content\/uploads\/sites\/2\/2016\/08\/05504646-300.jpg","type":"image\/jpeg"}],"author":"hudo","twitter_card":"summary_large_image","twitter_creator":"@hudo_si","twitter_site":"@hudo_si","twitter_misc":{"Written by":"hudo","Est. reading time":"2 minuti"},"schema":{"@context":"https:\/\/schema.org","@graph":[{"@type":"Article","@id":"https:\/\/hudo.com\/si\/aktualno\/v-sobotnem-napadu-na-poroki-v-turciji-ubiti-stevilni-otroci-2\/#article","isPartOf":{"@id":"https:\/\/hudo.com\/si\/aktualno\/v-sobotnem-napadu-na-poroki-v-turciji-ubiti-stevilni-otroci-2\/"},"author":{"name":"hudo","@id":"https:\/\/hudo.com\/si\/#\/schema\/person\/601cf3379633985b20f7e50f2bb47707"},"headline":"V sobotnem napadu na poroki v Tur\u010diji ubiti \u0161tevilni otroci","datePublished":"2016-08-22T08:15:00+00:00","dateModified":"2016-08-23T09:32:59+00:00","mainEntityOfPage":{"@id":"https:\/\/hudo.com\/si\/aktualno\/v-sobotnem-napadu-na-poroki-v-turciji-ubiti-stevilni-otroci-2\/"},"wordCount":361,"publisher":{"@id":"https:\/\/hudo.com\/si\/#organization"},"articleSection":["Aktualno"],"inLanguage":"sl-SI"},{"@type":"WebPage","@id":"https:\/\/hudo.com\/si\/aktualno\/v-sobotnem-napadu-na-poroki-v-turciji-ubiti-stevilni-otroci-2\/","url":"https:\/\/hudo.com\/si\/aktualno\/v-sobotnem-napadu-na-poroki-v-turciji-ubiti-stevilni-otroci-2\/","name":"V sobotnem napadu na poroki v Tur\u010diji ubiti \u0161tevilni otroci - Hudo Slovenija","isPartOf":{"@id":"https:\/\/hudo.com\/si\/#website"},"datePublished":"2016-08-22T08:15:00+00:00","dateModified":"2016-08-23T09:32:59+00:00","breadcrumb":{"@id":"https:\/\/hudo.com\/si\/aktualno\/v-sobotnem-napadu-na-poroki-v-turciji-ubiti-stevilni-otroci-2\/#breadcrumb"},"inLanguage":"sl-SI","potentialAction":[{"@type":"ReadAction","target":["https:\/\/hudo.com\/si\/aktualno\/v-sobotnem-napadu-na-poroki-v-turciji-ubiti-stevilni-otroci-2\/"]}]},{"@type":"BreadcrumbList","@id":"https:\/\/hudo.com\/si\/aktualno\/v-sobotnem-napadu-na-poroki-v-turciji-ubiti-stevilni-otroci-2\/#breadcrumb","itemListElement":[{"@type":"ListItem","position":1,"name":"Home","item":"https:\/\/hudo.com\/si\/"},{"@type":"ListItem","position":2,"name":"V sobotnem napadu na poroki v Tur\u010diji ubiti \u0161tevilni otroci"}]},{"@type":"WebSite","@id":"https:\/\/hudo.com\/si\/#website","url":"https:\/\/hudo.com\/si\/","name":"Hudo Slovenija","description":"Vse novice iz Slovenije in sveta","publisher":{"@id":"https:\/\/hudo.com\/si\/#organization"},"potentialAction":[{"@type":"SearchAction","target":{"@type":"EntryPoint","urlTemplate":"https:\/\/hudo.com\/si\/?s={search_term_string}"},"query-input":"required name=search_term_string"}],"inLanguage":"sl-SI"},{"@type":"Organization","@id":"https:\/\/hudo.com\/si\/#organization","name":"VSN Media","url":"https:\/\/hudo.com\/si\/","logo":{"@type":"ImageObject","inLanguage":"sl-SI","@id":"https:\/\/hudo.com\/si\/#\/schema\/logo\/image\/","url":"https:\/\/hudo.com\/si\/wp-content\/uploads\/sites\/2\/2021\/03\/hudo-app-2.png","contentUrl":"https:\/\/hudo.com\/si\/wp-content\/uploads\/sites\/2\/2021\/03\/hudo-app-2.png","width":2185,"height":2167,"caption":"VSN Media"},"image":{"@id":"https:\/\/hudo.com\/si\/#\/schema\/logo\/image\/"},"sameAs":["https:\/\/www.facebook.com\/hudo.si","https:\/\/twitter.com\/hudo_si"]},{"@type":"Person","@id":"https:\/\/hudo.com\/si\/#\/schema\/person\/601cf3379633985b20f7e50f2bb47707","name":"hudo","image":{"@type":"ImageObject","inLanguage":"sl-SI","@id":"https:\/\/hudo.com\/si\/#\/schema\/person\/image\/","url":"https:\/\/secure.gravatar.com\/avatar\/c4ca25fa72cace7a696b52ff5db9e095?s=96&d=mm&r=g","contentUrl":"https:\/\/secure.gravatar.com\/avatar\/c4ca25fa72cace7a696b52ff5db9e095?s=96&d=mm&r=g","caption":"hudo"},"url":"https:\/\/hudo.com\/si\/author\/hudo\/"}]}},"amp_enabled":true,"_links":{"self":[{"href":"https:\/\/hudo.com\/si\/wp-json\/wp\/v2\/posts\/118270"}],"collection":[{"href":"https:\/\/hudo.com\/si\/wp-json\/wp\/v2\/posts"}],"about":[{"href":"https:\/\/hudo.com\/si\/wp-json\/wp\/v2\/types\/post"}],"author":[{"embeddable":true,"href":"https:\/\/hudo.com\/si\/wp-json\/wp\/v2\/users\/1"}],"replies":[{"embeddable":true,"href":"https:\/\/hudo.com\/si\/wp-json\/wp\/v2\/comments?post=118270"}],"version-history":[{"count":1,"href":"https:\/\/hudo.com\/si\/wp-json\/wp\/v2\/posts\/118270\/revisions"}],"predecessor-version":[{"id":118456,"href":"https:\/\/hudo.com\/si\/wp-json\/wp\/v2\/posts\/118270\/revisions\/118456"}],"wp:attachment":[{"href":"https:\/\/hudo.com\/si\/wp-json\/wp\/v2\/media?parent=118270"}],"wp:term":[{"taxonomy":"category","embeddable":true,"href":"https:\/\/hudo.com\/si\/wp-json\/wp\/v2\/categories?post=118270"},{"taxonomy":"post_tag","embeddable":true,"href":"https:\/\/hudo.com\/si\/wp-json\/wp\/v2\/tags?post=118270"},{"taxonomy":"source","embeddable":true,"href":"https:\/\/hudo.com\/si\/wp-json\/wp\/v2\/source?post=118270"},{"taxonomy":"supertag","embeddable":true,"href":"https:\/\/hudo.com\/si\/wp-json\/wp\/v2\/supertag?post=118270"}],"curies":[{"name":"wp","href":"https:\/\/api.w.org\/{rel}","templated":true}]}}