{"id":118278,"date":"2016-08-22T09:15:00","date_gmt":"2016-08-22T07:15:00","guid":{"rendered":"http:\/\/hudo.com\/si\/2016\/08\/22\/zaradi-prometne-nesrece-zastoji-na-primorski-avtocesti\/"},"modified":"2016-08-23T02:37:43","modified_gmt":"2016-08-23T00:37:43","slug":"zaradi-prometne-nesrece-zastoji-na-primorski-avtocesti","status":"publish","type":"post","link":"https:\/\/hudo.com\/si\/aktualno\/zaradi-prometne-nesrece-zastoji-na-primorski-avtocesti\/","title":{"rendered":"Zaradi prometne nesre\u010de zastoji na primorski avtocesti"},"content":{"rendered":"<p>Na primorski avtocesti je zaradi prometne nesre\u010de oviran promet med Brezovico in cestninsko postajo Log proti Kopru, in sicer je zastoj od priklju\u010dka Brdo do cestninske postaje Log proti Primorski. Zastoji nastajajo tudi na gorenjski avtocesti, ponekod pa potekajo dela na cesti, je razvidno s spletne strani prometno-informacijskega centra. Dvokilometrski zastoj je na gorenjski avtocesti med Brnikom in Kranjem &#8211; vzhod proti Jesenicam, polkilometrski pa pred predorom Karavanke proti Avstriji. Zaradi poostrenega nadzora na avstrijski strani predor ob\u010dasno tudi zaprejo. Ob\u010dasno nastane zastoj tudi na primorski avtocesti med Logatcem in Uncem proti Kopru. Prometno-informacijski center opozarja tudi na dela na cesti. Na ljubljanski severni obvoznici je zaradi del zaprt izvoz Industrijska cona \u0160i\u0161ka (Litostrojska) in uvoz Ljubljana &#8211; Savlje proti \u0160tajerski oziroma Dolenjski, ostali priklju\u010dki pa so odprti. Dela potekajo tudi na gorenjski avtocesti. Proti Karavankam je zaprt priklju\u010dek Kranj &#8211; vzhod. Obvoz poteka preko Brnika ali priklju\u010dka Kranj &#8211; zahod. Od danes do srede bo med priklju\u010dkoma Brnik in Kranj &#8211; zahod promet potekal samo po enem voznem pasu v smeri Karavank. Pri\u010dakujejo zastoje, so \u0161e opozorili na prometno-informacijskem centru. Na hitri cesti skozi Maribor je prav tako zaradi del na cesti zaprt izvoz Maribor &#8211; center iz smeri \u0160entilja. Do 19. ure pa bo zaradi sanacije vozi\u0161\u010da zaprta cesta O\u017ebalt &#8211; Zgornja Kapla, pri O\u017ebaltu. Obvoz bo potekal po lokalnih cestah, \u0161e navaja prometno-informacijski center.Slovenija<\/p>\n","protected":false},"excerpt":{"rendered":"<p>Na primorski avtocesti je zaradi prometne nesre\u010de oviran promet med Brezovico in cestninsko postajo Log proti Kopru, in sicer je zastoj od priklju\u010dka Brdo do cestninske postaje Log proti Primorski. Zastoji nastajajo tudi na gorenjski avtocesti, ponekod pa potekajo dela na cesti, je razvidno s spletne strani prometno-informacijskega centra. Dvokilometrski zastoj je na gorenjski avtocesti med Brnikom in Kranjem &#8211; vzhod proti Jesenicam, polkilometrski pa pred predorom Karavanke proti Avstriji. Zaradi poostrenega nadzora na avstrijski strani predor ob\u010dasno tudi zaprejo. Ob\u010dasno nastane zastoj tudi na primorski avtocesti med Logatcem in Uncem proti Kopru. Prometno-informacijski center opozarja tudi na dela na cesti. Na ljubljanski severni obvoznici je zaradi del zaprt izvoz Industrijska cona \u0160i\u0161ka (Litostrojska) in uvoz Ljubljana &#8211; Savlje proti \u0160tajerski oziroma Dolenjski, ostali priklju\u010dki pa so odprti. Dela potekajo tudi na gorenjski avtocesti. Proti Karavankam je zaprt priklju\u010dek Kranj &#8211; vzhod. Obvoz poteka preko Brnika ali priklju\u010dka Kranj &#8211; zahod. Od danes do srede bo med priklju\u010dkoma Brnik in Kranj &#8211; zahod promet potekal samo po enem voznem pasu v smeri Karavank. Pri\u010dakujejo zastoje, so \u0161e opozorili na prometno-informacijskem centru. Na hitri cesti skozi Maribor je prav tako zaradi del na cesti zaprt izvoz Maribor &#8211; center iz smeri \u0160entilja. Do 19. ure pa bo zaradi sanacije vozi\u0161\u010da zaprta cesta O\u017ebalt &#8211; Zgornja Kapla, pri O\u017ebaltu. Obvoz bo potekal po lokalnih cestah, \u0161e navaja prometno-informacijski center.Slovenija<\/p>\n","protected":false},"author":1,"featured_media":0,"comment_status":"closed","ping_status":"closed","sticky":false,"template":"","format":"standard","meta":{"footnotes":""},"categories":[1179],"tags":[],"source":[1711],"supertag":[],"acf":[],"yoast_head":"<!-- This site is optimized with the Yoast SEO plugin v21.3 - https:\/\/yoast.com\/wordpress\/plugins\/seo\/ -->\n<title>Zaradi prometne nesre\u010de zastoji na primorski avtocesti - Hudo Slovenija<\/title>\n<meta name=\"robots\" content=\"index, follow, max-snippet:-1, max-image-preview:large, max-video-preview:-1\" \/>\n<link rel=\"canonical\" href=\"https:\/\/hudo.com\/si\/aktualno\/zaradi-prometne-nesrece-zastoji-na-primorski-avtocesti\/\" \/>\n<meta property=\"og:locale\" content=\"sl_SI\" \/>\n<meta property=\"og:type\" content=\"article\" \/>\n<meta property=\"og:title\" content=\"Zaradi prometne nesre\u010de zastoji na primorski avtocesti - Hudo Slovenija\" \/>\n<meta property=\"og:description\" content=\"Na primorski avtocesti je zaradi prometne nesre\u010de oviran promet med Brezovico in cestninsko postajo Log proti Kopru, in sicer je zastoj od priklju\u010dka Brdo do cestninske postaje Log proti Primorski. Zastoji nastajajo tudi na gorenjski avtocesti, ponekod pa potekajo dela na cesti, je razvidno s spletne strani prometno-informacijskega centra. Dvokilometrski zastoj je na gorenjski avtocesti med Brnikom in Kranjem - vzhod proti Jesenicam, polkilometrski pa pred predorom Karavanke proti Avstriji. Zaradi poostrenega nadzora na avstrijski strani predor ob\u010dasno tudi zaprejo. Ob\u010dasno nastane zastoj tudi na primorski avtocesti med Logatcem in Uncem proti Kopru. Prometno-informacijski center opozarja tudi na dela na cesti. Na ljubljanski severni obvoznici je zaradi del zaprt izvoz Industrijska cona \u0160i\u0161ka (Litostrojska) in uvoz Ljubljana - Savlje proti \u0160tajerski oziroma Dolenjski, ostali priklju\u010dki pa so odprti. Dela potekajo tudi na gorenjski avtocesti. Proti Karavankam je zaprt priklju\u010dek Kranj - vzhod. Obvoz poteka preko Brnika ali priklju\u010dka Kranj - zahod. Od danes do srede bo med priklju\u010dkoma Brnik in Kranj - zahod promet potekal samo po enem voznem pasu v smeri Karavank. Pri\u010dakujejo zastoje, so \u0161e opozorili na prometno-informacijskem centru. Na hitri cesti skozi Maribor je prav tako zaradi del na cesti zaprt izvoz Maribor - center iz smeri \u0160entilja. Do 19. ure pa bo zaradi sanacije vozi\u0161\u010da zaprta cesta O\u017ebalt - Zgornja Kapla, pri O\u017ebaltu. Obvoz bo potekal po lokalnih cestah, \u0161e navaja prometno-informacijski center.Slovenija\" \/>\n<meta property=\"og:url\" content=\"https:\/\/hudo.com\/si\/aktualno\/zaradi-prometne-nesrece-zastoji-na-primorski-avtocesti\/\" \/>\n<meta property=\"og:site_name\" content=\"Hudo Slovenija\" \/>\n<meta property=\"article:publisher\" content=\"https:\/\/www.facebook.com\/hudo.si\" \/>\n<meta property=\"article:published_time\" content=\"2016-08-22T07:15:00+00:00\" \/>\n<meta property=\"article:modified_time\" content=\"2016-08-23T00:37:43+00:00\" \/>\n<meta property=\"og:image\" content=\"https:\/\/hudo.com\/si\/wp-content\/uploads\/sites\/2\/2016\/08\/01406506F-300.jpg\" \/>\n\t<meta property=\"og:image:width\" content=\"450\" \/>\n\t<meta property=\"og:image:height\" content=\"312\" \/>\n\t<meta property=\"og:image:type\" content=\"image\/jpeg\" \/>\n<meta name=\"author\" content=\"hudo\" \/>\n<meta name=\"twitter:card\" content=\"summary_large_image\" \/>\n<meta name=\"twitter:creator\" content=\"@hudo_si\" \/>\n<meta name=\"twitter:site\" content=\"@hudo_si\" \/>\n<meta name=\"twitter:label1\" content=\"Written by\" \/>\n\t<meta name=\"twitter:data1\" content=\"hudo\" \/>\n\t<meta name=\"twitter:label2\" content=\"Est. reading time\" \/>\n\t<meta name=\"twitter:data2\" content=\"1 minuta\" \/>\n<script type=\"application\/ld+json\" class=\"yoast-schema-graph\">{\"@context\":\"https:\/\/schema.org\",\"@graph\":[{\"@type\":\"Article\",\"@id\":\"https:\/\/hudo.com\/si\/aktualno\/zaradi-prometne-nesrece-zastoji-na-primorski-avtocesti\/#article\",\"isPartOf\":{\"@id\":\"https:\/\/hudo.com\/si\/aktualno\/zaradi-prometne-nesrece-zastoji-na-primorski-avtocesti\/\"},\"author\":{\"name\":\"hudo\",\"@id\":\"https:\/\/hudo.com\/si\/#\/schema\/person\/601cf3379633985b20f7e50f2bb47707\"},\"headline\":\"Zaradi prometne nesre\u010de zastoji na primorski avtocesti\",\"datePublished\":\"2016-08-22T07:15:00+00:00\",\"dateModified\":\"2016-08-23T00:37:43+00:00\",\"mainEntityOfPage\":{\"@id\":\"https:\/\/hudo.com\/si\/aktualno\/zaradi-prometne-nesrece-zastoji-na-primorski-avtocesti\/\"},\"wordCount\":248,\"publisher\":{\"@id\":\"https:\/\/hudo.com\/si\/#organization\"},\"articleSection\":[\"Aktualno\"],\"inLanguage\":\"sl-SI\"},{\"@type\":\"WebPage\",\"@id\":\"https:\/\/hudo.com\/si\/aktualno\/zaradi-prometne-nesrece-zastoji-na-primorski-avtocesti\/\",\"url\":\"https:\/\/hudo.com\/si\/aktualno\/zaradi-prometne-nesrece-zastoji-na-primorski-avtocesti\/\",\"name\":\"Zaradi prometne nesre\u010de zastoji na primorski avtocesti - Hudo Slovenija\",\"isPartOf\":{\"@id\":\"https:\/\/hudo.com\/si\/#website\"},\"datePublished\":\"2016-08-22T07:15:00+00:00\",\"dateModified\":\"2016-08-23T00:37:43+00:00\",\"breadcrumb\":{\"@id\":\"https:\/\/hudo.com\/si\/aktualno\/zaradi-prometne-nesrece-zastoji-na-primorski-avtocesti\/#breadcrumb\"},\"inLanguage\":\"sl-SI\",\"potentialAction\":[{\"@type\":\"ReadAction\",\"target\":[\"https:\/\/hudo.com\/si\/aktualno\/zaradi-prometne-nesrece-zastoji-na-primorski-avtocesti\/\"]}]},{\"@type\":\"BreadcrumbList\",\"@id\":\"https:\/\/hudo.com\/si\/aktualno\/zaradi-prometne-nesrece-zastoji-na-primorski-avtocesti\/#breadcrumb\",\"itemListElement\":[{\"@type\":\"ListItem\",\"position\":1,\"name\":\"Home\",\"item\":\"https:\/\/hudo.com\/si\/\"},{\"@type\":\"ListItem\",\"position\":2,\"name\":\"Zaradi prometne nesre\u010de zastoji na primorski avtocesti\"}]},{\"@type\":\"WebSite\",\"@id\":\"https:\/\/hudo.com\/si\/#website\",\"url\":\"https:\/\/hudo.com\/si\/\",\"name\":\"Hudo Slovenija\",\"description\":\"Vse novice iz Slovenije in sveta\",\"publisher\":{\"@id\":\"https:\/\/hudo.com\/si\/#organization\"},\"potentialAction\":[{\"@type\":\"SearchAction\",\"target\":{\"@type\":\"EntryPoint\",\"urlTemplate\":\"https:\/\/hudo.com\/si\/?s={search_term_string}\"},\"query-input\":\"required name=search_term_string\"}],\"inLanguage\":\"sl-SI\"},{\"@type\":\"Organization\",\"@id\":\"https:\/\/hudo.com\/si\/#organization\",\"name\":\"VSN Media\",\"url\":\"https:\/\/hudo.com\/si\/\",\"logo\":{\"@type\":\"ImageObject\",\"inLanguage\":\"sl-SI\",\"@id\":\"https:\/\/hudo.com\/si\/#\/schema\/logo\/image\/\",\"url\":\"https:\/\/hudo.com\/si\/wp-content\/uploads\/sites\/2\/2021\/03\/hudo-app-2.png\",\"contentUrl\":\"https:\/\/hudo.com\/si\/wp-content\/uploads\/sites\/2\/2021\/03\/hudo-app-2.png\",\"width\":2185,\"height\":2167,\"caption\":\"VSN Media\"},\"image\":{\"@id\":\"https:\/\/hudo.com\/si\/#\/schema\/logo\/image\/\"},\"sameAs\":[\"https:\/\/www.facebook.com\/hudo.si\",\"https:\/\/twitter.com\/hudo_si\"]},{\"@type\":\"Person\",\"@id\":\"https:\/\/hudo.com\/si\/#\/schema\/person\/601cf3379633985b20f7e50f2bb47707\",\"name\":\"hudo\",\"image\":{\"@type\":\"ImageObject\",\"inLanguage\":\"sl-SI\",\"@id\":\"https:\/\/hudo.com\/si\/#\/schema\/person\/image\/\",\"url\":\"https:\/\/secure.gravatar.com\/avatar\/c4ca25fa72cace7a696b52ff5db9e095?s=96&d=mm&r=g\",\"contentUrl\":\"https:\/\/secure.gravatar.com\/avatar\/c4ca25fa72cace7a696b52ff5db9e095?s=96&d=mm&r=g\",\"caption\":\"hudo\"},\"url\":\"https:\/\/hudo.com\/si\/author\/hudo\/\"}]}<\/script>\n<!-- \/ Yoast SEO plugin. -->","yoast_head_json":{"title":"Zaradi prometne nesre\u010de zastoji na primorski avtocesti - Hudo Slovenija","robots":{"index":"index","follow":"follow","max-snippet":"max-snippet:-1","max-image-preview":"max-image-preview:large","max-video-preview":"max-video-preview:-1"},"canonical":"https:\/\/hudo.com\/si\/aktualno\/zaradi-prometne-nesrece-zastoji-na-primorski-avtocesti\/","og_locale":"sl_SI","og_type":"article","og_title":"Zaradi prometne nesre\u010de zastoji na primorski avtocesti - Hudo Slovenija","og_description":"Na primorski avtocesti je zaradi prometne nesre\u010de oviran promet med Brezovico in cestninsko postajo Log proti Kopru, in sicer je zastoj od priklju\u010dka Brdo do cestninske postaje Log proti Primorski. Zastoji nastajajo tudi na gorenjski avtocesti, ponekod pa potekajo dela na cesti, je razvidno s spletne strani prometno-informacijskega centra. Dvokilometrski zastoj je na gorenjski avtocesti med Brnikom in Kranjem - vzhod proti Jesenicam, polkilometrski pa pred predorom Karavanke proti Avstriji. Zaradi poostrenega nadzora na avstrijski strani predor ob\u010dasno tudi zaprejo. Ob\u010dasno nastane zastoj tudi na primorski avtocesti med Logatcem in Uncem proti Kopru. Prometno-informacijski center opozarja tudi na dela na cesti. Na ljubljanski severni obvoznici je zaradi del zaprt izvoz Industrijska cona \u0160i\u0161ka (Litostrojska) in uvoz Ljubljana - Savlje proti \u0160tajerski oziroma Dolenjski, ostali priklju\u010dki pa so odprti. Dela potekajo tudi na gorenjski avtocesti. Proti Karavankam je zaprt priklju\u010dek Kranj - vzhod. Obvoz poteka preko Brnika ali priklju\u010dka Kranj - zahod. Od danes do srede bo med priklju\u010dkoma Brnik in Kranj - zahod promet potekal samo po enem voznem pasu v smeri Karavank. Pri\u010dakujejo zastoje, so \u0161e opozorili na prometno-informacijskem centru. Na hitri cesti skozi Maribor je prav tako zaradi del na cesti zaprt izvoz Maribor - center iz smeri \u0160entilja. Do 19. ure pa bo zaradi sanacije vozi\u0161\u010da zaprta cesta O\u017ebalt - Zgornja Kapla, pri O\u017ebaltu. Obvoz bo potekal po lokalnih cestah, \u0161e navaja prometno-informacijski center.Slovenija","og_url":"https:\/\/hudo.com\/si\/aktualno\/zaradi-prometne-nesrece-zastoji-na-primorski-avtocesti\/","og_site_name":"Hudo Slovenija","article_publisher":"https:\/\/www.facebook.com\/hudo.si","article_published_time":"2016-08-22T07:15:00+00:00","article_modified_time":"2016-08-23T00:37:43+00:00","og_image":[{"width":450,"height":312,"url":"https:\/\/hudo.com\/si\/wp-content\/uploads\/sites\/2\/2016\/08\/01406506F-300.jpg","type":"image\/jpeg"}],"author":"hudo","twitter_card":"summary_large_image","twitter_creator":"@hudo_si","twitter_site":"@hudo_si","twitter_misc":{"Written by":"hudo","Est. reading time":"1 minuta"},"schema":{"@context":"https:\/\/schema.org","@graph":[{"@type":"Article","@id":"https:\/\/hudo.com\/si\/aktualno\/zaradi-prometne-nesrece-zastoji-na-primorski-avtocesti\/#article","isPartOf":{"@id":"https:\/\/hudo.com\/si\/aktualno\/zaradi-prometne-nesrece-zastoji-na-primorski-avtocesti\/"},"author":{"name":"hudo","@id":"https:\/\/hudo.com\/si\/#\/schema\/person\/601cf3379633985b20f7e50f2bb47707"},"headline":"Zaradi prometne nesre\u010de zastoji na primorski avtocesti","datePublished":"2016-08-22T07:15:00+00:00","dateModified":"2016-08-23T00:37:43+00:00","mainEntityOfPage":{"@id":"https:\/\/hudo.com\/si\/aktualno\/zaradi-prometne-nesrece-zastoji-na-primorski-avtocesti\/"},"wordCount":248,"publisher":{"@id":"https:\/\/hudo.com\/si\/#organization"},"articleSection":["Aktualno"],"inLanguage":"sl-SI"},{"@type":"WebPage","@id":"https:\/\/hudo.com\/si\/aktualno\/zaradi-prometne-nesrece-zastoji-na-primorski-avtocesti\/","url":"https:\/\/hudo.com\/si\/aktualno\/zaradi-prometne-nesrece-zastoji-na-primorski-avtocesti\/","name":"Zaradi prometne nesre\u010de zastoji na primorski avtocesti - Hudo Slovenija","isPartOf":{"@id":"https:\/\/hudo.com\/si\/#website"},"datePublished":"2016-08-22T07:15:00+00:00","dateModified":"2016-08-23T00:37:43+00:00","breadcrumb":{"@id":"https:\/\/hudo.com\/si\/aktualno\/zaradi-prometne-nesrece-zastoji-na-primorski-avtocesti\/#breadcrumb"},"inLanguage":"sl-SI","potentialAction":[{"@type":"ReadAction","target":["https:\/\/hudo.com\/si\/aktualno\/zaradi-prometne-nesrece-zastoji-na-primorski-avtocesti\/"]}]},{"@type":"BreadcrumbList","@id":"https:\/\/hudo.com\/si\/aktualno\/zaradi-prometne-nesrece-zastoji-na-primorski-avtocesti\/#breadcrumb","itemListElement":[{"@type":"ListItem","position":1,"name":"Home","item":"https:\/\/hudo.com\/si\/"},{"@type":"ListItem","position":2,"name":"Zaradi prometne nesre\u010de zastoji na primorski avtocesti"}]},{"@type":"WebSite","@id":"https:\/\/hudo.com\/si\/#website","url":"https:\/\/hudo.com\/si\/","name":"Hudo Slovenija","description":"Vse novice iz Slovenije in sveta","publisher":{"@id":"https:\/\/hudo.com\/si\/#organization"},"potentialAction":[{"@type":"SearchAction","target":{"@type":"EntryPoint","urlTemplate":"https:\/\/hudo.com\/si\/?s={search_term_string}"},"query-input":"required name=search_term_string"}],"inLanguage":"sl-SI"},{"@type":"Organization","@id":"https:\/\/hudo.com\/si\/#organization","name":"VSN Media","url":"https:\/\/hudo.com\/si\/","logo":{"@type":"ImageObject","inLanguage":"sl-SI","@id":"https:\/\/hudo.com\/si\/#\/schema\/logo\/image\/","url":"https:\/\/hudo.com\/si\/wp-content\/uploads\/sites\/2\/2021\/03\/hudo-app-2.png","contentUrl":"https:\/\/hudo.com\/si\/wp-content\/uploads\/sites\/2\/2021\/03\/hudo-app-2.png","width":2185,"height":2167,"caption":"VSN Media"},"image":{"@id":"https:\/\/hudo.com\/si\/#\/schema\/logo\/image\/"},"sameAs":["https:\/\/www.facebook.com\/hudo.si","https:\/\/twitter.com\/hudo_si"]},{"@type":"Person","@id":"https:\/\/hudo.com\/si\/#\/schema\/person\/601cf3379633985b20f7e50f2bb47707","name":"hudo","image":{"@type":"ImageObject","inLanguage":"sl-SI","@id":"https:\/\/hudo.com\/si\/#\/schema\/person\/image\/","url":"https:\/\/secure.gravatar.com\/avatar\/c4ca25fa72cace7a696b52ff5db9e095?s=96&d=mm&r=g","contentUrl":"https:\/\/secure.gravatar.com\/avatar\/c4ca25fa72cace7a696b52ff5db9e095?s=96&d=mm&r=g","caption":"hudo"},"url":"https:\/\/hudo.com\/si\/author\/hudo\/"}]}},"amp_enabled":true,"_links":{"self":[{"href":"https:\/\/hudo.com\/si\/wp-json\/wp\/v2\/posts\/118278"}],"collection":[{"href":"https:\/\/hudo.com\/si\/wp-json\/wp\/v2\/posts"}],"about":[{"href":"https:\/\/hudo.com\/si\/wp-json\/wp\/v2\/types\/post"}],"author":[{"embeddable":true,"href":"https:\/\/hudo.com\/si\/wp-json\/wp\/v2\/users\/1"}],"replies":[{"embeddable":true,"href":"https:\/\/hudo.com\/si\/wp-json\/wp\/v2\/comments?post=118278"}],"version-history":[{"count":1,"href":"https:\/\/hudo.com\/si\/wp-json\/wp\/v2\/posts\/118278\/revisions"}],"predecessor-version":[{"id":118460,"href":"https:\/\/hudo.com\/si\/wp-json\/wp\/v2\/posts\/118278\/revisions\/118460"}],"wp:attachment":[{"href":"https:\/\/hudo.com\/si\/wp-json\/wp\/v2\/media?parent=118278"}],"wp:term":[{"taxonomy":"category","embeddable":true,"href":"https:\/\/hudo.com\/si\/wp-json\/wp\/v2\/categories?post=118278"},{"taxonomy":"post_tag","embeddable":true,"href":"https:\/\/hudo.com\/si\/wp-json\/wp\/v2\/tags?post=118278"},{"taxonomy":"source","embeddable":true,"href":"https:\/\/hudo.com\/si\/wp-json\/wp\/v2\/source?post=118278"},{"taxonomy":"supertag","embeddable":true,"href":"https:\/\/hudo.com\/si\/wp-json\/wp\/v2\/supertag?post=118278"}],"curies":[{"name":"wp","href":"https:\/\/api.w.org\/{rel}","templated":true}]}}