{"id":118784,"date":"2016-08-23T08:15:00","date_gmt":"2016-08-23T06:15:00","guid":{"rendered":"http:\/\/hudo.com\/si\/2016\/08\/23\/brglez-ob-dnevu-spomina-na-zrtve-totalitarnih-rezimov-poudarja-zavezanost-evrope\/"},"modified":"2016-08-24T05:07:56","modified_gmt":"2016-08-24T03:07:56","slug":"brglez-ob-dnevu-spomina-na-zrtve-totalitarnih-rezimov-poudarja-zavezanost-evrope","status":"publish","type":"post","link":"https:\/\/hudo.com\/si\/aktualno\/brglez-ob-dnevu-spomina-na-zrtve-totalitarnih-rezimov-poudarja-zavezanost-evrope\/","title":{"rendered":"Brglez ob dnevu spomina na \u017ertve totalitarnih re\u017eimov poudarja zavezanost Evrope"},"content":{"rendered":"<p>Predsednik DZ Milan Brglez ob dnevu spomina na \u017ertve totalitarnih re\u017eimov meni, da moramo v svojem spominu ohraniti spomin na vse \u017ertve totalitarnih in avtoritarnih re\u017eimov. Da tovrstni re\u017eimi ne bi ve\u010d nastali, Brglez v poslanici ob omenjenem dnevu poudarja, da moramo obnavljati svojo zavezanost &#8220;miroljubni in uspe\u0161ni&#8221; Evropi. Brglez navaja, da so bili zlo\u010dini fa\u0161izma, nacizma in komunizma za Slovence in Slovenke usodno povezani z obdobjem pred, med in po drugi svetovni vojni. Pozval je k spo\u0161tovanju vseh \u017ertev fa\u0161isti\u010dnega in nacisti\u010dnega zatiranja, vseh \u017ertev vojne, vojnega in povojnega nasilja, okupacije, \u017ertev zaradi kolaboracije, narodnoosvobodilnega boja, revolucije, vojnih zlo\u010dinov in zlo\u010dinov proti \u010dlove\u010dnosti. &#8220;To moramo in smo dol\u017eni storiti, ker smo ljudje,&#8221; je zapisal. Izpostavil je, da so tovrstni re\u017eimi pustili posledice in da si ne smemo dovoliti ponovnega razvoja avtoritarnih in totalitarnih te\u017eenj. Pri tem je poudaril, da bomo to najla\u017eje storili tako, da bomo &#8220;vsakodnevno, predvsem z dejanji in manj z besedami, obnavljali svojo zavezanost miroljubni in uspe\u0161ni Evropi, ki temelji na vrednotah svobode vesti, misli in besede, spo\u0161tovanja \u010dlovekovega dostojanstva, svobode, demokracije, enakosti, solidarnosti, na\u010dela pravne dr\u017eave in spo\u0161tovanja \u010dlovekovih pravic vsakogar izmed nas&#8221;. Upa tudi, da se bo 23. avgust v zavest dr\u017eavljank in dr\u017eavljanov Republike Slovenije zasidral kot pomemben dan, ob katerem se bodo poklonili spominu na \u017ertve vseh totalitarnih in avtoritarnih re\u017eimov. &#8220;Ker preteklosti ne moremo spremeniti, lahko v Republiki Sloveniji in Evropski uniji izberemo in skupaj udejanjimo bolj\u0161o bodo\u010dnost,&#8221; je \u0161e zapisal v sporo\u010dilu za javnost. Dan spomina je bil dolo\u010den z resolucijo o evropski zavesti in totalitarizmu, ki jo je leta 2009 sprejel Evropski parlament, od leta 2012 pa ga uradno obele\u017eujemo tudi pri nas.Slovenija<\/p>\n","protected":false},"excerpt":{"rendered":"<p>Predsednik DZ Milan Brglez ob dnevu spomina na \u017ertve totalitarnih re\u017eimov meni, da moramo v svojem spominu ohraniti spomin na vse \u017ertve totalitarnih in avtoritarnih re\u017eimov. Da tovrstni re\u017eimi ne bi ve\u010d nastali, Brglez v poslanici ob omenjenem dnevu poudarja, da moramo obnavljati svojo zavezanost &#8220;miroljubni in uspe\u0161ni&#8221; Evropi. Brglez navaja, da so bili zlo\u010dini fa\u0161izma, nacizma in komunizma za Slovence in Slovenke usodno povezani z obdobjem pred, med in po drugi svetovni vojni. Pozval je k spo\u0161tovanju vseh \u017ertev fa\u0161isti\u010dnega in nacisti\u010dnega zatiranja, vseh \u017ertev vojne, vojnega in povojnega nasilja, okupacije, \u017ertev zaradi kolaboracije, narodnoosvobodilnega boja, revolucije, vojnih zlo\u010dinov in zlo\u010dinov proti \u010dlove\u010dnosti. &#8220;To moramo in smo dol\u017eni storiti, ker smo ljudje,&#8221; je zapisal. Izpostavil je, da so tovrstni re\u017eimi pustili posledice in da si ne smemo dovoliti ponovnega razvoja avtoritarnih in totalitarnih te\u017eenj. Pri tem je poudaril, da bomo to najla\u017eje storili tako, da bomo &#8220;vsakodnevno, predvsem z dejanji in manj z besedami, obnavljali svojo zavezanost miroljubni in uspe\u0161ni Evropi, ki temelji na vrednotah svobode vesti, misli in besede, spo\u0161tovanja \u010dlovekovega dostojanstva, svobode, demokracije, enakosti, solidarnosti, na\u010dela pravne dr\u017eave in spo\u0161tovanja \u010dlovekovih pravic vsakogar izmed nas&#8221;. Upa tudi, da se bo 23. avgust v zavest dr\u017eavljank in dr\u017eavljanov Republike Slovenije zasidral kot pomemben dan, ob katerem se bodo poklonili spominu na \u017ertve vseh totalitarnih in avtoritarnih re\u017eimov. &#8220;Ker preteklosti ne moremo spremeniti, lahko v Republiki Sloveniji in Evropski uniji izberemo in skupaj udejanjimo bolj\u0161o bodo\u010dnost,&#8221; je \u0161e zapisal v sporo\u010dilu za javnost. Dan spomina je bil dolo\u010den z resolucijo o evropski zavesti in totalitarizmu, ki jo je leta 2009 sprejel Evropski parlament, od leta 2012 pa ga uradno obele\u017eujemo tudi pri nas.Slovenija<\/p>\n","protected":false},"author":1,"featured_media":0,"comment_status":"closed","ping_status":"closed","sticky":false,"template":"","format":"standard","meta":{"footnotes":""},"categories":[1179],"tags":[],"source":[1711],"supertag":[],"acf":[],"yoast_head":"<!-- This site is optimized with the Yoast SEO plugin v21.3 - https:\/\/yoast.com\/wordpress\/plugins\/seo\/ -->\n<title>Brglez ob dnevu spomina na \u017ertve totalitarnih re\u017eimov poudarja zavezanost Evrope - Hudo Slovenija<\/title>\n<meta name=\"robots\" content=\"index, follow, max-snippet:-1, max-image-preview:large, max-video-preview:-1\" \/>\n<link rel=\"canonical\" href=\"https:\/\/hudo.com\/si\/aktualno\/brglez-ob-dnevu-spomina-na-zrtve-totalitarnih-rezimov-poudarja-zavezanost-evrope\/\" \/>\n<meta property=\"og:locale\" content=\"sl_SI\" \/>\n<meta property=\"og:type\" content=\"article\" \/>\n<meta property=\"og:title\" content=\"Brglez ob dnevu spomina na \u017ertve totalitarnih re\u017eimov poudarja zavezanost Evrope - Hudo Slovenija\" \/>\n<meta property=\"og:description\" content=\"Predsednik DZ Milan Brglez ob dnevu spomina na \u017ertve totalitarnih re\u017eimov meni, da moramo v svojem spominu ohraniti spomin na vse \u017ertve totalitarnih in avtoritarnih re\u017eimov. Da tovrstni re\u017eimi ne bi ve\u010d nastali, Brglez v poslanici ob omenjenem dnevu poudarja, da moramo obnavljati svojo zavezanost &quot;miroljubni in uspe\u0161ni&quot; Evropi. Brglez navaja, da so bili zlo\u010dini fa\u0161izma, nacizma in komunizma za Slovence in Slovenke usodno povezani z obdobjem pred, med in po drugi svetovni vojni. Pozval je k spo\u0161tovanju vseh \u017ertev fa\u0161isti\u010dnega in nacisti\u010dnega zatiranja, vseh \u017ertev vojne, vojnega in povojnega nasilja, okupacije, \u017ertev zaradi kolaboracije, narodnoosvobodilnega boja, revolucije, vojnih zlo\u010dinov in zlo\u010dinov proti \u010dlove\u010dnosti. &quot;To moramo in smo dol\u017eni storiti, ker smo ljudje,&quot; je zapisal. Izpostavil je, da so tovrstni re\u017eimi pustili posledice in da si ne smemo dovoliti ponovnega razvoja avtoritarnih in totalitarnih te\u017eenj. Pri tem je poudaril, da bomo to najla\u017eje storili tako, da bomo &quot;vsakodnevno, predvsem z dejanji in manj z besedami, obnavljali svojo zavezanost miroljubni in uspe\u0161ni Evropi, ki temelji na vrednotah svobode vesti, misli in besede, spo\u0161tovanja \u010dlovekovega dostojanstva, svobode, demokracije, enakosti, solidarnosti, na\u010dela pravne dr\u017eave in spo\u0161tovanja \u010dlovekovih pravic vsakogar izmed nas&quot;. Upa tudi, da se bo 23. avgust v zavest dr\u017eavljank in dr\u017eavljanov Republike Slovenije zasidral kot pomemben dan, ob katerem se bodo poklonili spominu na \u017ertve vseh totalitarnih in avtoritarnih re\u017eimov. &quot;Ker preteklosti ne moremo spremeniti, lahko v Republiki Sloveniji in Evropski uniji izberemo in skupaj udejanjimo bolj\u0161o bodo\u010dnost,&quot; je \u0161e zapisal v sporo\u010dilu za javnost. Dan spomina je bil dolo\u010den z resolucijo o evropski zavesti in totalitarizmu, ki jo je leta 2009 sprejel Evropski parlament, od leta 2012 pa ga uradno obele\u017eujemo tudi pri nas.Slovenija\" \/>\n<meta property=\"og:url\" content=\"https:\/\/hudo.com\/si\/aktualno\/brglez-ob-dnevu-spomina-na-zrtve-totalitarnih-rezimov-poudarja-zavezanost-evrope\/\" \/>\n<meta property=\"og:site_name\" content=\"Hudo Slovenija\" \/>\n<meta property=\"article:publisher\" content=\"https:\/\/www.facebook.com\/hudo.si\" \/>\n<meta property=\"article:published_time\" content=\"2016-08-23T06:15:00+00:00\" \/>\n<meta property=\"article:modified_time\" content=\"2016-08-24T03:07:56+00:00\" \/>\n<meta property=\"og:image\" content=\"https:\/\/hudo.com\/si\/wp-content\/uploads\/sites\/2\/2016\/08\/brg5-300.jpg\" \/>\n\t<meta property=\"og:image:width\" content=\"450\" \/>\n\t<meta property=\"og:image:height\" content=\"320\" \/>\n\t<meta property=\"og:image:type\" content=\"image\/jpeg\" \/>\n<meta name=\"author\" content=\"hudo\" \/>\n<meta name=\"twitter:card\" content=\"summary_large_image\" \/>\n<meta name=\"twitter:creator\" content=\"@hudo_si\" \/>\n<meta name=\"twitter:site\" content=\"@hudo_si\" \/>\n<meta name=\"twitter:label1\" content=\"Written by\" \/>\n\t<meta name=\"twitter:data1\" content=\"hudo\" \/>\n\t<meta name=\"twitter:label2\" content=\"Est. reading time\" \/>\n\t<meta name=\"twitter:data2\" content=\"2 minuti\" \/>\n<script type=\"application\/ld+json\" class=\"yoast-schema-graph\">{\"@context\":\"https:\/\/schema.org\",\"@graph\":[{\"@type\":\"Article\",\"@id\":\"https:\/\/hudo.com\/si\/aktualno\/brglez-ob-dnevu-spomina-na-zrtve-totalitarnih-rezimov-poudarja-zavezanost-evrope\/#article\",\"isPartOf\":{\"@id\":\"https:\/\/hudo.com\/si\/aktualno\/brglez-ob-dnevu-spomina-na-zrtve-totalitarnih-rezimov-poudarja-zavezanost-evrope\/\"},\"author\":{\"name\":\"hudo\",\"@id\":\"https:\/\/hudo.com\/si\/#\/schema\/person\/601cf3379633985b20f7e50f2bb47707\"},\"headline\":\"Brglez ob dnevu spomina na \u017ertve totalitarnih re\u017eimov poudarja zavezanost Evrope\",\"datePublished\":\"2016-08-23T06:15:00+00:00\",\"dateModified\":\"2016-08-24T03:07:56+00:00\",\"mainEntityOfPage\":{\"@id\":\"https:\/\/hudo.com\/si\/aktualno\/brglez-ob-dnevu-spomina-na-zrtve-totalitarnih-rezimov-poudarja-zavezanost-evrope\/\"},\"wordCount\":314,\"publisher\":{\"@id\":\"https:\/\/hudo.com\/si\/#organization\"},\"articleSection\":[\"Aktualno\"],\"inLanguage\":\"sl-SI\"},{\"@type\":\"WebPage\",\"@id\":\"https:\/\/hudo.com\/si\/aktualno\/brglez-ob-dnevu-spomina-na-zrtve-totalitarnih-rezimov-poudarja-zavezanost-evrope\/\",\"url\":\"https:\/\/hudo.com\/si\/aktualno\/brglez-ob-dnevu-spomina-na-zrtve-totalitarnih-rezimov-poudarja-zavezanost-evrope\/\",\"name\":\"Brglez ob dnevu spomina na \u017ertve totalitarnih re\u017eimov poudarja zavezanost Evrope - Hudo Slovenija\",\"isPartOf\":{\"@id\":\"https:\/\/hudo.com\/si\/#website\"},\"datePublished\":\"2016-08-23T06:15:00+00:00\",\"dateModified\":\"2016-08-24T03:07:56+00:00\",\"breadcrumb\":{\"@id\":\"https:\/\/hudo.com\/si\/aktualno\/brglez-ob-dnevu-spomina-na-zrtve-totalitarnih-rezimov-poudarja-zavezanost-evrope\/#breadcrumb\"},\"inLanguage\":\"sl-SI\",\"potentialAction\":[{\"@type\":\"ReadAction\",\"target\":[\"https:\/\/hudo.com\/si\/aktualno\/brglez-ob-dnevu-spomina-na-zrtve-totalitarnih-rezimov-poudarja-zavezanost-evrope\/\"]}]},{\"@type\":\"BreadcrumbList\",\"@id\":\"https:\/\/hudo.com\/si\/aktualno\/brglez-ob-dnevu-spomina-na-zrtve-totalitarnih-rezimov-poudarja-zavezanost-evrope\/#breadcrumb\",\"itemListElement\":[{\"@type\":\"ListItem\",\"position\":1,\"name\":\"Home\",\"item\":\"https:\/\/hudo.com\/si\/\"},{\"@type\":\"ListItem\",\"position\":2,\"name\":\"Brglez ob dnevu spomina na \u017ertve totalitarnih re\u017eimov poudarja zavezanost Evrope\"}]},{\"@type\":\"WebSite\",\"@id\":\"https:\/\/hudo.com\/si\/#website\",\"url\":\"https:\/\/hudo.com\/si\/\",\"name\":\"Hudo Slovenija\",\"description\":\"Vse novice iz Slovenije in sveta\",\"publisher\":{\"@id\":\"https:\/\/hudo.com\/si\/#organization\"},\"potentialAction\":[{\"@type\":\"SearchAction\",\"target\":{\"@type\":\"EntryPoint\",\"urlTemplate\":\"https:\/\/hudo.com\/si\/?s={search_term_string}\"},\"query-input\":\"required name=search_term_string\"}],\"inLanguage\":\"sl-SI\"},{\"@type\":\"Organization\",\"@id\":\"https:\/\/hudo.com\/si\/#organization\",\"name\":\"VSN Media\",\"url\":\"https:\/\/hudo.com\/si\/\",\"logo\":{\"@type\":\"ImageObject\",\"inLanguage\":\"sl-SI\",\"@id\":\"https:\/\/hudo.com\/si\/#\/schema\/logo\/image\/\",\"url\":\"https:\/\/hudo.com\/si\/wp-content\/uploads\/sites\/2\/2021\/03\/hudo-app-2.png\",\"contentUrl\":\"https:\/\/hudo.com\/si\/wp-content\/uploads\/sites\/2\/2021\/03\/hudo-app-2.png\",\"width\":2185,\"height\":2167,\"caption\":\"VSN Media\"},\"image\":{\"@id\":\"https:\/\/hudo.com\/si\/#\/schema\/logo\/image\/\"},\"sameAs\":[\"https:\/\/www.facebook.com\/hudo.si\",\"https:\/\/twitter.com\/hudo_si\"]},{\"@type\":\"Person\",\"@id\":\"https:\/\/hudo.com\/si\/#\/schema\/person\/601cf3379633985b20f7e50f2bb47707\",\"name\":\"hudo\",\"image\":{\"@type\":\"ImageObject\",\"inLanguage\":\"sl-SI\",\"@id\":\"https:\/\/hudo.com\/si\/#\/schema\/person\/image\/\",\"url\":\"https:\/\/secure.gravatar.com\/avatar\/c4ca25fa72cace7a696b52ff5db9e095?s=96&d=mm&r=g\",\"contentUrl\":\"https:\/\/secure.gravatar.com\/avatar\/c4ca25fa72cace7a696b52ff5db9e095?s=96&d=mm&r=g\",\"caption\":\"hudo\"},\"url\":\"https:\/\/hudo.com\/si\/author\/hudo\/\"}]}<\/script>\n<!-- \/ Yoast SEO plugin. -->","yoast_head_json":{"title":"Brglez ob dnevu spomina na \u017ertve totalitarnih re\u017eimov poudarja zavezanost Evrope - Hudo Slovenija","robots":{"index":"index","follow":"follow","max-snippet":"max-snippet:-1","max-image-preview":"max-image-preview:large","max-video-preview":"max-video-preview:-1"},"canonical":"https:\/\/hudo.com\/si\/aktualno\/brglez-ob-dnevu-spomina-na-zrtve-totalitarnih-rezimov-poudarja-zavezanost-evrope\/","og_locale":"sl_SI","og_type":"article","og_title":"Brglez ob dnevu spomina na \u017ertve totalitarnih re\u017eimov poudarja zavezanost Evrope - Hudo Slovenija","og_description":"Predsednik DZ Milan Brglez ob dnevu spomina na \u017ertve totalitarnih re\u017eimov meni, da moramo v svojem spominu ohraniti spomin na vse \u017ertve totalitarnih in avtoritarnih re\u017eimov. Da tovrstni re\u017eimi ne bi ve\u010d nastali, Brglez v poslanici ob omenjenem dnevu poudarja, da moramo obnavljati svojo zavezanost \"miroljubni in uspe\u0161ni\" Evropi. Brglez navaja, da so bili zlo\u010dini fa\u0161izma, nacizma in komunizma za Slovence in Slovenke usodno povezani z obdobjem pred, med in po drugi svetovni vojni. Pozval je k spo\u0161tovanju vseh \u017ertev fa\u0161isti\u010dnega in nacisti\u010dnega zatiranja, vseh \u017ertev vojne, vojnega in povojnega nasilja, okupacije, \u017ertev zaradi kolaboracije, narodnoosvobodilnega boja, revolucije, vojnih zlo\u010dinov in zlo\u010dinov proti \u010dlove\u010dnosti. \"To moramo in smo dol\u017eni storiti, ker smo ljudje,\" je zapisal. Izpostavil je, da so tovrstni re\u017eimi pustili posledice in da si ne smemo dovoliti ponovnega razvoja avtoritarnih in totalitarnih te\u017eenj. Pri tem je poudaril, da bomo to najla\u017eje storili tako, da bomo \"vsakodnevno, predvsem z dejanji in manj z besedami, obnavljali svojo zavezanost miroljubni in uspe\u0161ni Evropi, ki temelji na vrednotah svobode vesti, misli in besede, spo\u0161tovanja \u010dlovekovega dostojanstva, svobode, demokracije, enakosti, solidarnosti, na\u010dela pravne dr\u017eave in spo\u0161tovanja \u010dlovekovih pravic vsakogar izmed nas\". Upa tudi, da se bo 23. avgust v zavest dr\u017eavljank in dr\u017eavljanov Republike Slovenije zasidral kot pomemben dan, ob katerem se bodo poklonili spominu na \u017ertve vseh totalitarnih in avtoritarnih re\u017eimov. \"Ker preteklosti ne moremo spremeniti, lahko v Republiki Sloveniji in Evropski uniji izberemo in skupaj udejanjimo bolj\u0161o bodo\u010dnost,\" je \u0161e zapisal v sporo\u010dilu za javnost. Dan spomina je bil dolo\u010den z resolucijo o evropski zavesti in totalitarizmu, ki jo je leta 2009 sprejel Evropski parlament, od leta 2012 pa ga uradno obele\u017eujemo tudi pri nas.Slovenija","og_url":"https:\/\/hudo.com\/si\/aktualno\/brglez-ob-dnevu-spomina-na-zrtve-totalitarnih-rezimov-poudarja-zavezanost-evrope\/","og_site_name":"Hudo Slovenija","article_publisher":"https:\/\/www.facebook.com\/hudo.si","article_published_time":"2016-08-23T06:15:00+00:00","article_modified_time":"2016-08-24T03:07:56+00:00","og_image":[{"width":450,"height":320,"url":"https:\/\/hudo.com\/si\/wp-content\/uploads\/sites\/2\/2016\/08\/brg5-300.jpg","type":"image\/jpeg"}],"author":"hudo","twitter_card":"summary_large_image","twitter_creator":"@hudo_si","twitter_site":"@hudo_si","twitter_misc":{"Written by":"hudo","Est. reading time":"2 minuti"},"schema":{"@context":"https:\/\/schema.org","@graph":[{"@type":"Article","@id":"https:\/\/hudo.com\/si\/aktualno\/brglez-ob-dnevu-spomina-na-zrtve-totalitarnih-rezimov-poudarja-zavezanost-evrope\/#article","isPartOf":{"@id":"https:\/\/hudo.com\/si\/aktualno\/brglez-ob-dnevu-spomina-na-zrtve-totalitarnih-rezimov-poudarja-zavezanost-evrope\/"},"author":{"name":"hudo","@id":"https:\/\/hudo.com\/si\/#\/schema\/person\/601cf3379633985b20f7e50f2bb47707"},"headline":"Brglez ob dnevu spomina na \u017ertve totalitarnih re\u017eimov poudarja zavezanost Evrope","datePublished":"2016-08-23T06:15:00+00:00","dateModified":"2016-08-24T03:07:56+00:00","mainEntityOfPage":{"@id":"https:\/\/hudo.com\/si\/aktualno\/brglez-ob-dnevu-spomina-na-zrtve-totalitarnih-rezimov-poudarja-zavezanost-evrope\/"},"wordCount":314,"publisher":{"@id":"https:\/\/hudo.com\/si\/#organization"},"articleSection":["Aktualno"],"inLanguage":"sl-SI"},{"@type":"WebPage","@id":"https:\/\/hudo.com\/si\/aktualno\/brglez-ob-dnevu-spomina-na-zrtve-totalitarnih-rezimov-poudarja-zavezanost-evrope\/","url":"https:\/\/hudo.com\/si\/aktualno\/brglez-ob-dnevu-spomina-na-zrtve-totalitarnih-rezimov-poudarja-zavezanost-evrope\/","name":"Brglez ob dnevu spomina na \u017ertve totalitarnih re\u017eimov poudarja zavezanost Evrope - Hudo Slovenija","isPartOf":{"@id":"https:\/\/hudo.com\/si\/#website"},"datePublished":"2016-08-23T06:15:00+00:00","dateModified":"2016-08-24T03:07:56+00:00","breadcrumb":{"@id":"https:\/\/hudo.com\/si\/aktualno\/brglez-ob-dnevu-spomina-na-zrtve-totalitarnih-rezimov-poudarja-zavezanost-evrope\/#breadcrumb"},"inLanguage":"sl-SI","potentialAction":[{"@type":"ReadAction","target":["https:\/\/hudo.com\/si\/aktualno\/brglez-ob-dnevu-spomina-na-zrtve-totalitarnih-rezimov-poudarja-zavezanost-evrope\/"]}]},{"@type":"BreadcrumbList","@id":"https:\/\/hudo.com\/si\/aktualno\/brglez-ob-dnevu-spomina-na-zrtve-totalitarnih-rezimov-poudarja-zavezanost-evrope\/#breadcrumb","itemListElement":[{"@type":"ListItem","position":1,"name":"Home","item":"https:\/\/hudo.com\/si\/"},{"@type":"ListItem","position":2,"name":"Brglez ob dnevu spomina na \u017ertve totalitarnih re\u017eimov poudarja zavezanost Evrope"}]},{"@type":"WebSite","@id":"https:\/\/hudo.com\/si\/#website","url":"https:\/\/hudo.com\/si\/","name":"Hudo Slovenija","description":"Vse novice iz Slovenije in sveta","publisher":{"@id":"https:\/\/hudo.com\/si\/#organization"},"potentialAction":[{"@type":"SearchAction","target":{"@type":"EntryPoint","urlTemplate":"https:\/\/hudo.com\/si\/?s={search_term_string}"},"query-input":"required name=search_term_string"}],"inLanguage":"sl-SI"},{"@type":"Organization","@id":"https:\/\/hudo.com\/si\/#organization","name":"VSN Media","url":"https:\/\/hudo.com\/si\/","logo":{"@type":"ImageObject","inLanguage":"sl-SI","@id":"https:\/\/hudo.com\/si\/#\/schema\/logo\/image\/","url":"https:\/\/hudo.com\/si\/wp-content\/uploads\/sites\/2\/2021\/03\/hudo-app-2.png","contentUrl":"https:\/\/hudo.com\/si\/wp-content\/uploads\/sites\/2\/2021\/03\/hudo-app-2.png","width":2185,"height":2167,"caption":"VSN Media"},"image":{"@id":"https:\/\/hudo.com\/si\/#\/schema\/logo\/image\/"},"sameAs":["https:\/\/www.facebook.com\/hudo.si","https:\/\/twitter.com\/hudo_si"]},{"@type":"Person","@id":"https:\/\/hudo.com\/si\/#\/schema\/person\/601cf3379633985b20f7e50f2bb47707","name":"hudo","image":{"@type":"ImageObject","inLanguage":"sl-SI","@id":"https:\/\/hudo.com\/si\/#\/schema\/person\/image\/","url":"https:\/\/secure.gravatar.com\/avatar\/c4ca25fa72cace7a696b52ff5db9e095?s=96&d=mm&r=g","contentUrl":"https:\/\/secure.gravatar.com\/avatar\/c4ca25fa72cace7a696b52ff5db9e095?s=96&d=mm&r=g","caption":"hudo"},"url":"https:\/\/hudo.com\/si\/author\/hudo\/"}]}},"amp_enabled":true,"_links":{"self":[{"href":"https:\/\/hudo.com\/si\/wp-json\/wp\/v2\/posts\/118784"}],"collection":[{"href":"https:\/\/hudo.com\/si\/wp-json\/wp\/v2\/posts"}],"about":[{"href":"https:\/\/hudo.com\/si\/wp-json\/wp\/v2\/types\/post"}],"author":[{"embeddable":true,"href":"https:\/\/hudo.com\/si\/wp-json\/wp\/v2\/users\/1"}],"replies":[{"embeddable":true,"href":"https:\/\/hudo.com\/si\/wp-json\/wp\/v2\/comments?post=118784"}],"version-history":[{"count":1,"href":"https:\/\/hudo.com\/si\/wp-json\/wp\/v2\/posts\/118784\/revisions"}],"predecessor-version":[{"id":119012,"href":"https:\/\/hudo.com\/si\/wp-json\/wp\/v2\/posts\/118784\/revisions\/119012"}],"wp:attachment":[{"href":"https:\/\/hudo.com\/si\/wp-json\/wp\/v2\/media?parent=118784"}],"wp:term":[{"taxonomy":"category","embeddable":true,"href":"https:\/\/hudo.com\/si\/wp-json\/wp\/v2\/categories?post=118784"},{"taxonomy":"post_tag","embeddable":true,"href":"https:\/\/hudo.com\/si\/wp-json\/wp\/v2\/tags?post=118784"},{"taxonomy":"source","embeddable":true,"href":"https:\/\/hudo.com\/si\/wp-json\/wp\/v2\/source?post=118784"},{"taxonomy":"supertag","embeddable":true,"href":"https:\/\/hudo.com\/si\/wp-json\/wp\/v2\/supertag?post=118784"}],"curies":[{"name":"wp","href":"https:\/\/api.w.org\/{rel}","templated":true}]}}