{"id":119208,"date":"2016-08-24T07:15:00","date_gmt":"2016-08-24T05:15:00","guid":{"rendered":"http:\/\/hudo.com\/si\/2016\/08\/24\/oreskovic-hrvaska-bo-prijela-seslja-ce-bo-vstopil-na-njeno-ozemlje\/"},"modified":"2016-08-25T04:01:13","modified_gmt":"2016-08-25T02:01:13","slug":"oreskovic-hrvaska-bo-prijela-seslja-ce-bo-vstopil-na-njeno-ozemlje","status":"publish","type":"post","link":"https:\/\/hudo.com\/si\/aktualno\/oreskovic-hrvaska-bo-prijela-seslja-ce-bo-vstopil-na-njeno-ozemlje\/","title":{"rendered":"Ore\u0161kovi\u0107: Hrva\u0161ka bo prijela \u0160e\u0161lja, \u010de bo vstopil na njeno ozemlje"},"content":{"rendered":"<p>Odhajajo\u010di hrva\u0161ki premier Tihomir Ore\u0161kovi\u0107 je potrdil, da bo hrva\u0161ka policija prijela podpredsednika srbske skup\u0161\u010dine in vodjo srbskih radikalcev Vojislava \u0160e\u0161lja, \u010de bo pri\u0161el na Hrva\u0161ko. \u0160e\u0161elj je namre\u010d to v torek napovedal na svojem profilu na Facebooku, ko je sporo\u010dil, da je dobil diplomatski potni list.  &#8220;\u010ce \u0161e kdo ni vedel, je \u0160e\u0161elj persona non grata na Hrva\u0161kem, kar pomeni, da ni dobrodo\u0161el. \u010ce bo vendarle pri\u0161el, ga bomo prijeli,&#8221; je v torek zve\u010der za komercialno televizijo RTL napovedal Ore\u0161kovi\u0107.  \u0160e\u0161elj je na svojem Faceboku izrazil pri\u010dakovanje, da mu hrva\u0161ke oblasti ne bodo postavljale ovir za njegov obisk. Predstavil se je kot &#8220;ugledni srbski diplomat&#8221;, ki na\u010drtuje &#8220;sprehod sredi Zagreba, med katerim namerava spiti sok in kavo ter obiskati ljube mu knjigarne&#8221;.  Mednarodno sodi\u0161\u010de za vojne zlo\u010dine na obmo\u010dju biv\u0161e Jugoslavije je marca letos \u0160e\u0161lja oprostilo obto\u017eb, da je na Hrva\u0161kem, v BiH in Vojvodini med letoma 1991 in 1993 storil vojne zlo\u010dine in zlo\u010dine proti \u010dlove\u010dnosti. Hrva\u0161ko notranje ministrstvo je po sodbi haa\u0161kega sodi\u0161\u010da \u0160e\u0161lju za 20 let prepovedalo vstop na Hrva\u0161ko.  Ore\u0161kovi\u0107 je pojasnil tudi svoje vabilo srbskemu premierju Aleksandru Vu\u010di\u0107u, naj se udele\u017ei foruma v Dubrovniku, ki bo potekal v \u010detrtek in petek. Povedal je, da je to vabilo treba postaviti v kontekst, ker so Vu\u010di\u0107a pozvali pred mesecem in pol, ko odnosi med dr\u017eavama \u0161e niso bili tako hladni, kot se je to zgodilo v zadnjih nekaj tednih.  &#8220;Mislim da je imel Vu\u010di\u0107 \u010das do 29. julija, da bi se odzval na vabilo, a smo \u0161ele v prej\u0161nji ponedeljek sli\u0161ali, da morda ne bo pri\u0161el. Formalne potrditve njegove odlo\u010ditve \u0161e nimamo, lahko da jo bomo dobili v sredo,&#8221; je izjavil Ore\u0161kovi\u0107.  Potrdil je tudi, da so Vu\u010di\u0107a pravo\u010dasno obvestili, da se je v zadnjih 20 dneh spremenil tudi format foruma v Dubrovniku ter da bodo imeli namesto razprave premierjev ministrski panel. Ore\u0161kovi\u0107 je dejal, da se ne bo udele\u017eil dubrovni\u0161kega foruma, ter namignil, da je potem nesmiselna tudi Vu\u010di\u0107eva udel<\/p>\n","protected":false},"excerpt":{"rendered":"<p>Odhajajo\u010di hrva\u0161ki premier Tihomir Ore\u0161kovi\u0107 je potrdil, da bo hrva\u0161ka policija prijela podpredsednika srbske skup\u0161\u010dine in vodjo srbskih radikalcev Vojislava \u0160e\u0161lja, \u010de bo pri\u0161el na Hrva\u0161ko. \u0160e\u0161elj je namre\u010d to v torek napovedal na svojem profilu na Facebooku, ko je sporo\u010dil, da je dobil diplomatski potni list.  &#8220;\u010ce \u0161e kdo ni vedel, je \u0160e\u0161elj persona non grata na Hrva\u0161kem, kar pomeni, da ni dobrodo\u0161el. \u010ce bo vendarle pri\u0161el, ga bomo prijeli,&#8221; je v torek zve\u010der za komercialno televizijo RTL napovedal Ore\u0161kovi\u0107.  \u0160e\u0161elj je na svojem Faceboku izrazil pri\u010dakovanje, da mu hrva\u0161ke oblasti ne bodo postavljale ovir za njegov obisk. Predstavil se je kot &#8220;ugledni srbski diplomat&#8221;, ki na\u010drtuje &#8220;sprehod sredi Zagreba, med katerim namerava spiti sok in kavo ter obiskati ljube mu knjigarne&#8221;.  Mednarodno sodi\u0161\u010de za vojne zlo\u010dine na obmo\u010dju biv\u0161e Jugoslavije je marca letos \u0160e\u0161lja oprostilo obto\u017eb, da je na Hrva\u0161kem, v BiH in Vojvodini med letoma 1991 in 1993 storil vojne zlo\u010dine in zlo\u010dine proti \u010dlove\u010dnosti. Hrva\u0161ko notranje ministrstvo je po sodbi haa\u0161kega sodi\u0161\u010da \u0160e\u0161lju za 20 let prepovedalo vstop na Hrva\u0161ko.  Ore\u0161kovi\u0107 je pojasnil tudi svoje vabilo srbskemu premierju Aleksandru Vu\u010di\u0107u, naj se udele\u017ei foruma v Dubrovniku, ki bo potekal v \u010detrtek in petek. Povedal je, da je to vabilo treba postaviti v kontekst, ker so Vu\u010di\u0107a pozvali pred mesecem in pol, ko odnosi med dr\u017eavama \u0161e niso bili tako hladni, kot se je to zgodilo v zadnjih nekaj tednih.  &#8220;Mislim da je imel Vu\u010di\u0107 \u010das do 29. julija, da bi se odzval na vabilo, a smo \u0161ele v prej\u0161nji ponedeljek sli\u0161ali, da morda ne bo pri\u0161el. Formalne potrditve njegove odlo\u010ditve \u0161e nimamo, lahko da jo bomo dobili v sredo,&#8221; je izjavil Ore\u0161kovi\u0107.  Potrdil je tudi, da so Vu\u010di\u0107a pravo\u010dasno obvestili, da se je v zadnjih 20 dneh spremenil tudi format foruma v Dubrovniku ter da bodo imeli namesto razprave premierjev ministrski panel. Ore\u0161kovi\u0107 je dejal, da se ne bo udele\u017eil dubrovni\u0161kega foruma, ter namignil, da je potem nesmiselna tudi Vu\u010di\u0107eva udel<\/p>\n","protected":false},"author":1,"featured_media":0,"comment_status":"closed","ping_status":"closed","sticky":false,"template":"","format":"standard","meta":{"footnotes":""},"categories":[1179],"tags":[],"source":[1711],"supertag":[],"acf":[],"yoast_head":"<!-- This site is optimized with the Yoast SEO plugin v21.3 - https:\/\/yoast.com\/wordpress\/plugins\/seo\/ -->\n<title>Ore\u0161kovi\u0107: Hrva\u0161ka bo prijela \u0160e\u0161lja, \u010de bo vstopil na njeno ozemlje - Hudo Slovenija<\/title>\n<meta name=\"robots\" content=\"index, follow, max-snippet:-1, max-image-preview:large, max-video-preview:-1\" \/>\n<link rel=\"canonical\" href=\"https:\/\/hudo.com\/si\/aktualno\/oreskovic-hrvaska-bo-prijela-seslja-ce-bo-vstopil-na-njeno-ozemlje\/\" \/>\n<meta property=\"og:locale\" content=\"sl_SI\" \/>\n<meta property=\"og:type\" content=\"article\" \/>\n<meta property=\"og:title\" content=\"Ore\u0161kovi\u0107: Hrva\u0161ka bo prijela \u0160e\u0161lja, \u010de bo vstopil na njeno ozemlje - Hudo Slovenija\" \/>\n<meta property=\"og:description\" content=\"Odhajajo\u010di hrva\u0161ki premier Tihomir Ore\u0161kovi\u0107 je potrdil, da bo hrva\u0161ka policija prijela podpredsednika srbske skup\u0161\u010dine in vodjo srbskih radikalcev Vojislava \u0160e\u0161lja, \u010de bo pri\u0161el na Hrva\u0161ko. \u0160e\u0161elj je namre\u010d to v torek napovedal na svojem profilu na Facebooku, ko je sporo\u010dil, da je dobil diplomatski potni list. &quot;\u010ce \u0161e kdo ni vedel, je \u0160e\u0161elj persona non grata na Hrva\u0161kem, kar pomeni, da ni dobrodo\u0161el. \u010ce bo vendarle pri\u0161el, ga bomo prijeli,&quot; je v torek zve\u010der za komercialno televizijo RTL napovedal Ore\u0161kovi\u0107. \u0160e\u0161elj je na svojem Faceboku izrazil pri\u010dakovanje, da mu hrva\u0161ke oblasti ne bodo postavljale ovir za njegov obisk. Predstavil se je kot &quot;ugledni srbski diplomat&quot;, ki na\u010drtuje &quot;sprehod sredi Zagreba, med katerim namerava spiti sok in kavo ter obiskati ljube mu knjigarne&quot;. Mednarodno sodi\u0161\u010de za vojne zlo\u010dine na obmo\u010dju biv\u0161e Jugoslavije je marca letos \u0160e\u0161lja oprostilo obto\u017eb, da je na Hrva\u0161kem, v BiH in Vojvodini med letoma 1991 in 1993 storil vojne zlo\u010dine in zlo\u010dine proti \u010dlove\u010dnosti. Hrva\u0161ko notranje ministrstvo je po sodbi haa\u0161kega sodi\u0161\u010da \u0160e\u0161lju za 20 let prepovedalo vstop na Hrva\u0161ko. Ore\u0161kovi\u0107 je pojasnil tudi svoje vabilo srbskemu premierju Aleksandru Vu\u010di\u0107u, naj se udele\u017ei foruma v Dubrovniku, ki bo potekal v \u010detrtek in petek. Povedal je, da je to vabilo treba postaviti v kontekst, ker so Vu\u010di\u0107a pozvali pred mesecem in pol, ko odnosi med dr\u017eavama \u0161e niso bili tako hladni, kot se je to zgodilo v zadnjih nekaj tednih. &quot;Mislim da je imel Vu\u010di\u0107 \u010das do 29. julija, da bi se odzval na vabilo, a smo \u0161ele v prej\u0161nji ponedeljek sli\u0161ali, da morda ne bo pri\u0161el. Formalne potrditve njegove odlo\u010ditve \u0161e nimamo, lahko da jo bomo dobili v sredo,&quot; je izjavil Ore\u0161kovi\u0107. Potrdil je tudi, da so Vu\u010di\u0107a pravo\u010dasno obvestili, da se je v zadnjih 20 dneh spremenil tudi format foruma v Dubrovniku ter da bodo imeli namesto razprave premierjev ministrski panel. Ore\u0161kovi\u0107 je dejal, da se ne bo udele\u017eil dubrovni\u0161kega foruma, ter namignil, da je potem nesmiselna tudi Vu\u010di\u0107eva udel\" \/>\n<meta property=\"og:url\" content=\"https:\/\/hudo.com\/si\/aktualno\/oreskovic-hrvaska-bo-prijela-seslja-ce-bo-vstopil-na-njeno-ozemlje\/\" \/>\n<meta property=\"og:site_name\" content=\"Hudo Slovenija\" \/>\n<meta property=\"article:publisher\" content=\"https:\/\/www.facebook.com\/hudo.si\" \/>\n<meta property=\"article:published_time\" content=\"2016-08-24T05:15:00+00:00\" \/>\n<meta property=\"article:modified_time\" content=\"2016-08-25T02:01:13+00:00\" \/>\n<meta property=\"og:image\" content=\"https:\/\/hudo.com\/si\/wp-content\/uploads\/sites\/2\/2016\/08\/052375271-300.jpg\" \/>\n\t<meta property=\"og:image:width\" content=\"450\" \/>\n\t<meta property=\"og:image:height\" content=\"589\" \/>\n\t<meta property=\"og:image:type\" content=\"image\/jpeg\" \/>\n<meta name=\"author\" content=\"hudo\" \/>\n<meta name=\"twitter:card\" content=\"summary_large_image\" \/>\n<meta name=\"twitter:creator\" content=\"@hudo_si\" \/>\n<meta name=\"twitter:site\" content=\"@hudo_si\" \/>\n<meta name=\"twitter:label1\" content=\"Written by\" \/>\n\t<meta name=\"twitter:data1\" content=\"hudo\" \/>\n\t<meta name=\"twitter:label2\" content=\"Est. reading time\" \/>\n\t<meta name=\"twitter:data2\" content=\"2 minuti\" \/>\n<script type=\"application\/ld+json\" class=\"yoast-schema-graph\">{\"@context\":\"https:\/\/schema.org\",\"@graph\":[{\"@type\":\"Article\",\"@id\":\"https:\/\/hudo.com\/si\/aktualno\/oreskovic-hrvaska-bo-prijela-seslja-ce-bo-vstopil-na-njeno-ozemlje\/#article\",\"isPartOf\":{\"@id\":\"https:\/\/hudo.com\/si\/aktualno\/oreskovic-hrvaska-bo-prijela-seslja-ce-bo-vstopil-na-njeno-ozemlje\/\"},\"author\":{\"name\":\"hudo\",\"@id\":\"https:\/\/hudo.com\/si\/#\/schema\/person\/601cf3379633985b20f7e50f2bb47707\"},\"headline\":\"Ore\u0161kovi\u0107: Hrva\u0161ka bo prijela \u0160e\u0161lja, \u010de bo vstopil na njeno ozemlje\",\"datePublished\":\"2016-08-24T05:15:00+00:00\",\"dateModified\":\"2016-08-25T02:01:13+00:00\",\"mainEntityOfPage\":{\"@id\":\"https:\/\/hudo.com\/si\/aktualno\/oreskovic-hrvaska-bo-prijela-seslja-ce-bo-vstopil-na-njeno-ozemlje\/\"},\"wordCount\":390,\"publisher\":{\"@id\":\"https:\/\/hudo.com\/si\/#organization\"},\"articleSection\":[\"Aktualno\"],\"inLanguage\":\"sl-SI\"},{\"@type\":\"WebPage\",\"@id\":\"https:\/\/hudo.com\/si\/aktualno\/oreskovic-hrvaska-bo-prijela-seslja-ce-bo-vstopil-na-njeno-ozemlje\/\",\"url\":\"https:\/\/hudo.com\/si\/aktualno\/oreskovic-hrvaska-bo-prijela-seslja-ce-bo-vstopil-na-njeno-ozemlje\/\",\"name\":\"Ore\u0161kovi\u0107: Hrva\u0161ka bo prijela \u0160e\u0161lja, \u010de bo vstopil na njeno ozemlje - Hudo Slovenija\",\"isPartOf\":{\"@id\":\"https:\/\/hudo.com\/si\/#website\"},\"datePublished\":\"2016-08-24T05:15:00+00:00\",\"dateModified\":\"2016-08-25T02:01:13+00:00\",\"breadcrumb\":{\"@id\":\"https:\/\/hudo.com\/si\/aktualno\/oreskovic-hrvaska-bo-prijela-seslja-ce-bo-vstopil-na-njeno-ozemlje\/#breadcrumb\"},\"inLanguage\":\"sl-SI\",\"potentialAction\":[{\"@type\":\"ReadAction\",\"target\":[\"https:\/\/hudo.com\/si\/aktualno\/oreskovic-hrvaska-bo-prijela-seslja-ce-bo-vstopil-na-njeno-ozemlje\/\"]}]},{\"@type\":\"BreadcrumbList\",\"@id\":\"https:\/\/hudo.com\/si\/aktualno\/oreskovic-hrvaska-bo-prijela-seslja-ce-bo-vstopil-na-njeno-ozemlje\/#breadcrumb\",\"itemListElement\":[{\"@type\":\"ListItem\",\"position\":1,\"name\":\"Home\",\"item\":\"https:\/\/hudo.com\/si\/\"},{\"@type\":\"ListItem\",\"position\":2,\"name\":\"Ore\u0161kovi\u0107: Hrva\u0161ka bo prijela \u0160e\u0161lja, \u010de bo vstopil na njeno ozemlje\"}]},{\"@type\":\"WebSite\",\"@id\":\"https:\/\/hudo.com\/si\/#website\",\"url\":\"https:\/\/hudo.com\/si\/\",\"name\":\"Hudo Slovenija\",\"description\":\"Vse novice iz Slovenije in sveta\",\"publisher\":{\"@id\":\"https:\/\/hudo.com\/si\/#organization\"},\"potentialAction\":[{\"@type\":\"SearchAction\",\"target\":{\"@type\":\"EntryPoint\",\"urlTemplate\":\"https:\/\/hudo.com\/si\/?s={search_term_string}\"},\"query-input\":\"required name=search_term_string\"}],\"inLanguage\":\"sl-SI\"},{\"@type\":\"Organization\",\"@id\":\"https:\/\/hudo.com\/si\/#organization\",\"name\":\"VSN Media\",\"url\":\"https:\/\/hudo.com\/si\/\",\"logo\":{\"@type\":\"ImageObject\",\"inLanguage\":\"sl-SI\",\"@id\":\"https:\/\/hudo.com\/si\/#\/schema\/logo\/image\/\",\"url\":\"https:\/\/hudo.com\/si\/wp-content\/uploads\/sites\/2\/2021\/03\/hudo-app-2.png\",\"contentUrl\":\"https:\/\/hudo.com\/si\/wp-content\/uploads\/sites\/2\/2021\/03\/hudo-app-2.png\",\"width\":2185,\"height\":2167,\"caption\":\"VSN Media\"},\"image\":{\"@id\":\"https:\/\/hudo.com\/si\/#\/schema\/logo\/image\/\"},\"sameAs\":[\"https:\/\/www.facebook.com\/hudo.si\",\"https:\/\/twitter.com\/hudo_si\"]},{\"@type\":\"Person\",\"@id\":\"https:\/\/hudo.com\/si\/#\/schema\/person\/601cf3379633985b20f7e50f2bb47707\",\"name\":\"hudo\",\"image\":{\"@type\":\"ImageObject\",\"inLanguage\":\"sl-SI\",\"@id\":\"https:\/\/hudo.com\/si\/#\/schema\/person\/image\/\",\"url\":\"https:\/\/secure.gravatar.com\/avatar\/c4ca25fa72cace7a696b52ff5db9e095?s=96&d=mm&r=g\",\"contentUrl\":\"https:\/\/secure.gravatar.com\/avatar\/c4ca25fa72cace7a696b52ff5db9e095?s=96&d=mm&r=g\",\"caption\":\"hudo\"},\"url\":\"https:\/\/hudo.com\/si\/author\/hudo\/\"}]}<\/script>\n<!-- \/ Yoast SEO plugin. -->","yoast_head_json":{"title":"Ore\u0161kovi\u0107: Hrva\u0161ka bo prijela \u0160e\u0161lja, \u010de bo vstopil na njeno ozemlje - Hudo Slovenija","robots":{"index":"index","follow":"follow","max-snippet":"max-snippet:-1","max-image-preview":"max-image-preview:large","max-video-preview":"max-video-preview:-1"},"canonical":"https:\/\/hudo.com\/si\/aktualno\/oreskovic-hrvaska-bo-prijela-seslja-ce-bo-vstopil-na-njeno-ozemlje\/","og_locale":"sl_SI","og_type":"article","og_title":"Ore\u0161kovi\u0107: Hrva\u0161ka bo prijela \u0160e\u0161lja, \u010de bo vstopil na njeno ozemlje - Hudo Slovenija","og_description":"Odhajajo\u010di hrva\u0161ki premier Tihomir Ore\u0161kovi\u0107 je potrdil, da bo hrva\u0161ka policija prijela podpredsednika srbske skup\u0161\u010dine in vodjo srbskih radikalcev Vojislava \u0160e\u0161lja, \u010de bo pri\u0161el na Hrva\u0161ko. \u0160e\u0161elj je namre\u010d to v torek napovedal na svojem profilu na Facebooku, ko je sporo\u010dil, da je dobil diplomatski potni list. \"\u010ce \u0161e kdo ni vedel, je \u0160e\u0161elj persona non grata na Hrva\u0161kem, kar pomeni, da ni dobrodo\u0161el. \u010ce bo vendarle pri\u0161el, ga bomo prijeli,\" je v torek zve\u010der za komercialno televizijo RTL napovedal Ore\u0161kovi\u0107. \u0160e\u0161elj je na svojem Faceboku izrazil pri\u010dakovanje, da mu hrva\u0161ke oblasti ne bodo postavljale ovir za njegov obisk. Predstavil se je kot \"ugledni srbski diplomat\", ki na\u010drtuje \"sprehod sredi Zagreba, med katerim namerava spiti sok in kavo ter obiskati ljube mu knjigarne\". Mednarodno sodi\u0161\u010de za vojne zlo\u010dine na obmo\u010dju biv\u0161e Jugoslavije je marca letos \u0160e\u0161lja oprostilo obto\u017eb, da je na Hrva\u0161kem, v BiH in Vojvodini med letoma 1991 in 1993 storil vojne zlo\u010dine in zlo\u010dine proti \u010dlove\u010dnosti. Hrva\u0161ko notranje ministrstvo je po sodbi haa\u0161kega sodi\u0161\u010da \u0160e\u0161lju za 20 let prepovedalo vstop na Hrva\u0161ko. Ore\u0161kovi\u0107 je pojasnil tudi svoje vabilo srbskemu premierju Aleksandru Vu\u010di\u0107u, naj se udele\u017ei foruma v Dubrovniku, ki bo potekal v \u010detrtek in petek. Povedal je, da je to vabilo treba postaviti v kontekst, ker so Vu\u010di\u0107a pozvali pred mesecem in pol, ko odnosi med dr\u017eavama \u0161e niso bili tako hladni, kot se je to zgodilo v zadnjih nekaj tednih. \"Mislim da je imel Vu\u010di\u0107 \u010das do 29. julija, da bi se odzval na vabilo, a smo \u0161ele v prej\u0161nji ponedeljek sli\u0161ali, da morda ne bo pri\u0161el. Formalne potrditve njegove odlo\u010ditve \u0161e nimamo, lahko da jo bomo dobili v sredo,\" je izjavil Ore\u0161kovi\u0107. Potrdil je tudi, da so Vu\u010di\u0107a pravo\u010dasno obvestili, da se je v zadnjih 20 dneh spremenil tudi format foruma v Dubrovniku ter da bodo imeli namesto razprave premierjev ministrski panel. Ore\u0161kovi\u0107 je dejal, da se ne bo udele\u017eil dubrovni\u0161kega foruma, ter namignil, da je potem nesmiselna tudi Vu\u010di\u0107eva udel","og_url":"https:\/\/hudo.com\/si\/aktualno\/oreskovic-hrvaska-bo-prijela-seslja-ce-bo-vstopil-na-njeno-ozemlje\/","og_site_name":"Hudo Slovenija","article_publisher":"https:\/\/www.facebook.com\/hudo.si","article_published_time":"2016-08-24T05:15:00+00:00","article_modified_time":"2016-08-25T02:01:13+00:00","og_image":[{"width":450,"height":589,"url":"https:\/\/hudo.com\/si\/wp-content\/uploads\/sites\/2\/2016\/08\/052375271-300.jpg","type":"image\/jpeg"}],"author":"hudo","twitter_card":"summary_large_image","twitter_creator":"@hudo_si","twitter_site":"@hudo_si","twitter_misc":{"Written by":"hudo","Est. reading time":"2 minuti"},"schema":{"@context":"https:\/\/schema.org","@graph":[{"@type":"Article","@id":"https:\/\/hudo.com\/si\/aktualno\/oreskovic-hrvaska-bo-prijela-seslja-ce-bo-vstopil-na-njeno-ozemlje\/#article","isPartOf":{"@id":"https:\/\/hudo.com\/si\/aktualno\/oreskovic-hrvaska-bo-prijela-seslja-ce-bo-vstopil-na-njeno-ozemlje\/"},"author":{"name":"hudo","@id":"https:\/\/hudo.com\/si\/#\/schema\/person\/601cf3379633985b20f7e50f2bb47707"},"headline":"Ore\u0161kovi\u0107: Hrva\u0161ka bo prijela \u0160e\u0161lja, \u010de bo vstopil na njeno ozemlje","datePublished":"2016-08-24T05:15:00+00:00","dateModified":"2016-08-25T02:01:13+00:00","mainEntityOfPage":{"@id":"https:\/\/hudo.com\/si\/aktualno\/oreskovic-hrvaska-bo-prijela-seslja-ce-bo-vstopil-na-njeno-ozemlje\/"},"wordCount":390,"publisher":{"@id":"https:\/\/hudo.com\/si\/#organization"},"articleSection":["Aktualno"],"inLanguage":"sl-SI"},{"@type":"WebPage","@id":"https:\/\/hudo.com\/si\/aktualno\/oreskovic-hrvaska-bo-prijela-seslja-ce-bo-vstopil-na-njeno-ozemlje\/","url":"https:\/\/hudo.com\/si\/aktualno\/oreskovic-hrvaska-bo-prijela-seslja-ce-bo-vstopil-na-njeno-ozemlje\/","name":"Ore\u0161kovi\u0107: Hrva\u0161ka bo prijela \u0160e\u0161lja, \u010de bo vstopil na njeno ozemlje - Hudo Slovenija","isPartOf":{"@id":"https:\/\/hudo.com\/si\/#website"},"datePublished":"2016-08-24T05:15:00+00:00","dateModified":"2016-08-25T02:01:13+00:00","breadcrumb":{"@id":"https:\/\/hudo.com\/si\/aktualno\/oreskovic-hrvaska-bo-prijela-seslja-ce-bo-vstopil-na-njeno-ozemlje\/#breadcrumb"},"inLanguage":"sl-SI","potentialAction":[{"@type":"ReadAction","target":["https:\/\/hudo.com\/si\/aktualno\/oreskovic-hrvaska-bo-prijela-seslja-ce-bo-vstopil-na-njeno-ozemlje\/"]}]},{"@type":"BreadcrumbList","@id":"https:\/\/hudo.com\/si\/aktualno\/oreskovic-hrvaska-bo-prijela-seslja-ce-bo-vstopil-na-njeno-ozemlje\/#breadcrumb","itemListElement":[{"@type":"ListItem","position":1,"name":"Home","item":"https:\/\/hudo.com\/si\/"},{"@type":"ListItem","position":2,"name":"Ore\u0161kovi\u0107: Hrva\u0161ka bo prijela \u0160e\u0161lja, \u010de bo vstopil na njeno ozemlje"}]},{"@type":"WebSite","@id":"https:\/\/hudo.com\/si\/#website","url":"https:\/\/hudo.com\/si\/","name":"Hudo Slovenija","description":"Vse novice iz Slovenije in sveta","publisher":{"@id":"https:\/\/hudo.com\/si\/#organization"},"potentialAction":[{"@type":"SearchAction","target":{"@type":"EntryPoint","urlTemplate":"https:\/\/hudo.com\/si\/?s={search_term_string}"},"query-input":"required name=search_term_string"}],"inLanguage":"sl-SI"},{"@type":"Organization","@id":"https:\/\/hudo.com\/si\/#organization","name":"VSN Media","url":"https:\/\/hudo.com\/si\/","logo":{"@type":"ImageObject","inLanguage":"sl-SI","@id":"https:\/\/hudo.com\/si\/#\/schema\/logo\/image\/","url":"https:\/\/hudo.com\/si\/wp-content\/uploads\/sites\/2\/2021\/03\/hudo-app-2.png","contentUrl":"https:\/\/hudo.com\/si\/wp-content\/uploads\/sites\/2\/2021\/03\/hudo-app-2.png","width":2185,"height":2167,"caption":"VSN Media"},"image":{"@id":"https:\/\/hudo.com\/si\/#\/schema\/logo\/image\/"},"sameAs":["https:\/\/www.facebook.com\/hudo.si","https:\/\/twitter.com\/hudo_si"]},{"@type":"Person","@id":"https:\/\/hudo.com\/si\/#\/schema\/person\/601cf3379633985b20f7e50f2bb47707","name":"hudo","image":{"@type":"ImageObject","inLanguage":"sl-SI","@id":"https:\/\/hudo.com\/si\/#\/schema\/person\/image\/","url":"https:\/\/secure.gravatar.com\/avatar\/c4ca25fa72cace7a696b52ff5db9e095?s=96&d=mm&r=g","contentUrl":"https:\/\/secure.gravatar.com\/avatar\/c4ca25fa72cace7a696b52ff5db9e095?s=96&d=mm&r=g","caption":"hudo"},"url":"https:\/\/hudo.com\/si\/author\/hudo\/"}]}},"amp_enabled":true,"_links":{"self":[{"href":"https:\/\/hudo.com\/si\/wp-json\/wp\/v2\/posts\/119208"}],"collection":[{"href":"https:\/\/hudo.com\/si\/wp-json\/wp\/v2\/posts"}],"about":[{"href":"https:\/\/hudo.com\/si\/wp-json\/wp\/v2\/types\/post"}],"author":[{"embeddable":true,"href":"https:\/\/hudo.com\/si\/wp-json\/wp\/v2\/users\/1"}],"replies":[{"embeddable":true,"href":"https:\/\/hudo.com\/si\/wp-json\/wp\/v2\/comments?post=119208"}],"version-history":[{"count":1,"href":"https:\/\/hudo.com\/si\/wp-json\/wp\/v2\/posts\/119208\/revisions"}],"predecessor-version":[{"id":119457,"href":"https:\/\/hudo.com\/si\/wp-json\/wp\/v2\/posts\/119208\/revisions\/119457"}],"wp:attachment":[{"href":"https:\/\/hudo.com\/si\/wp-json\/wp\/v2\/media?parent=119208"}],"wp:term":[{"taxonomy":"category","embeddable":true,"href":"https:\/\/hudo.com\/si\/wp-json\/wp\/v2\/categories?post=119208"},{"taxonomy":"post_tag","embeddable":true,"href":"https:\/\/hudo.com\/si\/wp-json\/wp\/v2\/tags?post=119208"},{"taxonomy":"source","embeddable":true,"href":"https:\/\/hudo.com\/si\/wp-json\/wp\/v2\/source?post=119208"},{"taxonomy":"supertag","embeddable":true,"href":"https:\/\/hudo.com\/si\/wp-json\/wp\/v2\/supertag?post=119208"}],"curies":[{"name":"wp","href":"https:\/\/api.w.org\/{rel}","templated":true}]}}