{"id":119210,"date":"2016-08-24T07:09:00","date_gmt":"2016-08-24T05:09:00","guid":{"rendered":"http:\/\/hudo.com\/si\/2016\/08\/24\/turcija-zacela-ofenzivo-na-tarce-is-v-siriji\/"},"modified":"2016-08-24T07:09:00","modified_gmt":"2016-08-24T05:09:00","slug":"turcija-zacela-ofenzivo-na-tarce-is-v-siriji","status":"publish","type":"post","link":"https:\/\/hudo.com\/si\/aktualno\/turcija-zacela-ofenzivo-na-tarce-is-v-siriji\/","title":{"rendered":"Tur\u010dija za\u010dela ofenzivo na tar\u010de IS v Siriji"},"content":{"rendered":"<p>Kategorija: Krize Wed, 24 Aug 2016 09:09:00 +0200  Tur\u0161ke voja\u0161ke sile so ob pomo\u010di letalskih napadov mednarodne koalicije davi s silovitim bombardiranjem tar\u010d Islamske dr\u017eave (IS) na severu Sirije spro\u017eile ofenzivo, s katero ho\u010dejo skrajno islamisti\u010dno skupino pregnati z obmo\u010dja ob tur\u0161ki meji. Dogajanje spremljamo v \u017eivo: *** 9.05: Za\u010detek tur\u0161ke ofenzive ni nepri\u010dakovan. Kot je v dana\u0161njem Delu zapisal na\u0161 novinar in poro\u010devalec s kriznih \u017eari\u0161\u010d Bo\u0161tjan Videm\u0161ek, tako tur\u0161ki viri kot viri iz vrst razli\u010dnih sirskih uporni\u0161kih skupin zatrjujejo, da se bo v nekaj dneh s tur\u0161kega ozemlja (najverjetneje iz mesteca Karkam\u0131\u015f, ki le\u017ei tik ob D\u017earablusa) za\u010dela odlo\u010dilna ofenziva proti IS, v kateri pa naj ne bi sodelovala tur\u0161ka kopenska vojska, pa\u010d pa ve\u010d tiso\u010d pripadnikov razli\u010dnih uporni\u0161kih skupin (Sirska svobodna vojska, Failak al \u0160am, Sultan Murad, Ahrar al \u0160am, D\u017eaba al \u0160amija), ki so v zadnjih\u00a0&#8230;<\/p>\n","protected":false},"excerpt":{"rendered":"<p>Kategorija: Krize Wed, 24 Aug 2016 09:09:00 +0200  Tur\u0161ke voja\u0161ke sile so ob pomo\u010di letalskih napadov mednarodne koalicije davi s silovitim bombardiranjem tar\u010d Islamske dr\u017eave (IS) na severu Sirije spro\u017eile ofenzivo, s katero ho\u010dejo skrajno islamisti\u010dno skupino pregnati z obmo\u010dja ob tur\u0161ki meji. Dogajanje spremljamo v \u017eivo: *** 9.05: Za\u010detek tur\u0161ke ofenzive ni nepri\u010dakovan. Kot je v dana\u0161njem Delu zapisal na\u0161 novinar in poro\u010devalec s kriznih \u017eari\u0161\u010d Bo\u0161tjan Videm\u0161ek, tako tur\u0161ki viri kot viri iz vrst razli\u010dnih sirskih uporni\u0161kih skupin zatrjujejo, da se bo v nekaj dneh s tur\u0161kega ozemlja (najverjetneje iz mesteca Karkam\u0131\u015f, ki le\u017ei tik ob D\u017earablusa) za\u010dela odlo\u010dilna ofenziva proti IS, v kateri pa naj ne bi sodelovala tur\u0161ka kopenska vojska, pa\u010d pa ve\u010d tiso\u010d pripadnikov razli\u010dnih uporni\u0161kih skupin (Sirska svobodna vojska, Failak al \u0160am, Sultan Murad, Ahrar al \u0160am, D\u017eaba al \u0160amija), ki so v zadnjih\u00a0&#8230;<\/p>\n","protected":false},"author":1,"featured_media":0,"comment_status":"closed","ping_status":"closed","sticky":false,"template":"","format":"standard","meta":{"footnotes":""},"categories":[1179],"tags":[],"source":[1703],"supertag":[],"acf":[],"yoast_head":"<!-- This site is optimized with the Yoast SEO plugin v21.3 - https:\/\/yoast.com\/wordpress\/plugins\/seo\/ -->\n<title>Tur\u010dija za\u010dela ofenzivo na tar\u010de IS v Siriji - Hudo Slovenija<\/title>\n<meta name=\"robots\" content=\"index, follow, max-snippet:-1, max-image-preview:large, max-video-preview:-1\" \/>\n<link rel=\"canonical\" href=\"https:\/\/hudo.com\/si\/aktualno\/turcija-zacela-ofenzivo-na-tarce-is-v-siriji\/\" \/>\n<meta property=\"og:locale\" content=\"sl_SI\" \/>\n<meta property=\"og:type\" content=\"article\" \/>\n<meta property=\"og:title\" content=\"Tur\u010dija za\u010dela ofenzivo na tar\u010de IS v Siriji - Hudo Slovenija\" \/>\n<meta property=\"og:description\" content=\"Kategorija: Krize Wed, 24 Aug 2016 09:09:00 +0200 Tur\u0161ke voja\u0161ke sile so ob pomo\u010di letalskih napadov mednarodne koalicije davi s silovitim bombardiranjem tar\u010d Islamske dr\u017eave (IS) na severu Sirije spro\u017eile ofenzivo, s katero ho\u010dejo skrajno islamisti\u010dno skupino pregnati z obmo\u010dja ob tur\u0161ki meji. Dogajanje spremljamo v \u017eivo: *** 9.05: Za\u010detek tur\u0161ke ofenzive ni nepri\u010dakovan. Kot je v dana\u0161njem Delu zapisal na\u0161 novinar in poro\u010devalec s kriznih \u017eari\u0161\u010d Bo\u0161tjan Videm\u0161ek, tako tur\u0161ki viri kot viri iz vrst razli\u010dnih sirskih uporni\u0161kih skupin zatrjujejo, da se bo v nekaj dneh s tur\u0161kega ozemlja (najverjetneje iz mesteca Karkam\u0131\u015f, ki le\u017ei tik ob D\u017earablusa) za\u010dela odlo\u010dilna ofenziva proti IS, v kateri pa naj ne bi sodelovala tur\u0161ka kopenska vojska, pa\u010d pa ve\u010d tiso\u010d pripadnikov razli\u010dnih uporni\u0161kih skupin (Sirska svobodna vojska, Failak al \u0160am, Sultan Murad, Ahrar al \u0160am, D\u017eaba al \u0160amija), ki so v zadnjih\u00a0...\" \/>\n<meta property=\"og:url\" content=\"https:\/\/hudo.com\/si\/aktualno\/turcija-zacela-ofenzivo-na-tarce-is-v-siriji\/\" \/>\n<meta property=\"og:site_name\" content=\"Hudo Slovenija\" \/>\n<meta property=\"article:publisher\" content=\"https:\/\/www.facebook.com\/hudo.si\" \/>\n<meta property=\"article:published_time\" content=\"2016-08-24T05:09:00+00:00\" \/>\n<meta property=\"og:image\" content=\"https:\/\/hudo.com\/si\/wp-content\/uploads\/sites\/2\/2016\/08\/480x290_AP_Pictures-20160823131929-21634400.jpeg\" \/>\n\t<meta property=\"og:image:width\" content=\"480\" \/>\n\t<meta property=\"og:image:height\" content=\"290\" \/>\n\t<meta property=\"og:image:type\" content=\"image\/jpeg\" \/>\n<meta name=\"author\" content=\"hudo\" \/>\n<meta name=\"twitter:card\" content=\"summary_large_image\" \/>\n<meta name=\"twitter:creator\" content=\"@hudo_si\" \/>\n<meta name=\"twitter:site\" content=\"@hudo_si\" \/>\n<meta name=\"twitter:label1\" content=\"Written by\" \/>\n\t<meta name=\"twitter:data1\" content=\"hudo\" \/>\n\t<meta name=\"twitter:label2\" content=\"Est. reading time\" \/>\n\t<meta name=\"twitter:data2\" content=\"1 minuta\" \/>\n<script type=\"application\/ld+json\" class=\"yoast-schema-graph\">{\"@context\":\"https:\/\/schema.org\",\"@graph\":[{\"@type\":\"Article\",\"@id\":\"https:\/\/hudo.com\/si\/aktualno\/turcija-zacela-ofenzivo-na-tarce-is-v-siriji\/#article\",\"isPartOf\":{\"@id\":\"https:\/\/hudo.com\/si\/aktualno\/turcija-zacela-ofenzivo-na-tarce-is-v-siriji\/\"},\"author\":{\"name\":\"hudo\",\"@id\":\"https:\/\/hudo.com\/si\/#\/schema\/person\/601cf3379633985b20f7e50f2bb47707\"},\"headline\":\"Tur\u010dija za\u010dela ofenzivo na tar\u010de IS v Siriji\",\"datePublished\":\"2016-08-24T05:09:00+00:00\",\"dateModified\":\"2016-08-24T05:09:00+00:00\",\"mainEntityOfPage\":{\"@id\":\"https:\/\/hudo.com\/si\/aktualno\/turcija-zacela-ofenzivo-na-tarce-is-v-siriji\/\"},\"wordCount\":173,\"publisher\":{\"@id\":\"https:\/\/hudo.com\/si\/#organization\"},\"articleSection\":[\"Aktualno\"],\"inLanguage\":\"sl-SI\"},{\"@type\":\"WebPage\",\"@id\":\"https:\/\/hudo.com\/si\/aktualno\/turcija-zacela-ofenzivo-na-tarce-is-v-siriji\/\",\"url\":\"https:\/\/hudo.com\/si\/aktualno\/turcija-zacela-ofenzivo-na-tarce-is-v-siriji\/\",\"name\":\"Tur\u010dija za\u010dela ofenzivo na tar\u010de IS v Siriji - Hudo Slovenija\",\"isPartOf\":{\"@id\":\"https:\/\/hudo.com\/si\/#website\"},\"datePublished\":\"2016-08-24T05:09:00+00:00\",\"dateModified\":\"2016-08-24T05:09:00+00:00\",\"breadcrumb\":{\"@id\":\"https:\/\/hudo.com\/si\/aktualno\/turcija-zacela-ofenzivo-na-tarce-is-v-siriji\/#breadcrumb\"},\"inLanguage\":\"sl-SI\",\"potentialAction\":[{\"@type\":\"ReadAction\",\"target\":[\"https:\/\/hudo.com\/si\/aktualno\/turcija-zacela-ofenzivo-na-tarce-is-v-siriji\/\"]}]},{\"@type\":\"BreadcrumbList\",\"@id\":\"https:\/\/hudo.com\/si\/aktualno\/turcija-zacela-ofenzivo-na-tarce-is-v-siriji\/#breadcrumb\",\"itemListElement\":[{\"@type\":\"ListItem\",\"position\":1,\"name\":\"Home\",\"item\":\"https:\/\/hudo.com\/si\/\"},{\"@type\":\"ListItem\",\"position\":2,\"name\":\"Tur\u010dija za\u010dela ofenzivo na tar\u010de IS v Siriji\"}]},{\"@type\":\"WebSite\",\"@id\":\"https:\/\/hudo.com\/si\/#website\",\"url\":\"https:\/\/hudo.com\/si\/\",\"name\":\"Hudo Slovenija\",\"description\":\"Vse novice iz Slovenije in sveta\",\"publisher\":{\"@id\":\"https:\/\/hudo.com\/si\/#organization\"},\"potentialAction\":[{\"@type\":\"SearchAction\",\"target\":{\"@type\":\"EntryPoint\",\"urlTemplate\":\"https:\/\/hudo.com\/si\/?s={search_term_string}\"},\"query-input\":\"required name=search_term_string\"}],\"inLanguage\":\"sl-SI\"},{\"@type\":\"Organization\",\"@id\":\"https:\/\/hudo.com\/si\/#organization\",\"name\":\"VSN Media\",\"url\":\"https:\/\/hudo.com\/si\/\",\"logo\":{\"@type\":\"ImageObject\",\"inLanguage\":\"sl-SI\",\"@id\":\"https:\/\/hudo.com\/si\/#\/schema\/logo\/image\/\",\"url\":\"https:\/\/hudo.com\/si\/wp-content\/uploads\/sites\/2\/2021\/03\/hudo-app-2.png\",\"contentUrl\":\"https:\/\/hudo.com\/si\/wp-content\/uploads\/sites\/2\/2021\/03\/hudo-app-2.png\",\"width\":2185,\"height\":2167,\"caption\":\"VSN Media\"},\"image\":{\"@id\":\"https:\/\/hudo.com\/si\/#\/schema\/logo\/image\/\"},\"sameAs\":[\"https:\/\/www.facebook.com\/hudo.si\",\"https:\/\/twitter.com\/hudo_si\"]},{\"@type\":\"Person\",\"@id\":\"https:\/\/hudo.com\/si\/#\/schema\/person\/601cf3379633985b20f7e50f2bb47707\",\"name\":\"hudo\",\"image\":{\"@type\":\"ImageObject\",\"inLanguage\":\"sl-SI\",\"@id\":\"https:\/\/hudo.com\/si\/#\/schema\/person\/image\/\",\"url\":\"https:\/\/secure.gravatar.com\/avatar\/c4ca25fa72cace7a696b52ff5db9e095?s=96&d=mm&r=g\",\"contentUrl\":\"https:\/\/secure.gravatar.com\/avatar\/c4ca25fa72cace7a696b52ff5db9e095?s=96&d=mm&r=g\",\"caption\":\"hudo\"},\"url\":\"https:\/\/hudo.com\/si\/author\/hudo\/\"}]}<\/script>\n<!-- \/ Yoast SEO plugin. -->","yoast_head_json":{"title":"Tur\u010dija za\u010dela ofenzivo na tar\u010de IS v Siriji - Hudo Slovenija","robots":{"index":"index","follow":"follow","max-snippet":"max-snippet:-1","max-image-preview":"max-image-preview:large","max-video-preview":"max-video-preview:-1"},"canonical":"https:\/\/hudo.com\/si\/aktualno\/turcija-zacela-ofenzivo-na-tarce-is-v-siriji\/","og_locale":"sl_SI","og_type":"article","og_title":"Tur\u010dija za\u010dela ofenzivo na tar\u010de IS v Siriji - Hudo Slovenija","og_description":"Kategorija: Krize Wed, 24 Aug 2016 09:09:00 +0200 Tur\u0161ke voja\u0161ke sile so ob pomo\u010di letalskih napadov mednarodne koalicije davi s silovitim bombardiranjem tar\u010d Islamske dr\u017eave (IS) na severu Sirije spro\u017eile ofenzivo, s katero ho\u010dejo skrajno islamisti\u010dno skupino pregnati z obmo\u010dja ob tur\u0161ki meji. Dogajanje spremljamo v \u017eivo: *** 9.05: Za\u010detek tur\u0161ke ofenzive ni nepri\u010dakovan. Kot je v dana\u0161njem Delu zapisal na\u0161 novinar in poro\u010devalec s kriznih \u017eari\u0161\u010d Bo\u0161tjan Videm\u0161ek, tako tur\u0161ki viri kot viri iz vrst razli\u010dnih sirskih uporni\u0161kih skupin zatrjujejo, da se bo v nekaj dneh s tur\u0161kega ozemlja (najverjetneje iz mesteca Karkam\u0131\u015f, ki le\u017ei tik ob D\u017earablusa) za\u010dela odlo\u010dilna ofenziva proti IS, v kateri pa naj ne bi sodelovala tur\u0161ka kopenska vojska, pa\u010d pa ve\u010d tiso\u010d pripadnikov razli\u010dnih uporni\u0161kih skupin (Sirska svobodna vojska, Failak al \u0160am, Sultan Murad, Ahrar al \u0160am, D\u017eaba al \u0160amija), ki so v zadnjih\u00a0...","og_url":"https:\/\/hudo.com\/si\/aktualno\/turcija-zacela-ofenzivo-na-tarce-is-v-siriji\/","og_site_name":"Hudo Slovenija","article_publisher":"https:\/\/www.facebook.com\/hudo.si","article_published_time":"2016-08-24T05:09:00+00:00","og_image":[{"width":480,"height":290,"url":"https:\/\/hudo.com\/si\/wp-content\/uploads\/sites\/2\/2016\/08\/480x290_AP_Pictures-20160823131929-21634400.jpeg","type":"image\/jpeg"}],"author":"hudo","twitter_card":"summary_large_image","twitter_creator":"@hudo_si","twitter_site":"@hudo_si","twitter_misc":{"Written by":"hudo","Est. reading time":"1 minuta"},"schema":{"@context":"https:\/\/schema.org","@graph":[{"@type":"Article","@id":"https:\/\/hudo.com\/si\/aktualno\/turcija-zacela-ofenzivo-na-tarce-is-v-siriji\/#article","isPartOf":{"@id":"https:\/\/hudo.com\/si\/aktualno\/turcija-zacela-ofenzivo-na-tarce-is-v-siriji\/"},"author":{"name":"hudo","@id":"https:\/\/hudo.com\/si\/#\/schema\/person\/601cf3379633985b20f7e50f2bb47707"},"headline":"Tur\u010dija za\u010dela ofenzivo na tar\u010de IS v Siriji","datePublished":"2016-08-24T05:09:00+00:00","dateModified":"2016-08-24T05:09:00+00:00","mainEntityOfPage":{"@id":"https:\/\/hudo.com\/si\/aktualno\/turcija-zacela-ofenzivo-na-tarce-is-v-siriji\/"},"wordCount":173,"publisher":{"@id":"https:\/\/hudo.com\/si\/#organization"},"articleSection":["Aktualno"],"inLanguage":"sl-SI"},{"@type":"WebPage","@id":"https:\/\/hudo.com\/si\/aktualno\/turcija-zacela-ofenzivo-na-tarce-is-v-siriji\/","url":"https:\/\/hudo.com\/si\/aktualno\/turcija-zacela-ofenzivo-na-tarce-is-v-siriji\/","name":"Tur\u010dija za\u010dela ofenzivo na tar\u010de IS v Siriji - Hudo Slovenija","isPartOf":{"@id":"https:\/\/hudo.com\/si\/#website"},"datePublished":"2016-08-24T05:09:00+00:00","dateModified":"2016-08-24T05:09:00+00:00","breadcrumb":{"@id":"https:\/\/hudo.com\/si\/aktualno\/turcija-zacela-ofenzivo-na-tarce-is-v-siriji\/#breadcrumb"},"inLanguage":"sl-SI","potentialAction":[{"@type":"ReadAction","target":["https:\/\/hudo.com\/si\/aktualno\/turcija-zacela-ofenzivo-na-tarce-is-v-siriji\/"]}]},{"@type":"BreadcrumbList","@id":"https:\/\/hudo.com\/si\/aktualno\/turcija-zacela-ofenzivo-na-tarce-is-v-siriji\/#breadcrumb","itemListElement":[{"@type":"ListItem","position":1,"name":"Home","item":"https:\/\/hudo.com\/si\/"},{"@type":"ListItem","position":2,"name":"Tur\u010dija za\u010dela ofenzivo na tar\u010de IS v Siriji"}]},{"@type":"WebSite","@id":"https:\/\/hudo.com\/si\/#website","url":"https:\/\/hudo.com\/si\/","name":"Hudo Slovenija","description":"Vse novice iz Slovenije in sveta","publisher":{"@id":"https:\/\/hudo.com\/si\/#organization"},"potentialAction":[{"@type":"SearchAction","target":{"@type":"EntryPoint","urlTemplate":"https:\/\/hudo.com\/si\/?s={search_term_string}"},"query-input":"required name=search_term_string"}],"inLanguage":"sl-SI"},{"@type":"Organization","@id":"https:\/\/hudo.com\/si\/#organization","name":"VSN Media","url":"https:\/\/hudo.com\/si\/","logo":{"@type":"ImageObject","inLanguage":"sl-SI","@id":"https:\/\/hudo.com\/si\/#\/schema\/logo\/image\/","url":"https:\/\/hudo.com\/si\/wp-content\/uploads\/sites\/2\/2021\/03\/hudo-app-2.png","contentUrl":"https:\/\/hudo.com\/si\/wp-content\/uploads\/sites\/2\/2021\/03\/hudo-app-2.png","width":2185,"height":2167,"caption":"VSN Media"},"image":{"@id":"https:\/\/hudo.com\/si\/#\/schema\/logo\/image\/"},"sameAs":["https:\/\/www.facebook.com\/hudo.si","https:\/\/twitter.com\/hudo_si"]},{"@type":"Person","@id":"https:\/\/hudo.com\/si\/#\/schema\/person\/601cf3379633985b20f7e50f2bb47707","name":"hudo","image":{"@type":"ImageObject","inLanguage":"sl-SI","@id":"https:\/\/hudo.com\/si\/#\/schema\/person\/image\/","url":"https:\/\/secure.gravatar.com\/avatar\/c4ca25fa72cace7a696b52ff5db9e095?s=96&d=mm&r=g","contentUrl":"https:\/\/secure.gravatar.com\/avatar\/c4ca25fa72cace7a696b52ff5db9e095?s=96&d=mm&r=g","caption":"hudo"},"url":"https:\/\/hudo.com\/si\/author\/hudo\/"}]}},"amp_enabled":true,"_links":{"self":[{"href":"https:\/\/hudo.com\/si\/wp-json\/wp\/v2\/posts\/119210"}],"collection":[{"href":"https:\/\/hudo.com\/si\/wp-json\/wp\/v2\/posts"}],"about":[{"href":"https:\/\/hudo.com\/si\/wp-json\/wp\/v2\/types\/post"}],"author":[{"embeddable":true,"href":"https:\/\/hudo.com\/si\/wp-json\/wp\/v2\/users\/1"}],"replies":[{"embeddable":true,"href":"https:\/\/hudo.com\/si\/wp-json\/wp\/v2\/comments?post=119210"}],"version-history":[{"count":0,"href":"https:\/\/hudo.com\/si\/wp-json\/wp\/v2\/posts\/119210\/revisions"}],"wp:attachment":[{"href":"https:\/\/hudo.com\/si\/wp-json\/wp\/v2\/media?parent=119210"}],"wp:term":[{"taxonomy":"category","embeddable":true,"href":"https:\/\/hudo.com\/si\/wp-json\/wp\/v2\/categories?post=119210"},{"taxonomy":"post_tag","embeddable":true,"href":"https:\/\/hudo.com\/si\/wp-json\/wp\/v2\/tags?post=119210"},{"taxonomy":"source","embeddable":true,"href":"https:\/\/hudo.com\/si\/wp-json\/wp\/v2\/source?post=119210"},{"taxonomy":"supertag","embeddable":true,"href":"https:\/\/hudo.com\/si\/wp-json\/wp\/v2\/supertag?post=119210"}],"curies":[{"name":"wp","href":"https:\/\/api.w.org\/{rel}","templated":true}]}}