{"id":119224,"date":"2016-08-24T07:00:00","date_gmt":"2016-08-24T05:00:00","guid":{"rendered":"http:\/\/hudo.com\/si\/2016\/08\/24\/poezija-je-pravo-zatocisce-v-casu-krize\/"},"modified":"2016-08-24T07:00:00","modified_gmt":"2016-08-24T05:00:00","slug":"poezija-je-pravo-zatocisce-v-casu-krize","status":"publish","type":"post","link":"https:\/\/hudo.com\/si\/aktualno\/poezija-je-pravo-zatocisce-v-casu-krize\/","title":{"rendered":"Poezija je pravo zato\u010di\u0161\u010de v \u010dasu krize"},"content":{"rendered":"<p>Kategorija: Knjiga Wed, 24 Aug 2016 09:00:00 +0200  \u00bbPoezija je literarna oziroma\u00ad kar umetni\u0161ka forma, ki pridobi vrednost v kriznih \u010dasih,\u00ab pravi Ale\u0161 \u0160teger, programski\u00ad vodja festivala Dnevi poezije\u00ad in vina, ki se danes za\u010denja na Ptuju. Ob dvajseti obletnici so zastavili projekt \u0161e posebej ambiciozno: festival gosti kar \u0161tiri ugledne \u010dastne goste, velikopotezno je zastavljen tudi spremljevalni program. Charles Simic iz ZDA, Ko Un iz Ju\u017ene Koreje, Vlada Uro\u0161evi\u0107 iz Makedonije ter Veno Taufer so kot \u010dastni gostje seveda velika mednarodna pesni\u0161ka imena, vendar \u0160teger poudarja, da je zvezdni\u0161tvo v poeziji relativno oziroma je pravzaprav omejeno na interni insajderski krog poznavalcev in ljubiteljev, kar ni nujno slabo. Poezija sicer ostaja na robu zanimanja, saj nikoli ni bila vklju\u010dena v komercialni sistem, ki obvladuje velik del umetni\u0161ke produkcije in narekuje tempo, vendar je s tem nekako zadr\u017eala legitimnost ter neodvisen\u00a0&#8230;<\/p>\n","protected":false},"excerpt":{"rendered":"<p>Kategorija: Knjiga Wed, 24 Aug 2016 09:00:00 +0200  \u00bbPoezija je literarna oziroma\u00ad kar umetni\u0161ka forma, ki pridobi vrednost v kriznih \u010dasih,\u00ab pravi Ale\u0161 \u0160teger, programski\u00ad vodja festivala Dnevi poezije\u00ad in vina, ki se danes za\u010denja na Ptuju. Ob dvajseti obletnici so zastavili projekt \u0161e posebej ambiciozno: festival gosti kar \u0161tiri ugledne \u010dastne goste, velikopotezno je zastavljen tudi spremljevalni program. Charles Simic iz ZDA, Ko Un iz Ju\u017ene Koreje, Vlada Uro\u0161evi\u0107 iz Makedonije ter Veno Taufer so kot \u010dastni gostje seveda velika mednarodna pesni\u0161ka imena, vendar \u0160teger poudarja, da je zvezdni\u0161tvo v poeziji relativno oziroma je pravzaprav omejeno na interni insajderski krog poznavalcev in ljubiteljev, kar ni nujno slabo. Poezija sicer ostaja na robu zanimanja, saj nikoli ni bila vklju\u010dena v komercialni sistem, ki obvladuje velik del umetni\u0161ke produkcije in narekuje tempo, vendar je s tem nekako zadr\u017eala legitimnost ter neodvisen\u00a0&#8230;<\/p>\n","protected":false},"author":1,"featured_media":0,"comment_status":"closed","ping_status":"closed","sticky":false,"template":"","format":"standard","meta":{"footnotes":""},"categories":[1179],"tags":[],"source":[1703],"supertag":[],"acf":[],"yoast_head":"<!-- This site is optimized with the Yoast SEO plugin v21.3 - https:\/\/yoast.com\/wordpress\/plugins\/seo\/ -->\n<title>Poezija je pravo zato\u010di\u0161\u010de v \u010dasu krize - Hudo Slovenija<\/title>\n<meta name=\"robots\" content=\"index, follow, max-snippet:-1, max-image-preview:large, max-video-preview:-1\" \/>\n<link rel=\"canonical\" href=\"https:\/\/hudo.com\/si\/aktualno\/poezija-je-pravo-zatocisce-v-casu-krize\/\" \/>\n<meta property=\"og:locale\" content=\"sl_SI\" \/>\n<meta property=\"og:type\" content=\"article\" \/>\n<meta property=\"og:title\" content=\"Poezija je pravo zato\u010di\u0161\u010de v \u010dasu krize - Hudo Slovenija\" \/>\n<meta property=\"og:description\" content=\"Kategorija: Knjiga Wed, 24 Aug 2016 09:00:00 +0200 \u00bbPoezija je literarna oziroma\u00ad kar umetni\u0161ka forma, ki pridobi vrednost v kriznih \u010dasih,\u00ab pravi Ale\u0161 \u0160teger, programski\u00ad vodja festivala Dnevi poezije\u00ad in vina, ki se danes za\u010denja na Ptuju. Ob dvajseti obletnici so zastavili projekt \u0161e posebej ambiciozno: festival gosti kar \u0161tiri ugledne \u010dastne goste, velikopotezno je zastavljen tudi spremljevalni program. Charles Simic iz ZDA, Ko Un iz Ju\u017ene Koreje, Vlada Uro\u0161evi\u0107 iz Makedonije ter Veno Taufer so kot \u010dastni gostje seveda velika mednarodna pesni\u0161ka imena, vendar \u0160teger poudarja, da je zvezdni\u0161tvo v poeziji relativno oziroma je pravzaprav omejeno na interni insajderski krog poznavalcev in ljubiteljev, kar ni nujno slabo. Poezija sicer ostaja na robu zanimanja, saj nikoli ni bila vklju\u010dena v komercialni sistem, ki obvladuje velik del umetni\u0161ke produkcije in narekuje tempo, vendar je s tem nekako zadr\u017eala legitimnost ter neodvisen\u00a0...\" \/>\n<meta property=\"og:url\" content=\"https:\/\/hudo.com\/si\/aktualno\/poezija-je-pravo-zatocisce-v-casu-krize\/\" \/>\n<meta property=\"og:site_name\" content=\"Hudo Slovenija\" \/>\n<meta property=\"article:publisher\" content=\"https:\/\/www.facebook.com\/hudo.si\" \/>\n<meta property=\"article:published_time\" content=\"2016-08-24T05:00:00+00:00\" \/>\n<meta property=\"og:image\" content=\"https:\/\/hudo.com\/si\/wp-content\/uploads\/sites\/2\/2016\/08\/480x290_Kultura__poezija_in_vina_hires0.jpeg\" \/>\n\t<meta property=\"og:image:width\" content=\"480\" \/>\n\t<meta property=\"og:image:height\" content=\"290\" \/>\n\t<meta property=\"og:image:type\" content=\"image\/jpeg\" \/>\n<meta name=\"author\" content=\"hudo\" \/>\n<meta name=\"twitter:card\" content=\"summary_large_image\" \/>\n<meta name=\"twitter:creator\" content=\"@hudo_si\" \/>\n<meta name=\"twitter:site\" content=\"@hudo_si\" \/>\n<meta name=\"twitter:label1\" content=\"Written by\" \/>\n\t<meta name=\"twitter:data1\" content=\"hudo\" \/>\n\t<meta name=\"twitter:label2\" content=\"Est. reading time\" \/>\n\t<meta name=\"twitter:data2\" content=\"1 minuta\" \/>\n<script type=\"application\/ld+json\" class=\"yoast-schema-graph\">{\"@context\":\"https:\/\/schema.org\",\"@graph\":[{\"@type\":\"Article\",\"@id\":\"https:\/\/hudo.com\/si\/aktualno\/poezija-je-pravo-zatocisce-v-casu-krize\/#article\",\"isPartOf\":{\"@id\":\"https:\/\/hudo.com\/si\/aktualno\/poezija-je-pravo-zatocisce-v-casu-krize\/\"},\"author\":{\"name\":\"hudo\",\"@id\":\"https:\/\/hudo.com\/si\/#\/schema\/person\/601cf3379633985b20f7e50f2bb47707\"},\"headline\":\"Poezija je pravo zato\u010di\u0161\u010de v \u010dasu krize\",\"datePublished\":\"2016-08-24T05:00:00+00:00\",\"dateModified\":\"2016-08-24T05:00:00+00:00\",\"mainEntityOfPage\":{\"@id\":\"https:\/\/hudo.com\/si\/aktualno\/poezija-je-pravo-zatocisce-v-casu-krize\/\"},\"wordCount\":154,\"publisher\":{\"@id\":\"https:\/\/hudo.com\/si\/#organization\"},\"articleSection\":[\"Aktualno\"],\"inLanguage\":\"sl-SI\"},{\"@type\":\"WebPage\",\"@id\":\"https:\/\/hudo.com\/si\/aktualno\/poezija-je-pravo-zatocisce-v-casu-krize\/\",\"url\":\"https:\/\/hudo.com\/si\/aktualno\/poezija-je-pravo-zatocisce-v-casu-krize\/\",\"name\":\"Poezija je pravo zato\u010di\u0161\u010de v \u010dasu krize - Hudo Slovenija\",\"isPartOf\":{\"@id\":\"https:\/\/hudo.com\/si\/#website\"},\"datePublished\":\"2016-08-24T05:00:00+00:00\",\"dateModified\":\"2016-08-24T05:00:00+00:00\",\"breadcrumb\":{\"@id\":\"https:\/\/hudo.com\/si\/aktualno\/poezija-je-pravo-zatocisce-v-casu-krize\/#breadcrumb\"},\"inLanguage\":\"sl-SI\",\"potentialAction\":[{\"@type\":\"ReadAction\",\"target\":[\"https:\/\/hudo.com\/si\/aktualno\/poezija-je-pravo-zatocisce-v-casu-krize\/\"]}]},{\"@type\":\"BreadcrumbList\",\"@id\":\"https:\/\/hudo.com\/si\/aktualno\/poezija-je-pravo-zatocisce-v-casu-krize\/#breadcrumb\",\"itemListElement\":[{\"@type\":\"ListItem\",\"position\":1,\"name\":\"Home\",\"item\":\"https:\/\/hudo.com\/si\/\"},{\"@type\":\"ListItem\",\"position\":2,\"name\":\"Poezija je pravo zato\u010di\u0161\u010de v \u010dasu krize\"}]},{\"@type\":\"WebSite\",\"@id\":\"https:\/\/hudo.com\/si\/#website\",\"url\":\"https:\/\/hudo.com\/si\/\",\"name\":\"Hudo Slovenija\",\"description\":\"Vse novice iz Slovenije in sveta\",\"publisher\":{\"@id\":\"https:\/\/hudo.com\/si\/#organization\"},\"potentialAction\":[{\"@type\":\"SearchAction\",\"target\":{\"@type\":\"EntryPoint\",\"urlTemplate\":\"https:\/\/hudo.com\/si\/?s={search_term_string}\"},\"query-input\":\"required name=search_term_string\"}],\"inLanguage\":\"sl-SI\"},{\"@type\":\"Organization\",\"@id\":\"https:\/\/hudo.com\/si\/#organization\",\"name\":\"VSN Media\",\"url\":\"https:\/\/hudo.com\/si\/\",\"logo\":{\"@type\":\"ImageObject\",\"inLanguage\":\"sl-SI\",\"@id\":\"https:\/\/hudo.com\/si\/#\/schema\/logo\/image\/\",\"url\":\"https:\/\/hudo.com\/si\/wp-content\/uploads\/sites\/2\/2021\/03\/hudo-app-2.png\",\"contentUrl\":\"https:\/\/hudo.com\/si\/wp-content\/uploads\/sites\/2\/2021\/03\/hudo-app-2.png\",\"width\":2185,\"height\":2167,\"caption\":\"VSN Media\"},\"image\":{\"@id\":\"https:\/\/hudo.com\/si\/#\/schema\/logo\/image\/\"},\"sameAs\":[\"https:\/\/www.facebook.com\/hudo.si\",\"https:\/\/twitter.com\/hudo_si\"]},{\"@type\":\"Person\",\"@id\":\"https:\/\/hudo.com\/si\/#\/schema\/person\/601cf3379633985b20f7e50f2bb47707\",\"name\":\"hudo\",\"image\":{\"@type\":\"ImageObject\",\"inLanguage\":\"sl-SI\",\"@id\":\"https:\/\/hudo.com\/si\/#\/schema\/person\/image\/\",\"url\":\"https:\/\/secure.gravatar.com\/avatar\/c4ca25fa72cace7a696b52ff5db9e095?s=96&d=mm&r=g\",\"contentUrl\":\"https:\/\/secure.gravatar.com\/avatar\/c4ca25fa72cace7a696b52ff5db9e095?s=96&d=mm&r=g\",\"caption\":\"hudo\"},\"url\":\"https:\/\/hudo.com\/si\/author\/hudo\/\"}]}<\/script>\n<!-- \/ Yoast SEO plugin. -->","yoast_head_json":{"title":"Poezija je pravo zato\u010di\u0161\u010de v \u010dasu krize - Hudo Slovenija","robots":{"index":"index","follow":"follow","max-snippet":"max-snippet:-1","max-image-preview":"max-image-preview:large","max-video-preview":"max-video-preview:-1"},"canonical":"https:\/\/hudo.com\/si\/aktualno\/poezija-je-pravo-zatocisce-v-casu-krize\/","og_locale":"sl_SI","og_type":"article","og_title":"Poezija je pravo zato\u010di\u0161\u010de v \u010dasu krize - Hudo Slovenija","og_description":"Kategorija: Knjiga Wed, 24 Aug 2016 09:00:00 +0200 \u00bbPoezija je literarna oziroma\u00ad kar umetni\u0161ka forma, ki pridobi vrednost v kriznih \u010dasih,\u00ab pravi Ale\u0161 \u0160teger, programski\u00ad vodja festivala Dnevi poezije\u00ad in vina, ki se danes za\u010denja na Ptuju. Ob dvajseti obletnici so zastavili projekt \u0161e posebej ambiciozno: festival gosti kar \u0161tiri ugledne \u010dastne goste, velikopotezno je zastavljen tudi spremljevalni program. Charles Simic iz ZDA, Ko Un iz Ju\u017ene Koreje, Vlada Uro\u0161evi\u0107 iz Makedonije ter Veno Taufer so kot \u010dastni gostje seveda velika mednarodna pesni\u0161ka imena, vendar \u0160teger poudarja, da je zvezdni\u0161tvo v poeziji relativno oziroma je pravzaprav omejeno na interni insajderski krog poznavalcev in ljubiteljev, kar ni nujno slabo. Poezija sicer ostaja na robu zanimanja, saj nikoli ni bila vklju\u010dena v komercialni sistem, ki obvladuje velik del umetni\u0161ke produkcije in narekuje tempo, vendar je s tem nekako zadr\u017eala legitimnost ter neodvisen\u00a0...","og_url":"https:\/\/hudo.com\/si\/aktualno\/poezija-je-pravo-zatocisce-v-casu-krize\/","og_site_name":"Hudo Slovenija","article_publisher":"https:\/\/www.facebook.com\/hudo.si","article_published_time":"2016-08-24T05:00:00+00:00","og_image":[{"width":480,"height":290,"url":"https:\/\/hudo.com\/si\/wp-content\/uploads\/sites\/2\/2016\/08\/480x290_Kultura__poezija_in_vina_hires0.jpeg","type":"image\/jpeg"}],"author":"hudo","twitter_card":"summary_large_image","twitter_creator":"@hudo_si","twitter_site":"@hudo_si","twitter_misc":{"Written by":"hudo","Est. reading time":"1 minuta"},"schema":{"@context":"https:\/\/schema.org","@graph":[{"@type":"Article","@id":"https:\/\/hudo.com\/si\/aktualno\/poezija-je-pravo-zatocisce-v-casu-krize\/#article","isPartOf":{"@id":"https:\/\/hudo.com\/si\/aktualno\/poezija-je-pravo-zatocisce-v-casu-krize\/"},"author":{"name":"hudo","@id":"https:\/\/hudo.com\/si\/#\/schema\/person\/601cf3379633985b20f7e50f2bb47707"},"headline":"Poezija je pravo zato\u010di\u0161\u010de v \u010dasu krize","datePublished":"2016-08-24T05:00:00+00:00","dateModified":"2016-08-24T05:00:00+00:00","mainEntityOfPage":{"@id":"https:\/\/hudo.com\/si\/aktualno\/poezija-je-pravo-zatocisce-v-casu-krize\/"},"wordCount":154,"publisher":{"@id":"https:\/\/hudo.com\/si\/#organization"},"articleSection":["Aktualno"],"inLanguage":"sl-SI"},{"@type":"WebPage","@id":"https:\/\/hudo.com\/si\/aktualno\/poezija-je-pravo-zatocisce-v-casu-krize\/","url":"https:\/\/hudo.com\/si\/aktualno\/poezija-je-pravo-zatocisce-v-casu-krize\/","name":"Poezija je pravo zato\u010di\u0161\u010de v \u010dasu krize - Hudo Slovenija","isPartOf":{"@id":"https:\/\/hudo.com\/si\/#website"},"datePublished":"2016-08-24T05:00:00+00:00","dateModified":"2016-08-24T05:00:00+00:00","breadcrumb":{"@id":"https:\/\/hudo.com\/si\/aktualno\/poezija-je-pravo-zatocisce-v-casu-krize\/#breadcrumb"},"inLanguage":"sl-SI","potentialAction":[{"@type":"ReadAction","target":["https:\/\/hudo.com\/si\/aktualno\/poezija-je-pravo-zatocisce-v-casu-krize\/"]}]},{"@type":"BreadcrumbList","@id":"https:\/\/hudo.com\/si\/aktualno\/poezija-je-pravo-zatocisce-v-casu-krize\/#breadcrumb","itemListElement":[{"@type":"ListItem","position":1,"name":"Home","item":"https:\/\/hudo.com\/si\/"},{"@type":"ListItem","position":2,"name":"Poezija je pravo zato\u010di\u0161\u010de v \u010dasu krize"}]},{"@type":"WebSite","@id":"https:\/\/hudo.com\/si\/#website","url":"https:\/\/hudo.com\/si\/","name":"Hudo Slovenija","description":"Vse novice iz Slovenije in sveta","publisher":{"@id":"https:\/\/hudo.com\/si\/#organization"},"potentialAction":[{"@type":"SearchAction","target":{"@type":"EntryPoint","urlTemplate":"https:\/\/hudo.com\/si\/?s={search_term_string}"},"query-input":"required name=search_term_string"}],"inLanguage":"sl-SI"},{"@type":"Organization","@id":"https:\/\/hudo.com\/si\/#organization","name":"VSN Media","url":"https:\/\/hudo.com\/si\/","logo":{"@type":"ImageObject","inLanguage":"sl-SI","@id":"https:\/\/hudo.com\/si\/#\/schema\/logo\/image\/","url":"https:\/\/hudo.com\/si\/wp-content\/uploads\/sites\/2\/2021\/03\/hudo-app-2.png","contentUrl":"https:\/\/hudo.com\/si\/wp-content\/uploads\/sites\/2\/2021\/03\/hudo-app-2.png","width":2185,"height":2167,"caption":"VSN Media"},"image":{"@id":"https:\/\/hudo.com\/si\/#\/schema\/logo\/image\/"},"sameAs":["https:\/\/www.facebook.com\/hudo.si","https:\/\/twitter.com\/hudo_si"]},{"@type":"Person","@id":"https:\/\/hudo.com\/si\/#\/schema\/person\/601cf3379633985b20f7e50f2bb47707","name":"hudo","image":{"@type":"ImageObject","inLanguage":"sl-SI","@id":"https:\/\/hudo.com\/si\/#\/schema\/person\/image\/","url":"https:\/\/secure.gravatar.com\/avatar\/c4ca25fa72cace7a696b52ff5db9e095?s=96&d=mm&r=g","contentUrl":"https:\/\/secure.gravatar.com\/avatar\/c4ca25fa72cace7a696b52ff5db9e095?s=96&d=mm&r=g","caption":"hudo"},"url":"https:\/\/hudo.com\/si\/author\/hudo\/"}]}},"amp_enabled":true,"_links":{"self":[{"href":"https:\/\/hudo.com\/si\/wp-json\/wp\/v2\/posts\/119224"}],"collection":[{"href":"https:\/\/hudo.com\/si\/wp-json\/wp\/v2\/posts"}],"about":[{"href":"https:\/\/hudo.com\/si\/wp-json\/wp\/v2\/types\/post"}],"author":[{"embeddable":true,"href":"https:\/\/hudo.com\/si\/wp-json\/wp\/v2\/users\/1"}],"replies":[{"embeddable":true,"href":"https:\/\/hudo.com\/si\/wp-json\/wp\/v2\/comments?post=119224"}],"version-history":[{"count":0,"href":"https:\/\/hudo.com\/si\/wp-json\/wp\/v2\/posts\/119224\/revisions"}],"wp:attachment":[{"href":"https:\/\/hudo.com\/si\/wp-json\/wp\/v2\/media?parent=119224"}],"wp:term":[{"taxonomy":"category","embeddable":true,"href":"https:\/\/hudo.com\/si\/wp-json\/wp\/v2\/categories?post=119224"},{"taxonomy":"post_tag","embeddable":true,"href":"https:\/\/hudo.com\/si\/wp-json\/wp\/v2\/tags?post=119224"},{"taxonomy":"source","embeddable":true,"href":"https:\/\/hudo.com\/si\/wp-json\/wp\/v2\/source?post=119224"},{"taxonomy":"supertag","embeddable":true,"href":"https:\/\/hudo.com\/si\/wp-json\/wp\/v2\/supertag?post=119224"}],"curies":[{"name":"wp","href":"https:\/\/api.w.org\/{rel}","templated":true}]}}