{"id":119447,"date":"2016-08-24T08:00:00","date_gmt":"2016-08-24T06:00:00","guid":{"rendered":"http:\/\/hudo.com\/si\/2016\/08\/24\/cigava-groznja-je-nevarnejsa-dutertejeva-ali-kimova\/"},"modified":"2016-08-25T03:42:51","modified_gmt":"2016-08-25T01:42:51","slug":"cigava-groznja-je-nevarnejsa-dutertejeva-ali-kimova","status":"publish","type":"post","link":"https:\/\/hudo.com\/si\/aktualno\/cigava-groznja-je-nevarnejsa-dutertejeva-ali-kimova\/","title":{"rendered":"\u010cigava gro\u017enja je nevarnej\u0161a: Dutertejeva ali Kimova?"},"content":{"rendered":"<p>Kategorija: Globalno Wed, 24 Aug 2016 10:00:00 +0200  Filipinski predsednik Rodrigo Duterte je bil utrujen in bilo je \u017ee skoraj jutro, ko je na tiskovni konferenci, ki jo je v nedeljo\u00ad do pozne no\u010di prena\u0161ala televizija, zagrozil, da bo njegova dr\u017eava izstopila iz Organizacije zdru\u017eenih narodov. Za \u0161kandal, ki je izbruhnil zaradi te izjave, je zunanji minister Perfecto Yasay seveda okrivil novinarje. \u00bb\u010ce ste zelo utrujeni, razo\u010darani, frustrirani in jezni, se vam mora nekoliko oprostiti za tak odziv,\u00ab je poskusil Yasay v ponedeljek pomiriti vihar. Toda \u010deprav je vodja diplomacije pozival javnost, naj razume, da je tudi Duterte \u00bb\u010dlove\u0161ko bitje\u00ab, je vendarle moral potrditi, da \u00bbpredsednik ne izreka stali\u0161\u010d, ki jih ne podpira\u00ab. Rodrigo Duterte. Foto: Lean Daval Jr\/Reuters Kaj se bo torej zgodilo s \u010dlanstvom Filipinov v OZN? Duterte je jasno in glasno ozna\u010dil svetovno organizacijo in njene\u00a0&#8230;<\/p>\n","protected":false},"excerpt":{"rendered":"<p>Kategorija: Globalno Wed, 24 Aug 2016 10:00:00 +0200  Filipinski predsednik Rodrigo Duterte je bil utrujen in bilo je \u017ee skoraj jutro, ko je na tiskovni konferenci, ki jo je v nedeljo\u00ad do pozne no\u010di prena\u0161ala televizija, zagrozil, da bo njegova dr\u017eava izstopila iz Organizacije zdru\u017eenih narodov. Za \u0161kandal, ki je izbruhnil zaradi te izjave, je zunanji minister Perfecto Yasay seveda okrivil novinarje. \u00bb\u010ce ste zelo utrujeni, razo\u010darani, frustrirani in jezni, se vam mora nekoliko oprostiti za tak odziv,\u00ab je poskusil Yasay v ponedeljek pomiriti vihar. Toda \u010deprav je vodja diplomacije pozival javnost, naj razume, da je tudi Duterte \u00bb\u010dlove\u0161ko bitje\u00ab, je vendarle moral potrditi, da \u00bbpredsednik ne izreka stali\u0161\u010d, ki jih ne podpira\u00ab. Rodrigo Duterte. Foto: Lean Daval Jr\/Reuters Kaj se bo torej zgodilo s \u010dlanstvom Filipinov v OZN? Duterte je jasno in glasno ozna\u010dil svetovno organizacijo in njene\u00a0&#8230;<\/p>\n","protected":false},"author":1,"featured_media":0,"comment_status":"closed","ping_status":"closed","sticky":false,"template":"","format":"standard","meta":{"footnotes":""},"categories":[1179],"tags":[],"source":[1703],"supertag":[],"acf":[],"yoast_head":"<!-- This site is optimized with the Yoast SEO plugin v21.3 - https:\/\/yoast.com\/wordpress\/plugins\/seo\/ -->\n<title>\u010cigava gro\u017enja je nevarnej\u0161a: Dutertejeva ali Kimova? - Hudo Slovenija<\/title>\n<meta name=\"robots\" content=\"index, follow, max-snippet:-1, max-image-preview:large, max-video-preview:-1\" \/>\n<link rel=\"canonical\" href=\"https:\/\/hudo.com\/si\/aktualno\/cigava-groznja-je-nevarnejsa-dutertejeva-ali-kimova\/\" \/>\n<meta property=\"og:locale\" content=\"sl_SI\" \/>\n<meta property=\"og:type\" content=\"article\" \/>\n<meta property=\"og:title\" content=\"\u010cigava gro\u017enja je nevarnej\u0161a: Dutertejeva ali Kimova? - Hudo Slovenija\" \/>\n<meta property=\"og:description\" content=\"Kategorija: Globalno Wed, 24 Aug 2016 10:00:00 +0200 Filipinski predsednik Rodrigo Duterte je bil utrujen in bilo je \u017ee skoraj jutro, ko je na tiskovni konferenci, ki jo je v nedeljo\u00ad do pozne no\u010di prena\u0161ala televizija, zagrozil, da bo njegova dr\u017eava izstopila iz Organizacije zdru\u017eenih narodov. Za \u0161kandal, ki je izbruhnil zaradi te izjave, je zunanji minister Perfecto Yasay seveda okrivil novinarje. \u00bb\u010ce ste zelo utrujeni, razo\u010darani, frustrirani in jezni, se vam mora nekoliko oprostiti za tak odziv,\u00ab je poskusil Yasay v ponedeljek pomiriti vihar. Toda \u010deprav je vodja diplomacije pozival javnost, naj razume, da je tudi Duterte \u00bb\u010dlove\u0161ko bitje\u00ab, je vendarle moral potrditi, da \u00bbpredsednik ne izreka stali\u0161\u010d, ki jih ne podpira\u00ab. Rodrigo Duterte. Foto: Lean Daval Jr\/Reuters Kaj se bo torej zgodilo s \u010dlanstvom Filipinov v OZN? Duterte je jasno in glasno ozna\u010dil svetovno organizacijo in njene\u00a0...\" \/>\n<meta property=\"og:url\" content=\"https:\/\/hudo.com\/si\/aktualno\/cigava-groznja-je-nevarnejsa-dutertejeva-ali-kimova\/\" \/>\n<meta property=\"og:site_name\" content=\"Hudo Slovenija\" \/>\n<meta property=\"article:publisher\" content=\"https:\/\/www.facebook.com\/hudo.si\" \/>\n<meta property=\"article:published_time\" content=\"2016-08-24T06:00:00+00:00\" \/>\n<meta property=\"article:modified_time\" content=\"2016-08-25T01:42:51+00:00\" \/>\n<meta property=\"og:image\" content=\"https:\/\/hudo.com\/si\/wp-content\/uploads\/sites\/2\/2016\/08\/480x290_AFP_Photo-20160819022110-68653700.jpeg\" \/>\n\t<meta property=\"og:image:width\" content=\"480\" \/>\n\t<meta property=\"og:image:height\" content=\"290\" \/>\n\t<meta property=\"og:image:type\" content=\"image\/jpeg\" \/>\n<meta name=\"author\" content=\"hudo\" \/>\n<meta name=\"twitter:card\" content=\"summary_large_image\" \/>\n<meta name=\"twitter:creator\" content=\"@hudo_si\" \/>\n<meta name=\"twitter:site\" content=\"@hudo_si\" \/>\n<meta name=\"twitter:label1\" content=\"Written by\" \/>\n\t<meta name=\"twitter:data1\" content=\"hudo\" \/>\n\t<meta name=\"twitter:label2\" content=\"Est. reading time\" \/>\n\t<meta name=\"twitter:data2\" content=\"1 minuta\" \/>\n<script type=\"application\/ld+json\" class=\"yoast-schema-graph\">{\"@context\":\"https:\/\/schema.org\",\"@graph\":[{\"@type\":\"Article\",\"@id\":\"https:\/\/hudo.com\/si\/aktualno\/cigava-groznja-je-nevarnejsa-dutertejeva-ali-kimova\/#article\",\"isPartOf\":{\"@id\":\"https:\/\/hudo.com\/si\/aktualno\/cigava-groznja-je-nevarnejsa-dutertejeva-ali-kimova\/\"},\"author\":{\"name\":\"hudo\",\"@id\":\"https:\/\/hudo.com\/si\/#\/schema\/person\/601cf3379633985b20f7e50f2bb47707\"},\"headline\":\"\u010cigava gro\u017enja je nevarnej\u0161a: Dutertejeva ali Kimova?\",\"datePublished\":\"2016-08-24T06:00:00+00:00\",\"dateModified\":\"2016-08-25T01:42:51+00:00\",\"mainEntityOfPage\":{\"@id\":\"https:\/\/hudo.com\/si\/aktualno\/cigava-groznja-je-nevarnejsa-dutertejeva-ali-kimova\/\"},\"wordCount\":152,\"publisher\":{\"@id\":\"https:\/\/hudo.com\/si\/#organization\"},\"articleSection\":[\"Aktualno\"],\"inLanguage\":\"sl-SI\"},{\"@type\":\"WebPage\",\"@id\":\"https:\/\/hudo.com\/si\/aktualno\/cigava-groznja-je-nevarnejsa-dutertejeva-ali-kimova\/\",\"url\":\"https:\/\/hudo.com\/si\/aktualno\/cigava-groznja-je-nevarnejsa-dutertejeva-ali-kimova\/\",\"name\":\"\u010cigava gro\u017enja je nevarnej\u0161a: Dutertejeva ali Kimova? - Hudo Slovenija\",\"isPartOf\":{\"@id\":\"https:\/\/hudo.com\/si\/#website\"},\"datePublished\":\"2016-08-24T06:00:00+00:00\",\"dateModified\":\"2016-08-25T01:42:51+00:00\",\"breadcrumb\":{\"@id\":\"https:\/\/hudo.com\/si\/aktualno\/cigava-groznja-je-nevarnejsa-dutertejeva-ali-kimova\/#breadcrumb\"},\"inLanguage\":\"sl-SI\",\"potentialAction\":[{\"@type\":\"ReadAction\",\"target\":[\"https:\/\/hudo.com\/si\/aktualno\/cigava-groznja-je-nevarnejsa-dutertejeva-ali-kimova\/\"]}]},{\"@type\":\"BreadcrumbList\",\"@id\":\"https:\/\/hudo.com\/si\/aktualno\/cigava-groznja-je-nevarnejsa-dutertejeva-ali-kimova\/#breadcrumb\",\"itemListElement\":[{\"@type\":\"ListItem\",\"position\":1,\"name\":\"Home\",\"item\":\"https:\/\/hudo.com\/si\/\"},{\"@type\":\"ListItem\",\"position\":2,\"name\":\"\u010cigava gro\u017enja je nevarnej\u0161a: Dutertejeva ali Kimova?\"}]},{\"@type\":\"WebSite\",\"@id\":\"https:\/\/hudo.com\/si\/#website\",\"url\":\"https:\/\/hudo.com\/si\/\",\"name\":\"Hudo Slovenija\",\"description\":\"Vse novice iz Slovenije in sveta\",\"publisher\":{\"@id\":\"https:\/\/hudo.com\/si\/#organization\"},\"potentialAction\":[{\"@type\":\"SearchAction\",\"target\":{\"@type\":\"EntryPoint\",\"urlTemplate\":\"https:\/\/hudo.com\/si\/?s={search_term_string}\"},\"query-input\":\"required name=search_term_string\"}],\"inLanguage\":\"sl-SI\"},{\"@type\":\"Organization\",\"@id\":\"https:\/\/hudo.com\/si\/#organization\",\"name\":\"VSN Media\",\"url\":\"https:\/\/hudo.com\/si\/\",\"logo\":{\"@type\":\"ImageObject\",\"inLanguage\":\"sl-SI\",\"@id\":\"https:\/\/hudo.com\/si\/#\/schema\/logo\/image\/\",\"url\":\"https:\/\/hudo.com\/si\/wp-content\/uploads\/sites\/2\/2021\/03\/hudo-app-2.png\",\"contentUrl\":\"https:\/\/hudo.com\/si\/wp-content\/uploads\/sites\/2\/2021\/03\/hudo-app-2.png\",\"width\":2185,\"height\":2167,\"caption\":\"VSN Media\"},\"image\":{\"@id\":\"https:\/\/hudo.com\/si\/#\/schema\/logo\/image\/\"},\"sameAs\":[\"https:\/\/www.facebook.com\/hudo.si\",\"https:\/\/twitter.com\/hudo_si\"]},{\"@type\":\"Person\",\"@id\":\"https:\/\/hudo.com\/si\/#\/schema\/person\/601cf3379633985b20f7e50f2bb47707\",\"name\":\"hudo\",\"image\":{\"@type\":\"ImageObject\",\"inLanguage\":\"sl-SI\",\"@id\":\"https:\/\/hudo.com\/si\/#\/schema\/person\/image\/\",\"url\":\"https:\/\/secure.gravatar.com\/avatar\/c4ca25fa72cace7a696b52ff5db9e095?s=96&d=mm&r=g\",\"contentUrl\":\"https:\/\/secure.gravatar.com\/avatar\/c4ca25fa72cace7a696b52ff5db9e095?s=96&d=mm&r=g\",\"caption\":\"hudo\"},\"url\":\"https:\/\/hudo.com\/si\/author\/hudo\/\"}]}<\/script>\n<!-- \/ Yoast SEO plugin. -->","yoast_head_json":{"title":"\u010cigava gro\u017enja je nevarnej\u0161a: Dutertejeva ali Kimova? - Hudo Slovenija","robots":{"index":"index","follow":"follow","max-snippet":"max-snippet:-1","max-image-preview":"max-image-preview:large","max-video-preview":"max-video-preview:-1"},"canonical":"https:\/\/hudo.com\/si\/aktualno\/cigava-groznja-je-nevarnejsa-dutertejeva-ali-kimova\/","og_locale":"sl_SI","og_type":"article","og_title":"\u010cigava gro\u017enja je nevarnej\u0161a: Dutertejeva ali Kimova? - Hudo Slovenija","og_description":"Kategorija: Globalno Wed, 24 Aug 2016 10:00:00 +0200 Filipinski predsednik Rodrigo Duterte je bil utrujen in bilo je \u017ee skoraj jutro, ko je na tiskovni konferenci, ki jo je v nedeljo\u00ad do pozne no\u010di prena\u0161ala televizija, zagrozil, da bo njegova dr\u017eava izstopila iz Organizacije zdru\u017eenih narodov. Za \u0161kandal, ki je izbruhnil zaradi te izjave, je zunanji minister Perfecto Yasay seveda okrivil novinarje. \u00bb\u010ce ste zelo utrujeni, razo\u010darani, frustrirani in jezni, se vam mora nekoliko oprostiti za tak odziv,\u00ab je poskusil Yasay v ponedeljek pomiriti vihar. Toda \u010deprav je vodja diplomacije pozival javnost, naj razume, da je tudi Duterte \u00bb\u010dlove\u0161ko bitje\u00ab, je vendarle moral potrditi, da \u00bbpredsednik ne izreka stali\u0161\u010d, ki jih ne podpira\u00ab. Rodrigo Duterte. Foto: Lean Daval Jr\/Reuters Kaj se bo torej zgodilo s \u010dlanstvom Filipinov v OZN? Duterte je jasno in glasno ozna\u010dil svetovno organizacijo in njene\u00a0...","og_url":"https:\/\/hudo.com\/si\/aktualno\/cigava-groznja-je-nevarnejsa-dutertejeva-ali-kimova\/","og_site_name":"Hudo Slovenija","article_publisher":"https:\/\/www.facebook.com\/hudo.si","article_published_time":"2016-08-24T06:00:00+00:00","article_modified_time":"2016-08-25T01:42:51+00:00","og_image":[{"width":480,"height":290,"url":"https:\/\/hudo.com\/si\/wp-content\/uploads\/sites\/2\/2016\/08\/480x290_AFP_Photo-20160819022110-68653700.jpeg","type":"image\/jpeg"}],"author":"hudo","twitter_card":"summary_large_image","twitter_creator":"@hudo_si","twitter_site":"@hudo_si","twitter_misc":{"Written by":"hudo","Est. reading time":"1 minuta"},"schema":{"@context":"https:\/\/schema.org","@graph":[{"@type":"Article","@id":"https:\/\/hudo.com\/si\/aktualno\/cigava-groznja-je-nevarnejsa-dutertejeva-ali-kimova\/#article","isPartOf":{"@id":"https:\/\/hudo.com\/si\/aktualno\/cigava-groznja-je-nevarnejsa-dutertejeva-ali-kimova\/"},"author":{"name":"hudo","@id":"https:\/\/hudo.com\/si\/#\/schema\/person\/601cf3379633985b20f7e50f2bb47707"},"headline":"\u010cigava gro\u017enja je nevarnej\u0161a: Dutertejeva ali Kimova?","datePublished":"2016-08-24T06:00:00+00:00","dateModified":"2016-08-25T01:42:51+00:00","mainEntityOfPage":{"@id":"https:\/\/hudo.com\/si\/aktualno\/cigava-groznja-je-nevarnejsa-dutertejeva-ali-kimova\/"},"wordCount":152,"publisher":{"@id":"https:\/\/hudo.com\/si\/#organization"},"articleSection":["Aktualno"],"inLanguage":"sl-SI"},{"@type":"WebPage","@id":"https:\/\/hudo.com\/si\/aktualno\/cigava-groznja-je-nevarnejsa-dutertejeva-ali-kimova\/","url":"https:\/\/hudo.com\/si\/aktualno\/cigava-groznja-je-nevarnejsa-dutertejeva-ali-kimova\/","name":"\u010cigava gro\u017enja je nevarnej\u0161a: Dutertejeva ali Kimova? - Hudo Slovenija","isPartOf":{"@id":"https:\/\/hudo.com\/si\/#website"},"datePublished":"2016-08-24T06:00:00+00:00","dateModified":"2016-08-25T01:42:51+00:00","breadcrumb":{"@id":"https:\/\/hudo.com\/si\/aktualno\/cigava-groznja-je-nevarnejsa-dutertejeva-ali-kimova\/#breadcrumb"},"inLanguage":"sl-SI","potentialAction":[{"@type":"ReadAction","target":["https:\/\/hudo.com\/si\/aktualno\/cigava-groznja-je-nevarnejsa-dutertejeva-ali-kimova\/"]}]},{"@type":"BreadcrumbList","@id":"https:\/\/hudo.com\/si\/aktualno\/cigava-groznja-je-nevarnejsa-dutertejeva-ali-kimova\/#breadcrumb","itemListElement":[{"@type":"ListItem","position":1,"name":"Home","item":"https:\/\/hudo.com\/si\/"},{"@type":"ListItem","position":2,"name":"\u010cigava gro\u017enja je nevarnej\u0161a: Dutertejeva ali Kimova?"}]},{"@type":"WebSite","@id":"https:\/\/hudo.com\/si\/#website","url":"https:\/\/hudo.com\/si\/","name":"Hudo Slovenija","description":"Vse novice iz Slovenije in sveta","publisher":{"@id":"https:\/\/hudo.com\/si\/#organization"},"potentialAction":[{"@type":"SearchAction","target":{"@type":"EntryPoint","urlTemplate":"https:\/\/hudo.com\/si\/?s={search_term_string}"},"query-input":"required name=search_term_string"}],"inLanguage":"sl-SI"},{"@type":"Organization","@id":"https:\/\/hudo.com\/si\/#organization","name":"VSN Media","url":"https:\/\/hudo.com\/si\/","logo":{"@type":"ImageObject","inLanguage":"sl-SI","@id":"https:\/\/hudo.com\/si\/#\/schema\/logo\/image\/","url":"https:\/\/hudo.com\/si\/wp-content\/uploads\/sites\/2\/2021\/03\/hudo-app-2.png","contentUrl":"https:\/\/hudo.com\/si\/wp-content\/uploads\/sites\/2\/2021\/03\/hudo-app-2.png","width":2185,"height":2167,"caption":"VSN Media"},"image":{"@id":"https:\/\/hudo.com\/si\/#\/schema\/logo\/image\/"},"sameAs":["https:\/\/www.facebook.com\/hudo.si","https:\/\/twitter.com\/hudo_si"]},{"@type":"Person","@id":"https:\/\/hudo.com\/si\/#\/schema\/person\/601cf3379633985b20f7e50f2bb47707","name":"hudo","image":{"@type":"ImageObject","inLanguage":"sl-SI","@id":"https:\/\/hudo.com\/si\/#\/schema\/person\/image\/","url":"https:\/\/secure.gravatar.com\/avatar\/c4ca25fa72cace7a696b52ff5db9e095?s=96&d=mm&r=g","contentUrl":"https:\/\/secure.gravatar.com\/avatar\/c4ca25fa72cace7a696b52ff5db9e095?s=96&d=mm&r=g","caption":"hudo"},"url":"https:\/\/hudo.com\/si\/author\/hudo\/"}]}},"amp_enabled":true,"_links":{"self":[{"href":"https:\/\/hudo.com\/si\/wp-json\/wp\/v2\/posts\/119447"}],"collection":[{"href":"https:\/\/hudo.com\/si\/wp-json\/wp\/v2\/posts"}],"about":[{"href":"https:\/\/hudo.com\/si\/wp-json\/wp\/v2\/types\/post"}],"author":[{"embeddable":true,"href":"https:\/\/hudo.com\/si\/wp-json\/wp\/v2\/users\/1"}],"replies":[{"embeddable":true,"href":"https:\/\/hudo.com\/si\/wp-json\/wp\/v2\/comments?post=119447"}],"version-history":[{"count":1,"href":"https:\/\/hudo.com\/si\/wp-json\/wp\/v2\/posts\/119447\/revisions"}],"predecessor-version":[{"id":119607,"href":"https:\/\/hudo.com\/si\/wp-json\/wp\/v2\/posts\/119447\/revisions\/119607"}],"wp:attachment":[{"href":"https:\/\/hudo.com\/si\/wp-json\/wp\/v2\/media?parent=119447"}],"wp:term":[{"taxonomy":"category","embeddable":true,"href":"https:\/\/hudo.com\/si\/wp-json\/wp\/v2\/categories?post=119447"},{"taxonomy":"post_tag","embeddable":true,"href":"https:\/\/hudo.com\/si\/wp-json\/wp\/v2\/tags?post=119447"},{"taxonomy":"source","embeddable":true,"href":"https:\/\/hudo.com\/si\/wp-json\/wp\/v2\/source?post=119447"},{"taxonomy":"supertag","embeddable":true,"href":"https:\/\/hudo.com\/si\/wp-json\/wp\/v2\/supertag?post=119447"}],"curies":[{"name":"wp","href":"https:\/\/api.w.org\/{rel}","templated":true}]}}