{"id":121267,"date":"2016-08-27T09:00:00","date_gmt":"2016-08-27T07:00:00","guid":{"rendered":"http:\/\/hudo.com\/si\/2016\/08\/27\/v-lipovcih-umrl-kolesar\/"},"modified":"2016-08-28T05:52:59","modified_gmt":"2016-08-28T03:52:59","slug":"v-lipovcih-umrl-kolesar","status":"publish","type":"post","link":"https:\/\/hudo.com\/si\/aktualno\/v-lipovcih-umrl-kolesar\/","title":{"rendered":"V Lipovcih umrl kolesar"},"content":{"rendered":"<p>Operativno-komunikacijski center (OKC) Policijske uprave Murska Sobota (PUMS) je bil danes ob 08.20 uri obve\u0161\u010den, da je na traktorski stezi v Lipovcih pri silosih pri\u0161lo do prometne nesre\u010de, v kateri je umrl kolesar. Kot so sporo\u010dili s PUMS, je pri\u0161lo do nesre\u010de med voznikom kmetijskega traktorja in kolesarjem, ki je na kraju nesre\u010de podlegel po\u0161kodbam. Kolesar je leto\u0161nja \u017ee sedma \u017ertev na pomurskih cestah. Nesre\u010da se je zgodila na stezi, o kateri so \u017ee ve\u010dkrat opozarjali beltinska ob\u010dina in kolesarji, uporabniki te steze, ki se med kolesarjenjem sre\u010dujejo s te\u017ekimi traktorji. Te\u017eki traktorji s polnimi prikolicami ali kmetijskimi priklju\u010dki, tudi predimenzioniranimi, so na stezi med Raki\u010danom in Odranci, ki je namenjena traktorjem, kolesarjem in pe\u0161cem, namre\u010d naj\u0161ibkej\u0161e udele\u017eence v prometu potisnili na rob. \u017de je bilo dogovorjeno z beltinsko ob\u010dino in tamkaj\u0161njim medob\u010dinskim in\u0161pektoratom, ki je prve prijave kolesarjev prejel \u017ee leta 2009, da se traktorji, \u0161ir\u0161i od 2,55 metra, umaknejo nazaj na dr\u017eavno cesto, vendar si je nato Direkcija RS za infrastrukturo premislila in predlagala raz\u0161iritev steze za kolesarje in pe\u0161ce. Beltinski ob\u010dini je bilo to nespremenljivo. Policijski podatki sicer ka\u017eejo, da je \u0161tevilo prometnih prekr\u0161kov na traktorski in kolesarski stezi Raki\u010dan\u2013Odranci zelo majhno ali prekr\u0161kov skoraj ni.Kronika<\/p>\n","protected":false},"excerpt":{"rendered":"<p>Operativno-komunikacijski center (OKC) Policijske uprave Murska Sobota (PUMS) je bil danes ob 08.20 uri obve\u0161\u010den, da je na traktorski stezi v Lipovcih pri silosih pri\u0161lo do prometne nesre\u010de, v kateri je umrl kolesar. Kot so sporo\u010dili s PUMS, je pri\u0161lo do nesre\u010de med voznikom kmetijskega traktorja in kolesarjem, ki je na kraju nesre\u010de podlegel po\u0161kodbam. Kolesar je leto\u0161nja \u017ee sedma \u017ertev na pomurskih cestah. Nesre\u010da se je zgodila na stezi, o kateri so \u017ee ve\u010dkrat opozarjali beltinska ob\u010dina in kolesarji, uporabniki te steze, ki se med kolesarjenjem sre\u010dujejo s te\u017ekimi traktorji. Te\u017eki traktorji s polnimi prikolicami ali kmetijskimi priklju\u010dki, tudi predimenzioniranimi, so na stezi med Raki\u010danom in Odranci, ki je namenjena traktorjem, kolesarjem in pe\u0161cem, namre\u010d naj\u0161ibkej\u0161e udele\u017eence v prometu potisnili na rob. \u017de je bilo dogovorjeno z beltinsko ob\u010dino in tamkaj\u0161njim medob\u010dinskim in\u0161pektoratom, ki je prve prijave kolesarjev prejel \u017ee leta 2009, da se traktorji, \u0161ir\u0161i od 2,55 metra, umaknejo nazaj na dr\u017eavno cesto, vendar si je nato Direkcija RS za infrastrukturo premislila in predlagala raz\u0161iritev steze za kolesarje in pe\u0161ce. Beltinski ob\u010dini je bilo to nespremenljivo. Policijski podatki sicer ka\u017eejo, da je \u0161tevilo prometnih prekr\u0161kov na traktorski in kolesarski stezi Raki\u010dan\u2013Odranci zelo majhno ali prekr\u0161kov skoraj ni.Kronika<\/p>\n","protected":false},"author":1,"featured_media":0,"comment_status":"closed","ping_status":"closed","sticky":false,"template":"","format":"standard","meta":{"footnotes":""},"categories":[1179],"tags":[],"source":[1711],"supertag":[],"acf":[],"yoast_head":"<!-- This site is optimized with the Yoast SEO plugin v21.3 - https:\/\/yoast.com\/wordpress\/plugins\/seo\/ -->\n<title>V Lipovcih umrl kolesar - Hudo Slovenija<\/title>\n<meta name=\"robots\" content=\"index, follow, max-snippet:-1, max-image-preview:large, max-video-preview:-1\" \/>\n<link rel=\"canonical\" href=\"https:\/\/hudo.com\/si\/aktualno\/v-lipovcih-umrl-kolesar\/\" \/>\n<meta property=\"og:locale\" content=\"sl_SI\" \/>\n<meta property=\"og:type\" content=\"article\" \/>\n<meta property=\"og:title\" content=\"V Lipovcih umrl kolesar - Hudo Slovenija\" \/>\n<meta property=\"og:description\" content=\"Operativno-komunikacijski center (OKC) Policijske uprave Murska Sobota (PUMS) je bil danes ob 08.20 uri obve\u0161\u010den, da je na traktorski stezi v Lipovcih pri silosih pri\u0161lo do prometne nesre\u010de, v kateri je umrl kolesar. Kot so sporo\u010dili s PUMS, je pri\u0161lo do nesre\u010de med voznikom kmetijskega traktorja in kolesarjem, ki je na kraju nesre\u010de podlegel po\u0161kodbam. Kolesar je leto\u0161nja \u017ee sedma \u017ertev na pomurskih cestah. Nesre\u010da se je zgodila na stezi, o kateri so \u017ee ve\u010dkrat opozarjali beltinska ob\u010dina in kolesarji, uporabniki te steze, ki se med kolesarjenjem sre\u010dujejo s te\u017ekimi traktorji. Te\u017eki traktorji s polnimi prikolicami ali kmetijskimi priklju\u010dki, tudi predimenzioniranimi, so na stezi med Raki\u010danom in Odranci, ki je namenjena traktorjem, kolesarjem in pe\u0161cem, namre\u010d naj\u0161ibkej\u0161e udele\u017eence v prometu potisnili na rob. \u017de je bilo dogovorjeno z beltinsko ob\u010dino in tamkaj\u0161njim medob\u010dinskim in\u0161pektoratom, ki je prve prijave kolesarjev prejel \u017ee leta 2009, da se traktorji, \u0161ir\u0161i od 2,55 metra, umaknejo nazaj na dr\u017eavno cesto, vendar si je nato Direkcija RS za infrastrukturo premislila in predlagala raz\u0161iritev steze za kolesarje in pe\u0161ce. Beltinski ob\u010dini je bilo to nespremenljivo. Policijski podatki sicer ka\u017eejo, da je \u0161tevilo prometnih prekr\u0161kov na traktorski in kolesarski stezi Raki\u010dan\u2013Odranci zelo majhno ali prekr\u0161kov skoraj ni.Kronika\" \/>\n<meta property=\"og:url\" content=\"https:\/\/hudo.com\/si\/aktualno\/v-lipovcih-umrl-kolesar\/\" \/>\n<meta property=\"og:site_name\" content=\"Hudo Slovenija\" \/>\n<meta property=\"article:publisher\" content=\"https:\/\/www.facebook.com\/hudo.si\" \/>\n<meta property=\"article:published_time\" content=\"2016-08-27T07:00:00+00:00\" \/>\n<meta property=\"article:modified_time\" content=\"2016-08-28T03:52:59+00:00\" \/>\n<meta property=\"og:image\" content=\"https:\/\/hudo.com\/si\/wp-content\/uploads\/sites\/2\/2016\/08\/lipoci1-300.jpg\" \/>\n\t<meta property=\"og:image:width\" content=\"450\" \/>\n\t<meta property=\"og:image:height\" content=\"280\" \/>\n\t<meta property=\"og:image:type\" content=\"image\/jpeg\" \/>\n<meta name=\"author\" content=\"hudo\" \/>\n<meta name=\"twitter:card\" content=\"summary_large_image\" \/>\n<meta name=\"twitter:creator\" content=\"@hudo_si\" \/>\n<meta name=\"twitter:site\" content=\"@hudo_si\" \/>\n<meta name=\"twitter:label1\" content=\"Written by\" \/>\n\t<meta name=\"twitter:data1\" content=\"hudo\" \/>\n\t<meta name=\"twitter:label2\" content=\"Est. reading time\" \/>\n\t<meta name=\"twitter:data2\" content=\"1 minuta\" \/>\n<script type=\"application\/ld+json\" class=\"yoast-schema-graph\">{\"@context\":\"https:\/\/schema.org\",\"@graph\":[{\"@type\":\"Article\",\"@id\":\"https:\/\/hudo.com\/si\/aktualno\/v-lipovcih-umrl-kolesar\/#article\",\"isPartOf\":{\"@id\":\"https:\/\/hudo.com\/si\/aktualno\/v-lipovcih-umrl-kolesar\/\"},\"author\":{\"name\":\"hudo\",\"@id\":\"https:\/\/hudo.com\/si\/#\/schema\/person\/601cf3379633985b20f7e50f2bb47707\"},\"headline\":\"V Lipovcih umrl kolesar\",\"datePublished\":\"2016-08-27T07:00:00+00:00\",\"dateModified\":\"2016-08-28T03:52:59+00:00\",\"mainEntityOfPage\":{\"@id\":\"https:\/\/hudo.com\/si\/aktualno\/v-lipovcih-umrl-kolesar\/\"},\"wordCount\":236,\"publisher\":{\"@id\":\"https:\/\/hudo.com\/si\/#organization\"},\"articleSection\":[\"Aktualno\"],\"inLanguage\":\"sl-SI\"},{\"@type\":\"WebPage\",\"@id\":\"https:\/\/hudo.com\/si\/aktualno\/v-lipovcih-umrl-kolesar\/\",\"url\":\"https:\/\/hudo.com\/si\/aktualno\/v-lipovcih-umrl-kolesar\/\",\"name\":\"V Lipovcih umrl kolesar - Hudo Slovenija\",\"isPartOf\":{\"@id\":\"https:\/\/hudo.com\/si\/#website\"},\"datePublished\":\"2016-08-27T07:00:00+00:00\",\"dateModified\":\"2016-08-28T03:52:59+00:00\",\"breadcrumb\":{\"@id\":\"https:\/\/hudo.com\/si\/aktualno\/v-lipovcih-umrl-kolesar\/#breadcrumb\"},\"inLanguage\":\"sl-SI\",\"potentialAction\":[{\"@type\":\"ReadAction\",\"target\":[\"https:\/\/hudo.com\/si\/aktualno\/v-lipovcih-umrl-kolesar\/\"]}]},{\"@type\":\"BreadcrumbList\",\"@id\":\"https:\/\/hudo.com\/si\/aktualno\/v-lipovcih-umrl-kolesar\/#breadcrumb\",\"itemListElement\":[{\"@type\":\"ListItem\",\"position\":1,\"name\":\"Home\",\"item\":\"https:\/\/hudo.com\/si\/\"},{\"@type\":\"ListItem\",\"position\":2,\"name\":\"V Lipovcih umrl kolesar\"}]},{\"@type\":\"WebSite\",\"@id\":\"https:\/\/hudo.com\/si\/#website\",\"url\":\"https:\/\/hudo.com\/si\/\",\"name\":\"Hudo Slovenija\",\"description\":\"Vse novice iz Slovenije in sveta\",\"publisher\":{\"@id\":\"https:\/\/hudo.com\/si\/#organization\"},\"potentialAction\":[{\"@type\":\"SearchAction\",\"target\":{\"@type\":\"EntryPoint\",\"urlTemplate\":\"https:\/\/hudo.com\/si\/?s={search_term_string}\"},\"query-input\":\"required name=search_term_string\"}],\"inLanguage\":\"sl-SI\"},{\"@type\":\"Organization\",\"@id\":\"https:\/\/hudo.com\/si\/#organization\",\"name\":\"VSN Media\",\"url\":\"https:\/\/hudo.com\/si\/\",\"logo\":{\"@type\":\"ImageObject\",\"inLanguage\":\"sl-SI\",\"@id\":\"https:\/\/hudo.com\/si\/#\/schema\/logo\/image\/\",\"url\":\"https:\/\/hudo.com\/si\/wp-content\/uploads\/sites\/2\/2021\/03\/hudo-app-2.png\",\"contentUrl\":\"https:\/\/hudo.com\/si\/wp-content\/uploads\/sites\/2\/2021\/03\/hudo-app-2.png\",\"width\":2185,\"height\":2167,\"caption\":\"VSN Media\"},\"image\":{\"@id\":\"https:\/\/hudo.com\/si\/#\/schema\/logo\/image\/\"},\"sameAs\":[\"https:\/\/www.facebook.com\/hudo.si\",\"https:\/\/twitter.com\/hudo_si\"]},{\"@type\":\"Person\",\"@id\":\"https:\/\/hudo.com\/si\/#\/schema\/person\/601cf3379633985b20f7e50f2bb47707\",\"name\":\"hudo\",\"image\":{\"@type\":\"ImageObject\",\"inLanguage\":\"sl-SI\",\"@id\":\"https:\/\/hudo.com\/si\/#\/schema\/person\/image\/\",\"url\":\"https:\/\/secure.gravatar.com\/avatar\/c4ca25fa72cace7a696b52ff5db9e095?s=96&d=mm&r=g\",\"contentUrl\":\"https:\/\/secure.gravatar.com\/avatar\/c4ca25fa72cace7a696b52ff5db9e095?s=96&d=mm&r=g\",\"caption\":\"hudo\"},\"url\":\"https:\/\/hudo.com\/si\/author\/hudo\/\"}]}<\/script>\n<!-- \/ Yoast SEO plugin. -->","yoast_head_json":{"title":"V Lipovcih umrl kolesar - Hudo Slovenija","robots":{"index":"index","follow":"follow","max-snippet":"max-snippet:-1","max-image-preview":"max-image-preview:large","max-video-preview":"max-video-preview:-1"},"canonical":"https:\/\/hudo.com\/si\/aktualno\/v-lipovcih-umrl-kolesar\/","og_locale":"sl_SI","og_type":"article","og_title":"V Lipovcih umrl kolesar - Hudo Slovenija","og_description":"Operativno-komunikacijski center (OKC) Policijske uprave Murska Sobota (PUMS) je bil danes ob 08.20 uri obve\u0161\u010den, da je na traktorski stezi v Lipovcih pri silosih pri\u0161lo do prometne nesre\u010de, v kateri je umrl kolesar. Kot so sporo\u010dili s PUMS, je pri\u0161lo do nesre\u010de med voznikom kmetijskega traktorja in kolesarjem, ki je na kraju nesre\u010de podlegel po\u0161kodbam. Kolesar je leto\u0161nja \u017ee sedma \u017ertev na pomurskih cestah. Nesre\u010da se je zgodila na stezi, o kateri so \u017ee ve\u010dkrat opozarjali beltinska ob\u010dina in kolesarji, uporabniki te steze, ki se med kolesarjenjem sre\u010dujejo s te\u017ekimi traktorji. Te\u017eki traktorji s polnimi prikolicami ali kmetijskimi priklju\u010dki, tudi predimenzioniranimi, so na stezi med Raki\u010danom in Odranci, ki je namenjena traktorjem, kolesarjem in pe\u0161cem, namre\u010d naj\u0161ibkej\u0161e udele\u017eence v prometu potisnili na rob. \u017de je bilo dogovorjeno z beltinsko ob\u010dino in tamkaj\u0161njim medob\u010dinskim in\u0161pektoratom, ki je prve prijave kolesarjev prejel \u017ee leta 2009, da se traktorji, \u0161ir\u0161i od 2,55 metra, umaknejo nazaj na dr\u017eavno cesto, vendar si je nato Direkcija RS za infrastrukturo premislila in predlagala raz\u0161iritev steze za kolesarje in pe\u0161ce. Beltinski ob\u010dini je bilo to nespremenljivo. Policijski podatki sicer ka\u017eejo, da je \u0161tevilo prometnih prekr\u0161kov na traktorski in kolesarski stezi Raki\u010dan\u2013Odranci zelo majhno ali prekr\u0161kov skoraj ni.Kronika","og_url":"https:\/\/hudo.com\/si\/aktualno\/v-lipovcih-umrl-kolesar\/","og_site_name":"Hudo Slovenija","article_publisher":"https:\/\/www.facebook.com\/hudo.si","article_published_time":"2016-08-27T07:00:00+00:00","article_modified_time":"2016-08-28T03:52:59+00:00","og_image":[{"width":450,"height":280,"url":"https:\/\/hudo.com\/si\/wp-content\/uploads\/sites\/2\/2016\/08\/lipoci1-300.jpg","type":"image\/jpeg"}],"author":"hudo","twitter_card":"summary_large_image","twitter_creator":"@hudo_si","twitter_site":"@hudo_si","twitter_misc":{"Written by":"hudo","Est. reading time":"1 minuta"},"schema":{"@context":"https:\/\/schema.org","@graph":[{"@type":"Article","@id":"https:\/\/hudo.com\/si\/aktualno\/v-lipovcih-umrl-kolesar\/#article","isPartOf":{"@id":"https:\/\/hudo.com\/si\/aktualno\/v-lipovcih-umrl-kolesar\/"},"author":{"name":"hudo","@id":"https:\/\/hudo.com\/si\/#\/schema\/person\/601cf3379633985b20f7e50f2bb47707"},"headline":"V Lipovcih umrl kolesar","datePublished":"2016-08-27T07:00:00+00:00","dateModified":"2016-08-28T03:52:59+00:00","mainEntityOfPage":{"@id":"https:\/\/hudo.com\/si\/aktualno\/v-lipovcih-umrl-kolesar\/"},"wordCount":236,"publisher":{"@id":"https:\/\/hudo.com\/si\/#organization"},"articleSection":["Aktualno"],"inLanguage":"sl-SI"},{"@type":"WebPage","@id":"https:\/\/hudo.com\/si\/aktualno\/v-lipovcih-umrl-kolesar\/","url":"https:\/\/hudo.com\/si\/aktualno\/v-lipovcih-umrl-kolesar\/","name":"V Lipovcih umrl kolesar - Hudo Slovenija","isPartOf":{"@id":"https:\/\/hudo.com\/si\/#website"},"datePublished":"2016-08-27T07:00:00+00:00","dateModified":"2016-08-28T03:52:59+00:00","breadcrumb":{"@id":"https:\/\/hudo.com\/si\/aktualno\/v-lipovcih-umrl-kolesar\/#breadcrumb"},"inLanguage":"sl-SI","potentialAction":[{"@type":"ReadAction","target":["https:\/\/hudo.com\/si\/aktualno\/v-lipovcih-umrl-kolesar\/"]}]},{"@type":"BreadcrumbList","@id":"https:\/\/hudo.com\/si\/aktualno\/v-lipovcih-umrl-kolesar\/#breadcrumb","itemListElement":[{"@type":"ListItem","position":1,"name":"Home","item":"https:\/\/hudo.com\/si\/"},{"@type":"ListItem","position":2,"name":"V Lipovcih umrl kolesar"}]},{"@type":"WebSite","@id":"https:\/\/hudo.com\/si\/#website","url":"https:\/\/hudo.com\/si\/","name":"Hudo Slovenija","description":"Vse novice iz Slovenije in sveta","publisher":{"@id":"https:\/\/hudo.com\/si\/#organization"},"potentialAction":[{"@type":"SearchAction","target":{"@type":"EntryPoint","urlTemplate":"https:\/\/hudo.com\/si\/?s={search_term_string}"},"query-input":"required name=search_term_string"}],"inLanguage":"sl-SI"},{"@type":"Organization","@id":"https:\/\/hudo.com\/si\/#organization","name":"VSN Media","url":"https:\/\/hudo.com\/si\/","logo":{"@type":"ImageObject","inLanguage":"sl-SI","@id":"https:\/\/hudo.com\/si\/#\/schema\/logo\/image\/","url":"https:\/\/hudo.com\/si\/wp-content\/uploads\/sites\/2\/2021\/03\/hudo-app-2.png","contentUrl":"https:\/\/hudo.com\/si\/wp-content\/uploads\/sites\/2\/2021\/03\/hudo-app-2.png","width":2185,"height":2167,"caption":"VSN Media"},"image":{"@id":"https:\/\/hudo.com\/si\/#\/schema\/logo\/image\/"},"sameAs":["https:\/\/www.facebook.com\/hudo.si","https:\/\/twitter.com\/hudo_si"]},{"@type":"Person","@id":"https:\/\/hudo.com\/si\/#\/schema\/person\/601cf3379633985b20f7e50f2bb47707","name":"hudo","image":{"@type":"ImageObject","inLanguage":"sl-SI","@id":"https:\/\/hudo.com\/si\/#\/schema\/person\/image\/","url":"https:\/\/secure.gravatar.com\/avatar\/c4ca25fa72cace7a696b52ff5db9e095?s=96&d=mm&r=g","contentUrl":"https:\/\/secure.gravatar.com\/avatar\/c4ca25fa72cace7a696b52ff5db9e095?s=96&d=mm&r=g","caption":"hudo"},"url":"https:\/\/hudo.com\/si\/author\/hudo\/"}]}},"amp_enabled":true,"_links":{"self":[{"href":"https:\/\/hudo.com\/si\/wp-json\/wp\/v2\/posts\/121267"}],"collection":[{"href":"https:\/\/hudo.com\/si\/wp-json\/wp\/v2\/posts"}],"about":[{"href":"https:\/\/hudo.com\/si\/wp-json\/wp\/v2\/types\/post"}],"author":[{"embeddable":true,"href":"https:\/\/hudo.com\/si\/wp-json\/wp\/v2\/users\/1"}],"replies":[{"embeddable":true,"href":"https:\/\/hudo.com\/si\/wp-json\/wp\/v2\/comments?post=121267"}],"version-history":[{"count":1,"href":"https:\/\/hudo.com\/si\/wp-json\/wp\/v2\/posts\/121267\/revisions"}],"predecessor-version":[{"id":121484,"href":"https:\/\/hudo.com\/si\/wp-json\/wp\/v2\/posts\/121267\/revisions\/121484"}],"wp:attachment":[{"href":"https:\/\/hudo.com\/si\/wp-json\/wp\/v2\/media?parent=121267"}],"wp:term":[{"taxonomy":"category","embeddable":true,"href":"https:\/\/hudo.com\/si\/wp-json\/wp\/v2\/categories?post=121267"},{"taxonomy":"post_tag","embeddable":true,"href":"https:\/\/hudo.com\/si\/wp-json\/wp\/v2\/tags?post=121267"},{"taxonomy":"source","embeddable":true,"href":"https:\/\/hudo.com\/si\/wp-json\/wp\/v2\/source?post=121267"},{"taxonomy":"supertag","embeddable":true,"href":"https:\/\/hudo.com\/si\/wp-json\/wp\/v2\/supertag?post=121267"}],"curies":[{"name":"wp","href":"https:\/\/api.w.org\/{rel}","templated":true}]}}