{"id":121283,"date":"2016-08-27T07:30:00","date_gmt":"2016-08-27T05:30:00","guid":{"rendered":"http:\/\/hudo.com\/si\/2016\/08\/27\/vec-ur-bo-zaprt-del-stajerske-avtoceste\/"},"modified":"2016-08-28T06:11:23","modified_gmt":"2016-08-28T04:11:23","slug":"vec-ur-bo-zaprt-del-stajerske-avtoceste","status":"publish","type":"post","link":"https:\/\/hudo.com\/si\/aktualno\/vec-ur-bo-zaprt-del-stajerske-avtoceste\/","title":{"rendered":"Ve\u010d ur bo zaprt del \u0161tajerske avtoceste"},"content":{"rendered":"<p>\u0160tajerska avtocesta bo med priklju\u010dkoma Celje center in Celje zahod zaradi prometne nesre\u010de ve\u010d ur zaprta. Nastajajo dalj\u0161i zastoji, poro\u010da prometnoinformacijski center. Po podatkih policije je pri\u0161lo do naleta vpetih vozil, podrobnej\u0161ih informacij pa \u0161e nimajo. Priporo\u010dajo obvoz preko Zasavja na relaciji Celje &#8211; Trojane. Promet na avtocesti pri po\u010divali\u0161\u010du Lukovica v smeri Maribora, kjer se je rpav tako zgodila prometna nesre\u010da, pa so \u017ee sprostili. Zastoji nastajajo tudi na ljubljanski obvoznici od Kosez proti Kozarjam, kjer je petkilometrska kolona, ob\u010dasno zapirajo predor \u0160entvid ter na primorski avtocesti od Kozarij do cestninske postaje Log. O zastoju poro\u010dajo tudi na \u0161tajerski avtocesti med Celjem zahod in \u017dalcem, kjer je kolona vozil dolga 2,5 kilometra. Na gorenjski avtocesti je med priklju\u010dkom Jesenice &#8211; vzhod in predorom Karavanke proti Avstriji pribli\u017eno dva kilometra dolg zastoj. Predor ob\u010dasno zapirajo zaradi kontrole na avstrijski strani. V smeri Kranjske Gore priporo\u010dajo izvoz Jesenice &#8211; vzhod oziroma Lipce. Pet do \u0161estkilometrski zastoj je nastal na cesti \u0160marje-Dragonja, zastoj je tudi na cesti Izola-Portoro\u017e in na cesti Podlehnik-Gru\u0161kovje.Slovenija<\/p>\n","protected":false},"excerpt":{"rendered":"<p>\u0160tajerska avtocesta bo med priklju\u010dkoma Celje center in Celje zahod zaradi prometne nesre\u010de ve\u010d ur zaprta. Nastajajo dalj\u0161i zastoji, poro\u010da prometnoinformacijski center. Po podatkih policije je pri\u0161lo do naleta vpetih vozil, podrobnej\u0161ih informacij pa \u0161e nimajo. Priporo\u010dajo obvoz preko Zasavja na relaciji Celje &#8211; Trojane. Promet na avtocesti pri po\u010divali\u0161\u010du Lukovica v smeri Maribora, kjer se je rpav tako zgodila prometna nesre\u010da, pa so \u017ee sprostili. Zastoji nastajajo tudi na ljubljanski obvoznici od Kosez proti Kozarjam, kjer je petkilometrska kolona, ob\u010dasno zapirajo predor \u0160entvid ter na primorski avtocesti od Kozarij do cestninske postaje Log. O zastoju poro\u010dajo tudi na \u0161tajerski avtocesti med Celjem zahod in \u017dalcem, kjer je kolona vozil dolga 2,5 kilometra. Na gorenjski avtocesti je med priklju\u010dkom Jesenice &#8211; vzhod in predorom Karavanke proti Avstriji pribli\u017eno dva kilometra dolg zastoj. Predor ob\u010dasno zapirajo zaradi kontrole na avstrijski strani. V smeri Kranjske Gore priporo\u010dajo izvoz Jesenice &#8211; vzhod oziroma Lipce. Pet do \u0161estkilometrski zastoj je nastal na cesti \u0160marje-Dragonja, zastoj je tudi na cesti Izola-Portoro\u017e in na cesti Podlehnik-Gru\u0161kovje.Slovenija<\/p>\n","protected":false},"author":1,"featured_media":0,"comment_status":"closed","ping_status":"closed","sticky":false,"template":"","format":"standard","meta":{"footnotes":""},"categories":[1179],"tags":[],"source":[1711],"supertag":[],"acf":[],"yoast_head":"<!-- This site is optimized with the Yoast SEO plugin v21.3 - https:\/\/yoast.com\/wordpress\/plugins\/seo\/ -->\n<title>Ve\u010d ur bo zaprt del \u0161tajerske avtoceste - Hudo Slovenija<\/title>\n<meta name=\"robots\" content=\"index, follow, max-snippet:-1, max-image-preview:large, max-video-preview:-1\" \/>\n<link rel=\"canonical\" href=\"https:\/\/hudo.com\/si\/aktualno\/vec-ur-bo-zaprt-del-stajerske-avtoceste\/\" \/>\n<meta property=\"og:locale\" content=\"sl_SI\" \/>\n<meta property=\"og:type\" content=\"article\" \/>\n<meta property=\"og:title\" content=\"Ve\u010d ur bo zaprt del \u0161tajerske avtoceste - Hudo Slovenija\" \/>\n<meta property=\"og:description\" content=\"\u0160tajerska avtocesta bo med priklju\u010dkoma Celje center in Celje zahod zaradi prometne nesre\u010de ve\u010d ur zaprta. Nastajajo dalj\u0161i zastoji, poro\u010da prometnoinformacijski center. Po podatkih policije je pri\u0161lo do naleta vpetih vozil, podrobnej\u0161ih informacij pa \u0161e nimajo. Priporo\u010dajo obvoz preko Zasavja na relaciji Celje - Trojane. Promet na avtocesti pri po\u010divali\u0161\u010du Lukovica v smeri Maribora, kjer se je rpav tako zgodila prometna nesre\u010da, pa so \u017ee sprostili. Zastoji nastajajo tudi na ljubljanski obvoznici od Kosez proti Kozarjam, kjer je petkilometrska kolona, ob\u010dasno zapirajo predor \u0160entvid ter na primorski avtocesti od Kozarij do cestninske postaje Log. O zastoju poro\u010dajo tudi na \u0161tajerski avtocesti med Celjem zahod in \u017dalcem, kjer je kolona vozil dolga 2,5 kilometra. Na gorenjski avtocesti je med priklju\u010dkom Jesenice - vzhod in predorom Karavanke proti Avstriji pribli\u017eno dva kilometra dolg zastoj. Predor ob\u010dasno zapirajo zaradi kontrole na avstrijski strani. V smeri Kranjske Gore priporo\u010dajo izvoz Jesenice - vzhod oziroma Lipce. Pet do \u0161estkilometrski zastoj je nastal na cesti \u0160marje-Dragonja, zastoj je tudi na cesti Izola-Portoro\u017e in na cesti Podlehnik-Gru\u0161kovje.Slovenija\" \/>\n<meta property=\"og:url\" content=\"https:\/\/hudo.com\/si\/aktualno\/vec-ur-bo-zaprt-del-stajerske-avtoceste\/\" \/>\n<meta property=\"og:site_name\" content=\"Hudo Slovenija\" \/>\n<meta property=\"article:publisher\" content=\"https:\/\/www.facebook.com\/hudo.si\" \/>\n<meta property=\"article:published_time\" content=\"2016-08-27T05:30:00+00:00\" \/>\n<meta property=\"article:modified_time\" content=\"2016-08-28T04:11:23+00:00\" \/>\n<meta property=\"og:image\" content=\"https:\/\/hudo.com\/si\/wp-content\/uploads\/sites\/2\/2016\/08\/0804M14-300.jpg\" \/>\n\t<meta property=\"og:image:width\" content=\"450\" \/>\n\t<meta property=\"og:image:height\" content=\"300\" \/>\n\t<meta property=\"og:image:type\" content=\"image\/jpeg\" \/>\n<meta name=\"author\" content=\"hudo\" \/>\n<meta name=\"twitter:card\" content=\"summary_large_image\" \/>\n<meta name=\"twitter:creator\" content=\"@hudo_si\" \/>\n<meta name=\"twitter:site\" content=\"@hudo_si\" \/>\n<meta name=\"twitter:label1\" content=\"Written by\" \/>\n\t<meta name=\"twitter:data1\" content=\"hudo\" \/>\n\t<meta name=\"twitter:label2\" content=\"Est. reading time\" \/>\n\t<meta name=\"twitter:data2\" content=\"1 minuta\" \/>\n<script type=\"application\/ld+json\" class=\"yoast-schema-graph\">{\"@context\":\"https:\/\/schema.org\",\"@graph\":[{\"@type\":\"Article\",\"@id\":\"https:\/\/hudo.com\/si\/aktualno\/vec-ur-bo-zaprt-del-stajerske-avtoceste\/#article\",\"isPartOf\":{\"@id\":\"https:\/\/hudo.com\/si\/aktualno\/vec-ur-bo-zaprt-del-stajerske-avtoceste\/\"},\"author\":{\"name\":\"hudo\",\"@id\":\"https:\/\/hudo.com\/si\/#\/schema\/person\/601cf3379633985b20f7e50f2bb47707\"},\"headline\":\"Ve\u010d ur bo zaprt del \u0161tajerske avtoceste\",\"datePublished\":\"2016-08-27T05:30:00+00:00\",\"dateModified\":\"2016-08-28T04:11:23+00:00\",\"mainEntityOfPage\":{\"@id\":\"https:\/\/hudo.com\/si\/aktualno\/vec-ur-bo-zaprt-del-stajerske-avtoceste\/\"},\"wordCount\":194,\"publisher\":{\"@id\":\"https:\/\/hudo.com\/si\/#organization\"},\"articleSection\":[\"Aktualno\"],\"inLanguage\":\"sl-SI\"},{\"@type\":\"WebPage\",\"@id\":\"https:\/\/hudo.com\/si\/aktualno\/vec-ur-bo-zaprt-del-stajerske-avtoceste\/\",\"url\":\"https:\/\/hudo.com\/si\/aktualno\/vec-ur-bo-zaprt-del-stajerske-avtoceste\/\",\"name\":\"Ve\u010d ur bo zaprt del \u0161tajerske avtoceste - Hudo Slovenija\",\"isPartOf\":{\"@id\":\"https:\/\/hudo.com\/si\/#website\"},\"datePublished\":\"2016-08-27T05:30:00+00:00\",\"dateModified\":\"2016-08-28T04:11:23+00:00\",\"breadcrumb\":{\"@id\":\"https:\/\/hudo.com\/si\/aktualno\/vec-ur-bo-zaprt-del-stajerske-avtoceste\/#breadcrumb\"},\"inLanguage\":\"sl-SI\",\"potentialAction\":[{\"@type\":\"ReadAction\",\"target\":[\"https:\/\/hudo.com\/si\/aktualno\/vec-ur-bo-zaprt-del-stajerske-avtoceste\/\"]}]},{\"@type\":\"BreadcrumbList\",\"@id\":\"https:\/\/hudo.com\/si\/aktualno\/vec-ur-bo-zaprt-del-stajerske-avtoceste\/#breadcrumb\",\"itemListElement\":[{\"@type\":\"ListItem\",\"position\":1,\"name\":\"Home\",\"item\":\"https:\/\/hudo.com\/si\/\"},{\"@type\":\"ListItem\",\"position\":2,\"name\":\"Ve\u010d ur bo zaprt del \u0161tajerske avtoceste\"}]},{\"@type\":\"WebSite\",\"@id\":\"https:\/\/hudo.com\/si\/#website\",\"url\":\"https:\/\/hudo.com\/si\/\",\"name\":\"Hudo Slovenija\",\"description\":\"Vse novice iz Slovenije in sveta\",\"publisher\":{\"@id\":\"https:\/\/hudo.com\/si\/#organization\"},\"potentialAction\":[{\"@type\":\"SearchAction\",\"target\":{\"@type\":\"EntryPoint\",\"urlTemplate\":\"https:\/\/hudo.com\/si\/?s={search_term_string}\"},\"query-input\":\"required name=search_term_string\"}],\"inLanguage\":\"sl-SI\"},{\"@type\":\"Organization\",\"@id\":\"https:\/\/hudo.com\/si\/#organization\",\"name\":\"VSN Media\",\"url\":\"https:\/\/hudo.com\/si\/\",\"logo\":{\"@type\":\"ImageObject\",\"inLanguage\":\"sl-SI\",\"@id\":\"https:\/\/hudo.com\/si\/#\/schema\/logo\/image\/\",\"url\":\"https:\/\/hudo.com\/si\/wp-content\/uploads\/sites\/2\/2021\/03\/hudo-app-2.png\",\"contentUrl\":\"https:\/\/hudo.com\/si\/wp-content\/uploads\/sites\/2\/2021\/03\/hudo-app-2.png\",\"width\":2185,\"height\":2167,\"caption\":\"VSN Media\"},\"image\":{\"@id\":\"https:\/\/hudo.com\/si\/#\/schema\/logo\/image\/\"},\"sameAs\":[\"https:\/\/www.facebook.com\/hudo.si\",\"https:\/\/twitter.com\/hudo_si\"]},{\"@type\":\"Person\",\"@id\":\"https:\/\/hudo.com\/si\/#\/schema\/person\/601cf3379633985b20f7e50f2bb47707\",\"name\":\"hudo\",\"image\":{\"@type\":\"ImageObject\",\"inLanguage\":\"sl-SI\",\"@id\":\"https:\/\/hudo.com\/si\/#\/schema\/person\/image\/\",\"url\":\"https:\/\/secure.gravatar.com\/avatar\/c4ca25fa72cace7a696b52ff5db9e095?s=96&d=mm&r=g\",\"contentUrl\":\"https:\/\/secure.gravatar.com\/avatar\/c4ca25fa72cace7a696b52ff5db9e095?s=96&d=mm&r=g\",\"caption\":\"hudo\"},\"url\":\"https:\/\/hudo.com\/si\/author\/hudo\/\"}]}<\/script>\n<!-- \/ Yoast SEO plugin. -->","yoast_head_json":{"title":"Ve\u010d ur bo zaprt del \u0161tajerske avtoceste - Hudo Slovenija","robots":{"index":"index","follow":"follow","max-snippet":"max-snippet:-1","max-image-preview":"max-image-preview:large","max-video-preview":"max-video-preview:-1"},"canonical":"https:\/\/hudo.com\/si\/aktualno\/vec-ur-bo-zaprt-del-stajerske-avtoceste\/","og_locale":"sl_SI","og_type":"article","og_title":"Ve\u010d ur bo zaprt del \u0161tajerske avtoceste - Hudo Slovenija","og_description":"\u0160tajerska avtocesta bo med priklju\u010dkoma Celje center in Celje zahod zaradi prometne nesre\u010de ve\u010d ur zaprta. Nastajajo dalj\u0161i zastoji, poro\u010da prometnoinformacijski center. Po podatkih policije je pri\u0161lo do naleta vpetih vozil, podrobnej\u0161ih informacij pa \u0161e nimajo. Priporo\u010dajo obvoz preko Zasavja na relaciji Celje - Trojane. Promet na avtocesti pri po\u010divali\u0161\u010du Lukovica v smeri Maribora, kjer se je rpav tako zgodila prometna nesre\u010da, pa so \u017ee sprostili. Zastoji nastajajo tudi na ljubljanski obvoznici od Kosez proti Kozarjam, kjer je petkilometrska kolona, ob\u010dasno zapirajo predor \u0160entvid ter na primorski avtocesti od Kozarij do cestninske postaje Log. O zastoju poro\u010dajo tudi na \u0161tajerski avtocesti med Celjem zahod in \u017dalcem, kjer je kolona vozil dolga 2,5 kilometra. Na gorenjski avtocesti je med priklju\u010dkom Jesenice - vzhod in predorom Karavanke proti Avstriji pribli\u017eno dva kilometra dolg zastoj. Predor ob\u010dasno zapirajo zaradi kontrole na avstrijski strani. V smeri Kranjske Gore priporo\u010dajo izvoz Jesenice - vzhod oziroma Lipce. Pet do \u0161estkilometrski zastoj je nastal na cesti \u0160marje-Dragonja, zastoj je tudi na cesti Izola-Portoro\u017e in na cesti Podlehnik-Gru\u0161kovje.Slovenija","og_url":"https:\/\/hudo.com\/si\/aktualno\/vec-ur-bo-zaprt-del-stajerske-avtoceste\/","og_site_name":"Hudo Slovenija","article_publisher":"https:\/\/www.facebook.com\/hudo.si","article_published_time":"2016-08-27T05:30:00+00:00","article_modified_time":"2016-08-28T04:11:23+00:00","og_image":[{"width":450,"height":300,"url":"https:\/\/hudo.com\/si\/wp-content\/uploads\/sites\/2\/2016\/08\/0804M14-300.jpg","type":"image\/jpeg"}],"author":"hudo","twitter_card":"summary_large_image","twitter_creator":"@hudo_si","twitter_site":"@hudo_si","twitter_misc":{"Written by":"hudo","Est. reading time":"1 minuta"},"schema":{"@context":"https:\/\/schema.org","@graph":[{"@type":"Article","@id":"https:\/\/hudo.com\/si\/aktualno\/vec-ur-bo-zaprt-del-stajerske-avtoceste\/#article","isPartOf":{"@id":"https:\/\/hudo.com\/si\/aktualno\/vec-ur-bo-zaprt-del-stajerske-avtoceste\/"},"author":{"name":"hudo","@id":"https:\/\/hudo.com\/si\/#\/schema\/person\/601cf3379633985b20f7e50f2bb47707"},"headline":"Ve\u010d ur bo zaprt del \u0161tajerske avtoceste","datePublished":"2016-08-27T05:30:00+00:00","dateModified":"2016-08-28T04:11:23+00:00","mainEntityOfPage":{"@id":"https:\/\/hudo.com\/si\/aktualno\/vec-ur-bo-zaprt-del-stajerske-avtoceste\/"},"wordCount":194,"publisher":{"@id":"https:\/\/hudo.com\/si\/#organization"},"articleSection":["Aktualno"],"inLanguage":"sl-SI"},{"@type":"WebPage","@id":"https:\/\/hudo.com\/si\/aktualno\/vec-ur-bo-zaprt-del-stajerske-avtoceste\/","url":"https:\/\/hudo.com\/si\/aktualno\/vec-ur-bo-zaprt-del-stajerske-avtoceste\/","name":"Ve\u010d ur bo zaprt del \u0161tajerske avtoceste - Hudo Slovenija","isPartOf":{"@id":"https:\/\/hudo.com\/si\/#website"},"datePublished":"2016-08-27T05:30:00+00:00","dateModified":"2016-08-28T04:11:23+00:00","breadcrumb":{"@id":"https:\/\/hudo.com\/si\/aktualno\/vec-ur-bo-zaprt-del-stajerske-avtoceste\/#breadcrumb"},"inLanguage":"sl-SI","potentialAction":[{"@type":"ReadAction","target":["https:\/\/hudo.com\/si\/aktualno\/vec-ur-bo-zaprt-del-stajerske-avtoceste\/"]}]},{"@type":"BreadcrumbList","@id":"https:\/\/hudo.com\/si\/aktualno\/vec-ur-bo-zaprt-del-stajerske-avtoceste\/#breadcrumb","itemListElement":[{"@type":"ListItem","position":1,"name":"Home","item":"https:\/\/hudo.com\/si\/"},{"@type":"ListItem","position":2,"name":"Ve\u010d ur bo zaprt del \u0161tajerske avtoceste"}]},{"@type":"WebSite","@id":"https:\/\/hudo.com\/si\/#website","url":"https:\/\/hudo.com\/si\/","name":"Hudo Slovenija","description":"Vse novice iz Slovenije in sveta","publisher":{"@id":"https:\/\/hudo.com\/si\/#organization"},"potentialAction":[{"@type":"SearchAction","target":{"@type":"EntryPoint","urlTemplate":"https:\/\/hudo.com\/si\/?s={search_term_string}"},"query-input":"required name=search_term_string"}],"inLanguage":"sl-SI"},{"@type":"Organization","@id":"https:\/\/hudo.com\/si\/#organization","name":"VSN Media","url":"https:\/\/hudo.com\/si\/","logo":{"@type":"ImageObject","inLanguage":"sl-SI","@id":"https:\/\/hudo.com\/si\/#\/schema\/logo\/image\/","url":"https:\/\/hudo.com\/si\/wp-content\/uploads\/sites\/2\/2021\/03\/hudo-app-2.png","contentUrl":"https:\/\/hudo.com\/si\/wp-content\/uploads\/sites\/2\/2021\/03\/hudo-app-2.png","width":2185,"height":2167,"caption":"VSN Media"},"image":{"@id":"https:\/\/hudo.com\/si\/#\/schema\/logo\/image\/"},"sameAs":["https:\/\/www.facebook.com\/hudo.si","https:\/\/twitter.com\/hudo_si"]},{"@type":"Person","@id":"https:\/\/hudo.com\/si\/#\/schema\/person\/601cf3379633985b20f7e50f2bb47707","name":"hudo","image":{"@type":"ImageObject","inLanguage":"sl-SI","@id":"https:\/\/hudo.com\/si\/#\/schema\/person\/image\/","url":"https:\/\/secure.gravatar.com\/avatar\/c4ca25fa72cace7a696b52ff5db9e095?s=96&d=mm&r=g","contentUrl":"https:\/\/secure.gravatar.com\/avatar\/c4ca25fa72cace7a696b52ff5db9e095?s=96&d=mm&r=g","caption":"hudo"},"url":"https:\/\/hudo.com\/si\/author\/hudo\/"}]}},"amp_enabled":true,"_links":{"self":[{"href":"https:\/\/hudo.com\/si\/wp-json\/wp\/v2\/posts\/121283"}],"collection":[{"href":"https:\/\/hudo.com\/si\/wp-json\/wp\/v2\/posts"}],"about":[{"href":"https:\/\/hudo.com\/si\/wp-json\/wp\/v2\/types\/post"}],"author":[{"embeddable":true,"href":"https:\/\/hudo.com\/si\/wp-json\/wp\/v2\/users\/1"}],"replies":[{"embeddable":true,"href":"https:\/\/hudo.com\/si\/wp-json\/wp\/v2\/comments?post=121283"}],"version-history":[{"count":1,"href":"https:\/\/hudo.com\/si\/wp-json\/wp\/v2\/posts\/121283\/revisions"}],"predecessor-version":[{"id":121494,"href":"https:\/\/hudo.com\/si\/wp-json\/wp\/v2\/posts\/121283\/revisions\/121494"}],"wp:attachment":[{"href":"https:\/\/hudo.com\/si\/wp-json\/wp\/v2\/media?parent=121283"}],"wp:term":[{"taxonomy":"category","embeddable":true,"href":"https:\/\/hudo.com\/si\/wp-json\/wp\/v2\/categories?post=121283"},{"taxonomy":"post_tag","embeddable":true,"href":"https:\/\/hudo.com\/si\/wp-json\/wp\/v2\/tags?post=121283"},{"taxonomy":"source","embeddable":true,"href":"https:\/\/hudo.com\/si\/wp-json\/wp\/v2\/source?post=121283"},{"taxonomy":"supertag","embeddable":true,"href":"https:\/\/hudo.com\/si\/wp-json\/wp\/v2\/supertag?post=121283"}],"curies":[{"name":"wp","href":"https:\/\/api.w.org\/{rel}","templated":true}]}}