{"id":121285,"date":"2016-08-27T07:19:00","date_gmt":"2016-08-27T05:19:00","guid":{"rendered":"http:\/\/hudo.com\/si\/2016\/08\/27\/v-riu-ni-zanimanja-za-paraolimpijske-igre\/"},"modified":"2016-08-28T02:36:09","modified_gmt":"2016-08-28T00:36:09","slug":"v-riu-ni-zanimanja-za-paraolimpijske-igre","status":"publish","type":"post","link":"https:\/\/hudo.com\/si\/aktualno\/v-riu-ni-zanimanja-za-paraolimpijske-igre\/","title":{"rendered":"V Riu ni zanimanja za paraolimpijske igre"},"content":{"rendered":"<p>Kategorija: OI 2016 Sat, 27 Aug 2016 09:19:00 +0200  Rio de Janeiro\u00a0 &#8211; Med 7. in 18. septembrom bodo olimpijska prizori\u0161\u010da v Riu napolnili paraolimpijci. A v Mednarodnem paraolimpijskem komiteju ne skrivajo, da jih skrbi izvedba tekmovanj. V Braziliji interesa za paraolimpijske igre takoreko\u010d ni, slaba je prodaja vstopnic in posledi\u010dno manjka tudi sredstev za izvedbo tekmovanj. Te\u017ekega polo\u017eaja se zaveda tudi Philip Craven, predsednik Mednarodnega paraolimpijskega komiteja: \u00bb\u0160e nikoli v 56-letni zgodovini iger nismo imeli tako slabih okvirnih pogojev za izvedbo.\u00ab Craven pravi, da organizatorji iger niso pravo\u010dasno nakazali sredstev, namenjenih za potovalne stro\u0161ke \u0161portnikov, zaradi \u010desar ima deset dr\u017eav te\u017eave pri udele\u017ebi. Ob tem ni skrivnost, da so Brazilci zaradi splo\u0161ne krize zmanj\u0161ali prora\u010dun za igre, kar pomeni manj ljudi in tudi slab\u0161i transport, s katerim je bilo \u017ee med avgustovskimi igrami obilo te\u017eav. Spra\u0161uje se tudi, ali bo\u00a0&#8230;<\/p>\n","protected":false},"excerpt":{"rendered":"<p>Kategorija: OI 2016 Sat, 27 Aug 2016 09:19:00 +0200  Rio de Janeiro\u00a0 &#8211; Med 7. in 18. septembrom bodo olimpijska prizori\u0161\u010da v Riu napolnili paraolimpijci. A v Mednarodnem paraolimpijskem komiteju ne skrivajo, da jih skrbi izvedba tekmovanj. V Braziliji interesa za paraolimpijske igre takoreko\u010d ni, slaba je prodaja vstopnic in posledi\u010dno manjka tudi sredstev za izvedbo tekmovanj. Te\u017ekega polo\u017eaja se zaveda tudi Philip Craven, predsednik Mednarodnega paraolimpijskega komiteja: \u00bb\u0160e nikoli v 56-letni zgodovini iger nismo imeli tako slabih okvirnih pogojev za izvedbo.\u00ab Craven pravi, da organizatorji iger niso pravo\u010dasno nakazali sredstev, namenjenih za potovalne stro\u0161ke \u0161portnikov, zaradi \u010desar ima deset dr\u017eav te\u017eave pri udele\u017ebi. Ob tem ni skrivnost, da so Brazilci zaradi splo\u0161ne krize zmanj\u0161ali prora\u010dun za igre, kar pomeni manj ljudi in tudi slab\u0161i transport, s katerim je bilo \u017ee med avgustovskimi igrami obilo te\u017eav. Spra\u0161uje se tudi, ali bo\u00a0&#8230;<\/p>\n","protected":false},"author":1,"featured_media":0,"comment_status":"closed","ping_status":"closed","sticky":false,"template":"","format":"standard","meta":{"footnotes":""},"categories":[1179],"tags":[],"source":[1703],"supertag":[],"acf":[],"yoast_head":"<!-- This site is optimized with the Yoast SEO plugin v21.3 - https:\/\/yoast.com\/wordpress\/plugins\/seo\/ -->\n<title>V Riu ni zanimanja za paraolimpijske igre - Hudo Slovenija<\/title>\n<meta name=\"robots\" content=\"index, follow, max-snippet:-1, max-image-preview:large, max-video-preview:-1\" \/>\n<link rel=\"canonical\" href=\"https:\/\/hudo.com\/si\/aktualno\/v-riu-ni-zanimanja-za-paraolimpijske-igre\/\" \/>\n<meta property=\"og:locale\" content=\"sl_SI\" \/>\n<meta property=\"og:type\" content=\"article\" \/>\n<meta property=\"og:title\" content=\"V Riu ni zanimanja za paraolimpijske igre - Hudo Slovenija\" \/>\n<meta property=\"og:description\" content=\"Kategorija: OI 2016 Sat, 27 Aug 2016 09:19:00 +0200 Rio de Janeiro\u00a0 - Med 7. in 18. septembrom bodo olimpijska prizori\u0161\u010da v Riu napolnili paraolimpijci. A v Mednarodnem paraolimpijskem komiteju ne skrivajo, da jih skrbi izvedba tekmovanj. V Braziliji interesa za paraolimpijske igre takoreko\u010d ni, slaba je prodaja vstopnic in posledi\u010dno manjka tudi sredstev za izvedbo tekmovanj. Te\u017ekega polo\u017eaja se zaveda tudi Philip Craven, predsednik Mednarodnega paraolimpijskega komiteja: \u00bb\u0160e nikoli v 56-letni zgodovini iger nismo imeli tako slabih okvirnih pogojev za izvedbo.\u00ab Craven pravi, da organizatorji iger niso pravo\u010dasno nakazali sredstev, namenjenih za potovalne stro\u0161ke \u0161portnikov, zaradi \u010desar ima deset dr\u017eav te\u017eave pri udele\u017ebi. Ob tem ni skrivnost, da so Brazilci zaradi splo\u0161ne krize zmanj\u0161ali prora\u010dun za igre, kar pomeni manj ljudi in tudi slab\u0161i transport, s katerim je bilo \u017ee med avgustovskimi igrami obilo te\u017eav. Spra\u0161uje se tudi, ali bo\u00a0...\" \/>\n<meta property=\"og:url\" content=\"https:\/\/hudo.com\/si\/aktualno\/v-riu-ni-zanimanja-za-paraolimpijske-igre\/\" \/>\n<meta property=\"og:site_name\" content=\"Hudo Slovenija\" \/>\n<meta property=\"article:publisher\" content=\"https:\/\/www.facebook.com\/hudo.si\" \/>\n<meta property=\"article:published_time\" content=\"2016-08-27T05:19:00+00:00\" \/>\n<meta property=\"article:modified_time\" content=\"2016-08-28T00:36:09+00:00\" \/>\n<meta property=\"og:image\" content=\"https:\/\/hudo.com\/si\/wp-content\/uploads\/sites\/2\/2016\/08\/480x290_rio20olimpijska20vas.jpeg\" \/>\n\t<meta property=\"og:image:width\" content=\"480\" \/>\n\t<meta property=\"og:image:height\" content=\"290\" \/>\n\t<meta property=\"og:image:type\" content=\"image\/jpeg\" \/>\n<meta name=\"author\" content=\"hudo\" \/>\n<meta name=\"twitter:card\" content=\"summary_large_image\" \/>\n<meta name=\"twitter:creator\" content=\"@hudo_si\" \/>\n<meta name=\"twitter:site\" content=\"@hudo_si\" \/>\n<meta name=\"twitter:label1\" content=\"Written by\" \/>\n\t<meta name=\"twitter:data1\" content=\"hudo\" \/>\n\t<meta name=\"twitter:label2\" content=\"Est. reading time\" \/>\n\t<meta name=\"twitter:data2\" content=\"1 minuta\" \/>\n<script type=\"application\/ld+json\" class=\"yoast-schema-graph\">{\"@context\":\"https:\/\/schema.org\",\"@graph\":[{\"@type\":\"Article\",\"@id\":\"https:\/\/hudo.com\/si\/aktualno\/v-riu-ni-zanimanja-za-paraolimpijske-igre\/#article\",\"isPartOf\":{\"@id\":\"https:\/\/hudo.com\/si\/aktualno\/v-riu-ni-zanimanja-za-paraolimpijske-igre\/\"},\"author\":{\"name\":\"hudo\",\"@id\":\"https:\/\/hudo.com\/si\/#\/schema\/person\/601cf3379633985b20f7e50f2bb47707\"},\"headline\":\"V Riu ni zanimanja za paraolimpijske igre\",\"datePublished\":\"2016-08-27T05:19:00+00:00\",\"dateModified\":\"2016-08-28T00:36:09+00:00\",\"mainEntityOfPage\":{\"@id\":\"https:\/\/hudo.com\/si\/aktualno\/v-riu-ni-zanimanja-za-paraolimpijske-igre\/\"},\"wordCount\":156,\"publisher\":{\"@id\":\"https:\/\/hudo.com\/si\/#organization\"},\"articleSection\":[\"Aktualno\"],\"inLanguage\":\"sl-SI\"},{\"@type\":\"WebPage\",\"@id\":\"https:\/\/hudo.com\/si\/aktualno\/v-riu-ni-zanimanja-za-paraolimpijske-igre\/\",\"url\":\"https:\/\/hudo.com\/si\/aktualno\/v-riu-ni-zanimanja-za-paraolimpijske-igre\/\",\"name\":\"V Riu ni zanimanja za paraolimpijske igre - Hudo Slovenija\",\"isPartOf\":{\"@id\":\"https:\/\/hudo.com\/si\/#website\"},\"datePublished\":\"2016-08-27T05:19:00+00:00\",\"dateModified\":\"2016-08-28T00:36:09+00:00\",\"breadcrumb\":{\"@id\":\"https:\/\/hudo.com\/si\/aktualno\/v-riu-ni-zanimanja-za-paraolimpijske-igre\/#breadcrumb\"},\"inLanguage\":\"sl-SI\",\"potentialAction\":[{\"@type\":\"ReadAction\",\"target\":[\"https:\/\/hudo.com\/si\/aktualno\/v-riu-ni-zanimanja-za-paraolimpijske-igre\/\"]}]},{\"@type\":\"BreadcrumbList\",\"@id\":\"https:\/\/hudo.com\/si\/aktualno\/v-riu-ni-zanimanja-za-paraolimpijske-igre\/#breadcrumb\",\"itemListElement\":[{\"@type\":\"ListItem\",\"position\":1,\"name\":\"Home\",\"item\":\"https:\/\/hudo.com\/si\/\"},{\"@type\":\"ListItem\",\"position\":2,\"name\":\"V Riu ni zanimanja za paraolimpijske igre\"}]},{\"@type\":\"WebSite\",\"@id\":\"https:\/\/hudo.com\/si\/#website\",\"url\":\"https:\/\/hudo.com\/si\/\",\"name\":\"Hudo Slovenija\",\"description\":\"Vse novice iz Slovenije in sveta\",\"publisher\":{\"@id\":\"https:\/\/hudo.com\/si\/#organization\"},\"potentialAction\":[{\"@type\":\"SearchAction\",\"target\":{\"@type\":\"EntryPoint\",\"urlTemplate\":\"https:\/\/hudo.com\/si\/?s={search_term_string}\"},\"query-input\":\"required name=search_term_string\"}],\"inLanguage\":\"sl-SI\"},{\"@type\":\"Organization\",\"@id\":\"https:\/\/hudo.com\/si\/#organization\",\"name\":\"VSN Media\",\"url\":\"https:\/\/hudo.com\/si\/\",\"logo\":{\"@type\":\"ImageObject\",\"inLanguage\":\"sl-SI\",\"@id\":\"https:\/\/hudo.com\/si\/#\/schema\/logo\/image\/\",\"url\":\"https:\/\/hudo.com\/si\/wp-content\/uploads\/sites\/2\/2021\/03\/hudo-app-2.png\",\"contentUrl\":\"https:\/\/hudo.com\/si\/wp-content\/uploads\/sites\/2\/2021\/03\/hudo-app-2.png\",\"width\":2185,\"height\":2167,\"caption\":\"VSN Media\"},\"image\":{\"@id\":\"https:\/\/hudo.com\/si\/#\/schema\/logo\/image\/\"},\"sameAs\":[\"https:\/\/www.facebook.com\/hudo.si\",\"https:\/\/twitter.com\/hudo_si\"]},{\"@type\":\"Person\",\"@id\":\"https:\/\/hudo.com\/si\/#\/schema\/person\/601cf3379633985b20f7e50f2bb47707\",\"name\":\"hudo\",\"image\":{\"@type\":\"ImageObject\",\"inLanguage\":\"sl-SI\",\"@id\":\"https:\/\/hudo.com\/si\/#\/schema\/person\/image\/\",\"url\":\"https:\/\/secure.gravatar.com\/avatar\/c4ca25fa72cace7a696b52ff5db9e095?s=96&d=mm&r=g\",\"contentUrl\":\"https:\/\/secure.gravatar.com\/avatar\/c4ca25fa72cace7a696b52ff5db9e095?s=96&d=mm&r=g\",\"caption\":\"hudo\"},\"url\":\"https:\/\/hudo.com\/si\/author\/hudo\/\"}]}<\/script>\n<!-- \/ Yoast SEO plugin. -->","yoast_head_json":{"title":"V Riu ni zanimanja za paraolimpijske igre - Hudo Slovenija","robots":{"index":"index","follow":"follow","max-snippet":"max-snippet:-1","max-image-preview":"max-image-preview:large","max-video-preview":"max-video-preview:-1"},"canonical":"https:\/\/hudo.com\/si\/aktualno\/v-riu-ni-zanimanja-za-paraolimpijske-igre\/","og_locale":"sl_SI","og_type":"article","og_title":"V Riu ni zanimanja za paraolimpijske igre - Hudo Slovenija","og_description":"Kategorija: OI 2016 Sat, 27 Aug 2016 09:19:00 +0200 Rio de Janeiro\u00a0 - Med 7. in 18. septembrom bodo olimpijska prizori\u0161\u010da v Riu napolnili paraolimpijci. A v Mednarodnem paraolimpijskem komiteju ne skrivajo, da jih skrbi izvedba tekmovanj. V Braziliji interesa za paraolimpijske igre takoreko\u010d ni, slaba je prodaja vstopnic in posledi\u010dno manjka tudi sredstev za izvedbo tekmovanj. Te\u017ekega polo\u017eaja se zaveda tudi Philip Craven, predsednik Mednarodnega paraolimpijskega komiteja: \u00bb\u0160e nikoli v 56-letni zgodovini iger nismo imeli tako slabih okvirnih pogojev za izvedbo.\u00ab Craven pravi, da organizatorji iger niso pravo\u010dasno nakazali sredstev, namenjenih za potovalne stro\u0161ke \u0161portnikov, zaradi \u010desar ima deset dr\u017eav te\u017eave pri udele\u017ebi. Ob tem ni skrivnost, da so Brazilci zaradi splo\u0161ne krize zmanj\u0161ali prora\u010dun za igre, kar pomeni manj ljudi in tudi slab\u0161i transport, s katerim je bilo \u017ee med avgustovskimi igrami obilo te\u017eav. Spra\u0161uje se tudi, ali bo\u00a0...","og_url":"https:\/\/hudo.com\/si\/aktualno\/v-riu-ni-zanimanja-za-paraolimpijske-igre\/","og_site_name":"Hudo Slovenija","article_publisher":"https:\/\/www.facebook.com\/hudo.si","article_published_time":"2016-08-27T05:19:00+00:00","article_modified_time":"2016-08-28T00:36:09+00:00","og_image":[{"width":480,"height":290,"url":"https:\/\/hudo.com\/si\/wp-content\/uploads\/sites\/2\/2016\/08\/480x290_rio20olimpijska20vas.jpeg","type":"image\/jpeg"}],"author":"hudo","twitter_card":"summary_large_image","twitter_creator":"@hudo_si","twitter_site":"@hudo_si","twitter_misc":{"Written by":"hudo","Est. reading time":"1 minuta"},"schema":{"@context":"https:\/\/schema.org","@graph":[{"@type":"Article","@id":"https:\/\/hudo.com\/si\/aktualno\/v-riu-ni-zanimanja-za-paraolimpijske-igre\/#article","isPartOf":{"@id":"https:\/\/hudo.com\/si\/aktualno\/v-riu-ni-zanimanja-za-paraolimpijske-igre\/"},"author":{"name":"hudo","@id":"https:\/\/hudo.com\/si\/#\/schema\/person\/601cf3379633985b20f7e50f2bb47707"},"headline":"V Riu ni zanimanja za paraolimpijske igre","datePublished":"2016-08-27T05:19:00+00:00","dateModified":"2016-08-28T00:36:09+00:00","mainEntityOfPage":{"@id":"https:\/\/hudo.com\/si\/aktualno\/v-riu-ni-zanimanja-za-paraolimpijske-igre\/"},"wordCount":156,"publisher":{"@id":"https:\/\/hudo.com\/si\/#organization"},"articleSection":["Aktualno"],"inLanguage":"sl-SI"},{"@type":"WebPage","@id":"https:\/\/hudo.com\/si\/aktualno\/v-riu-ni-zanimanja-za-paraolimpijske-igre\/","url":"https:\/\/hudo.com\/si\/aktualno\/v-riu-ni-zanimanja-za-paraolimpijske-igre\/","name":"V Riu ni zanimanja za paraolimpijske igre - Hudo Slovenija","isPartOf":{"@id":"https:\/\/hudo.com\/si\/#website"},"datePublished":"2016-08-27T05:19:00+00:00","dateModified":"2016-08-28T00:36:09+00:00","breadcrumb":{"@id":"https:\/\/hudo.com\/si\/aktualno\/v-riu-ni-zanimanja-za-paraolimpijske-igre\/#breadcrumb"},"inLanguage":"sl-SI","potentialAction":[{"@type":"ReadAction","target":["https:\/\/hudo.com\/si\/aktualno\/v-riu-ni-zanimanja-za-paraolimpijske-igre\/"]}]},{"@type":"BreadcrumbList","@id":"https:\/\/hudo.com\/si\/aktualno\/v-riu-ni-zanimanja-za-paraolimpijske-igre\/#breadcrumb","itemListElement":[{"@type":"ListItem","position":1,"name":"Home","item":"https:\/\/hudo.com\/si\/"},{"@type":"ListItem","position":2,"name":"V Riu ni zanimanja za paraolimpijske igre"}]},{"@type":"WebSite","@id":"https:\/\/hudo.com\/si\/#website","url":"https:\/\/hudo.com\/si\/","name":"Hudo Slovenija","description":"Vse novice iz Slovenije in sveta","publisher":{"@id":"https:\/\/hudo.com\/si\/#organization"},"potentialAction":[{"@type":"SearchAction","target":{"@type":"EntryPoint","urlTemplate":"https:\/\/hudo.com\/si\/?s={search_term_string}"},"query-input":"required name=search_term_string"}],"inLanguage":"sl-SI"},{"@type":"Organization","@id":"https:\/\/hudo.com\/si\/#organization","name":"VSN Media","url":"https:\/\/hudo.com\/si\/","logo":{"@type":"ImageObject","inLanguage":"sl-SI","@id":"https:\/\/hudo.com\/si\/#\/schema\/logo\/image\/","url":"https:\/\/hudo.com\/si\/wp-content\/uploads\/sites\/2\/2021\/03\/hudo-app-2.png","contentUrl":"https:\/\/hudo.com\/si\/wp-content\/uploads\/sites\/2\/2021\/03\/hudo-app-2.png","width":2185,"height":2167,"caption":"VSN Media"},"image":{"@id":"https:\/\/hudo.com\/si\/#\/schema\/logo\/image\/"},"sameAs":["https:\/\/www.facebook.com\/hudo.si","https:\/\/twitter.com\/hudo_si"]},{"@type":"Person","@id":"https:\/\/hudo.com\/si\/#\/schema\/person\/601cf3379633985b20f7e50f2bb47707","name":"hudo","image":{"@type":"ImageObject","inLanguage":"sl-SI","@id":"https:\/\/hudo.com\/si\/#\/schema\/person\/image\/","url":"https:\/\/secure.gravatar.com\/avatar\/c4ca25fa72cace7a696b52ff5db9e095?s=96&d=mm&r=g","contentUrl":"https:\/\/secure.gravatar.com\/avatar\/c4ca25fa72cace7a696b52ff5db9e095?s=96&d=mm&r=g","caption":"hudo"},"url":"https:\/\/hudo.com\/si\/author\/hudo\/"}]}},"amp_enabled":true,"_links":{"self":[{"href":"https:\/\/hudo.com\/si\/wp-json\/wp\/v2\/posts\/121285"}],"collection":[{"href":"https:\/\/hudo.com\/si\/wp-json\/wp\/v2\/posts"}],"about":[{"href":"https:\/\/hudo.com\/si\/wp-json\/wp\/v2\/types\/post"}],"author":[{"embeddable":true,"href":"https:\/\/hudo.com\/si\/wp-json\/wp\/v2\/users\/1"}],"replies":[{"embeddable":true,"href":"https:\/\/hudo.com\/si\/wp-json\/wp\/v2\/comments?post=121285"}],"version-history":[{"count":1,"href":"https:\/\/hudo.com\/si\/wp-json\/wp\/v2\/posts\/121285\/revisions"}],"predecessor-version":[{"id":121495,"href":"https:\/\/hudo.com\/si\/wp-json\/wp\/v2\/posts\/121285\/revisions\/121495"}],"wp:attachment":[{"href":"https:\/\/hudo.com\/si\/wp-json\/wp\/v2\/media?parent=121285"}],"wp:term":[{"taxonomy":"category","embeddable":true,"href":"https:\/\/hudo.com\/si\/wp-json\/wp\/v2\/categories?post=121285"},{"taxonomy":"post_tag","embeddable":true,"href":"https:\/\/hudo.com\/si\/wp-json\/wp\/v2\/tags?post=121285"},{"taxonomy":"source","embeddable":true,"href":"https:\/\/hudo.com\/si\/wp-json\/wp\/v2\/source?post=121285"},{"taxonomy":"supertag","embeddable":true,"href":"https:\/\/hudo.com\/si\/wp-json\/wp\/v2\/supertag?post=121285"}],"curies":[{"name":"wp","href":"https:\/\/api.w.org\/{rel}","templated":true}]}}