{"id":121289,"date":"2016-08-27T07:00:00","date_gmt":"2016-08-27T05:00:00","guid":{"rendered":"http:\/\/hudo.com\/si\/2016\/08\/27\/na-sp-v-katarju-trije-slovenski-kolesarji\/"},"modified":"2016-08-27T07:00:00","modified_gmt":"2016-08-27T05:00:00","slug":"na-sp-v-katarju-trije-slovenski-kolesarji","status":"publish","type":"post","link":"https:\/\/hudo.com\/si\/aktualno\/na-sp-v-katarju-trije-slovenski-kolesarji\/","title":{"rendered":"Na SP v Katarju trije slovenski kolesarji"},"content":{"rendered":"<p>Kategorija: Kolesarstvo Sat, 27 Aug 2016 09:00:00 +0200  Novo mesto \u2013 Na oktobrskem svetovnem kolesarskem prvenstvu v Katarju bodo nastopili trije kolesarji. Slovenija na svetovni lestvici WorldToura namre\u010d letos ne kotira tako visoko kot lani, povrhu pa tudi v EuroTouru ni zbrala toliko to\u010dk kot lani, ko sta blestela Marko Kump in Primo\u017e Rogli\u010d. Slovenija na lestvici WorldToura zaseda \u0161ele 20. mesto, na EuroTouru je 9. med selekcijami, ki si na SP niso zagotovile maksimalnega \u0161tevila nastopajo\u010dih. Za \u0161esterico, ki je zastopala zeleno-bele barve na zadnjih velikih tekmovanjih, bi morala biti \u0161esta. Selektor Gorazd \u0160tangelj pri izbiri trojke ni imel nobenih pomislekov. Na cestni dirki bodo nastopili trije najbolj\u0161i \u0161printerji \u2013 Luka Mezgec, Borut Bo\u017ei\u010d in Grega Bole. Toda le, \u010de bodo imeli dober program dirk in bodo vrhunsko pripravljeni. Sicer pa ima na voljo \u0161e nekaj razli\u010dic\u00a0&#8230;<\/p>\n","protected":false},"excerpt":{"rendered":"<p>Kategorija: Kolesarstvo Sat, 27 Aug 2016 09:00:00 +0200  Novo mesto \u2013 Na oktobrskem svetovnem kolesarskem prvenstvu v Katarju bodo nastopili trije kolesarji. Slovenija na svetovni lestvici WorldToura namre\u010d letos ne kotira tako visoko kot lani, povrhu pa tudi v EuroTouru ni zbrala toliko to\u010dk kot lani, ko sta blestela Marko Kump in Primo\u017e Rogli\u010d. Slovenija na lestvici WorldToura zaseda \u0161ele 20. mesto, na EuroTouru je 9. med selekcijami, ki si na SP niso zagotovile maksimalnega \u0161tevila nastopajo\u010dih. Za \u0161esterico, ki je zastopala zeleno-bele barve na zadnjih velikih tekmovanjih, bi morala biti \u0161esta. Selektor Gorazd \u0160tangelj pri izbiri trojke ni imel nobenih pomislekov. Na cestni dirki bodo nastopili trije najbolj\u0161i \u0161printerji \u2013 Luka Mezgec, Borut Bo\u017ei\u010d in Grega Bole. Toda le, \u010de bodo imeli dober program dirk in bodo vrhunsko pripravljeni. Sicer pa ima na voljo \u0161e nekaj razli\u010dic\u00a0&#8230;<\/p>\n","protected":false},"author":1,"featured_media":0,"comment_status":"closed","ping_status":"closed","sticky":false,"template":"","format":"standard","meta":{"footnotes":""},"categories":[1179],"tags":[],"source":[1703],"supertag":[],"acf":[],"yoast_head":"<!-- This site is optimized with the Yoast SEO plugin v21.3 - https:\/\/yoast.com\/wordpress\/plugins\/seo\/ -->\n<title>Na SP v Katarju trije slovenski kolesarji - Hudo Slovenija<\/title>\n<meta name=\"robots\" content=\"index, follow, max-snippet:-1, max-image-preview:large, max-video-preview:-1\" \/>\n<link rel=\"canonical\" href=\"https:\/\/hudo.com\/si\/aktualno\/na-sp-v-katarju-trije-slovenski-kolesarji\/\" \/>\n<meta property=\"og:locale\" content=\"sl_SI\" \/>\n<meta property=\"og:type\" content=\"article\" \/>\n<meta property=\"og:title\" content=\"Na SP v Katarju trije slovenski kolesarji - Hudo Slovenija\" \/>\n<meta property=\"og:description\" content=\"Kategorija: Kolesarstvo Sat, 27 Aug 2016 09:00:00 +0200 Novo mesto \u2013 Na oktobrskem svetovnem kolesarskem prvenstvu v Katarju bodo nastopili trije kolesarji. Slovenija na svetovni lestvici WorldToura namre\u010d letos ne kotira tako visoko kot lani, povrhu pa tudi v EuroTouru ni zbrala toliko to\u010dk kot lani, ko sta blestela Marko Kump in Primo\u017e Rogli\u010d. Slovenija na lestvici WorldToura zaseda \u0161ele 20. mesto, na EuroTouru je 9. med selekcijami, ki si na SP niso zagotovile maksimalnega \u0161tevila nastopajo\u010dih. Za \u0161esterico, ki je zastopala zeleno-bele barve na zadnjih velikih tekmovanjih, bi morala biti \u0161esta. Selektor Gorazd \u0160tangelj pri izbiri trojke ni imel nobenih pomislekov. Na cestni dirki bodo nastopili trije najbolj\u0161i \u0161printerji \u2013 Luka Mezgec, Borut Bo\u017ei\u010d in Grega Bole. Toda le, \u010de bodo imeli dober program dirk in bodo vrhunsko pripravljeni. Sicer pa ima na voljo \u0161e nekaj razli\u010dic\u00a0...\" \/>\n<meta property=\"og:url\" content=\"https:\/\/hudo.com\/si\/aktualno\/na-sp-v-katarju-trije-slovenski-kolesarji\/\" \/>\n<meta property=\"og:site_name\" content=\"Hudo Slovenija\" \/>\n<meta property=\"article:publisher\" content=\"https:\/\/www.facebook.com\/hudo.si\" \/>\n<meta property=\"article:published_time\" content=\"2016-08-27T05:00:00+00:00\" \/>\n<meta property=\"og:image\" content=\"https:\/\/hudo.com\/si\/wp-content\/uploads\/sites\/2\/2016\/08\/480x290_djvu_2094618_janezp_rsi-kolesarstvo.jpeg\" \/>\n\t<meta property=\"og:image:width\" content=\"480\" \/>\n\t<meta property=\"og:image:height\" content=\"290\" \/>\n\t<meta property=\"og:image:type\" content=\"image\/jpeg\" \/>\n<meta name=\"author\" content=\"hudo\" \/>\n<meta name=\"twitter:card\" content=\"summary_large_image\" \/>\n<meta name=\"twitter:creator\" content=\"@hudo_si\" \/>\n<meta name=\"twitter:site\" content=\"@hudo_si\" \/>\n<meta name=\"twitter:label1\" content=\"Written by\" \/>\n\t<meta name=\"twitter:data1\" content=\"hudo\" \/>\n\t<meta name=\"twitter:label2\" content=\"Est. reading time\" \/>\n\t<meta name=\"twitter:data2\" content=\"1 minuta\" \/>\n<script type=\"application\/ld+json\" class=\"yoast-schema-graph\">{\"@context\":\"https:\/\/schema.org\",\"@graph\":[{\"@type\":\"Article\",\"@id\":\"https:\/\/hudo.com\/si\/aktualno\/na-sp-v-katarju-trije-slovenski-kolesarji\/#article\",\"isPartOf\":{\"@id\":\"https:\/\/hudo.com\/si\/aktualno\/na-sp-v-katarju-trije-slovenski-kolesarji\/\"},\"author\":{\"name\":\"hudo\",\"@id\":\"https:\/\/hudo.com\/si\/#\/schema\/person\/601cf3379633985b20f7e50f2bb47707\"},\"headline\":\"Na SP v Katarju trije slovenski kolesarji\",\"datePublished\":\"2016-08-27T05:00:00+00:00\",\"dateModified\":\"2016-08-27T05:00:00+00:00\",\"mainEntityOfPage\":{\"@id\":\"https:\/\/hudo.com\/si\/aktualno\/na-sp-v-katarju-trije-slovenski-kolesarji\/\"},\"wordCount\":142,\"publisher\":{\"@id\":\"https:\/\/hudo.com\/si\/#organization\"},\"articleSection\":[\"Aktualno\"],\"inLanguage\":\"sl-SI\"},{\"@type\":\"WebPage\",\"@id\":\"https:\/\/hudo.com\/si\/aktualno\/na-sp-v-katarju-trije-slovenski-kolesarji\/\",\"url\":\"https:\/\/hudo.com\/si\/aktualno\/na-sp-v-katarju-trije-slovenski-kolesarji\/\",\"name\":\"Na SP v Katarju trije slovenski kolesarji - Hudo Slovenija\",\"isPartOf\":{\"@id\":\"https:\/\/hudo.com\/si\/#website\"},\"datePublished\":\"2016-08-27T05:00:00+00:00\",\"dateModified\":\"2016-08-27T05:00:00+00:00\",\"breadcrumb\":{\"@id\":\"https:\/\/hudo.com\/si\/aktualno\/na-sp-v-katarju-trije-slovenski-kolesarji\/#breadcrumb\"},\"inLanguage\":\"sl-SI\",\"potentialAction\":[{\"@type\":\"ReadAction\",\"target\":[\"https:\/\/hudo.com\/si\/aktualno\/na-sp-v-katarju-trije-slovenski-kolesarji\/\"]}]},{\"@type\":\"BreadcrumbList\",\"@id\":\"https:\/\/hudo.com\/si\/aktualno\/na-sp-v-katarju-trije-slovenski-kolesarji\/#breadcrumb\",\"itemListElement\":[{\"@type\":\"ListItem\",\"position\":1,\"name\":\"Home\",\"item\":\"https:\/\/hudo.com\/si\/\"},{\"@type\":\"ListItem\",\"position\":2,\"name\":\"Na SP v Katarju trije slovenski kolesarji\"}]},{\"@type\":\"WebSite\",\"@id\":\"https:\/\/hudo.com\/si\/#website\",\"url\":\"https:\/\/hudo.com\/si\/\",\"name\":\"Hudo Slovenija\",\"description\":\"Vse novice iz Slovenije in sveta\",\"publisher\":{\"@id\":\"https:\/\/hudo.com\/si\/#organization\"},\"potentialAction\":[{\"@type\":\"SearchAction\",\"target\":{\"@type\":\"EntryPoint\",\"urlTemplate\":\"https:\/\/hudo.com\/si\/?s={search_term_string}\"},\"query-input\":\"required name=search_term_string\"}],\"inLanguage\":\"sl-SI\"},{\"@type\":\"Organization\",\"@id\":\"https:\/\/hudo.com\/si\/#organization\",\"name\":\"VSN Media\",\"url\":\"https:\/\/hudo.com\/si\/\",\"logo\":{\"@type\":\"ImageObject\",\"inLanguage\":\"sl-SI\",\"@id\":\"https:\/\/hudo.com\/si\/#\/schema\/logo\/image\/\",\"url\":\"https:\/\/hudo.com\/si\/wp-content\/uploads\/sites\/2\/2021\/03\/hudo-app-2.png\",\"contentUrl\":\"https:\/\/hudo.com\/si\/wp-content\/uploads\/sites\/2\/2021\/03\/hudo-app-2.png\",\"width\":2185,\"height\":2167,\"caption\":\"VSN Media\"},\"image\":{\"@id\":\"https:\/\/hudo.com\/si\/#\/schema\/logo\/image\/\"},\"sameAs\":[\"https:\/\/www.facebook.com\/hudo.si\",\"https:\/\/twitter.com\/hudo_si\"]},{\"@type\":\"Person\",\"@id\":\"https:\/\/hudo.com\/si\/#\/schema\/person\/601cf3379633985b20f7e50f2bb47707\",\"name\":\"hudo\",\"image\":{\"@type\":\"ImageObject\",\"inLanguage\":\"sl-SI\",\"@id\":\"https:\/\/hudo.com\/si\/#\/schema\/person\/image\/\",\"url\":\"https:\/\/secure.gravatar.com\/avatar\/c4ca25fa72cace7a696b52ff5db9e095?s=96&d=mm&r=g\",\"contentUrl\":\"https:\/\/secure.gravatar.com\/avatar\/c4ca25fa72cace7a696b52ff5db9e095?s=96&d=mm&r=g\",\"caption\":\"hudo\"},\"url\":\"https:\/\/hudo.com\/si\/author\/hudo\/\"}]}<\/script>\n<!-- \/ Yoast SEO plugin. -->","yoast_head_json":{"title":"Na SP v Katarju trije slovenski kolesarji - Hudo Slovenija","robots":{"index":"index","follow":"follow","max-snippet":"max-snippet:-1","max-image-preview":"max-image-preview:large","max-video-preview":"max-video-preview:-1"},"canonical":"https:\/\/hudo.com\/si\/aktualno\/na-sp-v-katarju-trije-slovenski-kolesarji\/","og_locale":"sl_SI","og_type":"article","og_title":"Na SP v Katarju trije slovenski kolesarji - Hudo Slovenija","og_description":"Kategorija: Kolesarstvo Sat, 27 Aug 2016 09:00:00 +0200 Novo mesto \u2013 Na oktobrskem svetovnem kolesarskem prvenstvu v Katarju bodo nastopili trije kolesarji. Slovenija na svetovni lestvici WorldToura namre\u010d letos ne kotira tako visoko kot lani, povrhu pa tudi v EuroTouru ni zbrala toliko to\u010dk kot lani, ko sta blestela Marko Kump in Primo\u017e Rogli\u010d. Slovenija na lestvici WorldToura zaseda \u0161ele 20. mesto, na EuroTouru je 9. med selekcijami, ki si na SP niso zagotovile maksimalnega \u0161tevila nastopajo\u010dih. Za \u0161esterico, ki je zastopala zeleno-bele barve na zadnjih velikih tekmovanjih, bi morala biti \u0161esta. Selektor Gorazd \u0160tangelj pri izbiri trojke ni imel nobenih pomislekov. Na cestni dirki bodo nastopili trije najbolj\u0161i \u0161printerji \u2013 Luka Mezgec, Borut Bo\u017ei\u010d in Grega Bole. Toda le, \u010de bodo imeli dober program dirk in bodo vrhunsko pripravljeni. Sicer pa ima na voljo \u0161e nekaj razli\u010dic\u00a0...","og_url":"https:\/\/hudo.com\/si\/aktualno\/na-sp-v-katarju-trije-slovenski-kolesarji\/","og_site_name":"Hudo Slovenija","article_publisher":"https:\/\/www.facebook.com\/hudo.si","article_published_time":"2016-08-27T05:00:00+00:00","og_image":[{"width":480,"height":290,"url":"https:\/\/hudo.com\/si\/wp-content\/uploads\/sites\/2\/2016\/08\/480x290_djvu_2094618_janezp_rsi-kolesarstvo.jpeg","type":"image\/jpeg"}],"author":"hudo","twitter_card":"summary_large_image","twitter_creator":"@hudo_si","twitter_site":"@hudo_si","twitter_misc":{"Written by":"hudo","Est. reading time":"1 minuta"},"schema":{"@context":"https:\/\/schema.org","@graph":[{"@type":"Article","@id":"https:\/\/hudo.com\/si\/aktualno\/na-sp-v-katarju-trije-slovenski-kolesarji\/#article","isPartOf":{"@id":"https:\/\/hudo.com\/si\/aktualno\/na-sp-v-katarju-trije-slovenski-kolesarji\/"},"author":{"name":"hudo","@id":"https:\/\/hudo.com\/si\/#\/schema\/person\/601cf3379633985b20f7e50f2bb47707"},"headline":"Na SP v Katarju trije slovenski kolesarji","datePublished":"2016-08-27T05:00:00+00:00","dateModified":"2016-08-27T05:00:00+00:00","mainEntityOfPage":{"@id":"https:\/\/hudo.com\/si\/aktualno\/na-sp-v-katarju-trije-slovenski-kolesarji\/"},"wordCount":142,"publisher":{"@id":"https:\/\/hudo.com\/si\/#organization"},"articleSection":["Aktualno"],"inLanguage":"sl-SI"},{"@type":"WebPage","@id":"https:\/\/hudo.com\/si\/aktualno\/na-sp-v-katarju-trije-slovenski-kolesarji\/","url":"https:\/\/hudo.com\/si\/aktualno\/na-sp-v-katarju-trije-slovenski-kolesarji\/","name":"Na SP v Katarju trije slovenski kolesarji - Hudo Slovenija","isPartOf":{"@id":"https:\/\/hudo.com\/si\/#website"},"datePublished":"2016-08-27T05:00:00+00:00","dateModified":"2016-08-27T05:00:00+00:00","breadcrumb":{"@id":"https:\/\/hudo.com\/si\/aktualno\/na-sp-v-katarju-trije-slovenski-kolesarji\/#breadcrumb"},"inLanguage":"sl-SI","potentialAction":[{"@type":"ReadAction","target":["https:\/\/hudo.com\/si\/aktualno\/na-sp-v-katarju-trije-slovenski-kolesarji\/"]}]},{"@type":"BreadcrumbList","@id":"https:\/\/hudo.com\/si\/aktualno\/na-sp-v-katarju-trije-slovenski-kolesarji\/#breadcrumb","itemListElement":[{"@type":"ListItem","position":1,"name":"Home","item":"https:\/\/hudo.com\/si\/"},{"@type":"ListItem","position":2,"name":"Na SP v Katarju trije slovenski kolesarji"}]},{"@type":"WebSite","@id":"https:\/\/hudo.com\/si\/#website","url":"https:\/\/hudo.com\/si\/","name":"Hudo Slovenija","description":"Vse novice iz Slovenije in sveta","publisher":{"@id":"https:\/\/hudo.com\/si\/#organization"},"potentialAction":[{"@type":"SearchAction","target":{"@type":"EntryPoint","urlTemplate":"https:\/\/hudo.com\/si\/?s={search_term_string}"},"query-input":"required name=search_term_string"}],"inLanguage":"sl-SI"},{"@type":"Organization","@id":"https:\/\/hudo.com\/si\/#organization","name":"VSN Media","url":"https:\/\/hudo.com\/si\/","logo":{"@type":"ImageObject","inLanguage":"sl-SI","@id":"https:\/\/hudo.com\/si\/#\/schema\/logo\/image\/","url":"https:\/\/hudo.com\/si\/wp-content\/uploads\/sites\/2\/2021\/03\/hudo-app-2.png","contentUrl":"https:\/\/hudo.com\/si\/wp-content\/uploads\/sites\/2\/2021\/03\/hudo-app-2.png","width":2185,"height":2167,"caption":"VSN Media"},"image":{"@id":"https:\/\/hudo.com\/si\/#\/schema\/logo\/image\/"},"sameAs":["https:\/\/www.facebook.com\/hudo.si","https:\/\/twitter.com\/hudo_si"]},{"@type":"Person","@id":"https:\/\/hudo.com\/si\/#\/schema\/person\/601cf3379633985b20f7e50f2bb47707","name":"hudo","image":{"@type":"ImageObject","inLanguage":"sl-SI","@id":"https:\/\/hudo.com\/si\/#\/schema\/person\/image\/","url":"https:\/\/secure.gravatar.com\/avatar\/c4ca25fa72cace7a696b52ff5db9e095?s=96&d=mm&r=g","contentUrl":"https:\/\/secure.gravatar.com\/avatar\/c4ca25fa72cace7a696b52ff5db9e095?s=96&d=mm&r=g","caption":"hudo"},"url":"https:\/\/hudo.com\/si\/author\/hudo\/"}]}},"amp_enabled":true,"_links":{"self":[{"href":"https:\/\/hudo.com\/si\/wp-json\/wp\/v2\/posts\/121289"}],"collection":[{"href":"https:\/\/hudo.com\/si\/wp-json\/wp\/v2\/posts"}],"about":[{"href":"https:\/\/hudo.com\/si\/wp-json\/wp\/v2\/types\/post"}],"author":[{"embeddable":true,"href":"https:\/\/hudo.com\/si\/wp-json\/wp\/v2\/users\/1"}],"replies":[{"embeddable":true,"href":"https:\/\/hudo.com\/si\/wp-json\/wp\/v2\/comments?post=121289"}],"version-history":[{"count":0,"href":"https:\/\/hudo.com\/si\/wp-json\/wp\/v2\/posts\/121289\/revisions"}],"wp:attachment":[{"href":"https:\/\/hudo.com\/si\/wp-json\/wp\/v2\/media?parent=121289"}],"wp:term":[{"taxonomy":"category","embeddable":true,"href":"https:\/\/hudo.com\/si\/wp-json\/wp\/v2\/categories?post=121289"},{"taxonomy":"post_tag","embeddable":true,"href":"https:\/\/hudo.com\/si\/wp-json\/wp\/v2\/tags?post=121289"},{"taxonomy":"source","embeddable":true,"href":"https:\/\/hudo.com\/si\/wp-json\/wp\/v2\/source?post=121289"},{"taxonomy":"supertag","embeddable":true,"href":"https:\/\/hudo.com\/si\/wp-json\/wp\/v2\/supertag?post=121289"}],"curies":[{"name":"wp","href":"https:\/\/api.w.org\/{rel}","templated":true}]}}