{"id":121295,"date":"2016-08-27T07:00:00","date_gmt":"2016-08-27T05:00:00","guid":{"rendered":"http:\/\/hudo.com\/si\/2016\/08\/27\/vse-vec-jih-je-brez-dela-vec-kot-eno-leto\/"},"modified":"2016-08-27T07:00:00","modified_gmt":"2016-08-27T05:00:00","slug":"vse-vec-jih-je-brez-dela-vec-kot-eno-leto","status":"publish","type":"post","link":"https:\/\/hudo.com\/si\/aktualno\/vse-vec-jih-je-brez-dela-vec-kot-eno-leto\/","title":{"rendered":"Vse ve\u010d jih je brez dela ve\u010d kot eno leto"},"content":{"rendered":"<p>Kategorija: Ljubljana Sat, 27 Aug 2016 09:00:00 +0200  Ljubljana \u2013 Medtem ko je \u010dedalje manj registriranih brezposelnih \u2013 zadnja stopnja registrirane brezposelnosti je bila najni\u017eja po letu 2010 \u2013, se po drugi strani pove\u010duje odstotek dolgotrajno brezposelnih. Ve\u010d kot polovica brezposelnih Ljubljan\u010danov je brez dela ve\u010d kot eno leto. V zadnjem letu in pol, kolikor je prijavljena v evidenco brezposelnih, potem ko je bila odpu\u0161\u010dena, ni bilo nobenega primernega razpisa za delovno mesto z visoko\u0161olsko izobrazbo. \u00bbPravzaprav mi je najbolje, \u010de me na zavodu pustijo pri miru, in pustijo me, ker ni razpisov,\u00ab pravi brezposelna Ljubljan\u010danka, ki no\u010de biti imenovana. Je ena od 14.887 brezposelnih, kolikor jih je bilo konec julija vpisanih v uradno evidenco zavoda za zaposlovanje v ljubljanski ob\u010dini. In \u010deprav je v zadnjih mesecih \u010dedalje manj registriranih brezposelnih (podobno je na ravni dr\u017eave), skrb vzbuja\u00a0&#8230;<\/p>\n","protected":false},"excerpt":{"rendered":"<p>Kategorija: Ljubljana Sat, 27 Aug 2016 09:00:00 +0200  Ljubljana \u2013 Medtem ko je \u010dedalje manj registriranih brezposelnih \u2013 zadnja stopnja registrirane brezposelnosti je bila najni\u017eja po letu 2010 \u2013, se po drugi strani pove\u010duje odstotek dolgotrajno brezposelnih. Ve\u010d kot polovica brezposelnih Ljubljan\u010danov je brez dela ve\u010d kot eno leto. V zadnjem letu in pol, kolikor je prijavljena v evidenco brezposelnih, potem ko je bila odpu\u0161\u010dena, ni bilo nobenega primernega razpisa za delovno mesto z visoko\u0161olsko izobrazbo. \u00bbPravzaprav mi je najbolje, \u010de me na zavodu pustijo pri miru, in pustijo me, ker ni razpisov,\u00ab pravi brezposelna Ljubljan\u010danka, ki no\u010de biti imenovana. Je ena od 14.887 brezposelnih, kolikor jih je bilo konec julija vpisanih v uradno evidenco zavoda za zaposlovanje v ljubljanski ob\u010dini. In \u010deprav je v zadnjih mesecih \u010dedalje manj registriranih brezposelnih (podobno je na ravni dr\u017eave), skrb vzbuja\u00a0&#8230;<\/p>\n","protected":false},"author":1,"featured_media":0,"comment_status":"closed","ping_status":"closed","sticky":false,"template":"","format":"standard","meta":{"footnotes":""},"categories":[1179],"tags":[],"source":[1703],"supertag":[],"acf":[],"yoast_head":"<!-- This site is optimized with the Yoast SEO plugin v21.3 - https:\/\/yoast.com\/wordpress\/plugins\/seo\/ -->\n<title>Vse ve\u010d jih je brez dela ve\u010d kot eno leto - Hudo Slovenija<\/title>\n<meta name=\"robots\" content=\"index, follow, max-snippet:-1, max-image-preview:large, max-video-preview:-1\" \/>\n<link rel=\"canonical\" href=\"https:\/\/hudo.com\/si\/aktualno\/vse-vec-jih-je-brez-dela-vec-kot-eno-leto\/\" \/>\n<meta property=\"og:locale\" content=\"sl_SI\" \/>\n<meta property=\"og:type\" content=\"article\" \/>\n<meta property=\"og:title\" content=\"Vse ve\u010d jih je brez dela ve\u010d kot eno leto - Hudo Slovenija\" \/>\n<meta property=\"og:description\" content=\"Kategorija: Ljubljana Sat, 27 Aug 2016 09:00:00 +0200 Ljubljana \u2013 Medtem ko je \u010dedalje manj registriranih brezposelnih \u2013 zadnja stopnja registrirane brezposelnosti je bila najni\u017eja po letu 2010 \u2013, se po drugi strani pove\u010duje odstotek dolgotrajno brezposelnih. Ve\u010d kot polovica brezposelnih Ljubljan\u010danov je brez dela ve\u010d kot eno leto. V zadnjem letu in pol, kolikor je prijavljena v evidenco brezposelnih, potem ko je bila odpu\u0161\u010dena, ni bilo nobenega primernega razpisa za delovno mesto z visoko\u0161olsko izobrazbo. \u00bbPravzaprav mi je najbolje, \u010de me na zavodu pustijo pri miru, in pustijo me, ker ni razpisov,\u00ab pravi brezposelna Ljubljan\u010danka, ki no\u010de biti imenovana. Je ena od 14.887 brezposelnih, kolikor jih je bilo konec julija vpisanih v uradno evidenco zavoda za zaposlovanje v ljubljanski ob\u010dini. In \u010deprav je v zadnjih mesecih \u010dedalje manj registriranih brezposelnih (podobno je na ravni dr\u017eave), skrb vzbuja\u00a0...\" \/>\n<meta property=\"og:url\" content=\"https:\/\/hudo.com\/si\/aktualno\/vse-vec-jih-je-brez-dela-vec-kot-eno-leto\/\" \/>\n<meta property=\"og:site_name\" content=\"Hudo Slovenija\" \/>\n<meta property=\"article:publisher\" content=\"https:\/\/www.facebook.com\/hudo.si\" \/>\n<meta property=\"article:published_time\" content=\"2016-08-27T05:00:00+00:00\" \/>\n<meta property=\"og:image\" content=\"https:\/\/hudo.com\/si\/wp-content\/uploads\/sites\/2\/2016\/08\/480x290_Ljubljanska__djvu_2361322_m_hires0.jpeg\" \/>\n\t<meta property=\"og:image:width\" content=\"480\" \/>\n\t<meta property=\"og:image:height\" content=\"290\" \/>\n\t<meta property=\"og:image:type\" content=\"image\/jpeg\" \/>\n<meta name=\"author\" content=\"hudo\" \/>\n<meta name=\"twitter:card\" content=\"summary_large_image\" \/>\n<meta name=\"twitter:creator\" content=\"@hudo_si\" \/>\n<meta name=\"twitter:site\" content=\"@hudo_si\" \/>\n<meta name=\"twitter:label1\" content=\"Written by\" \/>\n\t<meta name=\"twitter:data1\" content=\"hudo\" \/>\n\t<meta name=\"twitter:label2\" content=\"Est. reading time\" \/>\n\t<meta name=\"twitter:data2\" content=\"1 minuta\" \/>\n<script type=\"application\/ld+json\" class=\"yoast-schema-graph\">{\"@context\":\"https:\/\/schema.org\",\"@graph\":[{\"@type\":\"Article\",\"@id\":\"https:\/\/hudo.com\/si\/aktualno\/vse-vec-jih-je-brez-dela-vec-kot-eno-leto\/#article\",\"isPartOf\":{\"@id\":\"https:\/\/hudo.com\/si\/aktualno\/vse-vec-jih-je-brez-dela-vec-kot-eno-leto\/\"},\"author\":{\"name\":\"hudo\",\"@id\":\"https:\/\/hudo.com\/si\/#\/schema\/person\/601cf3379633985b20f7e50f2bb47707\"},\"headline\":\"Vse ve\u010d jih je brez dela ve\u010d kot eno leto\",\"datePublished\":\"2016-08-27T05:00:00+00:00\",\"dateModified\":\"2016-08-27T05:00:00+00:00\",\"mainEntityOfPage\":{\"@id\":\"https:\/\/hudo.com\/si\/aktualno\/vse-vec-jih-je-brez-dela-vec-kot-eno-leto\/\"},\"wordCount\":148,\"publisher\":{\"@id\":\"https:\/\/hudo.com\/si\/#organization\"},\"articleSection\":[\"Aktualno\"],\"inLanguage\":\"sl-SI\"},{\"@type\":\"WebPage\",\"@id\":\"https:\/\/hudo.com\/si\/aktualno\/vse-vec-jih-je-brez-dela-vec-kot-eno-leto\/\",\"url\":\"https:\/\/hudo.com\/si\/aktualno\/vse-vec-jih-je-brez-dela-vec-kot-eno-leto\/\",\"name\":\"Vse ve\u010d jih je brez dela ve\u010d kot eno leto - Hudo Slovenija\",\"isPartOf\":{\"@id\":\"https:\/\/hudo.com\/si\/#website\"},\"datePublished\":\"2016-08-27T05:00:00+00:00\",\"dateModified\":\"2016-08-27T05:00:00+00:00\",\"breadcrumb\":{\"@id\":\"https:\/\/hudo.com\/si\/aktualno\/vse-vec-jih-je-brez-dela-vec-kot-eno-leto\/#breadcrumb\"},\"inLanguage\":\"sl-SI\",\"potentialAction\":[{\"@type\":\"ReadAction\",\"target\":[\"https:\/\/hudo.com\/si\/aktualno\/vse-vec-jih-je-brez-dela-vec-kot-eno-leto\/\"]}]},{\"@type\":\"BreadcrumbList\",\"@id\":\"https:\/\/hudo.com\/si\/aktualno\/vse-vec-jih-je-brez-dela-vec-kot-eno-leto\/#breadcrumb\",\"itemListElement\":[{\"@type\":\"ListItem\",\"position\":1,\"name\":\"Home\",\"item\":\"https:\/\/hudo.com\/si\/\"},{\"@type\":\"ListItem\",\"position\":2,\"name\":\"Vse ve\u010d jih je brez dela ve\u010d kot eno leto\"}]},{\"@type\":\"WebSite\",\"@id\":\"https:\/\/hudo.com\/si\/#website\",\"url\":\"https:\/\/hudo.com\/si\/\",\"name\":\"Hudo Slovenija\",\"description\":\"Vse novice iz Slovenije in sveta\",\"publisher\":{\"@id\":\"https:\/\/hudo.com\/si\/#organization\"},\"potentialAction\":[{\"@type\":\"SearchAction\",\"target\":{\"@type\":\"EntryPoint\",\"urlTemplate\":\"https:\/\/hudo.com\/si\/?s={search_term_string}\"},\"query-input\":\"required name=search_term_string\"}],\"inLanguage\":\"sl-SI\"},{\"@type\":\"Organization\",\"@id\":\"https:\/\/hudo.com\/si\/#organization\",\"name\":\"VSN Media\",\"url\":\"https:\/\/hudo.com\/si\/\",\"logo\":{\"@type\":\"ImageObject\",\"inLanguage\":\"sl-SI\",\"@id\":\"https:\/\/hudo.com\/si\/#\/schema\/logo\/image\/\",\"url\":\"https:\/\/hudo.com\/si\/wp-content\/uploads\/sites\/2\/2021\/03\/hudo-app-2.png\",\"contentUrl\":\"https:\/\/hudo.com\/si\/wp-content\/uploads\/sites\/2\/2021\/03\/hudo-app-2.png\",\"width\":2185,\"height\":2167,\"caption\":\"VSN Media\"},\"image\":{\"@id\":\"https:\/\/hudo.com\/si\/#\/schema\/logo\/image\/\"},\"sameAs\":[\"https:\/\/www.facebook.com\/hudo.si\",\"https:\/\/twitter.com\/hudo_si\"]},{\"@type\":\"Person\",\"@id\":\"https:\/\/hudo.com\/si\/#\/schema\/person\/601cf3379633985b20f7e50f2bb47707\",\"name\":\"hudo\",\"image\":{\"@type\":\"ImageObject\",\"inLanguage\":\"sl-SI\",\"@id\":\"https:\/\/hudo.com\/si\/#\/schema\/person\/image\/\",\"url\":\"https:\/\/secure.gravatar.com\/avatar\/c4ca25fa72cace7a696b52ff5db9e095?s=96&d=mm&r=g\",\"contentUrl\":\"https:\/\/secure.gravatar.com\/avatar\/c4ca25fa72cace7a696b52ff5db9e095?s=96&d=mm&r=g\",\"caption\":\"hudo\"},\"url\":\"https:\/\/hudo.com\/si\/author\/hudo\/\"}]}<\/script>\n<!-- \/ Yoast SEO plugin. -->","yoast_head_json":{"title":"Vse ve\u010d jih je brez dela ve\u010d kot eno leto - Hudo Slovenija","robots":{"index":"index","follow":"follow","max-snippet":"max-snippet:-1","max-image-preview":"max-image-preview:large","max-video-preview":"max-video-preview:-1"},"canonical":"https:\/\/hudo.com\/si\/aktualno\/vse-vec-jih-je-brez-dela-vec-kot-eno-leto\/","og_locale":"sl_SI","og_type":"article","og_title":"Vse ve\u010d jih je brez dela ve\u010d kot eno leto - Hudo Slovenija","og_description":"Kategorija: Ljubljana Sat, 27 Aug 2016 09:00:00 +0200 Ljubljana \u2013 Medtem ko je \u010dedalje manj registriranih brezposelnih \u2013 zadnja stopnja registrirane brezposelnosti je bila najni\u017eja po letu 2010 \u2013, se po drugi strani pove\u010duje odstotek dolgotrajno brezposelnih. Ve\u010d kot polovica brezposelnih Ljubljan\u010danov je brez dela ve\u010d kot eno leto. V zadnjem letu in pol, kolikor je prijavljena v evidenco brezposelnih, potem ko je bila odpu\u0161\u010dena, ni bilo nobenega primernega razpisa za delovno mesto z visoko\u0161olsko izobrazbo. \u00bbPravzaprav mi je najbolje, \u010de me na zavodu pustijo pri miru, in pustijo me, ker ni razpisov,\u00ab pravi brezposelna Ljubljan\u010danka, ki no\u010de biti imenovana. Je ena od 14.887 brezposelnih, kolikor jih je bilo konec julija vpisanih v uradno evidenco zavoda za zaposlovanje v ljubljanski ob\u010dini. In \u010deprav je v zadnjih mesecih \u010dedalje manj registriranih brezposelnih (podobno je na ravni dr\u017eave), skrb vzbuja\u00a0...","og_url":"https:\/\/hudo.com\/si\/aktualno\/vse-vec-jih-je-brez-dela-vec-kot-eno-leto\/","og_site_name":"Hudo Slovenija","article_publisher":"https:\/\/www.facebook.com\/hudo.si","article_published_time":"2016-08-27T05:00:00+00:00","og_image":[{"width":480,"height":290,"url":"https:\/\/hudo.com\/si\/wp-content\/uploads\/sites\/2\/2016\/08\/480x290_Ljubljanska__djvu_2361322_m_hires0.jpeg","type":"image\/jpeg"}],"author":"hudo","twitter_card":"summary_large_image","twitter_creator":"@hudo_si","twitter_site":"@hudo_si","twitter_misc":{"Written by":"hudo","Est. reading time":"1 minuta"},"schema":{"@context":"https:\/\/schema.org","@graph":[{"@type":"Article","@id":"https:\/\/hudo.com\/si\/aktualno\/vse-vec-jih-je-brez-dela-vec-kot-eno-leto\/#article","isPartOf":{"@id":"https:\/\/hudo.com\/si\/aktualno\/vse-vec-jih-je-brez-dela-vec-kot-eno-leto\/"},"author":{"name":"hudo","@id":"https:\/\/hudo.com\/si\/#\/schema\/person\/601cf3379633985b20f7e50f2bb47707"},"headline":"Vse ve\u010d jih je brez dela ve\u010d kot eno leto","datePublished":"2016-08-27T05:00:00+00:00","dateModified":"2016-08-27T05:00:00+00:00","mainEntityOfPage":{"@id":"https:\/\/hudo.com\/si\/aktualno\/vse-vec-jih-je-brez-dela-vec-kot-eno-leto\/"},"wordCount":148,"publisher":{"@id":"https:\/\/hudo.com\/si\/#organization"},"articleSection":["Aktualno"],"inLanguage":"sl-SI"},{"@type":"WebPage","@id":"https:\/\/hudo.com\/si\/aktualno\/vse-vec-jih-je-brez-dela-vec-kot-eno-leto\/","url":"https:\/\/hudo.com\/si\/aktualno\/vse-vec-jih-je-brez-dela-vec-kot-eno-leto\/","name":"Vse ve\u010d jih je brez dela ve\u010d kot eno leto - Hudo Slovenija","isPartOf":{"@id":"https:\/\/hudo.com\/si\/#website"},"datePublished":"2016-08-27T05:00:00+00:00","dateModified":"2016-08-27T05:00:00+00:00","breadcrumb":{"@id":"https:\/\/hudo.com\/si\/aktualno\/vse-vec-jih-je-brez-dela-vec-kot-eno-leto\/#breadcrumb"},"inLanguage":"sl-SI","potentialAction":[{"@type":"ReadAction","target":["https:\/\/hudo.com\/si\/aktualno\/vse-vec-jih-je-brez-dela-vec-kot-eno-leto\/"]}]},{"@type":"BreadcrumbList","@id":"https:\/\/hudo.com\/si\/aktualno\/vse-vec-jih-je-brez-dela-vec-kot-eno-leto\/#breadcrumb","itemListElement":[{"@type":"ListItem","position":1,"name":"Home","item":"https:\/\/hudo.com\/si\/"},{"@type":"ListItem","position":2,"name":"Vse ve\u010d jih je brez dela ve\u010d kot eno leto"}]},{"@type":"WebSite","@id":"https:\/\/hudo.com\/si\/#website","url":"https:\/\/hudo.com\/si\/","name":"Hudo Slovenija","description":"Vse novice iz Slovenije in sveta","publisher":{"@id":"https:\/\/hudo.com\/si\/#organization"},"potentialAction":[{"@type":"SearchAction","target":{"@type":"EntryPoint","urlTemplate":"https:\/\/hudo.com\/si\/?s={search_term_string}"},"query-input":"required name=search_term_string"}],"inLanguage":"sl-SI"},{"@type":"Organization","@id":"https:\/\/hudo.com\/si\/#organization","name":"VSN Media","url":"https:\/\/hudo.com\/si\/","logo":{"@type":"ImageObject","inLanguage":"sl-SI","@id":"https:\/\/hudo.com\/si\/#\/schema\/logo\/image\/","url":"https:\/\/hudo.com\/si\/wp-content\/uploads\/sites\/2\/2021\/03\/hudo-app-2.png","contentUrl":"https:\/\/hudo.com\/si\/wp-content\/uploads\/sites\/2\/2021\/03\/hudo-app-2.png","width":2185,"height":2167,"caption":"VSN Media"},"image":{"@id":"https:\/\/hudo.com\/si\/#\/schema\/logo\/image\/"},"sameAs":["https:\/\/www.facebook.com\/hudo.si","https:\/\/twitter.com\/hudo_si"]},{"@type":"Person","@id":"https:\/\/hudo.com\/si\/#\/schema\/person\/601cf3379633985b20f7e50f2bb47707","name":"hudo","image":{"@type":"ImageObject","inLanguage":"sl-SI","@id":"https:\/\/hudo.com\/si\/#\/schema\/person\/image\/","url":"https:\/\/secure.gravatar.com\/avatar\/c4ca25fa72cace7a696b52ff5db9e095?s=96&d=mm&r=g","contentUrl":"https:\/\/secure.gravatar.com\/avatar\/c4ca25fa72cace7a696b52ff5db9e095?s=96&d=mm&r=g","caption":"hudo"},"url":"https:\/\/hudo.com\/si\/author\/hudo\/"}]}},"amp_enabled":true,"_links":{"self":[{"href":"https:\/\/hudo.com\/si\/wp-json\/wp\/v2\/posts\/121295"}],"collection":[{"href":"https:\/\/hudo.com\/si\/wp-json\/wp\/v2\/posts"}],"about":[{"href":"https:\/\/hudo.com\/si\/wp-json\/wp\/v2\/types\/post"}],"author":[{"embeddable":true,"href":"https:\/\/hudo.com\/si\/wp-json\/wp\/v2\/users\/1"}],"replies":[{"embeddable":true,"href":"https:\/\/hudo.com\/si\/wp-json\/wp\/v2\/comments?post=121295"}],"version-history":[{"count":0,"href":"https:\/\/hudo.com\/si\/wp-json\/wp\/v2\/posts\/121295\/revisions"}],"wp:attachment":[{"href":"https:\/\/hudo.com\/si\/wp-json\/wp\/v2\/media?parent=121295"}],"wp:term":[{"taxonomy":"category","embeddable":true,"href":"https:\/\/hudo.com\/si\/wp-json\/wp\/v2\/categories?post=121295"},{"taxonomy":"post_tag","embeddable":true,"href":"https:\/\/hudo.com\/si\/wp-json\/wp\/v2\/tags?post=121295"},{"taxonomy":"source","embeddable":true,"href":"https:\/\/hudo.com\/si\/wp-json\/wp\/v2\/source?post=121295"},{"taxonomy":"supertag","embeddable":true,"href":"https:\/\/hudo.com\/si\/wp-json\/wp\/v2\/supertag?post=121295"}],"curies":[{"name":"wp","href":"https:\/\/api.w.org\/{rel}","templated":true}]}}