{"id":121307,"date":"2016-08-27T06:30:00","date_gmt":"2016-08-27T04:30:00","guid":{"rendered":"http:\/\/hudo.com\/si\/2016\/08\/27\/v-italiji-dan-zalovanja-za-zrtvami-rusilnega-potresa\/"},"modified":"2016-08-27T06:30:00","modified_gmt":"2016-08-27T04:30:00","slug":"v-italiji-dan-zalovanja-za-zrtvami-rusilnega-potresa","status":"publish","type":"post","link":"https:\/\/hudo.com\/si\/aktualno\/v-italiji-dan-zalovanja-za-zrtvami-rusilnega-potresa\/","title":{"rendered":"V Italiji dan \u017ealovanja za \u017ertvami ru\u0161ilnega potresa"},"content":{"rendered":"<p>V Italiji so dana\u0161nji dan razglasili za dan \u017ealovanja za \u017ertvami ru\u0161ilnega potresa, ki je osrednji del dr\u017eave prizadel v sredo. V katedrali v kraju Ascoli Piceno bo potekala \u017ealna slovesnost v spomin na \u017ertve potresa iz de\u017eele Marke, ki se je bosta udele\u017eila tudi italijanski predsednik Sergio Mattarella in premier Matteo Renzi. Danes bodo zastave na javnih zgradbah po vsej Italiji spu\u0161\u010dene na pol druga. V kraju Ascoli Piceno bodo z dr\u017eavnimi \u010dastmi pokopali prvih 40 \u017ertev potresa. V potresu, ki je v sredo prizadel osrednjo Italijo, je po najnovej\u0161ih podatkih italijanske civilne za\u0161\u010dite umrlo 278 ljudi, okoli 400 jih je bilo ranjenih. V torek naj bi \u017ealno slovesnost za \u017ertve pripravili tudi v kraju Amatrice, ki ga je potres prizadel najbolj in kjer je \u017eivljenje po zadnjih podatkih izgubilo 207 ljudi. Tudi tam pri\u010dakujejo Renzija. Re\u0161evalci \u0161e vedno i\u0161\u010dejo morebitne pre\u017eivele, a je upanja, da bi jih na\u0161li, vse manj. Iz ru\u0161evin so doslej re\u0161ili 238 ljudi, njihove napore pa ote\u017eujejo popotresni sunki. Potem ko v de\u017eeli Marke ni ve\u010d poro\u010dil o pogre\u0161anih, se iskanje osredoto\u010da predvsem na Amatrice. Tam pogre\u0161ajo \u0161e okoli 15 ljudi, je povedal \u017eupan Sergio Pirozzi. Med \u017ertvami potresa je tudi ve\u010d tujih dr\u017eavljanov.Svet<\/p>\n","protected":false},"excerpt":{"rendered":"<p>V Italiji so dana\u0161nji dan razglasili za dan \u017ealovanja za \u017ertvami ru\u0161ilnega potresa, ki je osrednji del dr\u017eave prizadel v sredo. V katedrali v kraju Ascoli Piceno bo potekala \u017ealna slovesnost v spomin na \u017ertve potresa iz de\u017eele Marke, ki se je bosta udele\u017eila tudi italijanski predsednik Sergio Mattarella in premier Matteo Renzi. Danes bodo zastave na javnih zgradbah po vsej Italiji spu\u0161\u010dene na pol druga. V kraju Ascoli Piceno bodo z dr\u017eavnimi \u010dastmi pokopali prvih 40 \u017ertev potresa. V potresu, ki je v sredo prizadel osrednjo Italijo, je po najnovej\u0161ih podatkih italijanske civilne za\u0161\u010dite umrlo 278 ljudi, okoli 400 jih je bilo ranjenih. V torek naj bi \u017ealno slovesnost za \u017ertve pripravili tudi v kraju Amatrice, ki ga je potres prizadel najbolj in kjer je \u017eivljenje po zadnjih podatkih izgubilo 207 ljudi. Tudi tam pri\u010dakujejo Renzija. Re\u0161evalci \u0161e vedno i\u0161\u010dejo morebitne pre\u017eivele, a je upanja, da bi jih na\u0161li, vse manj. Iz ru\u0161evin so doslej re\u0161ili 238 ljudi, njihove napore pa ote\u017eujejo popotresni sunki. Potem ko v de\u017eeli Marke ni ve\u010d poro\u010dil o pogre\u0161anih, se iskanje osredoto\u010da predvsem na Amatrice. Tam pogre\u0161ajo \u0161e okoli 15 ljudi, je povedal \u017eupan Sergio Pirozzi. Med \u017ertvami potresa je tudi ve\u010d tujih dr\u017eavljanov.Svet<\/p>\n","protected":false},"author":1,"featured_media":0,"comment_status":"closed","ping_status":"closed","sticky":false,"template":"","format":"standard","meta":{"footnotes":""},"categories":[1179],"tags":[],"source":[1711],"supertag":[],"acf":[],"yoast_head":"<!-- This site is optimized with the Yoast SEO plugin v21.3 - https:\/\/yoast.com\/wordpress\/plugins\/seo\/ -->\n<title>V Italiji dan \u017ealovanja za \u017ertvami ru\u0161ilnega potresa - Hudo Slovenija<\/title>\n<meta name=\"robots\" content=\"index, follow, max-snippet:-1, max-image-preview:large, max-video-preview:-1\" \/>\n<link rel=\"canonical\" href=\"https:\/\/hudo.com\/si\/aktualno\/v-italiji-dan-zalovanja-za-zrtvami-rusilnega-potresa\/\" \/>\n<meta property=\"og:locale\" content=\"sl_SI\" \/>\n<meta property=\"og:type\" content=\"article\" \/>\n<meta property=\"og:title\" content=\"V Italiji dan \u017ealovanja za \u017ertvami ru\u0161ilnega potresa - Hudo Slovenija\" \/>\n<meta property=\"og:description\" content=\"V Italiji so dana\u0161nji dan razglasili za dan \u017ealovanja za \u017ertvami ru\u0161ilnega potresa, ki je osrednji del dr\u017eave prizadel v sredo. V katedrali v kraju Ascoli Piceno bo potekala \u017ealna slovesnost v spomin na \u017ertve potresa iz de\u017eele Marke, ki se je bosta udele\u017eila tudi italijanski predsednik Sergio Mattarella in premier Matteo Renzi. Danes bodo zastave na javnih zgradbah po vsej Italiji spu\u0161\u010dene na pol druga. V kraju Ascoli Piceno bodo z dr\u017eavnimi \u010dastmi pokopali prvih 40 \u017ertev potresa. V potresu, ki je v sredo prizadel osrednjo Italijo, je po najnovej\u0161ih podatkih italijanske civilne za\u0161\u010dite umrlo 278 ljudi, okoli 400 jih je bilo ranjenih. V torek naj bi \u017ealno slovesnost za \u017ertve pripravili tudi v kraju Amatrice, ki ga je potres prizadel najbolj in kjer je \u017eivljenje po zadnjih podatkih izgubilo 207 ljudi. Tudi tam pri\u010dakujejo Renzija. Re\u0161evalci \u0161e vedno i\u0161\u010dejo morebitne pre\u017eivele, a je upanja, da bi jih na\u0161li, vse manj. Iz ru\u0161evin so doslej re\u0161ili 238 ljudi, njihove napore pa ote\u017eujejo popotresni sunki. Potem ko v de\u017eeli Marke ni ve\u010d poro\u010dil o pogre\u0161anih, se iskanje osredoto\u010da predvsem na Amatrice. Tam pogre\u0161ajo \u0161e okoli 15 ljudi, je povedal \u017eupan Sergio Pirozzi. Med \u017ertvami potresa je tudi ve\u010d tujih dr\u017eavljanov.Svet\" \/>\n<meta property=\"og:url\" content=\"https:\/\/hudo.com\/si\/aktualno\/v-italiji-dan-zalovanja-za-zrtvami-rusilnega-potresa\/\" \/>\n<meta property=\"og:site_name\" content=\"Hudo Slovenija\" \/>\n<meta property=\"article:publisher\" content=\"https:\/\/www.facebook.com\/hudo.si\" \/>\n<meta property=\"article:published_time\" content=\"2016-08-27T04:30:00+00:00\" \/>\n<meta property=\"og:image\" content=\"https:\/\/hudo.com\/si\/wp-content\/uploads\/sites\/2\/2016\/08\/MDF30744-300.jpg\" \/>\n\t<meta property=\"og:image:width\" content=\"450\" \/>\n\t<meta property=\"og:image:height\" content=\"269\" \/>\n\t<meta property=\"og:image:type\" content=\"image\/jpeg\" \/>\n<meta name=\"author\" content=\"hudo\" \/>\n<meta name=\"twitter:card\" content=\"summary_large_image\" \/>\n<meta name=\"twitter:creator\" content=\"@hudo_si\" \/>\n<meta name=\"twitter:site\" content=\"@hudo_si\" \/>\n<meta name=\"twitter:label1\" content=\"Written by\" \/>\n\t<meta name=\"twitter:data1\" content=\"hudo\" \/>\n\t<meta name=\"twitter:label2\" content=\"Est. reading time\" \/>\n\t<meta name=\"twitter:data2\" content=\"1 minuta\" \/>\n<script type=\"application\/ld+json\" class=\"yoast-schema-graph\">{\"@context\":\"https:\/\/schema.org\",\"@graph\":[{\"@type\":\"Article\",\"@id\":\"https:\/\/hudo.com\/si\/aktualno\/v-italiji-dan-zalovanja-za-zrtvami-rusilnega-potresa\/#article\",\"isPartOf\":{\"@id\":\"https:\/\/hudo.com\/si\/aktualno\/v-italiji-dan-zalovanja-za-zrtvami-rusilnega-potresa\/\"},\"author\":{\"name\":\"hudo\",\"@id\":\"https:\/\/hudo.com\/si\/#\/schema\/person\/601cf3379633985b20f7e50f2bb47707\"},\"headline\":\"V Italiji dan \u017ealovanja za \u017ertvami ru\u0161ilnega potresa\",\"datePublished\":\"2016-08-27T04:30:00+00:00\",\"dateModified\":\"2016-08-27T04:30:00+00:00\",\"mainEntityOfPage\":{\"@id\":\"https:\/\/hudo.com\/si\/aktualno\/v-italiji-dan-zalovanja-za-zrtvami-rusilnega-potresa\/\"},\"wordCount\":227,\"publisher\":{\"@id\":\"https:\/\/hudo.com\/si\/#organization\"},\"articleSection\":[\"Aktualno\"],\"inLanguage\":\"sl-SI\"},{\"@type\":\"WebPage\",\"@id\":\"https:\/\/hudo.com\/si\/aktualno\/v-italiji-dan-zalovanja-za-zrtvami-rusilnega-potresa\/\",\"url\":\"https:\/\/hudo.com\/si\/aktualno\/v-italiji-dan-zalovanja-za-zrtvami-rusilnega-potresa\/\",\"name\":\"V Italiji dan \u017ealovanja za \u017ertvami ru\u0161ilnega potresa - Hudo Slovenija\",\"isPartOf\":{\"@id\":\"https:\/\/hudo.com\/si\/#website\"},\"datePublished\":\"2016-08-27T04:30:00+00:00\",\"dateModified\":\"2016-08-27T04:30:00+00:00\",\"breadcrumb\":{\"@id\":\"https:\/\/hudo.com\/si\/aktualno\/v-italiji-dan-zalovanja-za-zrtvami-rusilnega-potresa\/#breadcrumb\"},\"inLanguage\":\"sl-SI\",\"potentialAction\":[{\"@type\":\"ReadAction\",\"target\":[\"https:\/\/hudo.com\/si\/aktualno\/v-italiji-dan-zalovanja-za-zrtvami-rusilnega-potresa\/\"]}]},{\"@type\":\"BreadcrumbList\",\"@id\":\"https:\/\/hudo.com\/si\/aktualno\/v-italiji-dan-zalovanja-za-zrtvami-rusilnega-potresa\/#breadcrumb\",\"itemListElement\":[{\"@type\":\"ListItem\",\"position\":1,\"name\":\"Home\",\"item\":\"https:\/\/hudo.com\/si\/\"},{\"@type\":\"ListItem\",\"position\":2,\"name\":\"V Italiji dan \u017ealovanja za \u017ertvami ru\u0161ilnega potresa\"}]},{\"@type\":\"WebSite\",\"@id\":\"https:\/\/hudo.com\/si\/#website\",\"url\":\"https:\/\/hudo.com\/si\/\",\"name\":\"Hudo Slovenija\",\"description\":\"Vse novice iz Slovenije in sveta\",\"publisher\":{\"@id\":\"https:\/\/hudo.com\/si\/#organization\"},\"potentialAction\":[{\"@type\":\"SearchAction\",\"target\":{\"@type\":\"EntryPoint\",\"urlTemplate\":\"https:\/\/hudo.com\/si\/?s={search_term_string}\"},\"query-input\":\"required name=search_term_string\"}],\"inLanguage\":\"sl-SI\"},{\"@type\":\"Organization\",\"@id\":\"https:\/\/hudo.com\/si\/#organization\",\"name\":\"VSN Media\",\"url\":\"https:\/\/hudo.com\/si\/\",\"logo\":{\"@type\":\"ImageObject\",\"inLanguage\":\"sl-SI\",\"@id\":\"https:\/\/hudo.com\/si\/#\/schema\/logo\/image\/\",\"url\":\"https:\/\/hudo.com\/si\/wp-content\/uploads\/sites\/2\/2021\/03\/hudo-app-2.png\",\"contentUrl\":\"https:\/\/hudo.com\/si\/wp-content\/uploads\/sites\/2\/2021\/03\/hudo-app-2.png\",\"width\":2185,\"height\":2167,\"caption\":\"VSN Media\"},\"image\":{\"@id\":\"https:\/\/hudo.com\/si\/#\/schema\/logo\/image\/\"},\"sameAs\":[\"https:\/\/www.facebook.com\/hudo.si\",\"https:\/\/twitter.com\/hudo_si\"]},{\"@type\":\"Person\",\"@id\":\"https:\/\/hudo.com\/si\/#\/schema\/person\/601cf3379633985b20f7e50f2bb47707\",\"name\":\"hudo\",\"image\":{\"@type\":\"ImageObject\",\"inLanguage\":\"sl-SI\",\"@id\":\"https:\/\/hudo.com\/si\/#\/schema\/person\/image\/\",\"url\":\"https:\/\/secure.gravatar.com\/avatar\/c4ca25fa72cace7a696b52ff5db9e095?s=96&d=mm&r=g\",\"contentUrl\":\"https:\/\/secure.gravatar.com\/avatar\/c4ca25fa72cace7a696b52ff5db9e095?s=96&d=mm&r=g\",\"caption\":\"hudo\"},\"url\":\"https:\/\/hudo.com\/si\/author\/hudo\/\"}]}<\/script>\n<!-- \/ Yoast SEO plugin. -->","yoast_head_json":{"title":"V Italiji dan \u017ealovanja za \u017ertvami ru\u0161ilnega potresa - Hudo Slovenija","robots":{"index":"index","follow":"follow","max-snippet":"max-snippet:-1","max-image-preview":"max-image-preview:large","max-video-preview":"max-video-preview:-1"},"canonical":"https:\/\/hudo.com\/si\/aktualno\/v-italiji-dan-zalovanja-za-zrtvami-rusilnega-potresa\/","og_locale":"sl_SI","og_type":"article","og_title":"V Italiji dan \u017ealovanja za \u017ertvami ru\u0161ilnega potresa - Hudo Slovenija","og_description":"V Italiji so dana\u0161nji dan razglasili za dan \u017ealovanja za \u017ertvami ru\u0161ilnega potresa, ki je osrednji del dr\u017eave prizadel v sredo. V katedrali v kraju Ascoli Piceno bo potekala \u017ealna slovesnost v spomin na \u017ertve potresa iz de\u017eele Marke, ki se je bosta udele\u017eila tudi italijanski predsednik Sergio Mattarella in premier Matteo Renzi. Danes bodo zastave na javnih zgradbah po vsej Italiji spu\u0161\u010dene na pol druga. V kraju Ascoli Piceno bodo z dr\u017eavnimi \u010dastmi pokopali prvih 40 \u017ertev potresa. V potresu, ki je v sredo prizadel osrednjo Italijo, je po najnovej\u0161ih podatkih italijanske civilne za\u0161\u010dite umrlo 278 ljudi, okoli 400 jih je bilo ranjenih. V torek naj bi \u017ealno slovesnost za \u017ertve pripravili tudi v kraju Amatrice, ki ga je potres prizadel najbolj in kjer je \u017eivljenje po zadnjih podatkih izgubilo 207 ljudi. Tudi tam pri\u010dakujejo Renzija. Re\u0161evalci \u0161e vedno i\u0161\u010dejo morebitne pre\u017eivele, a je upanja, da bi jih na\u0161li, vse manj. Iz ru\u0161evin so doslej re\u0161ili 238 ljudi, njihove napore pa ote\u017eujejo popotresni sunki. Potem ko v de\u017eeli Marke ni ve\u010d poro\u010dil o pogre\u0161anih, se iskanje osredoto\u010da predvsem na Amatrice. Tam pogre\u0161ajo \u0161e okoli 15 ljudi, je povedal \u017eupan Sergio Pirozzi. Med \u017ertvami potresa je tudi ve\u010d tujih dr\u017eavljanov.Svet","og_url":"https:\/\/hudo.com\/si\/aktualno\/v-italiji-dan-zalovanja-za-zrtvami-rusilnega-potresa\/","og_site_name":"Hudo Slovenija","article_publisher":"https:\/\/www.facebook.com\/hudo.si","article_published_time":"2016-08-27T04:30:00+00:00","og_image":[{"width":450,"height":269,"url":"https:\/\/hudo.com\/si\/wp-content\/uploads\/sites\/2\/2016\/08\/MDF30744-300.jpg","type":"image\/jpeg"}],"author":"hudo","twitter_card":"summary_large_image","twitter_creator":"@hudo_si","twitter_site":"@hudo_si","twitter_misc":{"Written by":"hudo","Est. reading time":"1 minuta"},"schema":{"@context":"https:\/\/schema.org","@graph":[{"@type":"Article","@id":"https:\/\/hudo.com\/si\/aktualno\/v-italiji-dan-zalovanja-za-zrtvami-rusilnega-potresa\/#article","isPartOf":{"@id":"https:\/\/hudo.com\/si\/aktualno\/v-italiji-dan-zalovanja-za-zrtvami-rusilnega-potresa\/"},"author":{"name":"hudo","@id":"https:\/\/hudo.com\/si\/#\/schema\/person\/601cf3379633985b20f7e50f2bb47707"},"headline":"V Italiji dan \u017ealovanja za \u017ertvami ru\u0161ilnega potresa","datePublished":"2016-08-27T04:30:00+00:00","dateModified":"2016-08-27T04:30:00+00:00","mainEntityOfPage":{"@id":"https:\/\/hudo.com\/si\/aktualno\/v-italiji-dan-zalovanja-za-zrtvami-rusilnega-potresa\/"},"wordCount":227,"publisher":{"@id":"https:\/\/hudo.com\/si\/#organization"},"articleSection":["Aktualno"],"inLanguage":"sl-SI"},{"@type":"WebPage","@id":"https:\/\/hudo.com\/si\/aktualno\/v-italiji-dan-zalovanja-za-zrtvami-rusilnega-potresa\/","url":"https:\/\/hudo.com\/si\/aktualno\/v-italiji-dan-zalovanja-za-zrtvami-rusilnega-potresa\/","name":"V Italiji dan \u017ealovanja za \u017ertvami ru\u0161ilnega potresa - Hudo Slovenija","isPartOf":{"@id":"https:\/\/hudo.com\/si\/#website"},"datePublished":"2016-08-27T04:30:00+00:00","dateModified":"2016-08-27T04:30:00+00:00","breadcrumb":{"@id":"https:\/\/hudo.com\/si\/aktualno\/v-italiji-dan-zalovanja-za-zrtvami-rusilnega-potresa\/#breadcrumb"},"inLanguage":"sl-SI","potentialAction":[{"@type":"ReadAction","target":["https:\/\/hudo.com\/si\/aktualno\/v-italiji-dan-zalovanja-za-zrtvami-rusilnega-potresa\/"]}]},{"@type":"BreadcrumbList","@id":"https:\/\/hudo.com\/si\/aktualno\/v-italiji-dan-zalovanja-za-zrtvami-rusilnega-potresa\/#breadcrumb","itemListElement":[{"@type":"ListItem","position":1,"name":"Home","item":"https:\/\/hudo.com\/si\/"},{"@type":"ListItem","position":2,"name":"V Italiji dan \u017ealovanja za \u017ertvami ru\u0161ilnega potresa"}]},{"@type":"WebSite","@id":"https:\/\/hudo.com\/si\/#website","url":"https:\/\/hudo.com\/si\/","name":"Hudo Slovenija","description":"Vse novice iz Slovenije in sveta","publisher":{"@id":"https:\/\/hudo.com\/si\/#organization"},"potentialAction":[{"@type":"SearchAction","target":{"@type":"EntryPoint","urlTemplate":"https:\/\/hudo.com\/si\/?s={search_term_string}"},"query-input":"required name=search_term_string"}],"inLanguage":"sl-SI"},{"@type":"Organization","@id":"https:\/\/hudo.com\/si\/#organization","name":"VSN Media","url":"https:\/\/hudo.com\/si\/","logo":{"@type":"ImageObject","inLanguage":"sl-SI","@id":"https:\/\/hudo.com\/si\/#\/schema\/logo\/image\/","url":"https:\/\/hudo.com\/si\/wp-content\/uploads\/sites\/2\/2021\/03\/hudo-app-2.png","contentUrl":"https:\/\/hudo.com\/si\/wp-content\/uploads\/sites\/2\/2021\/03\/hudo-app-2.png","width":2185,"height":2167,"caption":"VSN Media"},"image":{"@id":"https:\/\/hudo.com\/si\/#\/schema\/logo\/image\/"},"sameAs":["https:\/\/www.facebook.com\/hudo.si","https:\/\/twitter.com\/hudo_si"]},{"@type":"Person","@id":"https:\/\/hudo.com\/si\/#\/schema\/person\/601cf3379633985b20f7e50f2bb47707","name":"hudo","image":{"@type":"ImageObject","inLanguage":"sl-SI","@id":"https:\/\/hudo.com\/si\/#\/schema\/person\/image\/","url":"https:\/\/secure.gravatar.com\/avatar\/c4ca25fa72cace7a696b52ff5db9e095?s=96&d=mm&r=g","contentUrl":"https:\/\/secure.gravatar.com\/avatar\/c4ca25fa72cace7a696b52ff5db9e095?s=96&d=mm&r=g","caption":"hudo"},"url":"https:\/\/hudo.com\/si\/author\/hudo\/"}]}},"amp_enabled":true,"_links":{"self":[{"href":"https:\/\/hudo.com\/si\/wp-json\/wp\/v2\/posts\/121307"}],"collection":[{"href":"https:\/\/hudo.com\/si\/wp-json\/wp\/v2\/posts"}],"about":[{"href":"https:\/\/hudo.com\/si\/wp-json\/wp\/v2\/types\/post"}],"author":[{"embeddable":true,"href":"https:\/\/hudo.com\/si\/wp-json\/wp\/v2\/users\/1"}],"replies":[{"embeddable":true,"href":"https:\/\/hudo.com\/si\/wp-json\/wp\/v2\/comments?post=121307"}],"version-history":[{"count":0,"href":"https:\/\/hudo.com\/si\/wp-json\/wp\/v2\/posts\/121307\/revisions"}],"wp:attachment":[{"href":"https:\/\/hudo.com\/si\/wp-json\/wp\/v2\/media?parent=121307"}],"wp:term":[{"taxonomy":"category","embeddable":true,"href":"https:\/\/hudo.com\/si\/wp-json\/wp\/v2\/categories?post=121307"},{"taxonomy":"post_tag","embeddable":true,"href":"https:\/\/hudo.com\/si\/wp-json\/wp\/v2\/tags?post=121307"},{"taxonomy":"source","embeddable":true,"href":"https:\/\/hudo.com\/si\/wp-json\/wp\/v2\/source?post=121307"},{"taxonomy":"supertag","embeddable":true,"href":"https:\/\/hudo.com\/si\/wp-json\/wp\/v2\/supertag?post=121307"}],"curies":[{"name":"wp","href":"https:\/\/api.w.org\/{rel}","templated":true}]}}