{"id":121417,"date":"2016-08-27T13:00:00","date_gmt":"2016-08-27T11:00:00","guid":{"rendered":"http:\/\/hudo.com\/si\/2016\/08\/27\/celje-in-krim-mercator-favorita-praznika-pod-zvezdami\/"},"modified":"2016-08-27T13:00:00","modified_gmt":"2016-08-27T11:00:00","slug":"celje-in-krim-mercator-favorita-praznika-pod-zvezdami","status":"publish","type":"post","link":"https:\/\/hudo.com\/si\/aktualno\/celje-in-krim-mercator-favorita-praznika-pod-zvezdami\/","title":{"rendered":"Celje in Krim Mercator favorita praznika pod zvezdami"},"content":{"rendered":"<p>Kategorija: Rokomet Sat, 27 Aug 2016 15:00:00 +0200  Portoro\u017e \u2013 Tretji\u010d zapored bo rokometni superpokal gostil teni\u0161ki center v Portoro\u017eu in tretji\u010d bodo na njem nastopili prvaki iz Celja. Prvi\u010d se jim bodo po robu postavili Kopr\u010dani (20.30). Lovoriko, ki tradicionalno razgrne zastor pred sezono, bodo branile tudi igralke Krima Mercatorja, ki se bodo ob 18. uri pomerile z Zagorjem. \u0160estindvajseta sezona bo precej druga\u010dna od prej\u0161njih. Celje in Gorenje bosta do pomladi igrala v ligi SEHA in se bosta DP pridru\u017eila \u0161ele v kon\u010dnici. Do takrat se bo za \u0161tiri mesta v njej merilo ducat prvoliga\u0161ev, med katerimi bodo med favorite sodili Kopr\u010dani, ki so nazadnje zasedli \u010detrto mesto in si prislu\u017eili igranje v kvalifikacijah pokala EHF. Celjani, ki so 1. SRL osvojili trikrat zapored, bodo kajpak favoriti, a trener Branko Tam\u0161e, ki ni oddal niti ene\u00a0&#8230;<\/p>\n","protected":false},"excerpt":{"rendered":"<p>Kategorija: Rokomet Sat, 27 Aug 2016 15:00:00 +0200  Portoro\u017e \u2013 Tretji\u010d zapored bo rokometni superpokal gostil teni\u0161ki center v Portoro\u017eu in tretji\u010d bodo na njem nastopili prvaki iz Celja. Prvi\u010d se jim bodo po robu postavili Kopr\u010dani (20.30). Lovoriko, ki tradicionalno razgrne zastor pred sezono, bodo branile tudi igralke Krima Mercatorja, ki se bodo ob 18. uri pomerile z Zagorjem. \u0160estindvajseta sezona bo precej druga\u010dna od prej\u0161njih. Celje in Gorenje bosta do pomladi igrala v ligi SEHA in se bosta DP pridru\u017eila \u0161ele v kon\u010dnici. Do takrat se bo za \u0161tiri mesta v njej merilo ducat prvoliga\u0161ev, med katerimi bodo med favorite sodili Kopr\u010dani, ki so nazadnje zasedli \u010detrto mesto in si prislu\u017eili igranje v kvalifikacijah pokala EHF. Celjani, ki so 1. SRL osvojili trikrat zapored, bodo kajpak favoriti, a trener Branko Tam\u0161e, ki ni oddal niti ene\u00a0&#8230;<\/p>\n","protected":false},"author":1,"featured_media":0,"comment_status":"closed","ping_status":"closed","sticky":false,"template":"","format":"standard","meta":{"footnotes":""},"categories":[1179],"tags":[],"source":[1703],"supertag":[],"acf":[],"yoast_head":"<!-- This site is optimized with the Yoast SEO plugin v21.3 - https:\/\/yoast.com\/wordpress\/plugins\/seo\/ -->\n<title>Celje in Krim Mercator favorita praznika pod zvezdami - Hudo Slovenija<\/title>\n<meta name=\"robots\" content=\"index, follow, max-snippet:-1, max-image-preview:large, max-video-preview:-1\" \/>\n<link rel=\"canonical\" href=\"https:\/\/hudo.com\/si\/aktualno\/celje-in-krim-mercator-favorita-praznika-pod-zvezdami\/\" \/>\n<meta property=\"og:locale\" content=\"sl_SI\" \/>\n<meta property=\"og:type\" content=\"article\" \/>\n<meta property=\"og:title\" content=\"Celje in Krim Mercator favorita praznika pod zvezdami - Hudo Slovenija\" \/>\n<meta property=\"og:description\" content=\"Kategorija: Rokomet Sat, 27 Aug 2016 15:00:00 +0200 Portoro\u017e \u2013 Tretji\u010d zapored bo rokometni superpokal gostil teni\u0161ki center v Portoro\u017eu in tretji\u010d bodo na njem nastopili prvaki iz Celja. Prvi\u010d se jim bodo po robu postavili Kopr\u010dani (20.30). Lovoriko, ki tradicionalno razgrne zastor pred sezono, bodo branile tudi igralke Krima Mercatorja, ki se bodo ob 18. uri pomerile z Zagorjem. \u0160estindvajseta sezona bo precej druga\u010dna od prej\u0161njih. Celje in Gorenje bosta do pomladi igrala v ligi SEHA in se bosta DP pridru\u017eila \u0161ele v kon\u010dnici. Do takrat se bo za \u0161tiri mesta v njej merilo ducat prvoliga\u0161ev, med katerimi bodo med favorite sodili Kopr\u010dani, ki so nazadnje zasedli \u010detrto mesto in si prislu\u017eili igranje v kvalifikacijah pokala EHF. Celjani, ki so 1. SRL osvojili trikrat zapored, bodo kajpak favoriti, a trener Branko Tam\u0161e, ki ni oddal niti ene\u00a0...\" \/>\n<meta property=\"og:url\" content=\"https:\/\/hudo.com\/si\/aktualno\/celje-in-krim-mercator-favorita-praznika-pod-zvezdami\/\" \/>\n<meta property=\"og:site_name\" content=\"Hudo Slovenija\" \/>\n<meta property=\"article:publisher\" content=\"https:\/\/www.facebook.com\/hudo.si\" \/>\n<meta property=\"article:published_time\" content=\"2016-08-27T11:00:00+00:00\" \/>\n<meta property=\"og:image\" content=\"https:\/\/hudo.com\/si\/wp-content\/uploads\/sites\/2\/2016\/08\/480x290_Sport__djvu_2308598_zalokar_hires0.jpeg\" \/>\n\t<meta property=\"og:image:width\" content=\"480\" \/>\n\t<meta property=\"og:image:height\" content=\"290\" \/>\n\t<meta property=\"og:image:type\" content=\"image\/jpeg\" \/>\n<meta name=\"author\" content=\"hudo\" \/>\n<meta name=\"twitter:card\" content=\"summary_large_image\" \/>\n<meta name=\"twitter:creator\" content=\"@hudo_si\" \/>\n<meta name=\"twitter:site\" content=\"@hudo_si\" \/>\n<meta name=\"twitter:label1\" content=\"Written by\" \/>\n\t<meta name=\"twitter:data1\" content=\"hudo\" \/>\n\t<meta name=\"twitter:label2\" content=\"Est. reading time\" \/>\n\t<meta name=\"twitter:data2\" content=\"1 minuta\" \/>\n<script type=\"application\/ld+json\" class=\"yoast-schema-graph\">{\"@context\":\"https:\/\/schema.org\",\"@graph\":[{\"@type\":\"Article\",\"@id\":\"https:\/\/hudo.com\/si\/aktualno\/celje-in-krim-mercator-favorita-praznika-pod-zvezdami\/#article\",\"isPartOf\":{\"@id\":\"https:\/\/hudo.com\/si\/aktualno\/celje-in-krim-mercator-favorita-praznika-pod-zvezdami\/\"},\"author\":{\"name\":\"hudo\",\"@id\":\"https:\/\/hudo.com\/si\/#\/schema\/person\/601cf3379633985b20f7e50f2bb47707\"},\"headline\":\"Celje in Krim Mercator favorita praznika pod zvezdami\",\"datePublished\":\"2016-08-27T11:00:00+00:00\",\"dateModified\":\"2016-08-27T11:00:00+00:00\",\"mainEntityOfPage\":{\"@id\":\"https:\/\/hudo.com\/si\/aktualno\/celje-in-krim-mercator-favorita-praznika-pod-zvezdami\/\"},\"wordCount\":149,\"publisher\":{\"@id\":\"https:\/\/hudo.com\/si\/#organization\"},\"articleSection\":[\"Aktualno\"],\"inLanguage\":\"sl-SI\"},{\"@type\":\"WebPage\",\"@id\":\"https:\/\/hudo.com\/si\/aktualno\/celje-in-krim-mercator-favorita-praznika-pod-zvezdami\/\",\"url\":\"https:\/\/hudo.com\/si\/aktualno\/celje-in-krim-mercator-favorita-praznika-pod-zvezdami\/\",\"name\":\"Celje in Krim Mercator favorita praznika pod zvezdami - Hudo Slovenija\",\"isPartOf\":{\"@id\":\"https:\/\/hudo.com\/si\/#website\"},\"datePublished\":\"2016-08-27T11:00:00+00:00\",\"dateModified\":\"2016-08-27T11:00:00+00:00\",\"breadcrumb\":{\"@id\":\"https:\/\/hudo.com\/si\/aktualno\/celje-in-krim-mercator-favorita-praznika-pod-zvezdami\/#breadcrumb\"},\"inLanguage\":\"sl-SI\",\"potentialAction\":[{\"@type\":\"ReadAction\",\"target\":[\"https:\/\/hudo.com\/si\/aktualno\/celje-in-krim-mercator-favorita-praznika-pod-zvezdami\/\"]}]},{\"@type\":\"BreadcrumbList\",\"@id\":\"https:\/\/hudo.com\/si\/aktualno\/celje-in-krim-mercator-favorita-praznika-pod-zvezdami\/#breadcrumb\",\"itemListElement\":[{\"@type\":\"ListItem\",\"position\":1,\"name\":\"Home\",\"item\":\"https:\/\/hudo.com\/si\/\"},{\"@type\":\"ListItem\",\"position\":2,\"name\":\"Celje in Krim Mercator favorita praznika pod zvezdami\"}]},{\"@type\":\"WebSite\",\"@id\":\"https:\/\/hudo.com\/si\/#website\",\"url\":\"https:\/\/hudo.com\/si\/\",\"name\":\"Hudo Slovenija\",\"description\":\"Vse novice iz Slovenije in sveta\",\"publisher\":{\"@id\":\"https:\/\/hudo.com\/si\/#organization\"},\"potentialAction\":[{\"@type\":\"SearchAction\",\"target\":{\"@type\":\"EntryPoint\",\"urlTemplate\":\"https:\/\/hudo.com\/si\/?s={search_term_string}\"},\"query-input\":\"required name=search_term_string\"}],\"inLanguage\":\"sl-SI\"},{\"@type\":\"Organization\",\"@id\":\"https:\/\/hudo.com\/si\/#organization\",\"name\":\"VSN Media\",\"url\":\"https:\/\/hudo.com\/si\/\",\"logo\":{\"@type\":\"ImageObject\",\"inLanguage\":\"sl-SI\",\"@id\":\"https:\/\/hudo.com\/si\/#\/schema\/logo\/image\/\",\"url\":\"https:\/\/hudo.com\/si\/wp-content\/uploads\/sites\/2\/2021\/03\/hudo-app-2.png\",\"contentUrl\":\"https:\/\/hudo.com\/si\/wp-content\/uploads\/sites\/2\/2021\/03\/hudo-app-2.png\",\"width\":2185,\"height\":2167,\"caption\":\"VSN Media\"},\"image\":{\"@id\":\"https:\/\/hudo.com\/si\/#\/schema\/logo\/image\/\"},\"sameAs\":[\"https:\/\/www.facebook.com\/hudo.si\",\"https:\/\/twitter.com\/hudo_si\"]},{\"@type\":\"Person\",\"@id\":\"https:\/\/hudo.com\/si\/#\/schema\/person\/601cf3379633985b20f7e50f2bb47707\",\"name\":\"hudo\",\"image\":{\"@type\":\"ImageObject\",\"inLanguage\":\"sl-SI\",\"@id\":\"https:\/\/hudo.com\/si\/#\/schema\/person\/image\/\",\"url\":\"https:\/\/secure.gravatar.com\/avatar\/c4ca25fa72cace7a696b52ff5db9e095?s=96&d=mm&r=g\",\"contentUrl\":\"https:\/\/secure.gravatar.com\/avatar\/c4ca25fa72cace7a696b52ff5db9e095?s=96&d=mm&r=g\",\"caption\":\"hudo\"},\"url\":\"https:\/\/hudo.com\/si\/author\/hudo\/\"}]}<\/script>\n<!-- \/ Yoast SEO plugin. -->","yoast_head_json":{"title":"Celje in Krim Mercator favorita praznika pod zvezdami - Hudo Slovenija","robots":{"index":"index","follow":"follow","max-snippet":"max-snippet:-1","max-image-preview":"max-image-preview:large","max-video-preview":"max-video-preview:-1"},"canonical":"https:\/\/hudo.com\/si\/aktualno\/celje-in-krim-mercator-favorita-praznika-pod-zvezdami\/","og_locale":"sl_SI","og_type":"article","og_title":"Celje in Krim Mercator favorita praznika pod zvezdami - Hudo Slovenija","og_description":"Kategorija: Rokomet Sat, 27 Aug 2016 15:00:00 +0200 Portoro\u017e \u2013 Tretji\u010d zapored bo rokometni superpokal gostil teni\u0161ki center v Portoro\u017eu in tretji\u010d bodo na njem nastopili prvaki iz Celja. Prvi\u010d se jim bodo po robu postavili Kopr\u010dani (20.30). Lovoriko, ki tradicionalno razgrne zastor pred sezono, bodo branile tudi igralke Krima Mercatorja, ki se bodo ob 18. uri pomerile z Zagorjem. \u0160estindvajseta sezona bo precej druga\u010dna od prej\u0161njih. Celje in Gorenje bosta do pomladi igrala v ligi SEHA in se bosta DP pridru\u017eila \u0161ele v kon\u010dnici. Do takrat se bo za \u0161tiri mesta v njej merilo ducat prvoliga\u0161ev, med katerimi bodo med favorite sodili Kopr\u010dani, ki so nazadnje zasedli \u010detrto mesto in si prislu\u017eili igranje v kvalifikacijah pokala EHF. Celjani, ki so 1. SRL osvojili trikrat zapored, bodo kajpak favoriti, a trener Branko Tam\u0161e, ki ni oddal niti ene\u00a0...","og_url":"https:\/\/hudo.com\/si\/aktualno\/celje-in-krim-mercator-favorita-praznika-pod-zvezdami\/","og_site_name":"Hudo Slovenija","article_publisher":"https:\/\/www.facebook.com\/hudo.si","article_published_time":"2016-08-27T11:00:00+00:00","og_image":[{"width":480,"height":290,"url":"https:\/\/hudo.com\/si\/wp-content\/uploads\/sites\/2\/2016\/08\/480x290_Sport__djvu_2308598_zalokar_hires0.jpeg","type":"image\/jpeg"}],"author":"hudo","twitter_card":"summary_large_image","twitter_creator":"@hudo_si","twitter_site":"@hudo_si","twitter_misc":{"Written by":"hudo","Est. reading time":"1 minuta"},"schema":{"@context":"https:\/\/schema.org","@graph":[{"@type":"Article","@id":"https:\/\/hudo.com\/si\/aktualno\/celje-in-krim-mercator-favorita-praznika-pod-zvezdami\/#article","isPartOf":{"@id":"https:\/\/hudo.com\/si\/aktualno\/celje-in-krim-mercator-favorita-praznika-pod-zvezdami\/"},"author":{"name":"hudo","@id":"https:\/\/hudo.com\/si\/#\/schema\/person\/601cf3379633985b20f7e50f2bb47707"},"headline":"Celje in Krim Mercator favorita praznika pod zvezdami","datePublished":"2016-08-27T11:00:00+00:00","dateModified":"2016-08-27T11:00:00+00:00","mainEntityOfPage":{"@id":"https:\/\/hudo.com\/si\/aktualno\/celje-in-krim-mercator-favorita-praznika-pod-zvezdami\/"},"wordCount":149,"publisher":{"@id":"https:\/\/hudo.com\/si\/#organization"},"articleSection":["Aktualno"],"inLanguage":"sl-SI"},{"@type":"WebPage","@id":"https:\/\/hudo.com\/si\/aktualno\/celje-in-krim-mercator-favorita-praznika-pod-zvezdami\/","url":"https:\/\/hudo.com\/si\/aktualno\/celje-in-krim-mercator-favorita-praznika-pod-zvezdami\/","name":"Celje in Krim Mercator favorita praznika pod zvezdami - Hudo Slovenija","isPartOf":{"@id":"https:\/\/hudo.com\/si\/#website"},"datePublished":"2016-08-27T11:00:00+00:00","dateModified":"2016-08-27T11:00:00+00:00","breadcrumb":{"@id":"https:\/\/hudo.com\/si\/aktualno\/celje-in-krim-mercator-favorita-praznika-pod-zvezdami\/#breadcrumb"},"inLanguage":"sl-SI","potentialAction":[{"@type":"ReadAction","target":["https:\/\/hudo.com\/si\/aktualno\/celje-in-krim-mercator-favorita-praznika-pod-zvezdami\/"]}]},{"@type":"BreadcrumbList","@id":"https:\/\/hudo.com\/si\/aktualno\/celje-in-krim-mercator-favorita-praznika-pod-zvezdami\/#breadcrumb","itemListElement":[{"@type":"ListItem","position":1,"name":"Home","item":"https:\/\/hudo.com\/si\/"},{"@type":"ListItem","position":2,"name":"Celje in Krim Mercator favorita praznika pod zvezdami"}]},{"@type":"WebSite","@id":"https:\/\/hudo.com\/si\/#website","url":"https:\/\/hudo.com\/si\/","name":"Hudo Slovenija","description":"Vse novice iz Slovenije in sveta","publisher":{"@id":"https:\/\/hudo.com\/si\/#organization"},"potentialAction":[{"@type":"SearchAction","target":{"@type":"EntryPoint","urlTemplate":"https:\/\/hudo.com\/si\/?s={search_term_string}"},"query-input":"required name=search_term_string"}],"inLanguage":"sl-SI"},{"@type":"Organization","@id":"https:\/\/hudo.com\/si\/#organization","name":"VSN Media","url":"https:\/\/hudo.com\/si\/","logo":{"@type":"ImageObject","inLanguage":"sl-SI","@id":"https:\/\/hudo.com\/si\/#\/schema\/logo\/image\/","url":"https:\/\/hudo.com\/si\/wp-content\/uploads\/sites\/2\/2021\/03\/hudo-app-2.png","contentUrl":"https:\/\/hudo.com\/si\/wp-content\/uploads\/sites\/2\/2021\/03\/hudo-app-2.png","width":2185,"height":2167,"caption":"VSN Media"},"image":{"@id":"https:\/\/hudo.com\/si\/#\/schema\/logo\/image\/"},"sameAs":["https:\/\/www.facebook.com\/hudo.si","https:\/\/twitter.com\/hudo_si"]},{"@type":"Person","@id":"https:\/\/hudo.com\/si\/#\/schema\/person\/601cf3379633985b20f7e50f2bb47707","name":"hudo","image":{"@type":"ImageObject","inLanguage":"sl-SI","@id":"https:\/\/hudo.com\/si\/#\/schema\/person\/image\/","url":"https:\/\/secure.gravatar.com\/avatar\/c4ca25fa72cace7a696b52ff5db9e095?s=96&d=mm&r=g","contentUrl":"https:\/\/secure.gravatar.com\/avatar\/c4ca25fa72cace7a696b52ff5db9e095?s=96&d=mm&r=g","caption":"hudo"},"url":"https:\/\/hudo.com\/si\/author\/hudo\/"}]}},"amp_enabled":true,"_links":{"self":[{"href":"https:\/\/hudo.com\/si\/wp-json\/wp\/v2\/posts\/121417"}],"collection":[{"href":"https:\/\/hudo.com\/si\/wp-json\/wp\/v2\/posts"}],"about":[{"href":"https:\/\/hudo.com\/si\/wp-json\/wp\/v2\/types\/post"}],"author":[{"embeddable":true,"href":"https:\/\/hudo.com\/si\/wp-json\/wp\/v2\/users\/1"}],"replies":[{"embeddable":true,"href":"https:\/\/hudo.com\/si\/wp-json\/wp\/v2\/comments?post=121417"}],"version-history":[{"count":0,"href":"https:\/\/hudo.com\/si\/wp-json\/wp\/v2\/posts\/121417\/revisions"}],"wp:attachment":[{"href":"https:\/\/hudo.com\/si\/wp-json\/wp\/v2\/media?parent=121417"}],"wp:term":[{"taxonomy":"category","embeddable":true,"href":"https:\/\/hudo.com\/si\/wp-json\/wp\/v2\/categories?post=121417"},{"taxonomy":"post_tag","embeddable":true,"href":"https:\/\/hudo.com\/si\/wp-json\/wp\/v2\/tags?post=121417"},{"taxonomy":"source","embeddable":true,"href":"https:\/\/hudo.com\/si\/wp-json\/wp\/v2\/source?post=121417"},{"taxonomy":"supertag","embeddable":true,"href":"https:\/\/hudo.com\/si\/wp-json\/wp\/v2\/supertag?post=121417"}],"curies":[{"name":"wp","href":"https:\/\/api.w.org\/{rel}","templated":true}]}}