{"id":121441,"date":"2016-08-27T11:18:00","date_gmt":"2016-08-27T09:18:00","guid":{"rendered":"http:\/\/hudo.com\/si\/2016\/08\/27\/fannemel-slavil-v-hakubi-slovenci-v-ozadju\/"},"modified":"2016-08-28T05:51:57","modified_gmt":"2016-08-28T03:51:57","slug":"fannemel-slavil-v-hakubi-slovenci-v-ozadju","status":"publish","type":"post","link":"https:\/\/hudo.com\/si\/aktualno\/fannemel-slavil-v-hakubi-slovenci-v-ozadju\/","title":{"rendered":"Fannemel slavil v Hakubi, Slovenci v ozadju"},"content":{"rendered":"<p>Kategorija: Drugi \u0161porti Sat, 27 Aug 2016 13:18:00 +0200  Hakuba &#8211; Norve\u0161ki skakalec Anders Fannemel je zmagovalec \u0161este tekme poletne velike nagrade FIS v Hakubi. Norve\u017ean je zaslu\u017eeno stal na najvi\u0161ji stopni\u010dki zmagovalnega odra, saj je s skokom 129 metrov vodil \u017ee po prvi seriji in imel 3,5 to\u010dke prednosti pred zasledovalci, nato pa v drugo pristal pri isti daljavi in zmagal z izkupi\u010dkom 257,6 to\u010dke. Drugo mesto je osvojil Japonec Taku Takeu\u010di (252,5), ki je bil na tem polo\u017eaju \u017ee po prvi seriji, tretje pa Nemec Andreas Wellinger (239,3), ki je v finalu pridobil \u0161tiri mesta in se uvrstil na zmagovalni oder. Na dana\u0161nji tekmi je nastopilo pet Slovencev, ki niso igrali vidne vloge. Najbolj\u0161i je bil An\u017ee Semeni\u010d na 18. mestu (216,9), Robert Kranjec je bil 20. (210,7), Nejc De\u017eman 23. (203,2) in Jaka Hvala 25. (196,8), brez to\u010dk pa\u00a0&#8230;<\/p>\n","protected":false},"excerpt":{"rendered":"<p>Kategorija: Drugi \u0161porti Sat, 27 Aug 2016 13:18:00 +0200  Hakuba &#8211; Norve\u0161ki skakalec Anders Fannemel je zmagovalec \u0161este tekme poletne velike nagrade FIS v Hakubi. Norve\u017ean je zaslu\u017eeno stal na najvi\u0161ji stopni\u010dki zmagovalnega odra, saj je s skokom 129 metrov vodil \u017ee po prvi seriji in imel 3,5 to\u010dke prednosti pred zasledovalci, nato pa v drugo pristal pri isti daljavi in zmagal z izkupi\u010dkom 257,6 to\u010dke. Drugo mesto je osvojil Japonec Taku Takeu\u010di (252,5), ki je bil na tem polo\u017eaju \u017ee po prvi seriji, tretje pa Nemec Andreas Wellinger (239,3), ki je v finalu pridobil \u0161tiri mesta in se uvrstil na zmagovalni oder. Na dana\u0161nji tekmi je nastopilo pet Slovencev, ki niso igrali vidne vloge. Najbolj\u0161i je bil An\u017ee Semeni\u010d na 18. mestu (216,9), Robert Kranjec je bil 20. (210,7), Nejc De\u017eman 23. (203,2) in Jaka Hvala 25. (196,8), brez to\u010dk pa\u00a0&#8230;<\/p>\n","protected":false},"author":1,"featured_media":0,"comment_status":"closed","ping_status":"closed","sticky":false,"template":"","format":"standard","meta":{"footnotes":""},"categories":[1179],"tags":[],"source":[1703],"supertag":[],"acf":[],"yoast_head":"<!-- This site is optimized with the Yoast SEO plugin v21.3 - https:\/\/yoast.com\/wordpress\/plugins\/seo\/ -->\n<title>Fannemel slavil v Hakubi, Slovenci v ozadju - Hudo Slovenija<\/title>\n<meta name=\"robots\" content=\"index, follow, max-snippet:-1, max-image-preview:large, max-video-preview:-1\" \/>\n<link rel=\"canonical\" href=\"https:\/\/hudo.com\/si\/aktualno\/fannemel-slavil-v-hakubi-slovenci-v-ozadju\/\" \/>\n<meta property=\"og:locale\" content=\"sl_SI\" \/>\n<meta property=\"og:type\" content=\"article\" \/>\n<meta property=\"og:title\" content=\"Fannemel slavil v Hakubi, Slovenci v ozadju - Hudo Slovenija\" \/>\n<meta property=\"og:description\" content=\"Kategorija: Drugi \u0161porti Sat, 27 Aug 2016 13:18:00 +0200 Hakuba - Norve\u0161ki skakalec Anders Fannemel je zmagovalec \u0161este tekme poletne velike nagrade FIS v Hakubi. Norve\u017ean je zaslu\u017eeno stal na najvi\u0161ji stopni\u010dki zmagovalnega odra, saj je s skokom 129 metrov vodil \u017ee po prvi seriji in imel 3,5 to\u010dke prednosti pred zasledovalci, nato pa v drugo pristal pri isti daljavi in zmagal z izkupi\u010dkom 257,6 to\u010dke. Drugo mesto je osvojil Japonec Taku Takeu\u010di (252,5), ki je bil na tem polo\u017eaju \u017ee po prvi seriji, tretje pa Nemec Andreas Wellinger (239,3), ki je v finalu pridobil \u0161tiri mesta in se uvrstil na zmagovalni oder. Na dana\u0161nji tekmi je nastopilo pet Slovencev, ki niso igrali vidne vloge. Najbolj\u0161i je bil An\u017ee Semeni\u010d na 18. mestu (216,9), Robert Kranjec je bil 20. (210,7), Nejc De\u017eman 23. (203,2) in Jaka Hvala 25. (196,8), brez to\u010dk pa\u00a0...\" \/>\n<meta property=\"og:url\" content=\"https:\/\/hudo.com\/si\/aktualno\/fannemel-slavil-v-hakubi-slovenci-v-ozadju\/\" \/>\n<meta property=\"og:site_name\" content=\"Hudo Slovenija\" \/>\n<meta property=\"article:publisher\" content=\"https:\/\/www.facebook.com\/hudo.si\" \/>\n<meta property=\"article:published_time\" content=\"2016-08-27T09:18:00+00:00\" \/>\n<meta property=\"article:modified_time\" content=\"2016-08-28T03:51:57+00:00\" \/>\n<meta property=\"og:image\" content=\"https:\/\/hudo.com\/si\/wp-content\/uploads\/sites\/2\/2016\/08\/480x290_Sport__djvu_1926915_mihas_i_hires0.jpeg\" \/>\n\t<meta property=\"og:image:width\" content=\"480\" \/>\n\t<meta property=\"og:image:height\" content=\"290\" \/>\n\t<meta property=\"og:image:type\" content=\"image\/jpeg\" \/>\n<meta name=\"author\" content=\"hudo\" \/>\n<meta name=\"twitter:card\" content=\"summary_large_image\" \/>\n<meta name=\"twitter:creator\" content=\"@hudo_si\" \/>\n<meta name=\"twitter:site\" content=\"@hudo_si\" \/>\n<meta name=\"twitter:label1\" content=\"Written by\" \/>\n\t<meta name=\"twitter:data1\" content=\"hudo\" \/>\n\t<meta name=\"twitter:label2\" content=\"Est. reading time\" \/>\n\t<meta name=\"twitter:data2\" content=\"1 minuta\" \/>\n<script type=\"application\/ld+json\" class=\"yoast-schema-graph\">{\"@context\":\"https:\/\/schema.org\",\"@graph\":[{\"@type\":\"Article\",\"@id\":\"https:\/\/hudo.com\/si\/aktualno\/fannemel-slavil-v-hakubi-slovenci-v-ozadju\/#article\",\"isPartOf\":{\"@id\":\"https:\/\/hudo.com\/si\/aktualno\/fannemel-slavil-v-hakubi-slovenci-v-ozadju\/\"},\"author\":{\"name\":\"hudo\",\"@id\":\"https:\/\/hudo.com\/si\/#\/schema\/person\/601cf3379633985b20f7e50f2bb47707\"},\"headline\":\"Fannemel slavil v Hakubi, Slovenci v ozadju\",\"datePublished\":\"2016-08-27T09:18:00+00:00\",\"dateModified\":\"2016-08-28T03:51:57+00:00\",\"mainEntityOfPage\":{\"@id\":\"https:\/\/hudo.com\/si\/aktualno\/fannemel-slavil-v-hakubi-slovenci-v-ozadju\/\"},\"wordCount\":147,\"publisher\":{\"@id\":\"https:\/\/hudo.com\/si\/#organization\"},\"articleSection\":[\"Aktualno\"],\"inLanguage\":\"sl-SI\"},{\"@type\":\"WebPage\",\"@id\":\"https:\/\/hudo.com\/si\/aktualno\/fannemel-slavil-v-hakubi-slovenci-v-ozadju\/\",\"url\":\"https:\/\/hudo.com\/si\/aktualno\/fannemel-slavil-v-hakubi-slovenci-v-ozadju\/\",\"name\":\"Fannemel slavil v Hakubi, Slovenci v ozadju - Hudo Slovenija\",\"isPartOf\":{\"@id\":\"https:\/\/hudo.com\/si\/#website\"},\"datePublished\":\"2016-08-27T09:18:00+00:00\",\"dateModified\":\"2016-08-28T03:51:57+00:00\",\"breadcrumb\":{\"@id\":\"https:\/\/hudo.com\/si\/aktualno\/fannemel-slavil-v-hakubi-slovenci-v-ozadju\/#breadcrumb\"},\"inLanguage\":\"sl-SI\",\"potentialAction\":[{\"@type\":\"ReadAction\",\"target\":[\"https:\/\/hudo.com\/si\/aktualno\/fannemel-slavil-v-hakubi-slovenci-v-ozadju\/\"]}]},{\"@type\":\"BreadcrumbList\",\"@id\":\"https:\/\/hudo.com\/si\/aktualno\/fannemel-slavil-v-hakubi-slovenci-v-ozadju\/#breadcrumb\",\"itemListElement\":[{\"@type\":\"ListItem\",\"position\":1,\"name\":\"Home\",\"item\":\"https:\/\/hudo.com\/si\/\"},{\"@type\":\"ListItem\",\"position\":2,\"name\":\"Fannemel slavil v Hakubi, Slovenci v ozadju\"}]},{\"@type\":\"WebSite\",\"@id\":\"https:\/\/hudo.com\/si\/#website\",\"url\":\"https:\/\/hudo.com\/si\/\",\"name\":\"Hudo Slovenija\",\"description\":\"Vse novice iz Slovenije in sveta\",\"publisher\":{\"@id\":\"https:\/\/hudo.com\/si\/#organization\"},\"potentialAction\":[{\"@type\":\"SearchAction\",\"target\":{\"@type\":\"EntryPoint\",\"urlTemplate\":\"https:\/\/hudo.com\/si\/?s={search_term_string}\"},\"query-input\":\"required name=search_term_string\"}],\"inLanguage\":\"sl-SI\"},{\"@type\":\"Organization\",\"@id\":\"https:\/\/hudo.com\/si\/#organization\",\"name\":\"VSN Media\",\"url\":\"https:\/\/hudo.com\/si\/\",\"logo\":{\"@type\":\"ImageObject\",\"inLanguage\":\"sl-SI\",\"@id\":\"https:\/\/hudo.com\/si\/#\/schema\/logo\/image\/\",\"url\":\"https:\/\/hudo.com\/si\/wp-content\/uploads\/sites\/2\/2021\/03\/hudo-app-2.png\",\"contentUrl\":\"https:\/\/hudo.com\/si\/wp-content\/uploads\/sites\/2\/2021\/03\/hudo-app-2.png\",\"width\":2185,\"height\":2167,\"caption\":\"VSN Media\"},\"image\":{\"@id\":\"https:\/\/hudo.com\/si\/#\/schema\/logo\/image\/\"},\"sameAs\":[\"https:\/\/www.facebook.com\/hudo.si\",\"https:\/\/twitter.com\/hudo_si\"]},{\"@type\":\"Person\",\"@id\":\"https:\/\/hudo.com\/si\/#\/schema\/person\/601cf3379633985b20f7e50f2bb47707\",\"name\":\"hudo\",\"image\":{\"@type\":\"ImageObject\",\"inLanguage\":\"sl-SI\",\"@id\":\"https:\/\/hudo.com\/si\/#\/schema\/person\/image\/\",\"url\":\"https:\/\/secure.gravatar.com\/avatar\/c4ca25fa72cace7a696b52ff5db9e095?s=96&d=mm&r=g\",\"contentUrl\":\"https:\/\/secure.gravatar.com\/avatar\/c4ca25fa72cace7a696b52ff5db9e095?s=96&d=mm&r=g\",\"caption\":\"hudo\"},\"url\":\"https:\/\/hudo.com\/si\/author\/hudo\/\"}]}<\/script>\n<!-- \/ Yoast SEO plugin. -->","yoast_head_json":{"title":"Fannemel slavil v Hakubi, Slovenci v ozadju - Hudo Slovenija","robots":{"index":"index","follow":"follow","max-snippet":"max-snippet:-1","max-image-preview":"max-image-preview:large","max-video-preview":"max-video-preview:-1"},"canonical":"https:\/\/hudo.com\/si\/aktualno\/fannemel-slavil-v-hakubi-slovenci-v-ozadju\/","og_locale":"sl_SI","og_type":"article","og_title":"Fannemel slavil v Hakubi, Slovenci v ozadju - Hudo Slovenija","og_description":"Kategorija: Drugi \u0161porti Sat, 27 Aug 2016 13:18:00 +0200 Hakuba - Norve\u0161ki skakalec Anders Fannemel je zmagovalec \u0161este tekme poletne velike nagrade FIS v Hakubi. Norve\u017ean je zaslu\u017eeno stal na najvi\u0161ji stopni\u010dki zmagovalnega odra, saj je s skokom 129 metrov vodil \u017ee po prvi seriji in imel 3,5 to\u010dke prednosti pred zasledovalci, nato pa v drugo pristal pri isti daljavi in zmagal z izkupi\u010dkom 257,6 to\u010dke. Drugo mesto je osvojil Japonec Taku Takeu\u010di (252,5), ki je bil na tem polo\u017eaju \u017ee po prvi seriji, tretje pa Nemec Andreas Wellinger (239,3), ki je v finalu pridobil \u0161tiri mesta in se uvrstil na zmagovalni oder. Na dana\u0161nji tekmi je nastopilo pet Slovencev, ki niso igrali vidne vloge. Najbolj\u0161i je bil An\u017ee Semeni\u010d na 18. mestu (216,9), Robert Kranjec je bil 20. (210,7), Nejc De\u017eman 23. (203,2) in Jaka Hvala 25. (196,8), brez to\u010dk pa\u00a0...","og_url":"https:\/\/hudo.com\/si\/aktualno\/fannemel-slavil-v-hakubi-slovenci-v-ozadju\/","og_site_name":"Hudo Slovenija","article_publisher":"https:\/\/www.facebook.com\/hudo.si","article_published_time":"2016-08-27T09:18:00+00:00","article_modified_time":"2016-08-28T03:51:57+00:00","og_image":[{"width":480,"height":290,"url":"https:\/\/hudo.com\/si\/wp-content\/uploads\/sites\/2\/2016\/08\/480x290_Sport__djvu_1926915_mihas_i_hires0.jpeg","type":"image\/jpeg"}],"author":"hudo","twitter_card":"summary_large_image","twitter_creator":"@hudo_si","twitter_site":"@hudo_si","twitter_misc":{"Written by":"hudo","Est. reading time":"1 minuta"},"schema":{"@context":"https:\/\/schema.org","@graph":[{"@type":"Article","@id":"https:\/\/hudo.com\/si\/aktualno\/fannemel-slavil-v-hakubi-slovenci-v-ozadju\/#article","isPartOf":{"@id":"https:\/\/hudo.com\/si\/aktualno\/fannemel-slavil-v-hakubi-slovenci-v-ozadju\/"},"author":{"name":"hudo","@id":"https:\/\/hudo.com\/si\/#\/schema\/person\/601cf3379633985b20f7e50f2bb47707"},"headline":"Fannemel slavil v Hakubi, Slovenci v ozadju","datePublished":"2016-08-27T09:18:00+00:00","dateModified":"2016-08-28T03:51:57+00:00","mainEntityOfPage":{"@id":"https:\/\/hudo.com\/si\/aktualno\/fannemel-slavil-v-hakubi-slovenci-v-ozadju\/"},"wordCount":147,"publisher":{"@id":"https:\/\/hudo.com\/si\/#organization"},"articleSection":["Aktualno"],"inLanguage":"sl-SI"},{"@type":"WebPage","@id":"https:\/\/hudo.com\/si\/aktualno\/fannemel-slavil-v-hakubi-slovenci-v-ozadju\/","url":"https:\/\/hudo.com\/si\/aktualno\/fannemel-slavil-v-hakubi-slovenci-v-ozadju\/","name":"Fannemel slavil v Hakubi, Slovenci v ozadju - Hudo Slovenija","isPartOf":{"@id":"https:\/\/hudo.com\/si\/#website"},"datePublished":"2016-08-27T09:18:00+00:00","dateModified":"2016-08-28T03:51:57+00:00","breadcrumb":{"@id":"https:\/\/hudo.com\/si\/aktualno\/fannemel-slavil-v-hakubi-slovenci-v-ozadju\/#breadcrumb"},"inLanguage":"sl-SI","potentialAction":[{"@type":"ReadAction","target":["https:\/\/hudo.com\/si\/aktualno\/fannemel-slavil-v-hakubi-slovenci-v-ozadju\/"]}]},{"@type":"BreadcrumbList","@id":"https:\/\/hudo.com\/si\/aktualno\/fannemel-slavil-v-hakubi-slovenci-v-ozadju\/#breadcrumb","itemListElement":[{"@type":"ListItem","position":1,"name":"Home","item":"https:\/\/hudo.com\/si\/"},{"@type":"ListItem","position":2,"name":"Fannemel slavil v Hakubi, Slovenci v ozadju"}]},{"@type":"WebSite","@id":"https:\/\/hudo.com\/si\/#website","url":"https:\/\/hudo.com\/si\/","name":"Hudo Slovenija","description":"Vse novice iz Slovenije in sveta","publisher":{"@id":"https:\/\/hudo.com\/si\/#organization"},"potentialAction":[{"@type":"SearchAction","target":{"@type":"EntryPoint","urlTemplate":"https:\/\/hudo.com\/si\/?s={search_term_string}"},"query-input":"required name=search_term_string"}],"inLanguage":"sl-SI"},{"@type":"Organization","@id":"https:\/\/hudo.com\/si\/#organization","name":"VSN Media","url":"https:\/\/hudo.com\/si\/","logo":{"@type":"ImageObject","inLanguage":"sl-SI","@id":"https:\/\/hudo.com\/si\/#\/schema\/logo\/image\/","url":"https:\/\/hudo.com\/si\/wp-content\/uploads\/sites\/2\/2021\/03\/hudo-app-2.png","contentUrl":"https:\/\/hudo.com\/si\/wp-content\/uploads\/sites\/2\/2021\/03\/hudo-app-2.png","width":2185,"height":2167,"caption":"VSN Media"},"image":{"@id":"https:\/\/hudo.com\/si\/#\/schema\/logo\/image\/"},"sameAs":["https:\/\/www.facebook.com\/hudo.si","https:\/\/twitter.com\/hudo_si"]},{"@type":"Person","@id":"https:\/\/hudo.com\/si\/#\/schema\/person\/601cf3379633985b20f7e50f2bb47707","name":"hudo","image":{"@type":"ImageObject","inLanguage":"sl-SI","@id":"https:\/\/hudo.com\/si\/#\/schema\/person\/image\/","url":"https:\/\/secure.gravatar.com\/avatar\/c4ca25fa72cace7a696b52ff5db9e095?s=96&d=mm&r=g","contentUrl":"https:\/\/secure.gravatar.com\/avatar\/c4ca25fa72cace7a696b52ff5db9e095?s=96&d=mm&r=g","caption":"hudo"},"url":"https:\/\/hudo.com\/si\/author\/hudo\/"}]}},"amp_enabled":true,"_links":{"self":[{"href":"https:\/\/hudo.com\/si\/wp-json\/wp\/v2\/posts\/121441"}],"collection":[{"href":"https:\/\/hudo.com\/si\/wp-json\/wp\/v2\/posts"}],"about":[{"href":"https:\/\/hudo.com\/si\/wp-json\/wp\/v2\/types\/post"}],"author":[{"embeddable":true,"href":"https:\/\/hudo.com\/si\/wp-json\/wp\/v2\/users\/1"}],"replies":[{"embeddable":true,"href":"https:\/\/hudo.com\/si\/wp-json\/wp\/v2\/comments?post=121441"}],"version-history":[{"count":1,"href":"https:\/\/hudo.com\/si\/wp-json\/wp\/v2\/posts\/121441\/revisions"}],"predecessor-version":[{"id":121447,"href":"https:\/\/hudo.com\/si\/wp-json\/wp\/v2\/posts\/121441\/revisions\/121447"}],"wp:attachment":[{"href":"https:\/\/hudo.com\/si\/wp-json\/wp\/v2\/media?parent=121441"}],"wp:term":[{"taxonomy":"category","embeddable":true,"href":"https:\/\/hudo.com\/si\/wp-json\/wp\/v2\/categories?post=121441"},{"taxonomy":"post_tag","embeddable":true,"href":"https:\/\/hudo.com\/si\/wp-json\/wp\/v2\/tags?post=121441"},{"taxonomy":"source","embeddable":true,"href":"https:\/\/hudo.com\/si\/wp-json\/wp\/v2\/source?post=121441"},{"taxonomy":"supertag","embeddable":true,"href":"https:\/\/hudo.com\/si\/wp-json\/wp\/v2\/supertag?post=121441"}],"curies":[{"name":"wp","href":"https:\/\/api.w.org\/{rel}","templated":true}]}}