{"id":121443,"date":"2016-08-27T11:00:00","date_gmt":"2016-08-27T09:00:00","guid":{"rendered":"http:\/\/hudo.com\/si\/2016\/08\/27\/vecerov-piknik-druzenje-pod-pohorjem-ob-dobri-glasbi\/"},"modified":"2016-08-28T08:57:58","modified_gmt":"2016-08-28T06:57:58","slug":"vecerov-piknik-druzenje-pod-pohorjem-ob-dobri-glasbi","status":"publish","type":"post","link":"https:\/\/hudo.com\/si\/aktualno\/vecerov-piknik-druzenje-pod-pohorjem-ob-dobri-glasbi\/","title":{"rendered":"Ve\u010derov piknik: Dru\u017eenje pod Pohorjem ob dobri glasbi"},"content":{"rendered":"<p>Pri hotelu Arena se je zbrala \u017ee mno\u017eica obiskovalcev tradicionalne prireditve Ve\u010derov piknik, ki so se dopoldne odpravili na Pohorje, spust pa so na\u010drtovali tako, da se med 14. in 18. uro zberejo v ciljni areni, kjer jih \u010dakajo mize, senca, ter hrana in pija\u010da. Mnogim \u017ee gre v slast pripravljen gola\u017e, zato danes nikar ne kuhajte doma, temve\u010d pridite na Ve\u010derov piknik, kjer bo pestro dogajanje vse do ve\u010dera.  Uverturo v dana\u0161nji bogat program je predstavljala obvezna tonska vaja Dan D. Tolkala in bas kitara sta dala dovolj ritma, da so se ljudje \u0161e pred pri\u010detkom uradnega programa pri\u010deli zbirati in dru\u017eiti na poko\u0161eni zelenici. Po vzoru &#8220;zgodnji pti\u010d ujame \u010drva&#8221; so tisti, ki so pri\u0161li najhitreje, lahko izbirali mize v senci, mnogi pa se niti malo niso skrivali pred son\u010dnimi \u017earki. So nam pa obiskovalci povedali, da je vro\u010d dan kot nala\u0161\u010d za vzpon na Pohorje, kjer je bilo nekoliko hladneje.  Janeza Pasterka smo ujeli, ko je pri vzpenja\u010di iskal prvega izmed treh \u017eigov za nagradni dru\u017einski pohod. Ko je sestavljal pohodni\u0161ke palice nam je povedal, da imata s soprogo za dana\u0161nji dan v na\u010drtu naprej malo sprehoda, nato pa malce u\u017eitka. Na Pohorje sta se odpravila pe\u0161, kako se vrniti v dolino &#8211; ali morda ubrati prevoz z gondolo, pa se bosta odlo\u010dila zgoraj.  &#8220;Na sprehod smo pri\u0161li, pa na gola\u017e in muziko,&#8221; pa je dejal Sla\u010dek Zvonko in dodal, da imajo nekaj jeda\u010de in pija\u010de s seboj, nekaj pa si je bodo privo\u0161\u010dili na prireditvi. Na Pohorje sicer z dru\u017ebo ne hodijo pogosto, najve\u010dkrat, ko je kak\u0161na prireditev. Ve\u010derovega piknika tako niso \u017eeleli izpustiti. Pester program do ve\u010dera Ob 16.45 jih bo zabaval na\u0161 stari znanec, Ribi\u010d Pepe. Dobrodu\u0161ni brka\u010d, s katerim smo praznovali tudi na\u0161ih sedemdeset let, pravi, da mu Ve\u010derova dru\u017eenja vedno ostanejo v lepem spominu, tudi zato, ker je Maribor malce tudi njegovo mesto. &#8220;Tu sem v mladosti pre\u017eivel dalj\u0161e obdobje, zato se vedno znova rad vra\u010dam. Z veseljem spijem sok na vrtu kavarne na Lentu in u\u017eivam ob pogledu na Dravo. Srce mi<\/p>\n","protected":false},"excerpt":{"rendered":"<p>Pri hotelu Arena se je zbrala \u017ee mno\u017eica obiskovalcev tradicionalne prireditve Ve\u010derov piknik, ki so se dopoldne odpravili na Pohorje, spust pa so na\u010drtovali tako, da se med 14. in 18. uro zberejo v ciljni areni, kjer jih \u010dakajo mize, senca, ter hrana in pija\u010da. Mnogim \u017ee gre v slast pripravljen gola\u017e, zato danes nikar ne kuhajte doma, temve\u010d pridite na Ve\u010derov piknik, kjer bo pestro dogajanje vse do ve\u010dera.  Uverturo v dana\u0161nji bogat program je predstavljala obvezna tonska vaja Dan D. Tolkala in bas kitara sta dala dovolj ritma, da so se ljudje \u0161e pred pri\u010detkom uradnega programa pri\u010deli zbirati in dru\u017eiti na poko\u0161eni zelenici. Po vzoru &#8220;zgodnji pti\u010d ujame \u010drva&#8221; so tisti, ki so pri\u0161li najhitreje, lahko izbirali mize v senci, mnogi pa se niti malo niso skrivali pred son\u010dnimi \u017earki. So nam pa obiskovalci povedali, da je vro\u010d dan kot nala\u0161\u010d za vzpon na Pohorje, kjer je bilo nekoliko hladneje.  Janeza Pasterka smo ujeli, ko je pri vzpenja\u010di iskal prvega izmed treh \u017eigov za nagradni dru\u017einski pohod. Ko je sestavljal pohodni\u0161ke palice nam je povedal, da imata s soprogo za dana\u0161nji dan v na\u010drtu naprej malo sprehoda, nato pa malce u\u017eitka. Na Pohorje sta se odpravila pe\u0161, kako se vrniti v dolino &#8211; ali morda ubrati prevoz z gondolo, pa se bosta odlo\u010dila zgoraj.  &#8220;Na sprehod smo pri\u0161li, pa na gola\u017e in muziko,&#8221; pa je dejal Sla\u010dek Zvonko in dodal, da imajo nekaj jeda\u010de in pija\u010de s seboj, nekaj pa si je bodo privo\u0161\u010dili na prireditvi. Na Pohorje sicer z dru\u017ebo ne hodijo pogosto, najve\u010dkrat, ko je kak\u0161na prireditev. Ve\u010derovega piknika tako niso \u017eeleli izpustiti. Pester program do ve\u010dera Ob 16.45 jih bo zabaval na\u0161 stari znanec, Ribi\u010d Pepe. Dobrodu\u0161ni brka\u010d, s katerim smo praznovali tudi na\u0161ih sedemdeset let, pravi, da mu Ve\u010derova dru\u017eenja vedno ostanejo v lepem spominu, tudi zato, ker je Maribor malce tudi njegovo mesto. &#8220;Tu sem v mladosti pre\u017eivel dalj\u0161e obdobje, zato se vedno znova rad vra\u010dam. Z veseljem spijem sok na vrtu kavarne na Lentu in u\u017eivam ob pogledu na Dravo. Srce mi<\/p>\n","protected":false},"author":1,"featured_media":0,"comment_status":"closed","ping_status":"closed","sticky":false,"template":"","format":"standard","meta":{"footnotes":""},"categories":[1179],"tags":[],"source":[1711],"supertag":[],"acf":[],"yoast_head":"<!-- This site is optimized with the Yoast SEO plugin v21.3 - https:\/\/yoast.com\/wordpress\/plugins\/seo\/ -->\n<title>Ve\u010derov piknik: Dru\u017eenje pod Pohorjem ob dobri glasbi - Hudo Slovenija<\/title>\n<meta name=\"robots\" content=\"index, follow, max-snippet:-1, max-image-preview:large, max-video-preview:-1\" \/>\n<link rel=\"canonical\" href=\"https:\/\/hudo.com\/si\/aktualno\/vecerov-piknik-druzenje-pod-pohorjem-ob-dobri-glasbi\/\" \/>\n<meta property=\"og:locale\" content=\"sl_SI\" \/>\n<meta property=\"og:type\" content=\"article\" \/>\n<meta property=\"og:title\" content=\"Ve\u010derov piknik: Dru\u017eenje pod Pohorjem ob dobri glasbi - Hudo Slovenija\" \/>\n<meta property=\"og:description\" content=\"Pri hotelu Arena se je zbrala \u017ee mno\u017eica obiskovalcev tradicionalne prireditve Ve\u010derov piknik, ki so se dopoldne odpravili na Pohorje, spust pa so na\u010drtovali tako, da se med 14. in 18. uro zberejo v ciljni areni, kjer jih \u010dakajo mize, senca, ter hrana in pija\u010da. Mnogim \u017ee gre v slast pripravljen gola\u017e, zato danes nikar ne kuhajte doma, temve\u010d pridite na Ve\u010derov piknik, kjer bo pestro dogajanje vse do ve\u010dera. Uverturo v dana\u0161nji bogat program je predstavljala obvezna tonska vaja Dan D. Tolkala in bas kitara sta dala dovolj ritma, da so se ljudje \u0161e pred pri\u010detkom uradnega programa pri\u010deli zbirati in dru\u017eiti na poko\u0161eni zelenici. Po vzoru &quot;zgodnji pti\u010d ujame \u010drva&quot; so tisti, ki so pri\u0161li najhitreje, lahko izbirali mize v senci, mnogi pa se niti malo niso skrivali pred son\u010dnimi \u017earki. So nam pa obiskovalci povedali, da je vro\u010d dan kot nala\u0161\u010d za vzpon na Pohorje, kjer je bilo nekoliko hladneje. Janeza Pasterka smo ujeli, ko je pri vzpenja\u010di iskal prvega izmed treh \u017eigov za nagradni dru\u017einski pohod. Ko je sestavljal pohodni\u0161ke palice nam je povedal, da imata s soprogo za dana\u0161nji dan v na\u010drtu naprej malo sprehoda, nato pa malce u\u017eitka. Na Pohorje sta se odpravila pe\u0161, kako se vrniti v dolino - ali morda ubrati prevoz z gondolo, pa se bosta odlo\u010dila zgoraj. &quot;Na sprehod smo pri\u0161li, pa na gola\u017e in muziko,&quot; pa je dejal Sla\u010dek Zvonko in dodal, da imajo nekaj jeda\u010de in pija\u010de s seboj, nekaj pa si je bodo privo\u0161\u010dili na prireditvi. Na Pohorje sicer z dru\u017ebo ne hodijo pogosto, najve\u010dkrat, ko je kak\u0161na prireditev. Ve\u010derovega piknika tako niso \u017eeleli izpustiti. Pester program do ve\u010dera Ob 16.45 jih bo zabaval na\u0161 stari znanec, Ribi\u010d Pepe. Dobrodu\u0161ni brka\u010d, s katerim smo praznovali tudi na\u0161ih sedemdeset let, pravi, da mu Ve\u010derova dru\u017eenja vedno ostanejo v lepem spominu, tudi zato, ker je Maribor malce tudi njegovo mesto. &quot;Tu sem v mladosti pre\u017eivel dalj\u0161e obdobje, zato se vedno znova rad vra\u010dam. Z veseljem spijem sok na vrtu kavarne na Lentu in u\u017eivam ob pogledu na Dravo. Srce mi\" \/>\n<meta property=\"og:url\" content=\"https:\/\/hudo.com\/si\/aktualno\/vecerov-piknik-druzenje-pod-pohorjem-ob-dobri-glasbi\/\" \/>\n<meta property=\"og:site_name\" content=\"Hudo Slovenija\" \/>\n<meta property=\"article:publisher\" content=\"https:\/\/www.facebook.com\/hudo.si\" \/>\n<meta property=\"article:published_time\" content=\"2016-08-27T09:00:00+00:00\" \/>\n<meta property=\"article:modified_time\" content=\"2016-08-28T06:57:58+00:00\" \/>\n<meta property=\"og:image\" content=\"https:\/\/hudo.com\/si\/wp-content\/uploads\/sites\/2\/2016\/08\/20160827_140435-300.jpg\" \/>\n\t<meta property=\"og:image:width\" content=\"450\" \/>\n\t<meta property=\"og:image:height\" content=\"337\" \/>\n\t<meta property=\"og:image:type\" content=\"image\/jpeg\" \/>\n<meta name=\"author\" content=\"hudo\" \/>\n<meta name=\"twitter:card\" content=\"summary_large_image\" \/>\n<meta name=\"twitter:creator\" content=\"@hudo_si\" \/>\n<meta name=\"twitter:site\" content=\"@hudo_si\" \/>\n<meta name=\"twitter:label1\" content=\"Written by\" \/>\n\t<meta name=\"twitter:data1\" content=\"hudo\" \/>\n\t<meta name=\"twitter:label2\" content=\"Est. reading time\" \/>\n\t<meta name=\"twitter:data2\" content=\"2 minuti\" \/>\n<script type=\"application\/ld+json\" class=\"yoast-schema-graph\">{\"@context\":\"https:\/\/schema.org\",\"@graph\":[{\"@type\":\"Article\",\"@id\":\"https:\/\/hudo.com\/si\/aktualno\/vecerov-piknik-druzenje-pod-pohorjem-ob-dobri-glasbi\/#article\",\"isPartOf\":{\"@id\":\"https:\/\/hudo.com\/si\/aktualno\/vecerov-piknik-druzenje-pod-pohorjem-ob-dobri-glasbi\/\"},\"author\":{\"name\":\"hudo\",\"@id\":\"https:\/\/hudo.com\/si\/#\/schema\/person\/601cf3379633985b20f7e50f2bb47707\"},\"headline\":\"Ve\u010derov piknik: Dru\u017eenje pod Pohorjem ob dobri glasbi\",\"datePublished\":\"2016-08-27T09:00:00+00:00\",\"dateModified\":\"2016-08-28T06:57:58+00:00\",\"mainEntityOfPage\":{\"@id\":\"https:\/\/hudo.com\/si\/aktualno\/vecerov-piknik-druzenje-pod-pohorjem-ob-dobri-glasbi\/\"},\"wordCount\":386,\"publisher\":{\"@id\":\"https:\/\/hudo.com\/si\/#organization\"},\"articleSection\":[\"Aktualno\"],\"inLanguage\":\"sl-SI\"},{\"@type\":\"WebPage\",\"@id\":\"https:\/\/hudo.com\/si\/aktualno\/vecerov-piknik-druzenje-pod-pohorjem-ob-dobri-glasbi\/\",\"url\":\"https:\/\/hudo.com\/si\/aktualno\/vecerov-piknik-druzenje-pod-pohorjem-ob-dobri-glasbi\/\",\"name\":\"Ve\u010derov piknik: Dru\u017eenje pod Pohorjem ob dobri glasbi - Hudo Slovenija\",\"isPartOf\":{\"@id\":\"https:\/\/hudo.com\/si\/#website\"},\"datePublished\":\"2016-08-27T09:00:00+00:00\",\"dateModified\":\"2016-08-28T06:57:58+00:00\",\"breadcrumb\":{\"@id\":\"https:\/\/hudo.com\/si\/aktualno\/vecerov-piknik-druzenje-pod-pohorjem-ob-dobri-glasbi\/#breadcrumb\"},\"inLanguage\":\"sl-SI\",\"potentialAction\":[{\"@type\":\"ReadAction\",\"target\":[\"https:\/\/hudo.com\/si\/aktualno\/vecerov-piknik-druzenje-pod-pohorjem-ob-dobri-glasbi\/\"]}]},{\"@type\":\"BreadcrumbList\",\"@id\":\"https:\/\/hudo.com\/si\/aktualno\/vecerov-piknik-druzenje-pod-pohorjem-ob-dobri-glasbi\/#breadcrumb\",\"itemListElement\":[{\"@type\":\"ListItem\",\"position\":1,\"name\":\"Home\",\"item\":\"https:\/\/hudo.com\/si\/\"},{\"@type\":\"ListItem\",\"position\":2,\"name\":\"Ve\u010derov piknik: Dru\u017eenje pod Pohorjem ob dobri glasbi\"}]},{\"@type\":\"WebSite\",\"@id\":\"https:\/\/hudo.com\/si\/#website\",\"url\":\"https:\/\/hudo.com\/si\/\",\"name\":\"Hudo Slovenija\",\"description\":\"Vse novice iz Slovenije in sveta\",\"publisher\":{\"@id\":\"https:\/\/hudo.com\/si\/#organization\"},\"potentialAction\":[{\"@type\":\"SearchAction\",\"target\":{\"@type\":\"EntryPoint\",\"urlTemplate\":\"https:\/\/hudo.com\/si\/?s={search_term_string}\"},\"query-input\":\"required name=search_term_string\"}],\"inLanguage\":\"sl-SI\"},{\"@type\":\"Organization\",\"@id\":\"https:\/\/hudo.com\/si\/#organization\",\"name\":\"VSN Media\",\"url\":\"https:\/\/hudo.com\/si\/\",\"logo\":{\"@type\":\"ImageObject\",\"inLanguage\":\"sl-SI\",\"@id\":\"https:\/\/hudo.com\/si\/#\/schema\/logo\/image\/\",\"url\":\"https:\/\/hudo.com\/si\/wp-content\/uploads\/sites\/2\/2021\/03\/hudo-app-2.png\",\"contentUrl\":\"https:\/\/hudo.com\/si\/wp-content\/uploads\/sites\/2\/2021\/03\/hudo-app-2.png\",\"width\":2185,\"height\":2167,\"caption\":\"VSN Media\"},\"image\":{\"@id\":\"https:\/\/hudo.com\/si\/#\/schema\/logo\/image\/\"},\"sameAs\":[\"https:\/\/www.facebook.com\/hudo.si\",\"https:\/\/twitter.com\/hudo_si\"]},{\"@type\":\"Person\",\"@id\":\"https:\/\/hudo.com\/si\/#\/schema\/person\/601cf3379633985b20f7e50f2bb47707\",\"name\":\"hudo\",\"image\":{\"@type\":\"ImageObject\",\"inLanguage\":\"sl-SI\",\"@id\":\"https:\/\/hudo.com\/si\/#\/schema\/person\/image\/\",\"url\":\"https:\/\/secure.gravatar.com\/avatar\/c4ca25fa72cace7a696b52ff5db9e095?s=96&d=mm&r=g\",\"contentUrl\":\"https:\/\/secure.gravatar.com\/avatar\/c4ca25fa72cace7a696b52ff5db9e095?s=96&d=mm&r=g\",\"caption\":\"hudo\"},\"url\":\"https:\/\/hudo.com\/si\/author\/hudo\/\"}]}<\/script>\n<!-- \/ Yoast SEO plugin. -->","yoast_head_json":{"title":"Ve\u010derov piknik: Dru\u017eenje pod Pohorjem ob dobri glasbi - Hudo Slovenija","robots":{"index":"index","follow":"follow","max-snippet":"max-snippet:-1","max-image-preview":"max-image-preview:large","max-video-preview":"max-video-preview:-1"},"canonical":"https:\/\/hudo.com\/si\/aktualno\/vecerov-piknik-druzenje-pod-pohorjem-ob-dobri-glasbi\/","og_locale":"sl_SI","og_type":"article","og_title":"Ve\u010derov piknik: Dru\u017eenje pod Pohorjem ob dobri glasbi - Hudo Slovenija","og_description":"Pri hotelu Arena se je zbrala \u017ee mno\u017eica obiskovalcev tradicionalne prireditve Ve\u010derov piknik, ki so se dopoldne odpravili na Pohorje, spust pa so na\u010drtovali tako, da se med 14. in 18. uro zberejo v ciljni areni, kjer jih \u010dakajo mize, senca, ter hrana in pija\u010da. Mnogim \u017ee gre v slast pripravljen gola\u017e, zato danes nikar ne kuhajte doma, temve\u010d pridite na Ve\u010derov piknik, kjer bo pestro dogajanje vse do ve\u010dera. Uverturo v dana\u0161nji bogat program je predstavljala obvezna tonska vaja Dan D. Tolkala in bas kitara sta dala dovolj ritma, da so se ljudje \u0161e pred pri\u010detkom uradnega programa pri\u010deli zbirati in dru\u017eiti na poko\u0161eni zelenici. Po vzoru \"zgodnji pti\u010d ujame \u010drva\" so tisti, ki so pri\u0161li najhitreje, lahko izbirali mize v senci, mnogi pa se niti malo niso skrivali pred son\u010dnimi \u017earki. So nam pa obiskovalci povedali, da je vro\u010d dan kot nala\u0161\u010d za vzpon na Pohorje, kjer je bilo nekoliko hladneje. Janeza Pasterka smo ujeli, ko je pri vzpenja\u010di iskal prvega izmed treh \u017eigov za nagradni dru\u017einski pohod. Ko je sestavljal pohodni\u0161ke palice nam je povedal, da imata s soprogo za dana\u0161nji dan v na\u010drtu naprej malo sprehoda, nato pa malce u\u017eitka. Na Pohorje sta se odpravila pe\u0161, kako se vrniti v dolino - ali morda ubrati prevoz z gondolo, pa se bosta odlo\u010dila zgoraj. \"Na sprehod smo pri\u0161li, pa na gola\u017e in muziko,\" pa je dejal Sla\u010dek Zvonko in dodal, da imajo nekaj jeda\u010de in pija\u010de s seboj, nekaj pa si je bodo privo\u0161\u010dili na prireditvi. Na Pohorje sicer z dru\u017ebo ne hodijo pogosto, najve\u010dkrat, ko je kak\u0161na prireditev. Ve\u010derovega piknika tako niso \u017eeleli izpustiti. Pester program do ve\u010dera Ob 16.45 jih bo zabaval na\u0161 stari znanec, Ribi\u010d Pepe. Dobrodu\u0161ni brka\u010d, s katerim smo praznovali tudi na\u0161ih sedemdeset let, pravi, da mu Ve\u010derova dru\u017eenja vedno ostanejo v lepem spominu, tudi zato, ker je Maribor malce tudi njegovo mesto. \"Tu sem v mladosti pre\u017eivel dalj\u0161e obdobje, zato se vedno znova rad vra\u010dam. Z veseljem spijem sok na vrtu kavarne na Lentu in u\u017eivam ob pogledu na Dravo. Srce mi","og_url":"https:\/\/hudo.com\/si\/aktualno\/vecerov-piknik-druzenje-pod-pohorjem-ob-dobri-glasbi\/","og_site_name":"Hudo Slovenija","article_publisher":"https:\/\/www.facebook.com\/hudo.si","article_published_time":"2016-08-27T09:00:00+00:00","article_modified_time":"2016-08-28T06:57:58+00:00","og_image":[{"width":450,"height":337,"url":"https:\/\/hudo.com\/si\/wp-content\/uploads\/sites\/2\/2016\/08\/20160827_140435-300.jpg","type":"image\/jpeg"}],"author":"hudo","twitter_card":"summary_large_image","twitter_creator":"@hudo_si","twitter_site":"@hudo_si","twitter_misc":{"Written by":"hudo","Est. reading time":"2 minuti"},"schema":{"@context":"https:\/\/schema.org","@graph":[{"@type":"Article","@id":"https:\/\/hudo.com\/si\/aktualno\/vecerov-piknik-druzenje-pod-pohorjem-ob-dobri-glasbi\/#article","isPartOf":{"@id":"https:\/\/hudo.com\/si\/aktualno\/vecerov-piknik-druzenje-pod-pohorjem-ob-dobri-glasbi\/"},"author":{"name":"hudo","@id":"https:\/\/hudo.com\/si\/#\/schema\/person\/601cf3379633985b20f7e50f2bb47707"},"headline":"Ve\u010derov piknik: Dru\u017eenje pod Pohorjem ob dobri glasbi","datePublished":"2016-08-27T09:00:00+00:00","dateModified":"2016-08-28T06:57:58+00:00","mainEntityOfPage":{"@id":"https:\/\/hudo.com\/si\/aktualno\/vecerov-piknik-druzenje-pod-pohorjem-ob-dobri-glasbi\/"},"wordCount":386,"publisher":{"@id":"https:\/\/hudo.com\/si\/#organization"},"articleSection":["Aktualno"],"inLanguage":"sl-SI"},{"@type":"WebPage","@id":"https:\/\/hudo.com\/si\/aktualno\/vecerov-piknik-druzenje-pod-pohorjem-ob-dobri-glasbi\/","url":"https:\/\/hudo.com\/si\/aktualno\/vecerov-piknik-druzenje-pod-pohorjem-ob-dobri-glasbi\/","name":"Ve\u010derov piknik: Dru\u017eenje pod Pohorjem ob dobri glasbi - Hudo Slovenija","isPartOf":{"@id":"https:\/\/hudo.com\/si\/#website"},"datePublished":"2016-08-27T09:00:00+00:00","dateModified":"2016-08-28T06:57:58+00:00","breadcrumb":{"@id":"https:\/\/hudo.com\/si\/aktualno\/vecerov-piknik-druzenje-pod-pohorjem-ob-dobri-glasbi\/#breadcrumb"},"inLanguage":"sl-SI","potentialAction":[{"@type":"ReadAction","target":["https:\/\/hudo.com\/si\/aktualno\/vecerov-piknik-druzenje-pod-pohorjem-ob-dobri-glasbi\/"]}]},{"@type":"BreadcrumbList","@id":"https:\/\/hudo.com\/si\/aktualno\/vecerov-piknik-druzenje-pod-pohorjem-ob-dobri-glasbi\/#breadcrumb","itemListElement":[{"@type":"ListItem","position":1,"name":"Home","item":"https:\/\/hudo.com\/si\/"},{"@type":"ListItem","position":2,"name":"Ve\u010derov piknik: Dru\u017eenje pod Pohorjem ob dobri glasbi"}]},{"@type":"WebSite","@id":"https:\/\/hudo.com\/si\/#website","url":"https:\/\/hudo.com\/si\/","name":"Hudo Slovenija","description":"Vse novice iz Slovenije in sveta","publisher":{"@id":"https:\/\/hudo.com\/si\/#organization"},"potentialAction":[{"@type":"SearchAction","target":{"@type":"EntryPoint","urlTemplate":"https:\/\/hudo.com\/si\/?s={search_term_string}"},"query-input":"required name=search_term_string"}],"inLanguage":"sl-SI"},{"@type":"Organization","@id":"https:\/\/hudo.com\/si\/#organization","name":"VSN Media","url":"https:\/\/hudo.com\/si\/","logo":{"@type":"ImageObject","inLanguage":"sl-SI","@id":"https:\/\/hudo.com\/si\/#\/schema\/logo\/image\/","url":"https:\/\/hudo.com\/si\/wp-content\/uploads\/sites\/2\/2021\/03\/hudo-app-2.png","contentUrl":"https:\/\/hudo.com\/si\/wp-content\/uploads\/sites\/2\/2021\/03\/hudo-app-2.png","width":2185,"height":2167,"caption":"VSN Media"},"image":{"@id":"https:\/\/hudo.com\/si\/#\/schema\/logo\/image\/"},"sameAs":["https:\/\/www.facebook.com\/hudo.si","https:\/\/twitter.com\/hudo_si"]},{"@type":"Person","@id":"https:\/\/hudo.com\/si\/#\/schema\/person\/601cf3379633985b20f7e50f2bb47707","name":"hudo","image":{"@type":"ImageObject","inLanguage":"sl-SI","@id":"https:\/\/hudo.com\/si\/#\/schema\/person\/image\/","url":"https:\/\/secure.gravatar.com\/avatar\/c4ca25fa72cace7a696b52ff5db9e095?s=96&d=mm&r=g","contentUrl":"https:\/\/secure.gravatar.com\/avatar\/c4ca25fa72cace7a696b52ff5db9e095?s=96&d=mm&r=g","caption":"hudo"},"url":"https:\/\/hudo.com\/si\/author\/hudo\/"}]}},"amp_enabled":true,"_links":{"self":[{"href":"https:\/\/hudo.com\/si\/wp-json\/wp\/v2\/posts\/121443"}],"collection":[{"href":"https:\/\/hudo.com\/si\/wp-json\/wp\/v2\/posts"}],"about":[{"href":"https:\/\/hudo.com\/si\/wp-json\/wp\/v2\/types\/post"}],"author":[{"embeddable":true,"href":"https:\/\/hudo.com\/si\/wp-json\/wp\/v2\/users\/1"}],"replies":[{"embeddable":true,"href":"https:\/\/hudo.com\/si\/wp-json\/wp\/v2\/comments?post=121443"}],"version-history":[{"count":1,"href":"https:\/\/hudo.com\/si\/wp-json\/wp\/v2\/posts\/121443\/revisions"}],"predecessor-version":[{"id":121450,"href":"https:\/\/hudo.com\/si\/wp-json\/wp\/v2\/posts\/121443\/revisions\/121450"}],"wp:attachment":[{"href":"https:\/\/hudo.com\/si\/wp-json\/wp\/v2\/media?parent=121443"}],"wp:term":[{"taxonomy":"category","embeddable":true,"href":"https:\/\/hudo.com\/si\/wp-json\/wp\/v2\/categories?post=121443"},{"taxonomy":"post_tag","embeddable":true,"href":"https:\/\/hudo.com\/si\/wp-json\/wp\/v2\/tags?post=121443"},{"taxonomy":"source","embeddable":true,"href":"https:\/\/hudo.com\/si\/wp-json\/wp\/v2\/source?post=121443"},{"taxonomy":"supertag","embeddable":true,"href":"https:\/\/hudo.com\/si\/wp-json\/wp\/v2\/supertag?post=121443"}],"curies":[{"name":"wp","href":"https:\/\/api.w.org\/{rel}","templated":true}]}}