{"id":121445,"date":"2016-08-27T11:00:00","date_gmt":"2016-08-27T09:00:00","guid":{"rendered":"http:\/\/hudo.com\/si\/2016\/08\/27\/brodet-s-skarpeno-kaj-bi-brez-njih\/"},"modified":"2016-08-27T17:07:42","modified_gmt":"2016-08-27T15:07:42","slug":"brodet-s-skarpeno-kaj-bi-brez-njih","status":"publish","type":"post","link":"https:\/\/hudo.com\/si\/aktualno\/brodet-s-skarpeno-kaj-bi-brez-njih\/","title":{"rendered":"Brodet s \u0161karpeno: Kaj bi brez njih!"},"content":{"rendered":"<p>Kategorija: Kolumne Sat, 27 Aug 2016 13:00:00 +0200  \u0160karpena je \u0161la v\u010deraj na krem\u0161nite in \u0161ampanjec. Izvedela je, da \u017eivi zares dobro, pravzaprav ekselentno. \u010ce nam predsednik vlade ne bi povedal, tega \u0161e opazili ne bi. Malce nas \u017eulijo neprebojni jopi\u010di, malce nas re\u017eejo rezilne \u017eice in malce hodimo po pogrebih, ampak to je malenkost v primerjavi z razmerami v vzhodni Krakoviji. Povedal je, da so gospodarska rast, majhna brezposelnost in pregon evropske trojke njegova zasluga. \u0160karpena se posipa s pepelom, ker je prej mislila, da je kaj od tega morda zasluga nekaterih delavcev, uspe\u0161nih mened\u017eerjev in predvsem konjunkture na evropskih trgih, pa tudi prej\u0161nje Alenke. Zato bo predlagala to vlado za Nobelovo nagrado. Za ekonomske prese\u017eke najprej. Cerar je povedal \u0161e, da so (\u010dudno, tako tiho in brez pompa ter slavja) prakti\u010dno \u017ee za\u010deli graditi drugi tir,\u00a0&#8230;<\/p>\n","protected":false},"excerpt":{"rendered":"<p>Kategorija: Kolumne Sat, 27 Aug 2016 13:00:00 +0200  \u0160karpena je \u0161la v\u010deraj na krem\u0161nite in \u0161ampanjec. Izvedela je, da \u017eivi zares dobro, pravzaprav ekselentno. \u010ce nam predsednik vlade ne bi povedal, tega \u0161e opazili ne bi. Malce nas \u017eulijo neprebojni jopi\u010di, malce nas re\u017eejo rezilne \u017eice in malce hodimo po pogrebih, ampak to je malenkost v primerjavi z razmerami v vzhodni Krakoviji. Povedal je, da so gospodarska rast, majhna brezposelnost in pregon evropske trojke njegova zasluga. \u0160karpena se posipa s pepelom, ker je prej mislila, da je kaj od tega morda zasluga nekaterih delavcev, uspe\u0161nih mened\u017eerjev in predvsem konjunkture na evropskih trgih, pa tudi prej\u0161nje Alenke. Zato bo predlagala to vlado za Nobelovo nagrado. Za ekonomske prese\u017eke najprej. Cerar je povedal \u0161e, da so (\u010dudno, tako tiho in brez pompa ter slavja) prakti\u010dno \u017ee za\u010deli graditi drugi tir,\u00a0&#8230;<\/p>\n","protected":false},"author":1,"featured_media":0,"comment_status":"closed","ping_status":"closed","sticky":false,"template":"","format":"standard","meta":{"footnotes":""},"categories":[1179],"tags":[],"source":[1703],"supertag":[],"acf":[],"yoast_head":"<!-- This site is optimized with the Yoast SEO plugin v21.3 - https:\/\/yoast.com\/wordpress\/plugins\/seo\/ -->\n<title>Brodet s \u0161karpeno: Kaj bi brez njih! - Hudo Slovenija<\/title>\n<meta name=\"robots\" content=\"index, follow, max-snippet:-1, max-image-preview:large, max-video-preview:-1\" \/>\n<link rel=\"canonical\" href=\"https:\/\/hudo.com\/si\/aktualno\/brodet-s-skarpeno-kaj-bi-brez-njih\/\" \/>\n<meta property=\"og:locale\" content=\"sl_SI\" \/>\n<meta property=\"og:type\" content=\"article\" \/>\n<meta property=\"og:title\" content=\"Brodet s \u0161karpeno: Kaj bi brez njih! - Hudo Slovenija\" \/>\n<meta property=\"og:description\" content=\"Kategorija: Kolumne Sat, 27 Aug 2016 13:00:00 +0200 \u0160karpena je \u0161la v\u010deraj na krem\u0161nite in \u0161ampanjec. Izvedela je, da \u017eivi zares dobro, pravzaprav ekselentno. \u010ce nam predsednik vlade ne bi povedal, tega \u0161e opazili ne bi. Malce nas \u017eulijo neprebojni jopi\u010di, malce nas re\u017eejo rezilne \u017eice in malce hodimo po pogrebih, ampak to je malenkost v primerjavi z razmerami v vzhodni Krakoviji. Povedal je, da so gospodarska rast, majhna brezposelnost in pregon evropske trojke njegova zasluga. \u0160karpena se posipa s pepelom, ker je prej mislila, da je kaj od tega morda zasluga nekaterih delavcev, uspe\u0161nih mened\u017eerjev in predvsem konjunkture na evropskih trgih, pa tudi prej\u0161nje Alenke. Zato bo predlagala to vlado za Nobelovo nagrado. Za ekonomske prese\u017eke najprej. Cerar je povedal \u0161e, da so (\u010dudno, tako tiho in brez pompa ter slavja) prakti\u010dno \u017ee za\u010deli graditi drugi tir,\u00a0...\" \/>\n<meta property=\"og:url\" content=\"https:\/\/hudo.com\/si\/aktualno\/brodet-s-skarpeno-kaj-bi-brez-njih\/\" \/>\n<meta property=\"og:site_name\" content=\"Hudo Slovenija\" \/>\n<meta property=\"article:publisher\" content=\"https:\/\/www.facebook.com\/hudo.si\" \/>\n<meta property=\"article:published_time\" content=\"2016-08-27T09:00:00+00:00\" \/>\n<meta property=\"article:modified_time\" content=\"2016-08-27T15:07:42+00:00\" \/>\n<meta property=\"og:image\" content=\"https:\/\/hudo.com\/si\/wp-content\/uploads\/sites\/2\/2016\/08\/480x290_2_stran__djvu_2044490_suhec_hires0.jpeg\" \/>\n\t<meta property=\"og:image:width\" content=\"480\" \/>\n\t<meta property=\"og:image:height\" content=\"290\" \/>\n\t<meta property=\"og:image:type\" content=\"image\/jpeg\" \/>\n<meta name=\"author\" content=\"hudo\" \/>\n<meta name=\"twitter:card\" content=\"summary_large_image\" \/>\n<meta name=\"twitter:creator\" content=\"@hudo_si\" \/>\n<meta name=\"twitter:site\" content=\"@hudo_si\" \/>\n<meta name=\"twitter:label1\" content=\"Written by\" \/>\n\t<meta name=\"twitter:data1\" content=\"hudo\" \/>\n\t<meta name=\"twitter:label2\" content=\"Est. reading time\" \/>\n\t<meta name=\"twitter:data2\" content=\"1 minuta\" \/>\n<script type=\"application\/ld+json\" class=\"yoast-schema-graph\">{\"@context\":\"https:\/\/schema.org\",\"@graph\":[{\"@type\":\"Article\",\"@id\":\"https:\/\/hudo.com\/si\/aktualno\/brodet-s-skarpeno-kaj-bi-brez-njih\/#article\",\"isPartOf\":{\"@id\":\"https:\/\/hudo.com\/si\/aktualno\/brodet-s-skarpeno-kaj-bi-brez-njih\/\"},\"author\":{\"name\":\"hudo\",\"@id\":\"https:\/\/hudo.com\/si\/#\/schema\/person\/601cf3379633985b20f7e50f2bb47707\"},\"headline\":\"Brodet s \u0161karpeno: Kaj bi brez njih!\",\"datePublished\":\"2016-08-27T09:00:00+00:00\",\"dateModified\":\"2016-08-27T15:07:42+00:00\",\"mainEntityOfPage\":{\"@id\":\"https:\/\/hudo.com\/si\/aktualno\/brodet-s-skarpeno-kaj-bi-brez-njih\/\"},\"wordCount\":151,\"publisher\":{\"@id\":\"https:\/\/hudo.com\/si\/#organization\"},\"articleSection\":[\"Aktualno\"],\"inLanguage\":\"sl-SI\"},{\"@type\":\"WebPage\",\"@id\":\"https:\/\/hudo.com\/si\/aktualno\/brodet-s-skarpeno-kaj-bi-brez-njih\/\",\"url\":\"https:\/\/hudo.com\/si\/aktualno\/brodet-s-skarpeno-kaj-bi-brez-njih\/\",\"name\":\"Brodet s \u0161karpeno: Kaj bi brez njih! - Hudo Slovenija\",\"isPartOf\":{\"@id\":\"https:\/\/hudo.com\/si\/#website\"},\"datePublished\":\"2016-08-27T09:00:00+00:00\",\"dateModified\":\"2016-08-27T15:07:42+00:00\",\"breadcrumb\":{\"@id\":\"https:\/\/hudo.com\/si\/aktualno\/brodet-s-skarpeno-kaj-bi-brez-njih\/#breadcrumb\"},\"inLanguage\":\"sl-SI\",\"potentialAction\":[{\"@type\":\"ReadAction\",\"target\":[\"https:\/\/hudo.com\/si\/aktualno\/brodet-s-skarpeno-kaj-bi-brez-njih\/\"]}]},{\"@type\":\"BreadcrumbList\",\"@id\":\"https:\/\/hudo.com\/si\/aktualno\/brodet-s-skarpeno-kaj-bi-brez-njih\/#breadcrumb\",\"itemListElement\":[{\"@type\":\"ListItem\",\"position\":1,\"name\":\"Home\",\"item\":\"https:\/\/hudo.com\/si\/\"},{\"@type\":\"ListItem\",\"position\":2,\"name\":\"Brodet s \u0161karpeno: Kaj bi brez njih!\"}]},{\"@type\":\"WebSite\",\"@id\":\"https:\/\/hudo.com\/si\/#website\",\"url\":\"https:\/\/hudo.com\/si\/\",\"name\":\"Hudo Slovenija\",\"description\":\"Vse novice iz Slovenije in sveta\",\"publisher\":{\"@id\":\"https:\/\/hudo.com\/si\/#organization\"},\"potentialAction\":[{\"@type\":\"SearchAction\",\"target\":{\"@type\":\"EntryPoint\",\"urlTemplate\":\"https:\/\/hudo.com\/si\/?s={search_term_string}\"},\"query-input\":\"required name=search_term_string\"}],\"inLanguage\":\"sl-SI\"},{\"@type\":\"Organization\",\"@id\":\"https:\/\/hudo.com\/si\/#organization\",\"name\":\"VSN Media\",\"url\":\"https:\/\/hudo.com\/si\/\",\"logo\":{\"@type\":\"ImageObject\",\"inLanguage\":\"sl-SI\",\"@id\":\"https:\/\/hudo.com\/si\/#\/schema\/logo\/image\/\",\"url\":\"https:\/\/hudo.com\/si\/wp-content\/uploads\/sites\/2\/2021\/03\/hudo-app-2.png\",\"contentUrl\":\"https:\/\/hudo.com\/si\/wp-content\/uploads\/sites\/2\/2021\/03\/hudo-app-2.png\",\"width\":2185,\"height\":2167,\"caption\":\"VSN Media\"},\"image\":{\"@id\":\"https:\/\/hudo.com\/si\/#\/schema\/logo\/image\/\"},\"sameAs\":[\"https:\/\/www.facebook.com\/hudo.si\",\"https:\/\/twitter.com\/hudo_si\"]},{\"@type\":\"Person\",\"@id\":\"https:\/\/hudo.com\/si\/#\/schema\/person\/601cf3379633985b20f7e50f2bb47707\",\"name\":\"hudo\",\"image\":{\"@type\":\"ImageObject\",\"inLanguage\":\"sl-SI\",\"@id\":\"https:\/\/hudo.com\/si\/#\/schema\/person\/image\/\",\"url\":\"https:\/\/secure.gravatar.com\/avatar\/c4ca25fa72cace7a696b52ff5db9e095?s=96&d=mm&r=g\",\"contentUrl\":\"https:\/\/secure.gravatar.com\/avatar\/c4ca25fa72cace7a696b52ff5db9e095?s=96&d=mm&r=g\",\"caption\":\"hudo\"},\"url\":\"https:\/\/hudo.com\/si\/author\/hudo\/\"}]}<\/script>\n<!-- \/ Yoast SEO plugin. -->","yoast_head_json":{"title":"Brodet s \u0161karpeno: Kaj bi brez njih! - Hudo Slovenija","robots":{"index":"index","follow":"follow","max-snippet":"max-snippet:-1","max-image-preview":"max-image-preview:large","max-video-preview":"max-video-preview:-1"},"canonical":"https:\/\/hudo.com\/si\/aktualno\/brodet-s-skarpeno-kaj-bi-brez-njih\/","og_locale":"sl_SI","og_type":"article","og_title":"Brodet s \u0161karpeno: Kaj bi brez njih! - Hudo Slovenija","og_description":"Kategorija: Kolumne Sat, 27 Aug 2016 13:00:00 +0200 \u0160karpena je \u0161la v\u010deraj na krem\u0161nite in \u0161ampanjec. Izvedela je, da \u017eivi zares dobro, pravzaprav ekselentno. \u010ce nam predsednik vlade ne bi povedal, tega \u0161e opazili ne bi. Malce nas \u017eulijo neprebojni jopi\u010di, malce nas re\u017eejo rezilne \u017eice in malce hodimo po pogrebih, ampak to je malenkost v primerjavi z razmerami v vzhodni Krakoviji. Povedal je, da so gospodarska rast, majhna brezposelnost in pregon evropske trojke njegova zasluga. \u0160karpena se posipa s pepelom, ker je prej mislila, da je kaj od tega morda zasluga nekaterih delavcev, uspe\u0161nih mened\u017eerjev in predvsem konjunkture na evropskih trgih, pa tudi prej\u0161nje Alenke. Zato bo predlagala to vlado za Nobelovo nagrado. Za ekonomske prese\u017eke najprej. Cerar je povedal \u0161e, da so (\u010dudno, tako tiho in brez pompa ter slavja) prakti\u010dno \u017ee za\u010deli graditi drugi tir,\u00a0...","og_url":"https:\/\/hudo.com\/si\/aktualno\/brodet-s-skarpeno-kaj-bi-brez-njih\/","og_site_name":"Hudo Slovenija","article_publisher":"https:\/\/www.facebook.com\/hudo.si","article_published_time":"2016-08-27T09:00:00+00:00","article_modified_time":"2016-08-27T15:07:42+00:00","og_image":[{"width":480,"height":290,"url":"https:\/\/hudo.com\/si\/wp-content\/uploads\/sites\/2\/2016\/08\/480x290_2_stran__djvu_2044490_suhec_hires0.jpeg","type":"image\/jpeg"}],"author":"hudo","twitter_card":"summary_large_image","twitter_creator":"@hudo_si","twitter_site":"@hudo_si","twitter_misc":{"Written by":"hudo","Est. reading time":"1 minuta"},"schema":{"@context":"https:\/\/schema.org","@graph":[{"@type":"Article","@id":"https:\/\/hudo.com\/si\/aktualno\/brodet-s-skarpeno-kaj-bi-brez-njih\/#article","isPartOf":{"@id":"https:\/\/hudo.com\/si\/aktualno\/brodet-s-skarpeno-kaj-bi-brez-njih\/"},"author":{"name":"hudo","@id":"https:\/\/hudo.com\/si\/#\/schema\/person\/601cf3379633985b20f7e50f2bb47707"},"headline":"Brodet s \u0161karpeno: Kaj bi brez njih!","datePublished":"2016-08-27T09:00:00+00:00","dateModified":"2016-08-27T15:07:42+00:00","mainEntityOfPage":{"@id":"https:\/\/hudo.com\/si\/aktualno\/brodet-s-skarpeno-kaj-bi-brez-njih\/"},"wordCount":151,"publisher":{"@id":"https:\/\/hudo.com\/si\/#organization"},"articleSection":["Aktualno"],"inLanguage":"sl-SI"},{"@type":"WebPage","@id":"https:\/\/hudo.com\/si\/aktualno\/brodet-s-skarpeno-kaj-bi-brez-njih\/","url":"https:\/\/hudo.com\/si\/aktualno\/brodet-s-skarpeno-kaj-bi-brez-njih\/","name":"Brodet s \u0161karpeno: Kaj bi brez njih! - Hudo Slovenija","isPartOf":{"@id":"https:\/\/hudo.com\/si\/#website"},"datePublished":"2016-08-27T09:00:00+00:00","dateModified":"2016-08-27T15:07:42+00:00","breadcrumb":{"@id":"https:\/\/hudo.com\/si\/aktualno\/brodet-s-skarpeno-kaj-bi-brez-njih\/#breadcrumb"},"inLanguage":"sl-SI","potentialAction":[{"@type":"ReadAction","target":["https:\/\/hudo.com\/si\/aktualno\/brodet-s-skarpeno-kaj-bi-brez-njih\/"]}]},{"@type":"BreadcrumbList","@id":"https:\/\/hudo.com\/si\/aktualno\/brodet-s-skarpeno-kaj-bi-brez-njih\/#breadcrumb","itemListElement":[{"@type":"ListItem","position":1,"name":"Home","item":"https:\/\/hudo.com\/si\/"},{"@type":"ListItem","position":2,"name":"Brodet s \u0161karpeno: Kaj bi brez njih!"}]},{"@type":"WebSite","@id":"https:\/\/hudo.com\/si\/#website","url":"https:\/\/hudo.com\/si\/","name":"Hudo Slovenija","description":"Vse novice iz Slovenije in sveta","publisher":{"@id":"https:\/\/hudo.com\/si\/#organization"},"potentialAction":[{"@type":"SearchAction","target":{"@type":"EntryPoint","urlTemplate":"https:\/\/hudo.com\/si\/?s={search_term_string}"},"query-input":"required name=search_term_string"}],"inLanguage":"sl-SI"},{"@type":"Organization","@id":"https:\/\/hudo.com\/si\/#organization","name":"VSN Media","url":"https:\/\/hudo.com\/si\/","logo":{"@type":"ImageObject","inLanguage":"sl-SI","@id":"https:\/\/hudo.com\/si\/#\/schema\/logo\/image\/","url":"https:\/\/hudo.com\/si\/wp-content\/uploads\/sites\/2\/2021\/03\/hudo-app-2.png","contentUrl":"https:\/\/hudo.com\/si\/wp-content\/uploads\/sites\/2\/2021\/03\/hudo-app-2.png","width":2185,"height":2167,"caption":"VSN Media"},"image":{"@id":"https:\/\/hudo.com\/si\/#\/schema\/logo\/image\/"},"sameAs":["https:\/\/www.facebook.com\/hudo.si","https:\/\/twitter.com\/hudo_si"]},{"@type":"Person","@id":"https:\/\/hudo.com\/si\/#\/schema\/person\/601cf3379633985b20f7e50f2bb47707","name":"hudo","image":{"@type":"ImageObject","inLanguage":"sl-SI","@id":"https:\/\/hudo.com\/si\/#\/schema\/person\/image\/","url":"https:\/\/secure.gravatar.com\/avatar\/c4ca25fa72cace7a696b52ff5db9e095?s=96&d=mm&r=g","contentUrl":"https:\/\/secure.gravatar.com\/avatar\/c4ca25fa72cace7a696b52ff5db9e095?s=96&d=mm&r=g","caption":"hudo"},"url":"https:\/\/hudo.com\/si\/author\/hudo\/"}]}},"amp_enabled":true,"_links":{"self":[{"href":"https:\/\/hudo.com\/si\/wp-json\/wp\/v2\/posts\/121445"}],"collection":[{"href":"https:\/\/hudo.com\/si\/wp-json\/wp\/v2\/posts"}],"about":[{"href":"https:\/\/hudo.com\/si\/wp-json\/wp\/v2\/types\/post"}],"author":[{"embeddable":true,"href":"https:\/\/hudo.com\/si\/wp-json\/wp\/v2\/users\/1"}],"replies":[{"embeddable":true,"href":"https:\/\/hudo.com\/si\/wp-json\/wp\/v2\/comments?post=121445"}],"version-history":[{"count":1,"href":"https:\/\/hudo.com\/si\/wp-json\/wp\/v2\/posts\/121445\/revisions"}],"predecessor-version":[{"id":121451,"href":"https:\/\/hudo.com\/si\/wp-json\/wp\/v2\/posts\/121445\/revisions\/121451"}],"wp:attachment":[{"href":"https:\/\/hudo.com\/si\/wp-json\/wp\/v2\/media?parent=121445"}],"wp:term":[{"taxonomy":"category","embeddable":true,"href":"https:\/\/hudo.com\/si\/wp-json\/wp\/v2\/categories?post=121445"},{"taxonomy":"post_tag","embeddable":true,"href":"https:\/\/hudo.com\/si\/wp-json\/wp\/v2\/tags?post=121445"},{"taxonomy":"source","embeddable":true,"href":"https:\/\/hudo.com\/si\/wp-json\/wp\/v2\/source?post=121445"},{"taxonomy":"supertag","embeddable":true,"href":"https:\/\/hudo.com\/si\/wp-json\/wp\/v2\/supertag?post=121445"}],"curies":[{"name":"wp","href":"https:\/\/api.w.org\/{rel}","templated":true}]}}