{"id":121474,"date":"2016-08-27T10:00:00","date_gmt":"2016-08-27T08:00:00","guid":{"rendered":"http:\/\/hudo.com\/si\/2016\/08\/27\/ime-dneva-vezalka-ki-se-ne-zaveze-ampak-zapne\/"},"modified":"2016-08-28T05:52:30","modified_gmt":"2016-08-28T03:52:30","slug":"ime-dneva-vezalka-ki-se-ne-zaveze-ampak-zapne","status":"publish","type":"post","link":"https:\/\/hudo.com\/si\/aktualno\/ime-dneva-vezalka-ki-se-ne-zaveze-ampak-zapne\/","title":{"rendered":"Ime dneva: Vezalka, ki se ne zave\u017ee, ampak zapne"},"content":{"rendered":"<p>Kategorija: Podjetja Sat, 27 Aug 2016 12:00:00 +0200  Ljubljana \u2013 Mladi zasavski inovator David Knez je zasnoval druga\u010dne vezalke od klasi\u010dnih, ki se zavezujejo s pentljo. Njegove inovativne vezalke so elasti\u010dne in se ne zavezujejo, ampak se z obro\u010dkom na koncu vezalk zapnejo na navojni \u017eeblji\u010dek. \u010ceprav je David Knez strojni in\u017eenir, ga je zaneslo v tekstilno panogo. Da je lahko oblikoval in izdeloval svojo unikatno linijo obla\u010dil pod blagovno znamko InDividual, je kupil \u0161ivalne stroje in opravil te\u010daj \u0161ivanja. Pri oblikovanju \u010devljev, s katerimi bi dopolnil linijo obla\u010dil, je \u017eelel preoblikovati klasi\u010dne vezalke, ki se \u017ee ves \u010das ve\u017eejo na pentljo, in ustvariti druga\u010dne, sodobnej\u0161e in uporabnej\u0161e. Tako je pred dvema letoma pri\u0161el na zamisel, da se jih ne zavezuje, ampak zapenja, zato morajo biti elasti\u010dne. V tem \u010dasu je nove vezalke dopolnjeval, dodeloval in izpopolnjeval. Svojo zamisel\u00a0&#8230;<\/p>\n","protected":false},"excerpt":{"rendered":"<p>Kategorija: Podjetja Sat, 27 Aug 2016 12:00:00 +0200  Ljubljana \u2013 Mladi zasavski inovator David Knez je zasnoval druga\u010dne vezalke od klasi\u010dnih, ki se zavezujejo s pentljo. Njegove inovativne vezalke so elasti\u010dne in se ne zavezujejo, ampak se z obro\u010dkom na koncu vezalk zapnejo na navojni \u017eeblji\u010dek. \u010ceprav je David Knez strojni in\u017eenir, ga je zaneslo v tekstilno panogo. Da je lahko oblikoval in izdeloval svojo unikatno linijo obla\u010dil pod blagovno znamko InDividual, je kupil \u0161ivalne stroje in opravil te\u010daj \u0161ivanja. Pri oblikovanju \u010devljev, s katerimi bi dopolnil linijo obla\u010dil, je \u017eelel preoblikovati klasi\u010dne vezalke, ki se \u017ee ves \u010das ve\u017eejo na pentljo, in ustvariti druga\u010dne, sodobnej\u0161e in uporabnej\u0161e. Tako je pred dvema letoma pri\u0161el na zamisel, da se jih ne zavezuje, ampak zapenja, zato morajo biti elasti\u010dne. V tem \u010dasu je nove vezalke dopolnjeval, dodeloval in izpopolnjeval. Svojo zamisel\u00a0&#8230;<\/p>\n","protected":false},"author":1,"featured_media":0,"comment_status":"closed","ping_status":"closed","sticky":false,"template":"","format":"standard","meta":{"footnotes":""},"categories":[1179],"tags":[],"source":[1703],"supertag":[],"acf":[],"yoast_head":"<!-- This site is optimized with the Yoast SEO plugin v21.3 - https:\/\/yoast.com\/wordpress\/plugins\/seo\/ -->\n<title>Ime dneva: Vezalka, ki se ne zave\u017ee, ampak zapne - Hudo Slovenija<\/title>\n<meta name=\"robots\" content=\"index, follow, max-snippet:-1, max-image-preview:large, max-video-preview:-1\" \/>\n<link rel=\"canonical\" href=\"https:\/\/hudo.com\/si\/aktualno\/ime-dneva-vezalka-ki-se-ne-zaveze-ampak-zapne\/\" \/>\n<meta property=\"og:locale\" content=\"sl_SI\" \/>\n<meta property=\"og:type\" content=\"article\" \/>\n<meta property=\"og:title\" content=\"Ime dneva: Vezalka, ki se ne zave\u017ee, ampak zapne - Hudo Slovenija\" \/>\n<meta property=\"og:description\" content=\"Kategorija: Podjetja Sat, 27 Aug 2016 12:00:00 +0200 Ljubljana \u2013 Mladi zasavski inovator David Knez je zasnoval druga\u010dne vezalke od klasi\u010dnih, ki se zavezujejo s pentljo. Njegove inovativne vezalke so elasti\u010dne in se ne zavezujejo, ampak se z obro\u010dkom na koncu vezalk zapnejo na navojni \u017eeblji\u010dek. \u010ceprav je David Knez strojni in\u017eenir, ga je zaneslo v tekstilno panogo. Da je lahko oblikoval in izdeloval svojo unikatno linijo obla\u010dil pod blagovno znamko InDividual, je kupil \u0161ivalne stroje in opravil te\u010daj \u0161ivanja. Pri oblikovanju \u010devljev, s katerimi bi dopolnil linijo obla\u010dil, je \u017eelel preoblikovati klasi\u010dne vezalke, ki se \u017ee ves \u010das ve\u017eejo na pentljo, in ustvariti druga\u010dne, sodobnej\u0161e in uporabnej\u0161e. Tako je pred dvema letoma pri\u0161el na zamisel, da se jih ne zavezuje, ampak zapenja, zato morajo biti elasti\u010dne. V tem \u010dasu je nove vezalke dopolnjeval, dodeloval in izpopolnjeval. Svojo zamisel\u00a0...\" \/>\n<meta property=\"og:url\" content=\"https:\/\/hudo.com\/si\/aktualno\/ime-dneva-vezalka-ki-se-ne-zaveze-ampak-zapne\/\" \/>\n<meta property=\"og:site_name\" content=\"Hudo Slovenija\" \/>\n<meta property=\"article:publisher\" content=\"https:\/\/www.facebook.com\/hudo.si\" \/>\n<meta property=\"article:published_time\" content=\"2016-08-27T08:00:00+00:00\" \/>\n<meta property=\"article:modified_time\" content=\"2016-08-28T03:52:30+00:00\" \/>\n<meta property=\"og:image\" content=\"https:\/\/hudo.com\/si\/wp-content\/uploads\/sites\/2\/2016\/08\/480x290_Gospodarska__Delo_Foto_2016.25_hires0.jpeg\" \/>\n\t<meta property=\"og:image:width\" content=\"480\" \/>\n\t<meta property=\"og:image:height\" content=\"290\" \/>\n\t<meta property=\"og:image:type\" content=\"image\/jpeg\" \/>\n<meta name=\"author\" content=\"hudo\" \/>\n<meta name=\"twitter:card\" content=\"summary_large_image\" \/>\n<meta name=\"twitter:creator\" content=\"@hudo_si\" \/>\n<meta name=\"twitter:site\" content=\"@hudo_si\" \/>\n<meta name=\"twitter:label1\" content=\"Written by\" \/>\n\t<meta name=\"twitter:data1\" content=\"hudo\" \/>\n\t<meta name=\"twitter:label2\" content=\"Est. reading time\" \/>\n\t<meta name=\"twitter:data2\" content=\"1 minuta\" \/>\n<script type=\"application\/ld+json\" class=\"yoast-schema-graph\">{\"@context\":\"https:\/\/schema.org\",\"@graph\":[{\"@type\":\"Article\",\"@id\":\"https:\/\/hudo.com\/si\/aktualno\/ime-dneva-vezalka-ki-se-ne-zaveze-ampak-zapne\/#article\",\"isPartOf\":{\"@id\":\"https:\/\/hudo.com\/si\/aktualno\/ime-dneva-vezalka-ki-se-ne-zaveze-ampak-zapne\/\"},\"author\":{\"name\":\"hudo\",\"@id\":\"https:\/\/hudo.com\/si\/#\/schema\/person\/601cf3379633985b20f7e50f2bb47707\"},\"headline\":\"Ime dneva: Vezalka, ki se ne zave\u017ee, ampak zapne\",\"datePublished\":\"2016-08-27T08:00:00+00:00\",\"dateModified\":\"2016-08-28T03:52:30+00:00\",\"mainEntityOfPage\":{\"@id\":\"https:\/\/hudo.com\/si\/aktualno\/ime-dneva-vezalka-ki-se-ne-zaveze-ampak-zapne\/\"},\"wordCount\":160,\"publisher\":{\"@id\":\"https:\/\/hudo.com\/si\/#organization\"},\"articleSection\":[\"Aktualno\"],\"inLanguage\":\"sl-SI\"},{\"@type\":\"WebPage\",\"@id\":\"https:\/\/hudo.com\/si\/aktualno\/ime-dneva-vezalka-ki-se-ne-zaveze-ampak-zapne\/\",\"url\":\"https:\/\/hudo.com\/si\/aktualno\/ime-dneva-vezalka-ki-se-ne-zaveze-ampak-zapne\/\",\"name\":\"Ime dneva: Vezalka, ki se ne zave\u017ee, ampak zapne - Hudo Slovenija\",\"isPartOf\":{\"@id\":\"https:\/\/hudo.com\/si\/#website\"},\"datePublished\":\"2016-08-27T08:00:00+00:00\",\"dateModified\":\"2016-08-28T03:52:30+00:00\",\"breadcrumb\":{\"@id\":\"https:\/\/hudo.com\/si\/aktualno\/ime-dneva-vezalka-ki-se-ne-zaveze-ampak-zapne\/#breadcrumb\"},\"inLanguage\":\"sl-SI\",\"potentialAction\":[{\"@type\":\"ReadAction\",\"target\":[\"https:\/\/hudo.com\/si\/aktualno\/ime-dneva-vezalka-ki-se-ne-zaveze-ampak-zapne\/\"]}]},{\"@type\":\"BreadcrumbList\",\"@id\":\"https:\/\/hudo.com\/si\/aktualno\/ime-dneva-vezalka-ki-se-ne-zaveze-ampak-zapne\/#breadcrumb\",\"itemListElement\":[{\"@type\":\"ListItem\",\"position\":1,\"name\":\"Home\",\"item\":\"https:\/\/hudo.com\/si\/\"},{\"@type\":\"ListItem\",\"position\":2,\"name\":\"Ime dneva: Vezalka, ki se ne zave\u017ee, ampak zapne\"}]},{\"@type\":\"WebSite\",\"@id\":\"https:\/\/hudo.com\/si\/#website\",\"url\":\"https:\/\/hudo.com\/si\/\",\"name\":\"Hudo Slovenija\",\"description\":\"Vse novice iz Slovenije in sveta\",\"publisher\":{\"@id\":\"https:\/\/hudo.com\/si\/#organization\"},\"potentialAction\":[{\"@type\":\"SearchAction\",\"target\":{\"@type\":\"EntryPoint\",\"urlTemplate\":\"https:\/\/hudo.com\/si\/?s={search_term_string}\"},\"query-input\":\"required name=search_term_string\"}],\"inLanguage\":\"sl-SI\"},{\"@type\":\"Organization\",\"@id\":\"https:\/\/hudo.com\/si\/#organization\",\"name\":\"VSN Media\",\"url\":\"https:\/\/hudo.com\/si\/\",\"logo\":{\"@type\":\"ImageObject\",\"inLanguage\":\"sl-SI\",\"@id\":\"https:\/\/hudo.com\/si\/#\/schema\/logo\/image\/\",\"url\":\"https:\/\/hudo.com\/si\/wp-content\/uploads\/sites\/2\/2021\/03\/hudo-app-2.png\",\"contentUrl\":\"https:\/\/hudo.com\/si\/wp-content\/uploads\/sites\/2\/2021\/03\/hudo-app-2.png\",\"width\":2185,\"height\":2167,\"caption\":\"VSN Media\"},\"image\":{\"@id\":\"https:\/\/hudo.com\/si\/#\/schema\/logo\/image\/\"},\"sameAs\":[\"https:\/\/www.facebook.com\/hudo.si\",\"https:\/\/twitter.com\/hudo_si\"]},{\"@type\":\"Person\",\"@id\":\"https:\/\/hudo.com\/si\/#\/schema\/person\/601cf3379633985b20f7e50f2bb47707\",\"name\":\"hudo\",\"image\":{\"@type\":\"ImageObject\",\"inLanguage\":\"sl-SI\",\"@id\":\"https:\/\/hudo.com\/si\/#\/schema\/person\/image\/\",\"url\":\"https:\/\/secure.gravatar.com\/avatar\/c4ca25fa72cace7a696b52ff5db9e095?s=96&d=mm&r=g\",\"contentUrl\":\"https:\/\/secure.gravatar.com\/avatar\/c4ca25fa72cace7a696b52ff5db9e095?s=96&d=mm&r=g\",\"caption\":\"hudo\"},\"url\":\"https:\/\/hudo.com\/si\/author\/hudo\/\"}]}<\/script>\n<!-- \/ Yoast SEO plugin. -->","yoast_head_json":{"title":"Ime dneva: Vezalka, ki se ne zave\u017ee, ampak zapne - Hudo Slovenija","robots":{"index":"index","follow":"follow","max-snippet":"max-snippet:-1","max-image-preview":"max-image-preview:large","max-video-preview":"max-video-preview:-1"},"canonical":"https:\/\/hudo.com\/si\/aktualno\/ime-dneva-vezalka-ki-se-ne-zaveze-ampak-zapne\/","og_locale":"sl_SI","og_type":"article","og_title":"Ime dneva: Vezalka, ki se ne zave\u017ee, ampak zapne - Hudo Slovenija","og_description":"Kategorija: Podjetja Sat, 27 Aug 2016 12:00:00 +0200 Ljubljana \u2013 Mladi zasavski inovator David Knez je zasnoval druga\u010dne vezalke od klasi\u010dnih, ki se zavezujejo s pentljo. Njegove inovativne vezalke so elasti\u010dne in se ne zavezujejo, ampak se z obro\u010dkom na koncu vezalk zapnejo na navojni \u017eeblji\u010dek. \u010ceprav je David Knez strojni in\u017eenir, ga je zaneslo v tekstilno panogo. Da je lahko oblikoval in izdeloval svojo unikatno linijo obla\u010dil pod blagovno znamko InDividual, je kupil \u0161ivalne stroje in opravil te\u010daj \u0161ivanja. Pri oblikovanju \u010devljev, s katerimi bi dopolnil linijo obla\u010dil, je \u017eelel preoblikovati klasi\u010dne vezalke, ki se \u017ee ves \u010das ve\u017eejo na pentljo, in ustvariti druga\u010dne, sodobnej\u0161e in uporabnej\u0161e. Tako je pred dvema letoma pri\u0161el na zamisel, da se jih ne zavezuje, ampak zapenja, zato morajo biti elasti\u010dne. V tem \u010dasu je nove vezalke dopolnjeval, dodeloval in izpopolnjeval. Svojo zamisel\u00a0...","og_url":"https:\/\/hudo.com\/si\/aktualno\/ime-dneva-vezalka-ki-se-ne-zaveze-ampak-zapne\/","og_site_name":"Hudo Slovenija","article_publisher":"https:\/\/www.facebook.com\/hudo.si","article_published_time":"2016-08-27T08:00:00+00:00","article_modified_time":"2016-08-28T03:52:30+00:00","og_image":[{"width":480,"height":290,"url":"https:\/\/hudo.com\/si\/wp-content\/uploads\/sites\/2\/2016\/08\/480x290_Gospodarska__Delo_Foto_2016.25_hires0.jpeg","type":"image\/jpeg"}],"author":"hudo","twitter_card":"summary_large_image","twitter_creator":"@hudo_si","twitter_site":"@hudo_si","twitter_misc":{"Written by":"hudo","Est. reading time":"1 minuta"},"schema":{"@context":"https:\/\/schema.org","@graph":[{"@type":"Article","@id":"https:\/\/hudo.com\/si\/aktualno\/ime-dneva-vezalka-ki-se-ne-zaveze-ampak-zapne\/#article","isPartOf":{"@id":"https:\/\/hudo.com\/si\/aktualno\/ime-dneva-vezalka-ki-se-ne-zaveze-ampak-zapne\/"},"author":{"name":"hudo","@id":"https:\/\/hudo.com\/si\/#\/schema\/person\/601cf3379633985b20f7e50f2bb47707"},"headline":"Ime dneva: Vezalka, ki se ne zave\u017ee, ampak zapne","datePublished":"2016-08-27T08:00:00+00:00","dateModified":"2016-08-28T03:52:30+00:00","mainEntityOfPage":{"@id":"https:\/\/hudo.com\/si\/aktualno\/ime-dneva-vezalka-ki-se-ne-zaveze-ampak-zapne\/"},"wordCount":160,"publisher":{"@id":"https:\/\/hudo.com\/si\/#organization"},"articleSection":["Aktualno"],"inLanguage":"sl-SI"},{"@type":"WebPage","@id":"https:\/\/hudo.com\/si\/aktualno\/ime-dneva-vezalka-ki-se-ne-zaveze-ampak-zapne\/","url":"https:\/\/hudo.com\/si\/aktualno\/ime-dneva-vezalka-ki-se-ne-zaveze-ampak-zapne\/","name":"Ime dneva: Vezalka, ki se ne zave\u017ee, ampak zapne - Hudo Slovenija","isPartOf":{"@id":"https:\/\/hudo.com\/si\/#website"},"datePublished":"2016-08-27T08:00:00+00:00","dateModified":"2016-08-28T03:52:30+00:00","breadcrumb":{"@id":"https:\/\/hudo.com\/si\/aktualno\/ime-dneva-vezalka-ki-se-ne-zaveze-ampak-zapne\/#breadcrumb"},"inLanguage":"sl-SI","potentialAction":[{"@type":"ReadAction","target":["https:\/\/hudo.com\/si\/aktualno\/ime-dneva-vezalka-ki-se-ne-zaveze-ampak-zapne\/"]}]},{"@type":"BreadcrumbList","@id":"https:\/\/hudo.com\/si\/aktualno\/ime-dneva-vezalka-ki-se-ne-zaveze-ampak-zapne\/#breadcrumb","itemListElement":[{"@type":"ListItem","position":1,"name":"Home","item":"https:\/\/hudo.com\/si\/"},{"@type":"ListItem","position":2,"name":"Ime dneva: Vezalka, ki se ne zave\u017ee, ampak zapne"}]},{"@type":"WebSite","@id":"https:\/\/hudo.com\/si\/#website","url":"https:\/\/hudo.com\/si\/","name":"Hudo Slovenija","description":"Vse novice iz Slovenije in sveta","publisher":{"@id":"https:\/\/hudo.com\/si\/#organization"},"potentialAction":[{"@type":"SearchAction","target":{"@type":"EntryPoint","urlTemplate":"https:\/\/hudo.com\/si\/?s={search_term_string}"},"query-input":"required name=search_term_string"}],"inLanguage":"sl-SI"},{"@type":"Organization","@id":"https:\/\/hudo.com\/si\/#organization","name":"VSN Media","url":"https:\/\/hudo.com\/si\/","logo":{"@type":"ImageObject","inLanguage":"sl-SI","@id":"https:\/\/hudo.com\/si\/#\/schema\/logo\/image\/","url":"https:\/\/hudo.com\/si\/wp-content\/uploads\/sites\/2\/2021\/03\/hudo-app-2.png","contentUrl":"https:\/\/hudo.com\/si\/wp-content\/uploads\/sites\/2\/2021\/03\/hudo-app-2.png","width":2185,"height":2167,"caption":"VSN Media"},"image":{"@id":"https:\/\/hudo.com\/si\/#\/schema\/logo\/image\/"},"sameAs":["https:\/\/www.facebook.com\/hudo.si","https:\/\/twitter.com\/hudo_si"]},{"@type":"Person","@id":"https:\/\/hudo.com\/si\/#\/schema\/person\/601cf3379633985b20f7e50f2bb47707","name":"hudo","image":{"@type":"ImageObject","inLanguage":"sl-SI","@id":"https:\/\/hudo.com\/si\/#\/schema\/person\/image\/","url":"https:\/\/secure.gravatar.com\/avatar\/c4ca25fa72cace7a696b52ff5db9e095?s=96&d=mm&r=g","contentUrl":"https:\/\/secure.gravatar.com\/avatar\/c4ca25fa72cace7a696b52ff5db9e095?s=96&d=mm&r=g","caption":"hudo"},"url":"https:\/\/hudo.com\/si\/author\/hudo\/"}]}},"amp_enabled":true,"_links":{"self":[{"href":"https:\/\/hudo.com\/si\/wp-json\/wp\/v2\/posts\/121474"}],"collection":[{"href":"https:\/\/hudo.com\/si\/wp-json\/wp\/v2\/posts"}],"about":[{"href":"https:\/\/hudo.com\/si\/wp-json\/wp\/v2\/types\/post"}],"author":[{"embeddable":true,"href":"https:\/\/hudo.com\/si\/wp-json\/wp\/v2\/users\/1"}],"replies":[{"embeddable":true,"href":"https:\/\/hudo.com\/si\/wp-json\/wp\/v2\/comments?post=121474"}],"version-history":[{"count":1,"href":"https:\/\/hudo.com\/si\/wp-json\/wp\/v2\/posts\/121474\/revisions"}],"predecessor-version":[{"id":121616,"href":"https:\/\/hudo.com\/si\/wp-json\/wp\/v2\/posts\/121474\/revisions\/121616"}],"wp:attachment":[{"href":"https:\/\/hudo.com\/si\/wp-json\/wp\/v2\/media?parent=121474"}],"wp:term":[{"taxonomy":"category","embeddable":true,"href":"https:\/\/hudo.com\/si\/wp-json\/wp\/v2\/categories?post=121474"},{"taxonomy":"post_tag","embeddable":true,"href":"https:\/\/hudo.com\/si\/wp-json\/wp\/v2\/tags?post=121474"},{"taxonomy":"source","embeddable":true,"href":"https:\/\/hudo.com\/si\/wp-json\/wp\/v2\/source?post=121474"},{"taxonomy":"supertag","embeddable":true,"href":"https:\/\/hudo.com\/si\/wp-json\/wp\/v2\/supertag?post=121474"}],"curies":[{"name":"wp","href":"https:\/\/api.w.org\/{rel}","templated":true}]}}