{"id":121572,"date":"2016-08-27T16:23:00","date_gmt":"2016-08-27T14:23:00","guid":{"rendered":"http:\/\/hudo.com\/si\/2016\/08\/27\/vuelta-lagutinu-osma-etapa-quintana-v-rdecem\/"},"modified":"2016-08-27T16:23:00","modified_gmt":"2016-08-27T14:23:00","slug":"vuelta-lagutinu-osma-etapa-quintana-v-rdecem","status":"publish","type":"post","link":"https:\/\/hudo.com\/si\/aktualno\/vuelta-lagutinu-osma-etapa-quintana-v-rdecem\/","title":{"rendered":"Vuelta: Lagutinu osma etapa, Quintana v rde\u010dem"},"content":{"rendered":"<p>Kategorija: Kolesarstvo Sat, 27 Aug 2016 18:23:00 +0200  Madrid &#8211; Rus Sergej Lagutin (Katju\u0161a) je zmagovalec osme etape kolesarske dirke po \u0160paniji. Drugo mesto je na 181,5 km dolgi preizku\u0161nji med krajema Villalpando in La Camperona osvojil Francoz Axel Domont (+0:10), tretje njegov rojak Perrig Quemeneur (+0:17), rde\u010do majico vodilnega v skupni razvrstitvi pa je oblekel Kolumbijec Nairo Quintana (Movistar). Dana\u0161njo etapo je uvodoma popestril pobeg skupine enajstih kolesarjev, ki je glavnini u\u0161la \u017ee po devetih kilometrih in si nato 40 km pred ciljem prikolesarila ve\u010d kot deset minut prednosti. Odlo\u010ditev o etapnem zmagovalcu je padla na zadnjem in ve\u010d kot 10 km dolgem vzponu na 1600 metrov visoko La Camperono &#8211; predvsem zahtevni so bili zadnji kilometri, saj so nekateri odseki imeli tudi 25-odstotni naklon -, v teh okoli\u0161\u010dinah pa je najve\u010d mo\u010di prihranil 35-letni ruski veteran Lagutin. Glavnina,\u00a0&#8230;<\/p>\n","protected":false},"excerpt":{"rendered":"<p>Kategorija: Kolesarstvo Sat, 27 Aug 2016 18:23:00 +0200  Madrid &#8211; Rus Sergej Lagutin (Katju\u0161a) je zmagovalec osme etape kolesarske dirke po \u0160paniji. Drugo mesto je na 181,5 km dolgi preizku\u0161nji med krajema Villalpando in La Camperona osvojil Francoz Axel Domont (+0:10), tretje njegov rojak Perrig Quemeneur (+0:17), rde\u010do majico vodilnega v skupni razvrstitvi pa je oblekel Kolumbijec Nairo Quintana (Movistar). Dana\u0161njo etapo je uvodoma popestril pobeg skupine enajstih kolesarjev, ki je glavnini u\u0161la \u017ee po devetih kilometrih in si nato 40 km pred ciljem prikolesarila ve\u010d kot deset minut prednosti. Odlo\u010ditev o etapnem zmagovalcu je padla na zadnjem in ve\u010d kot 10 km dolgem vzponu na 1600 metrov visoko La Camperono &#8211; predvsem zahtevni so bili zadnji kilometri, saj so nekateri odseki imeli tudi 25-odstotni naklon -, v teh okoli\u0161\u010dinah pa je najve\u010d mo\u010di prihranil 35-letni ruski veteran Lagutin. Glavnina,\u00a0&#8230;<\/p>\n","protected":false},"author":1,"featured_media":0,"comment_status":"closed","ping_status":"closed","sticky":false,"template":"","format":"standard","meta":{"footnotes":""},"categories":[1179],"tags":[],"source":[1703],"supertag":[],"acf":[],"yoast_head":"<!-- This site is optimized with the Yoast SEO plugin v21.3 - https:\/\/yoast.com\/wordpress\/plugins\/seo\/ -->\n<title>Vuelta: Lagutinu osma etapa, Quintana v rde\u010dem - Hudo Slovenija<\/title>\n<meta name=\"robots\" content=\"index, follow, max-snippet:-1, max-image-preview:large, max-video-preview:-1\" \/>\n<link rel=\"canonical\" href=\"https:\/\/hudo.com\/si\/aktualno\/vuelta-lagutinu-osma-etapa-quintana-v-rdecem\/\" \/>\n<meta property=\"og:locale\" content=\"sl_SI\" \/>\n<meta property=\"og:type\" content=\"article\" \/>\n<meta property=\"og:title\" content=\"Vuelta: Lagutinu osma etapa, Quintana v rde\u010dem - Hudo Slovenija\" \/>\n<meta property=\"og:description\" content=\"Kategorija: Kolesarstvo Sat, 27 Aug 2016 18:23:00 +0200 Madrid - Rus Sergej Lagutin (Katju\u0161a) je zmagovalec osme etape kolesarske dirke po \u0160paniji. Drugo mesto je na 181,5 km dolgi preizku\u0161nji med krajema Villalpando in La Camperona osvojil Francoz Axel Domont (+0:10), tretje njegov rojak Perrig Quemeneur (+0:17), rde\u010do majico vodilnega v skupni razvrstitvi pa je oblekel Kolumbijec Nairo Quintana (Movistar). Dana\u0161njo etapo je uvodoma popestril pobeg skupine enajstih kolesarjev, ki je glavnini u\u0161la \u017ee po devetih kilometrih in si nato 40 km pred ciljem prikolesarila ve\u010d kot deset minut prednosti. Odlo\u010ditev o etapnem zmagovalcu je padla na zadnjem in ve\u010d kot 10 km dolgem vzponu na 1600 metrov visoko La Camperono - predvsem zahtevni so bili zadnji kilometri, saj so nekateri odseki imeli tudi 25-odstotni naklon -, v teh okoli\u0161\u010dinah pa je najve\u010d mo\u010di prihranil 35-letni ruski veteran Lagutin. Glavnina,\u00a0...\" \/>\n<meta property=\"og:url\" content=\"https:\/\/hudo.com\/si\/aktualno\/vuelta-lagutinu-osma-etapa-quintana-v-rdecem\/\" \/>\n<meta property=\"og:site_name\" content=\"Hudo Slovenija\" \/>\n<meta property=\"article:publisher\" content=\"https:\/\/www.facebook.com\/hudo.si\" \/>\n<meta property=\"article:published_time\" content=\"2016-08-27T14:23:00+00:00\" \/>\n<meta property=\"og:image\" content=\"https:\/\/hudo.com\/si\/wp-content\/uploads\/sites\/2\/2016\/08\/480x290_AFP_Photo-20160821192349-81233300.jpeg\" \/>\n\t<meta property=\"og:image:width\" content=\"480\" \/>\n\t<meta property=\"og:image:height\" content=\"290\" \/>\n\t<meta property=\"og:image:type\" content=\"image\/jpeg\" \/>\n<meta name=\"author\" content=\"hudo\" \/>\n<meta name=\"twitter:card\" content=\"summary_large_image\" \/>\n<meta name=\"twitter:creator\" content=\"@hudo_si\" \/>\n<meta name=\"twitter:site\" content=\"@hudo_si\" \/>\n<meta name=\"twitter:label1\" content=\"Written by\" \/>\n\t<meta name=\"twitter:data1\" content=\"hudo\" \/>\n\t<meta name=\"twitter:label2\" content=\"Est. reading time\" \/>\n\t<meta name=\"twitter:data2\" content=\"1 minuta\" \/>\n<script type=\"application\/ld+json\" class=\"yoast-schema-graph\">{\"@context\":\"https:\/\/schema.org\",\"@graph\":[{\"@type\":\"Article\",\"@id\":\"https:\/\/hudo.com\/si\/aktualno\/vuelta-lagutinu-osma-etapa-quintana-v-rdecem\/#article\",\"isPartOf\":{\"@id\":\"https:\/\/hudo.com\/si\/aktualno\/vuelta-lagutinu-osma-etapa-quintana-v-rdecem\/\"},\"author\":{\"name\":\"hudo\",\"@id\":\"https:\/\/hudo.com\/si\/#\/schema\/person\/601cf3379633985b20f7e50f2bb47707\"},\"headline\":\"Vuelta: Lagutinu osma etapa, Quintana v rde\u010dem\",\"datePublished\":\"2016-08-27T14:23:00+00:00\",\"dateModified\":\"2016-08-27T14:23:00+00:00\",\"mainEntityOfPage\":{\"@id\":\"https:\/\/hudo.com\/si\/aktualno\/vuelta-lagutinu-osma-etapa-quintana-v-rdecem\/\"},\"wordCount\":146,\"publisher\":{\"@id\":\"https:\/\/hudo.com\/si\/#organization\"},\"articleSection\":[\"Aktualno\"],\"inLanguage\":\"sl-SI\"},{\"@type\":\"WebPage\",\"@id\":\"https:\/\/hudo.com\/si\/aktualno\/vuelta-lagutinu-osma-etapa-quintana-v-rdecem\/\",\"url\":\"https:\/\/hudo.com\/si\/aktualno\/vuelta-lagutinu-osma-etapa-quintana-v-rdecem\/\",\"name\":\"Vuelta: Lagutinu osma etapa, Quintana v rde\u010dem - Hudo Slovenija\",\"isPartOf\":{\"@id\":\"https:\/\/hudo.com\/si\/#website\"},\"datePublished\":\"2016-08-27T14:23:00+00:00\",\"dateModified\":\"2016-08-27T14:23:00+00:00\",\"breadcrumb\":{\"@id\":\"https:\/\/hudo.com\/si\/aktualno\/vuelta-lagutinu-osma-etapa-quintana-v-rdecem\/#breadcrumb\"},\"inLanguage\":\"sl-SI\",\"potentialAction\":[{\"@type\":\"ReadAction\",\"target\":[\"https:\/\/hudo.com\/si\/aktualno\/vuelta-lagutinu-osma-etapa-quintana-v-rdecem\/\"]}]},{\"@type\":\"BreadcrumbList\",\"@id\":\"https:\/\/hudo.com\/si\/aktualno\/vuelta-lagutinu-osma-etapa-quintana-v-rdecem\/#breadcrumb\",\"itemListElement\":[{\"@type\":\"ListItem\",\"position\":1,\"name\":\"Home\",\"item\":\"https:\/\/hudo.com\/si\/\"},{\"@type\":\"ListItem\",\"position\":2,\"name\":\"Vuelta: Lagutinu osma etapa, Quintana v rde\u010dem\"}]},{\"@type\":\"WebSite\",\"@id\":\"https:\/\/hudo.com\/si\/#website\",\"url\":\"https:\/\/hudo.com\/si\/\",\"name\":\"Hudo Slovenija\",\"description\":\"Vse novice iz Slovenije in sveta\",\"publisher\":{\"@id\":\"https:\/\/hudo.com\/si\/#organization\"},\"potentialAction\":[{\"@type\":\"SearchAction\",\"target\":{\"@type\":\"EntryPoint\",\"urlTemplate\":\"https:\/\/hudo.com\/si\/?s={search_term_string}\"},\"query-input\":\"required name=search_term_string\"}],\"inLanguage\":\"sl-SI\"},{\"@type\":\"Organization\",\"@id\":\"https:\/\/hudo.com\/si\/#organization\",\"name\":\"VSN Media\",\"url\":\"https:\/\/hudo.com\/si\/\",\"logo\":{\"@type\":\"ImageObject\",\"inLanguage\":\"sl-SI\",\"@id\":\"https:\/\/hudo.com\/si\/#\/schema\/logo\/image\/\",\"url\":\"https:\/\/hudo.com\/si\/wp-content\/uploads\/sites\/2\/2021\/03\/hudo-app-2.png\",\"contentUrl\":\"https:\/\/hudo.com\/si\/wp-content\/uploads\/sites\/2\/2021\/03\/hudo-app-2.png\",\"width\":2185,\"height\":2167,\"caption\":\"VSN Media\"},\"image\":{\"@id\":\"https:\/\/hudo.com\/si\/#\/schema\/logo\/image\/\"},\"sameAs\":[\"https:\/\/www.facebook.com\/hudo.si\",\"https:\/\/twitter.com\/hudo_si\"]},{\"@type\":\"Person\",\"@id\":\"https:\/\/hudo.com\/si\/#\/schema\/person\/601cf3379633985b20f7e50f2bb47707\",\"name\":\"hudo\",\"image\":{\"@type\":\"ImageObject\",\"inLanguage\":\"sl-SI\",\"@id\":\"https:\/\/hudo.com\/si\/#\/schema\/person\/image\/\",\"url\":\"https:\/\/secure.gravatar.com\/avatar\/c4ca25fa72cace7a696b52ff5db9e095?s=96&d=mm&r=g\",\"contentUrl\":\"https:\/\/secure.gravatar.com\/avatar\/c4ca25fa72cace7a696b52ff5db9e095?s=96&d=mm&r=g\",\"caption\":\"hudo\"},\"url\":\"https:\/\/hudo.com\/si\/author\/hudo\/\"}]}<\/script>\n<!-- \/ Yoast SEO plugin. -->","yoast_head_json":{"title":"Vuelta: Lagutinu osma etapa, Quintana v rde\u010dem - Hudo Slovenija","robots":{"index":"index","follow":"follow","max-snippet":"max-snippet:-1","max-image-preview":"max-image-preview:large","max-video-preview":"max-video-preview:-1"},"canonical":"https:\/\/hudo.com\/si\/aktualno\/vuelta-lagutinu-osma-etapa-quintana-v-rdecem\/","og_locale":"sl_SI","og_type":"article","og_title":"Vuelta: Lagutinu osma etapa, Quintana v rde\u010dem - Hudo Slovenija","og_description":"Kategorija: Kolesarstvo Sat, 27 Aug 2016 18:23:00 +0200 Madrid - Rus Sergej Lagutin (Katju\u0161a) je zmagovalec osme etape kolesarske dirke po \u0160paniji. Drugo mesto je na 181,5 km dolgi preizku\u0161nji med krajema Villalpando in La Camperona osvojil Francoz Axel Domont (+0:10), tretje njegov rojak Perrig Quemeneur (+0:17), rde\u010do majico vodilnega v skupni razvrstitvi pa je oblekel Kolumbijec Nairo Quintana (Movistar). Dana\u0161njo etapo je uvodoma popestril pobeg skupine enajstih kolesarjev, ki je glavnini u\u0161la \u017ee po devetih kilometrih in si nato 40 km pred ciljem prikolesarila ve\u010d kot deset minut prednosti. Odlo\u010ditev o etapnem zmagovalcu je padla na zadnjem in ve\u010d kot 10 km dolgem vzponu na 1600 metrov visoko La Camperono - predvsem zahtevni so bili zadnji kilometri, saj so nekateri odseki imeli tudi 25-odstotni naklon -, v teh okoli\u0161\u010dinah pa je najve\u010d mo\u010di prihranil 35-letni ruski veteran Lagutin. Glavnina,\u00a0...","og_url":"https:\/\/hudo.com\/si\/aktualno\/vuelta-lagutinu-osma-etapa-quintana-v-rdecem\/","og_site_name":"Hudo Slovenija","article_publisher":"https:\/\/www.facebook.com\/hudo.si","article_published_time":"2016-08-27T14:23:00+00:00","og_image":[{"width":480,"height":290,"url":"https:\/\/hudo.com\/si\/wp-content\/uploads\/sites\/2\/2016\/08\/480x290_AFP_Photo-20160821192349-81233300.jpeg","type":"image\/jpeg"}],"author":"hudo","twitter_card":"summary_large_image","twitter_creator":"@hudo_si","twitter_site":"@hudo_si","twitter_misc":{"Written by":"hudo","Est. reading time":"1 minuta"},"schema":{"@context":"https:\/\/schema.org","@graph":[{"@type":"Article","@id":"https:\/\/hudo.com\/si\/aktualno\/vuelta-lagutinu-osma-etapa-quintana-v-rdecem\/#article","isPartOf":{"@id":"https:\/\/hudo.com\/si\/aktualno\/vuelta-lagutinu-osma-etapa-quintana-v-rdecem\/"},"author":{"name":"hudo","@id":"https:\/\/hudo.com\/si\/#\/schema\/person\/601cf3379633985b20f7e50f2bb47707"},"headline":"Vuelta: Lagutinu osma etapa, Quintana v rde\u010dem","datePublished":"2016-08-27T14:23:00+00:00","dateModified":"2016-08-27T14:23:00+00:00","mainEntityOfPage":{"@id":"https:\/\/hudo.com\/si\/aktualno\/vuelta-lagutinu-osma-etapa-quintana-v-rdecem\/"},"wordCount":146,"publisher":{"@id":"https:\/\/hudo.com\/si\/#organization"},"articleSection":["Aktualno"],"inLanguage":"sl-SI"},{"@type":"WebPage","@id":"https:\/\/hudo.com\/si\/aktualno\/vuelta-lagutinu-osma-etapa-quintana-v-rdecem\/","url":"https:\/\/hudo.com\/si\/aktualno\/vuelta-lagutinu-osma-etapa-quintana-v-rdecem\/","name":"Vuelta: Lagutinu osma etapa, Quintana v rde\u010dem - Hudo Slovenija","isPartOf":{"@id":"https:\/\/hudo.com\/si\/#website"},"datePublished":"2016-08-27T14:23:00+00:00","dateModified":"2016-08-27T14:23:00+00:00","breadcrumb":{"@id":"https:\/\/hudo.com\/si\/aktualno\/vuelta-lagutinu-osma-etapa-quintana-v-rdecem\/#breadcrumb"},"inLanguage":"sl-SI","potentialAction":[{"@type":"ReadAction","target":["https:\/\/hudo.com\/si\/aktualno\/vuelta-lagutinu-osma-etapa-quintana-v-rdecem\/"]}]},{"@type":"BreadcrumbList","@id":"https:\/\/hudo.com\/si\/aktualno\/vuelta-lagutinu-osma-etapa-quintana-v-rdecem\/#breadcrumb","itemListElement":[{"@type":"ListItem","position":1,"name":"Home","item":"https:\/\/hudo.com\/si\/"},{"@type":"ListItem","position":2,"name":"Vuelta: Lagutinu osma etapa, Quintana v rde\u010dem"}]},{"@type":"WebSite","@id":"https:\/\/hudo.com\/si\/#website","url":"https:\/\/hudo.com\/si\/","name":"Hudo Slovenija","description":"Vse novice iz Slovenije in sveta","publisher":{"@id":"https:\/\/hudo.com\/si\/#organization"},"potentialAction":[{"@type":"SearchAction","target":{"@type":"EntryPoint","urlTemplate":"https:\/\/hudo.com\/si\/?s={search_term_string}"},"query-input":"required name=search_term_string"}],"inLanguage":"sl-SI"},{"@type":"Organization","@id":"https:\/\/hudo.com\/si\/#organization","name":"VSN Media","url":"https:\/\/hudo.com\/si\/","logo":{"@type":"ImageObject","inLanguage":"sl-SI","@id":"https:\/\/hudo.com\/si\/#\/schema\/logo\/image\/","url":"https:\/\/hudo.com\/si\/wp-content\/uploads\/sites\/2\/2021\/03\/hudo-app-2.png","contentUrl":"https:\/\/hudo.com\/si\/wp-content\/uploads\/sites\/2\/2021\/03\/hudo-app-2.png","width":2185,"height":2167,"caption":"VSN Media"},"image":{"@id":"https:\/\/hudo.com\/si\/#\/schema\/logo\/image\/"},"sameAs":["https:\/\/www.facebook.com\/hudo.si","https:\/\/twitter.com\/hudo_si"]},{"@type":"Person","@id":"https:\/\/hudo.com\/si\/#\/schema\/person\/601cf3379633985b20f7e50f2bb47707","name":"hudo","image":{"@type":"ImageObject","inLanguage":"sl-SI","@id":"https:\/\/hudo.com\/si\/#\/schema\/person\/image\/","url":"https:\/\/secure.gravatar.com\/avatar\/c4ca25fa72cace7a696b52ff5db9e095?s=96&d=mm&r=g","contentUrl":"https:\/\/secure.gravatar.com\/avatar\/c4ca25fa72cace7a696b52ff5db9e095?s=96&d=mm&r=g","caption":"hudo"},"url":"https:\/\/hudo.com\/si\/author\/hudo\/"}]}},"amp_enabled":true,"_links":{"self":[{"href":"https:\/\/hudo.com\/si\/wp-json\/wp\/v2\/posts\/121572"}],"collection":[{"href":"https:\/\/hudo.com\/si\/wp-json\/wp\/v2\/posts"}],"about":[{"href":"https:\/\/hudo.com\/si\/wp-json\/wp\/v2\/types\/post"}],"author":[{"embeddable":true,"href":"https:\/\/hudo.com\/si\/wp-json\/wp\/v2\/users\/1"}],"replies":[{"embeddable":true,"href":"https:\/\/hudo.com\/si\/wp-json\/wp\/v2\/comments?post=121572"}],"version-history":[{"count":0,"href":"https:\/\/hudo.com\/si\/wp-json\/wp\/v2\/posts\/121572\/revisions"}],"wp:attachment":[{"href":"https:\/\/hudo.com\/si\/wp-json\/wp\/v2\/media?parent=121572"}],"wp:term":[{"taxonomy":"category","embeddable":true,"href":"https:\/\/hudo.com\/si\/wp-json\/wp\/v2\/categories?post=121572"},{"taxonomy":"post_tag","embeddable":true,"href":"https:\/\/hudo.com\/si\/wp-json\/wp\/v2\/tags?post=121572"},{"taxonomy":"source","embeddable":true,"href":"https:\/\/hudo.com\/si\/wp-json\/wp\/v2\/source?post=121572"},{"taxonomy":"supertag","embeddable":true,"href":"https:\/\/hudo.com\/si\/wp-json\/wp\/v2\/supertag?post=121572"}],"curies":[{"name":"wp","href":"https:\/\/api.w.org\/{rel}","templated":true}]}}