{"id":121574,"date":"2016-08-27T16:15:00","date_gmt":"2016-08-27T14:15:00","guid":{"rendered":"http:\/\/hudo.com\/si\/2016\/08\/27\/cerar-v-berlinu-za-enotno-in-mocnejso-eu\/"},"modified":"2016-08-28T08:56:13","modified_gmt":"2016-08-28T06:56:13","slug":"cerar-v-berlinu-za-enotno-in-mocnejso-eu","status":"publish","type":"post","link":"https:\/\/hudo.com\/si\/aktualno\/cerar-v-berlinu-za-enotno-in-mocnejso-eu\/","title":{"rendered":"Cerar v Berlinu za enotno in mo\u010dnej\u0161o EU"},"content":{"rendered":"<p>Kategorija: Evropa Sat, 27 Aug 2016 18:15:00 +0200  \u00bb\u017delimo si, da gre EU naprej, da ostane enotna in postane \u0161e mo\u010dnej\u0161a, \u0161e posebej v razvoju gospodarstva,\u00ab\u00a0je po sre\u010danju dejal Cerar. Slovenski premier je na sre\u010danju z Merklovo, avstrijskim kanclerjem Christianom Kernom, odhajajo\u010dim hrva\u0161kim premierjem Tihomirjem Ore\u0161kovi\u0107em in bolgarskim premierjem Bojkom Borisovom na gradu Meseberg blizu Berlina posebej izpostavil vpra\u0161anje migracij in varnosti evropskih dr\u017eavljanov. \u00bbTukaj moramo dose\u010di enotnost in solidarnost, Evropa se mora na te izzive odzivati bolj povezano,\u00ab\u00a0je poudaril Cerar v izjavi za slovenske medije. \u00bb\u010ce ne bomo ustrezno re\u0161ili vpra\u0161anja migracij in varnosti, \u010de ne bomo na zunanjih mejah EU zaustavili ilegalnih migracijskih tokov in bili dovolj u\u010dinkoviti v dr\u017eavah izvora, potem enostavno ne bo dovolj \u010dasa in energije, da bi se dovolj posvetili razvojnim temam,\u00ab\u00a0je po poro\u010danju STA dejal Cerar. Premier je poudaril, da Slovenija ostaja v krogu jedrnih\u00a0&#8230;<\/p>\n","protected":false},"excerpt":{"rendered":"<p>Kategorija: Evropa Sat, 27 Aug 2016 18:15:00 +0200  \u00bb\u017delimo si, da gre EU naprej, da ostane enotna in postane \u0161e mo\u010dnej\u0161a, \u0161e posebej v razvoju gospodarstva,\u00ab\u00a0je po sre\u010danju dejal Cerar. Slovenski premier je na sre\u010danju z Merklovo, avstrijskim kanclerjem Christianom Kernom, odhajajo\u010dim hrva\u0161kim premierjem Tihomirjem Ore\u0161kovi\u0107em in bolgarskim premierjem Bojkom Borisovom na gradu Meseberg blizu Berlina posebej izpostavil vpra\u0161anje migracij in varnosti evropskih dr\u017eavljanov. \u00bbTukaj moramo dose\u010di enotnost in solidarnost, Evropa se mora na te izzive odzivati bolj povezano,\u00ab\u00a0je poudaril Cerar v izjavi za slovenske medije. \u00bb\u010ce ne bomo ustrezno re\u0161ili vpra\u0161anja migracij in varnosti, \u010de ne bomo na zunanjih mejah EU zaustavili ilegalnih migracijskih tokov in bili dovolj u\u010dinkoviti v dr\u017eavah izvora, potem enostavno ne bo dovolj \u010dasa in energije, da bi se dovolj posvetili razvojnim temam,\u00ab\u00a0je po poro\u010danju STA dejal Cerar. Premier je poudaril, da Slovenija ostaja v krogu jedrnih\u00a0&#8230;<\/p>\n","protected":false},"author":1,"featured_media":0,"comment_status":"closed","ping_status":"closed","sticky":false,"template":"","format":"standard","meta":{"footnotes":""},"categories":[1179],"tags":[],"source":[1703],"supertag":[],"acf":[],"yoast_head":"<!-- This site is optimized with the Yoast SEO plugin v21.3 - https:\/\/yoast.com\/wordpress\/plugins\/seo\/ -->\n<title>Cerar v Berlinu za enotno in mo\u010dnej\u0161o EU - Hudo Slovenija<\/title>\n<meta name=\"robots\" content=\"index, follow, max-snippet:-1, max-image-preview:large, max-video-preview:-1\" \/>\n<link rel=\"canonical\" href=\"https:\/\/hudo.com\/si\/aktualno\/cerar-v-berlinu-za-enotno-in-mocnejso-eu\/\" \/>\n<meta property=\"og:locale\" content=\"sl_SI\" \/>\n<meta property=\"og:type\" content=\"article\" \/>\n<meta property=\"og:title\" content=\"Cerar v Berlinu za enotno in mo\u010dnej\u0161o EU - Hudo Slovenija\" \/>\n<meta property=\"og:description\" content=\"Kategorija: Evropa Sat, 27 Aug 2016 18:15:00 +0200 \u00bb\u017delimo si, da gre EU naprej, da ostane enotna in postane \u0161e mo\u010dnej\u0161a, \u0161e posebej v razvoju gospodarstva,\u00ab\u00a0je po sre\u010danju dejal Cerar. Slovenski premier je na sre\u010danju z Merklovo, avstrijskim kanclerjem Christianom Kernom, odhajajo\u010dim hrva\u0161kim premierjem Tihomirjem Ore\u0161kovi\u0107em in bolgarskim premierjem Bojkom Borisovom na gradu Meseberg blizu Berlina posebej izpostavil vpra\u0161anje migracij in varnosti evropskih dr\u017eavljanov. \u00bbTukaj moramo dose\u010di enotnost in solidarnost, Evropa se mora na te izzive odzivati bolj povezano,\u00ab\u00a0je poudaril Cerar v izjavi za slovenske medije. \u00bb\u010ce ne bomo ustrezno re\u0161ili vpra\u0161anja migracij in varnosti, \u010de ne bomo na zunanjih mejah EU zaustavili ilegalnih migracijskih tokov in bili dovolj u\u010dinkoviti v dr\u017eavah izvora, potem enostavno ne bo dovolj \u010dasa in energije, da bi se dovolj posvetili razvojnim temam,\u00ab\u00a0je po poro\u010danju STA dejal Cerar. Premier je poudaril, da Slovenija ostaja v krogu jedrnih\u00a0...\" \/>\n<meta property=\"og:url\" content=\"https:\/\/hudo.com\/si\/aktualno\/cerar-v-berlinu-za-enotno-in-mocnejso-eu\/\" \/>\n<meta property=\"og:site_name\" content=\"Hudo Slovenija\" \/>\n<meta property=\"article:publisher\" content=\"https:\/\/www.facebook.com\/hudo.si\" \/>\n<meta property=\"article:published_time\" content=\"2016-08-27T14:15:00+00:00\" \/>\n<meta property=\"article:modified_time\" content=\"2016-08-28T06:56:13+00:00\" \/>\n<meta property=\"og:image\" content=\"https:\/\/hudo.com\/si\/wp-content\/uploads\/sites\/2\/2016\/08\/480x290_Reuters_Pictures-20160827154005-48967500.jpeg\" \/>\n\t<meta property=\"og:image:width\" content=\"480\" \/>\n\t<meta property=\"og:image:height\" content=\"290\" \/>\n\t<meta property=\"og:image:type\" content=\"image\/jpeg\" \/>\n<meta name=\"author\" content=\"hudo\" \/>\n<meta name=\"twitter:card\" content=\"summary_large_image\" \/>\n<meta name=\"twitter:creator\" content=\"@hudo_si\" \/>\n<meta name=\"twitter:site\" content=\"@hudo_si\" \/>\n<meta name=\"twitter:label1\" content=\"Written by\" \/>\n\t<meta name=\"twitter:data1\" content=\"hudo\" \/>\n\t<meta name=\"twitter:label2\" content=\"Est. reading time\" \/>\n\t<meta name=\"twitter:data2\" content=\"1 minuta\" \/>\n<script type=\"application\/ld+json\" class=\"yoast-schema-graph\">{\"@context\":\"https:\/\/schema.org\",\"@graph\":[{\"@type\":\"Article\",\"@id\":\"https:\/\/hudo.com\/si\/aktualno\/cerar-v-berlinu-za-enotno-in-mocnejso-eu\/#article\",\"isPartOf\":{\"@id\":\"https:\/\/hudo.com\/si\/aktualno\/cerar-v-berlinu-za-enotno-in-mocnejso-eu\/\"},\"author\":{\"name\":\"hudo\",\"@id\":\"https:\/\/hudo.com\/si\/#\/schema\/person\/601cf3379633985b20f7e50f2bb47707\"},\"headline\":\"Cerar v Berlinu za enotno in mo\u010dnej\u0161o EU\",\"datePublished\":\"2016-08-27T14:15:00+00:00\",\"dateModified\":\"2016-08-28T06:56:13+00:00\",\"mainEntityOfPage\":{\"@id\":\"https:\/\/hudo.com\/si\/aktualno\/cerar-v-berlinu-za-enotno-in-mocnejso-eu\/\"},\"wordCount\":167,\"publisher\":{\"@id\":\"https:\/\/hudo.com\/si\/#organization\"},\"articleSection\":[\"Aktualno\"],\"inLanguage\":\"sl-SI\"},{\"@type\":\"WebPage\",\"@id\":\"https:\/\/hudo.com\/si\/aktualno\/cerar-v-berlinu-za-enotno-in-mocnejso-eu\/\",\"url\":\"https:\/\/hudo.com\/si\/aktualno\/cerar-v-berlinu-za-enotno-in-mocnejso-eu\/\",\"name\":\"Cerar v Berlinu za enotno in mo\u010dnej\u0161o EU - Hudo Slovenija\",\"isPartOf\":{\"@id\":\"https:\/\/hudo.com\/si\/#website\"},\"datePublished\":\"2016-08-27T14:15:00+00:00\",\"dateModified\":\"2016-08-28T06:56:13+00:00\",\"breadcrumb\":{\"@id\":\"https:\/\/hudo.com\/si\/aktualno\/cerar-v-berlinu-za-enotno-in-mocnejso-eu\/#breadcrumb\"},\"inLanguage\":\"sl-SI\",\"potentialAction\":[{\"@type\":\"ReadAction\",\"target\":[\"https:\/\/hudo.com\/si\/aktualno\/cerar-v-berlinu-za-enotno-in-mocnejso-eu\/\"]}]},{\"@type\":\"BreadcrumbList\",\"@id\":\"https:\/\/hudo.com\/si\/aktualno\/cerar-v-berlinu-za-enotno-in-mocnejso-eu\/#breadcrumb\",\"itemListElement\":[{\"@type\":\"ListItem\",\"position\":1,\"name\":\"Home\",\"item\":\"https:\/\/hudo.com\/si\/\"},{\"@type\":\"ListItem\",\"position\":2,\"name\":\"Cerar v Berlinu za enotno in mo\u010dnej\u0161o EU\"}]},{\"@type\":\"WebSite\",\"@id\":\"https:\/\/hudo.com\/si\/#website\",\"url\":\"https:\/\/hudo.com\/si\/\",\"name\":\"Hudo Slovenija\",\"description\":\"Vse novice iz Slovenije in sveta\",\"publisher\":{\"@id\":\"https:\/\/hudo.com\/si\/#organization\"},\"potentialAction\":[{\"@type\":\"SearchAction\",\"target\":{\"@type\":\"EntryPoint\",\"urlTemplate\":\"https:\/\/hudo.com\/si\/?s={search_term_string}\"},\"query-input\":\"required name=search_term_string\"}],\"inLanguage\":\"sl-SI\"},{\"@type\":\"Organization\",\"@id\":\"https:\/\/hudo.com\/si\/#organization\",\"name\":\"VSN Media\",\"url\":\"https:\/\/hudo.com\/si\/\",\"logo\":{\"@type\":\"ImageObject\",\"inLanguage\":\"sl-SI\",\"@id\":\"https:\/\/hudo.com\/si\/#\/schema\/logo\/image\/\",\"url\":\"https:\/\/hudo.com\/si\/wp-content\/uploads\/sites\/2\/2021\/03\/hudo-app-2.png\",\"contentUrl\":\"https:\/\/hudo.com\/si\/wp-content\/uploads\/sites\/2\/2021\/03\/hudo-app-2.png\",\"width\":2185,\"height\":2167,\"caption\":\"VSN Media\"},\"image\":{\"@id\":\"https:\/\/hudo.com\/si\/#\/schema\/logo\/image\/\"},\"sameAs\":[\"https:\/\/www.facebook.com\/hudo.si\",\"https:\/\/twitter.com\/hudo_si\"]},{\"@type\":\"Person\",\"@id\":\"https:\/\/hudo.com\/si\/#\/schema\/person\/601cf3379633985b20f7e50f2bb47707\",\"name\":\"hudo\",\"image\":{\"@type\":\"ImageObject\",\"inLanguage\":\"sl-SI\",\"@id\":\"https:\/\/hudo.com\/si\/#\/schema\/person\/image\/\",\"url\":\"https:\/\/secure.gravatar.com\/avatar\/c4ca25fa72cace7a696b52ff5db9e095?s=96&d=mm&r=g\",\"contentUrl\":\"https:\/\/secure.gravatar.com\/avatar\/c4ca25fa72cace7a696b52ff5db9e095?s=96&d=mm&r=g\",\"caption\":\"hudo\"},\"url\":\"https:\/\/hudo.com\/si\/author\/hudo\/\"}]}<\/script>\n<!-- \/ Yoast SEO plugin. -->","yoast_head_json":{"title":"Cerar v Berlinu za enotno in mo\u010dnej\u0161o EU - Hudo Slovenija","robots":{"index":"index","follow":"follow","max-snippet":"max-snippet:-1","max-image-preview":"max-image-preview:large","max-video-preview":"max-video-preview:-1"},"canonical":"https:\/\/hudo.com\/si\/aktualno\/cerar-v-berlinu-za-enotno-in-mocnejso-eu\/","og_locale":"sl_SI","og_type":"article","og_title":"Cerar v Berlinu za enotno in mo\u010dnej\u0161o EU - Hudo Slovenija","og_description":"Kategorija: Evropa Sat, 27 Aug 2016 18:15:00 +0200 \u00bb\u017delimo si, da gre EU naprej, da ostane enotna in postane \u0161e mo\u010dnej\u0161a, \u0161e posebej v razvoju gospodarstva,\u00ab\u00a0je po sre\u010danju dejal Cerar. Slovenski premier je na sre\u010danju z Merklovo, avstrijskim kanclerjem Christianom Kernom, odhajajo\u010dim hrva\u0161kim premierjem Tihomirjem Ore\u0161kovi\u0107em in bolgarskim premierjem Bojkom Borisovom na gradu Meseberg blizu Berlina posebej izpostavil vpra\u0161anje migracij in varnosti evropskih dr\u017eavljanov. \u00bbTukaj moramo dose\u010di enotnost in solidarnost, Evropa se mora na te izzive odzivati bolj povezano,\u00ab\u00a0je poudaril Cerar v izjavi za slovenske medije. \u00bb\u010ce ne bomo ustrezno re\u0161ili vpra\u0161anja migracij in varnosti, \u010de ne bomo na zunanjih mejah EU zaustavili ilegalnih migracijskih tokov in bili dovolj u\u010dinkoviti v dr\u017eavah izvora, potem enostavno ne bo dovolj \u010dasa in energije, da bi se dovolj posvetili razvojnim temam,\u00ab\u00a0je po poro\u010danju STA dejal Cerar. Premier je poudaril, da Slovenija ostaja v krogu jedrnih\u00a0...","og_url":"https:\/\/hudo.com\/si\/aktualno\/cerar-v-berlinu-za-enotno-in-mocnejso-eu\/","og_site_name":"Hudo Slovenija","article_publisher":"https:\/\/www.facebook.com\/hudo.si","article_published_time":"2016-08-27T14:15:00+00:00","article_modified_time":"2016-08-28T06:56:13+00:00","og_image":[{"width":480,"height":290,"url":"https:\/\/hudo.com\/si\/wp-content\/uploads\/sites\/2\/2016\/08\/480x290_Reuters_Pictures-20160827154005-48967500.jpeg","type":"image\/jpeg"}],"author":"hudo","twitter_card":"summary_large_image","twitter_creator":"@hudo_si","twitter_site":"@hudo_si","twitter_misc":{"Written by":"hudo","Est. reading time":"1 minuta"},"schema":{"@context":"https:\/\/schema.org","@graph":[{"@type":"Article","@id":"https:\/\/hudo.com\/si\/aktualno\/cerar-v-berlinu-za-enotno-in-mocnejso-eu\/#article","isPartOf":{"@id":"https:\/\/hudo.com\/si\/aktualno\/cerar-v-berlinu-za-enotno-in-mocnejso-eu\/"},"author":{"name":"hudo","@id":"https:\/\/hudo.com\/si\/#\/schema\/person\/601cf3379633985b20f7e50f2bb47707"},"headline":"Cerar v Berlinu za enotno in mo\u010dnej\u0161o EU","datePublished":"2016-08-27T14:15:00+00:00","dateModified":"2016-08-28T06:56:13+00:00","mainEntityOfPage":{"@id":"https:\/\/hudo.com\/si\/aktualno\/cerar-v-berlinu-za-enotno-in-mocnejso-eu\/"},"wordCount":167,"publisher":{"@id":"https:\/\/hudo.com\/si\/#organization"},"articleSection":["Aktualno"],"inLanguage":"sl-SI"},{"@type":"WebPage","@id":"https:\/\/hudo.com\/si\/aktualno\/cerar-v-berlinu-za-enotno-in-mocnejso-eu\/","url":"https:\/\/hudo.com\/si\/aktualno\/cerar-v-berlinu-za-enotno-in-mocnejso-eu\/","name":"Cerar v Berlinu za enotno in mo\u010dnej\u0161o EU - Hudo Slovenija","isPartOf":{"@id":"https:\/\/hudo.com\/si\/#website"},"datePublished":"2016-08-27T14:15:00+00:00","dateModified":"2016-08-28T06:56:13+00:00","breadcrumb":{"@id":"https:\/\/hudo.com\/si\/aktualno\/cerar-v-berlinu-za-enotno-in-mocnejso-eu\/#breadcrumb"},"inLanguage":"sl-SI","potentialAction":[{"@type":"ReadAction","target":["https:\/\/hudo.com\/si\/aktualno\/cerar-v-berlinu-za-enotno-in-mocnejso-eu\/"]}]},{"@type":"BreadcrumbList","@id":"https:\/\/hudo.com\/si\/aktualno\/cerar-v-berlinu-za-enotno-in-mocnejso-eu\/#breadcrumb","itemListElement":[{"@type":"ListItem","position":1,"name":"Home","item":"https:\/\/hudo.com\/si\/"},{"@type":"ListItem","position":2,"name":"Cerar v Berlinu za enotno in mo\u010dnej\u0161o EU"}]},{"@type":"WebSite","@id":"https:\/\/hudo.com\/si\/#website","url":"https:\/\/hudo.com\/si\/","name":"Hudo Slovenija","description":"Vse novice iz Slovenije in sveta","publisher":{"@id":"https:\/\/hudo.com\/si\/#organization"},"potentialAction":[{"@type":"SearchAction","target":{"@type":"EntryPoint","urlTemplate":"https:\/\/hudo.com\/si\/?s={search_term_string}"},"query-input":"required name=search_term_string"}],"inLanguage":"sl-SI"},{"@type":"Organization","@id":"https:\/\/hudo.com\/si\/#organization","name":"VSN Media","url":"https:\/\/hudo.com\/si\/","logo":{"@type":"ImageObject","inLanguage":"sl-SI","@id":"https:\/\/hudo.com\/si\/#\/schema\/logo\/image\/","url":"https:\/\/hudo.com\/si\/wp-content\/uploads\/sites\/2\/2021\/03\/hudo-app-2.png","contentUrl":"https:\/\/hudo.com\/si\/wp-content\/uploads\/sites\/2\/2021\/03\/hudo-app-2.png","width":2185,"height":2167,"caption":"VSN Media"},"image":{"@id":"https:\/\/hudo.com\/si\/#\/schema\/logo\/image\/"},"sameAs":["https:\/\/www.facebook.com\/hudo.si","https:\/\/twitter.com\/hudo_si"]},{"@type":"Person","@id":"https:\/\/hudo.com\/si\/#\/schema\/person\/601cf3379633985b20f7e50f2bb47707","name":"hudo","image":{"@type":"ImageObject","inLanguage":"sl-SI","@id":"https:\/\/hudo.com\/si\/#\/schema\/person\/image\/","url":"https:\/\/secure.gravatar.com\/avatar\/c4ca25fa72cace7a696b52ff5db9e095?s=96&d=mm&r=g","contentUrl":"https:\/\/secure.gravatar.com\/avatar\/c4ca25fa72cace7a696b52ff5db9e095?s=96&d=mm&r=g","caption":"hudo"},"url":"https:\/\/hudo.com\/si\/author\/hudo\/"}]}},"amp_enabled":true,"_links":{"self":[{"href":"https:\/\/hudo.com\/si\/wp-json\/wp\/v2\/posts\/121574"}],"collection":[{"href":"https:\/\/hudo.com\/si\/wp-json\/wp\/v2\/posts"}],"about":[{"href":"https:\/\/hudo.com\/si\/wp-json\/wp\/v2\/types\/post"}],"author":[{"embeddable":true,"href":"https:\/\/hudo.com\/si\/wp-json\/wp\/v2\/users\/1"}],"replies":[{"embeddable":true,"href":"https:\/\/hudo.com\/si\/wp-json\/wp\/v2\/comments?post=121574"}],"version-history":[{"count":1,"href":"https:\/\/hudo.com\/si\/wp-json\/wp\/v2\/posts\/121574\/revisions"}],"predecessor-version":[{"id":121709,"href":"https:\/\/hudo.com\/si\/wp-json\/wp\/v2\/posts\/121574\/revisions\/121709"}],"wp:attachment":[{"href":"https:\/\/hudo.com\/si\/wp-json\/wp\/v2\/media?parent=121574"}],"wp:term":[{"taxonomy":"category","embeddable":true,"href":"https:\/\/hudo.com\/si\/wp-json\/wp\/v2\/categories?post=121574"},{"taxonomy":"post_tag","embeddable":true,"href":"https:\/\/hudo.com\/si\/wp-json\/wp\/v2\/tags?post=121574"},{"taxonomy":"source","embeddable":true,"href":"https:\/\/hudo.com\/si\/wp-json\/wp\/v2\/source?post=121574"},{"taxonomy":"supertag","embeddable":true,"href":"https:\/\/hudo.com\/si\/wp-json\/wp\/v2\/supertag?post=121574"}],"curies":[{"name":"wp","href":"https:\/\/api.w.org\/{rel}","templated":true}]}}