{"id":121580,"date":"2016-08-27T15:45:00","date_gmt":"2016-08-27T13:45:00","guid":{"rendered":"http:\/\/hudo.com\/si\/2016\/08\/27\/cerar-merklovi-v-berlinu-slovenija-z-vsemi-dobro-sodeluje\/"},"modified":"2016-08-28T16:11:47","modified_gmt":"2016-08-28T14:11:47","slug":"cerar-merklovi-v-berlinu-slovenija-z-vsemi-dobro-sodeluje","status":"publish","type":"post","link":"https:\/\/hudo.com\/si\/aktualno\/cerar-merklovi-v-berlinu-slovenija-z-vsemi-dobro-sodeluje\/","title":{"rendered":"Cerar Merklovi v Berlinu: Slovenija z vsemi dobro sodeluje"},"content":{"rendered":"<p>Premier Miro Cerar se je danes v Berlinu sre\u010dal z nem\u0161ko kanclerko Angelo Merkel in kolegi iz Avstrije, Bolgarije in Hrva\u0161ke, s katerimi so razpravljali o prihodnosti EU po izstopu Velike Britanije iz povezave. &#8220;\u017delimo si, da gre EU naprej, da ostane enotna in postane \u0161e mo\u010dnej\u0161a, \u0161e posebej v razvoju gospodarstva,&#8221; je po sre\u010danju dejal Cerar. Slovenski premier je na sre\u010danju z Merklovo, avstrijskim kanclerjem Christianom Kernom, odhajajo\u010dim hrva\u0161kim premierjem Tihomirjem Ore\u0161kovi\u0107em in bolgarskim premierjem Bojkom Borisovom na gradu Meseberg blizu Berlina posebej izpostavil vpra\u0161anje migracij in varnosti evropskih dr\u017eavljanov. &#8220;Tukaj moramo dose\u010di enotnost in solidarnost, Evropa se mora na te izzive odzivati bolj povezano,&#8221; je poudaril Cerar v izjavi za slovenske medije. &#8220;\u010ce ne bomo ustrezno re\u0161ili vpra\u0161anja migracij in varnosti, \u010de ne bomo na zunanjih mejah EU zaustavili ilegalnih migracijskih tokov in bili dovolj u\u010dinkoviti v dr\u017eavah izvora, potem enostavno ne bo dovolj \u010dasa in energije, da bi se dovolj posvetili razvojnim temam,&#8221; je dejal Cerar. Pri razvojnih temah je poudaril pomen gospodarskega razvoja, pri \u010demer je izpostavil digitalizacijo, spregovoril pa je tudi o mladih in podal nekaj predlogov, kako bi mladim v Evropi omogo\u010dili ve\u010d izmenjav, ve\u010d perspektiv pri zaposlovanju in podobno. Premier je poudaril, da Slovenija ostaja v krogu jedrnih dr\u017eav EU, ki tvorijo schengensko in evrsko obmo\u010dje. &#8220;Imamo enaka stali\u0161\u010da kot ustanovne \u010dlanice EU glede evropskih vrednot. Slovenija to vsak dan dokazuje s svojim ravnanjem, tako pri migrantski problematiki kot pri javnofinan\u010dnih zavezah in drugem delovanju v okviru EU,&#8221; je zatrdil Cerar. Slovenija po njegovih besedah deluje kot povezovalni \u010dlen, saj je odprta v komunikaciji do vi\u0161egrajske skupine kot tudi do jedrnih dr\u017eav unije. &#8220;Slovenija nima nobenih problemov v komunikaciji in dobro sodeluje z vsemi.&#8221; Se pa Evropa ne sme cepiti, tudi \u010de imamo tak\u0161ne neformalne skupine, moramo delovati kot sedemindvajseterica, zavz<\/p>\n","protected":false},"excerpt":{"rendered":"<p>Premier Miro Cerar se je danes v Berlinu sre\u010dal z nem\u0161ko kanclerko Angelo Merkel in kolegi iz Avstrije, Bolgarije in Hrva\u0161ke, s katerimi so razpravljali o prihodnosti EU po izstopu Velike Britanije iz povezave. &#8220;\u017delimo si, da gre EU naprej, da ostane enotna in postane \u0161e mo\u010dnej\u0161a, \u0161e posebej v razvoju gospodarstva,&#8221; je po sre\u010danju dejal Cerar. Slovenski premier je na sre\u010danju z Merklovo, avstrijskim kanclerjem Christianom Kernom, odhajajo\u010dim hrva\u0161kim premierjem Tihomirjem Ore\u0161kovi\u0107em in bolgarskim premierjem Bojkom Borisovom na gradu Meseberg blizu Berlina posebej izpostavil vpra\u0161anje migracij in varnosti evropskih dr\u017eavljanov. &#8220;Tukaj moramo dose\u010di enotnost in solidarnost, Evropa se mora na te izzive odzivati bolj povezano,&#8221; je poudaril Cerar v izjavi za slovenske medije. &#8220;\u010ce ne bomo ustrezno re\u0161ili vpra\u0161anja migracij in varnosti, \u010de ne bomo na zunanjih mejah EU zaustavili ilegalnih migracijskih tokov in bili dovolj u\u010dinkoviti v dr\u017eavah izvora, potem enostavno ne bo dovolj \u010dasa in energije, da bi se dovolj posvetili razvojnim temam,&#8221; je dejal Cerar. Pri razvojnih temah je poudaril pomen gospodarskega razvoja, pri \u010demer je izpostavil digitalizacijo, spregovoril pa je tudi o mladih in podal nekaj predlogov, kako bi mladim v Evropi omogo\u010dili ve\u010d izmenjav, ve\u010d perspektiv pri zaposlovanju in podobno. Premier je poudaril, da Slovenija ostaja v krogu jedrnih dr\u017eav EU, ki tvorijo schengensko in evrsko obmo\u010dje. &#8220;Imamo enaka stali\u0161\u010da kot ustanovne \u010dlanice EU glede evropskih vrednot. Slovenija to vsak dan dokazuje s svojim ravnanjem, tako pri migrantski problematiki kot pri javnofinan\u010dnih zavezah in drugem delovanju v okviru EU,&#8221; je zatrdil Cerar. Slovenija po njegovih besedah deluje kot povezovalni \u010dlen, saj je odprta v komunikaciji do vi\u0161egrajske skupine kot tudi do jedrnih dr\u017eav unije. &#8220;Slovenija nima nobenih problemov v komunikaciji in dobro sodeluje z vsemi.&#8221; Se pa Evropa ne sme cepiti, tudi \u010de imamo tak\u0161ne neformalne skupine, moramo delovati kot sedemindvajseterica, zavz<\/p>\n","protected":false},"author":1,"featured_media":0,"comment_status":"closed","ping_status":"closed","sticky":false,"template":"","format":"standard","meta":{"footnotes":""},"categories":[1179],"tags":[],"source":[1711],"supertag":[],"acf":[],"yoast_head":"<!-- This site is optimized with the Yoast SEO plugin v21.3 - https:\/\/yoast.com\/wordpress\/plugins\/seo\/ -->\n<title>Cerar Merklovi v Berlinu: Slovenija z vsemi dobro sodeluje - Hudo Slovenija<\/title>\n<meta name=\"robots\" content=\"index, follow, max-snippet:-1, max-image-preview:large, max-video-preview:-1\" \/>\n<link rel=\"canonical\" href=\"https:\/\/hudo.com\/si\/aktualno\/cerar-merklovi-v-berlinu-slovenija-z-vsemi-dobro-sodeluje\/\" \/>\n<meta property=\"og:locale\" content=\"sl_SI\" \/>\n<meta property=\"og:type\" content=\"article\" \/>\n<meta property=\"og:title\" content=\"Cerar Merklovi v Berlinu: Slovenija z vsemi dobro sodeluje - Hudo Slovenija\" \/>\n<meta property=\"og:description\" content=\"Premier Miro Cerar se je danes v Berlinu sre\u010dal z nem\u0161ko kanclerko Angelo Merkel in kolegi iz Avstrije, Bolgarije in Hrva\u0161ke, s katerimi so razpravljali o prihodnosti EU po izstopu Velike Britanije iz povezave. &quot;\u017delimo si, da gre EU naprej, da ostane enotna in postane \u0161e mo\u010dnej\u0161a, \u0161e posebej v razvoju gospodarstva,&quot; je po sre\u010danju dejal Cerar. Slovenski premier je na sre\u010danju z Merklovo, avstrijskim kanclerjem Christianom Kernom, odhajajo\u010dim hrva\u0161kim premierjem Tihomirjem Ore\u0161kovi\u0107em in bolgarskim premierjem Bojkom Borisovom na gradu Meseberg blizu Berlina posebej izpostavil vpra\u0161anje migracij in varnosti evropskih dr\u017eavljanov. &quot;Tukaj moramo dose\u010di enotnost in solidarnost, Evropa se mora na te izzive odzivati bolj povezano,&quot; je poudaril Cerar v izjavi za slovenske medije. &quot;\u010ce ne bomo ustrezno re\u0161ili vpra\u0161anja migracij in varnosti, \u010de ne bomo na zunanjih mejah EU zaustavili ilegalnih migracijskih tokov in bili dovolj u\u010dinkoviti v dr\u017eavah izvora, potem enostavno ne bo dovolj \u010dasa in energije, da bi se dovolj posvetili razvojnim temam,&quot; je dejal Cerar. Pri razvojnih temah je poudaril pomen gospodarskega razvoja, pri \u010demer je izpostavil digitalizacijo, spregovoril pa je tudi o mladih in podal nekaj predlogov, kako bi mladim v Evropi omogo\u010dili ve\u010d izmenjav, ve\u010d perspektiv pri zaposlovanju in podobno. Premier je poudaril, da Slovenija ostaja v krogu jedrnih dr\u017eav EU, ki tvorijo schengensko in evrsko obmo\u010dje. &quot;Imamo enaka stali\u0161\u010da kot ustanovne \u010dlanice EU glede evropskih vrednot. Slovenija to vsak dan dokazuje s svojim ravnanjem, tako pri migrantski problematiki kot pri javnofinan\u010dnih zavezah in drugem delovanju v okviru EU,&quot; je zatrdil Cerar. Slovenija po njegovih besedah deluje kot povezovalni \u010dlen, saj je odprta v komunikaciji do vi\u0161egrajske skupine kot tudi do jedrnih dr\u017eav unije. &quot;Slovenija nima nobenih problemov v komunikaciji in dobro sodeluje z vsemi.&quot; Se pa Evropa ne sme cepiti, tudi \u010de imamo tak\u0161ne neformalne skupine, moramo delovati kot sedemindvajseterica, zavz\" \/>\n<meta property=\"og:url\" content=\"https:\/\/hudo.com\/si\/aktualno\/cerar-merklovi-v-berlinu-slovenija-z-vsemi-dobro-sodeluje\/\" \/>\n<meta property=\"og:site_name\" content=\"Hudo Slovenija\" \/>\n<meta property=\"article:publisher\" content=\"https:\/\/www.facebook.com\/hudo.si\" \/>\n<meta property=\"article:published_time\" content=\"2016-08-27T13:45:00+00:00\" \/>\n<meta property=\"article:modified_time\" content=\"2016-08-28T14:11:47+00:00\" \/>\n<meta property=\"og:image\" content=\"https:\/\/hudo.com\/si\/wp-content\/uploads\/sites\/2\/2016\/08\/05511821-300.jpg\" \/>\n\t<meta property=\"og:image:width\" content=\"450\" \/>\n\t<meta property=\"og:image:height\" content=\"250\" \/>\n\t<meta property=\"og:image:type\" content=\"image\/jpeg\" \/>\n<meta name=\"author\" content=\"hudo\" \/>\n<meta name=\"twitter:card\" content=\"summary_large_image\" \/>\n<meta name=\"twitter:creator\" content=\"@hudo_si\" \/>\n<meta name=\"twitter:site\" content=\"@hudo_si\" \/>\n<meta name=\"twitter:label1\" content=\"Written by\" \/>\n\t<meta name=\"twitter:data1\" content=\"hudo\" \/>\n\t<meta name=\"twitter:label2\" content=\"Est. reading time\" \/>\n\t<meta name=\"twitter:data2\" content=\"2 minuti\" \/>\n<script type=\"application\/ld+json\" class=\"yoast-schema-graph\">{\"@context\":\"https:\/\/schema.org\",\"@graph\":[{\"@type\":\"Article\",\"@id\":\"https:\/\/hudo.com\/si\/aktualno\/cerar-merklovi-v-berlinu-slovenija-z-vsemi-dobro-sodeluje\/#article\",\"isPartOf\":{\"@id\":\"https:\/\/hudo.com\/si\/aktualno\/cerar-merklovi-v-berlinu-slovenija-z-vsemi-dobro-sodeluje\/\"},\"author\":{\"name\":\"hudo\",\"@id\":\"https:\/\/hudo.com\/si\/#\/schema\/person\/601cf3379633985b20f7e50f2bb47707\"},\"headline\":\"Cerar Merklovi v Berlinu: Slovenija z vsemi dobro sodeluje\",\"datePublished\":\"2016-08-27T13:45:00+00:00\",\"dateModified\":\"2016-08-28T14:11:47+00:00\",\"mainEntityOfPage\":{\"@id\":\"https:\/\/hudo.com\/si\/aktualno\/cerar-merklovi-v-berlinu-slovenija-z-vsemi-dobro-sodeluje\/\"},\"wordCount\":333,\"publisher\":{\"@id\":\"https:\/\/hudo.com\/si\/#organization\"},\"articleSection\":[\"Aktualno\"],\"inLanguage\":\"sl-SI\"},{\"@type\":\"WebPage\",\"@id\":\"https:\/\/hudo.com\/si\/aktualno\/cerar-merklovi-v-berlinu-slovenija-z-vsemi-dobro-sodeluje\/\",\"url\":\"https:\/\/hudo.com\/si\/aktualno\/cerar-merklovi-v-berlinu-slovenija-z-vsemi-dobro-sodeluje\/\",\"name\":\"Cerar Merklovi v Berlinu: Slovenija z vsemi dobro sodeluje - Hudo Slovenija\",\"isPartOf\":{\"@id\":\"https:\/\/hudo.com\/si\/#website\"},\"datePublished\":\"2016-08-27T13:45:00+00:00\",\"dateModified\":\"2016-08-28T14:11:47+00:00\",\"breadcrumb\":{\"@id\":\"https:\/\/hudo.com\/si\/aktualno\/cerar-merklovi-v-berlinu-slovenija-z-vsemi-dobro-sodeluje\/#breadcrumb\"},\"inLanguage\":\"sl-SI\",\"potentialAction\":[{\"@type\":\"ReadAction\",\"target\":[\"https:\/\/hudo.com\/si\/aktualno\/cerar-merklovi-v-berlinu-slovenija-z-vsemi-dobro-sodeluje\/\"]}]},{\"@type\":\"BreadcrumbList\",\"@id\":\"https:\/\/hudo.com\/si\/aktualno\/cerar-merklovi-v-berlinu-slovenija-z-vsemi-dobro-sodeluje\/#breadcrumb\",\"itemListElement\":[{\"@type\":\"ListItem\",\"position\":1,\"name\":\"Home\",\"item\":\"https:\/\/hudo.com\/si\/\"},{\"@type\":\"ListItem\",\"position\":2,\"name\":\"Cerar Merklovi v Berlinu: Slovenija z vsemi dobro sodeluje\"}]},{\"@type\":\"WebSite\",\"@id\":\"https:\/\/hudo.com\/si\/#website\",\"url\":\"https:\/\/hudo.com\/si\/\",\"name\":\"Hudo Slovenija\",\"description\":\"Vse novice iz Slovenije in sveta\",\"publisher\":{\"@id\":\"https:\/\/hudo.com\/si\/#organization\"},\"potentialAction\":[{\"@type\":\"SearchAction\",\"target\":{\"@type\":\"EntryPoint\",\"urlTemplate\":\"https:\/\/hudo.com\/si\/?s={search_term_string}\"},\"query-input\":\"required name=search_term_string\"}],\"inLanguage\":\"sl-SI\"},{\"@type\":\"Organization\",\"@id\":\"https:\/\/hudo.com\/si\/#organization\",\"name\":\"VSN Media\",\"url\":\"https:\/\/hudo.com\/si\/\",\"logo\":{\"@type\":\"ImageObject\",\"inLanguage\":\"sl-SI\",\"@id\":\"https:\/\/hudo.com\/si\/#\/schema\/logo\/image\/\",\"url\":\"https:\/\/hudo.com\/si\/wp-content\/uploads\/sites\/2\/2021\/03\/hudo-app-2.png\",\"contentUrl\":\"https:\/\/hudo.com\/si\/wp-content\/uploads\/sites\/2\/2021\/03\/hudo-app-2.png\",\"width\":2185,\"height\":2167,\"caption\":\"VSN Media\"},\"image\":{\"@id\":\"https:\/\/hudo.com\/si\/#\/schema\/logo\/image\/\"},\"sameAs\":[\"https:\/\/www.facebook.com\/hudo.si\",\"https:\/\/twitter.com\/hudo_si\"]},{\"@type\":\"Person\",\"@id\":\"https:\/\/hudo.com\/si\/#\/schema\/person\/601cf3379633985b20f7e50f2bb47707\",\"name\":\"hudo\",\"image\":{\"@type\":\"ImageObject\",\"inLanguage\":\"sl-SI\",\"@id\":\"https:\/\/hudo.com\/si\/#\/schema\/person\/image\/\",\"url\":\"https:\/\/secure.gravatar.com\/avatar\/c4ca25fa72cace7a696b52ff5db9e095?s=96&d=mm&r=g\",\"contentUrl\":\"https:\/\/secure.gravatar.com\/avatar\/c4ca25fa72cace7a696b52ff5db9e095?s=96&d=mm&r=g\",\"caption\":\"hudo\"},\"url\":\"https:\/\/hudo.com\/si\/author\/hudo\/\"}]}<\/script>\n<!-- \/ Yoast SEO plugin. -->","yoast_head_json":{"title":"Cerar Merklovi v Berlinu: Slovenija z vsemi dobro sodeluje - Hudo Slovenija","robots":{"index":"index","follow":"follow","max-snippet":"max-snippet:-1","max-image-preview":"max-image-preview:large","max-video-preview":"max-video-preview:-1"},"canonical":"https:\/\/hudo.com\/si\/aktualno\/cerar-merklovi-v-berlinu-slovenija-z-vsemi-dobro-sodeluje\/","og_locale":"sl_SI","og_type":"article","og_title":"Cerar Merklovi v Berlinu: Slovenija z vsemi dobro sodeluje - Hudo Slovenija","og_description":"Premier Miro Cerar se je danes v Berlinu sre\u010dal z nem\u0161ko kanclerko Angelo Merkel in kolegi iz Avstrije, Bolgarije in Hrva\u0161ke, s katerimi so razpravljali o prihodnosti EU po izstopu Velike Britanije iz povezave. \"\u017delimo si, da gre EU naprej, da ostane enotna in postane \u0161e mo\u010dnej\u0161a, \u0161e posebej v razvoju gospodarstva,\" je po sre\u010danju dejal Cerar. Slovenski premier je na sre\u010danju z Merklovo, avstrijskim kanclerjem Christianom Kernom, odhajajo\u010dim hrva\u0161kim premierjem Tihomirjem Ore\u0161kovi\u0107em in bolgarskim premierjem Bojkom Borisovom na gradu Meseberg blizu Berlina posebej izpostavil vpra\u0161anje migracij in varnosti evropskih dr\u017eavljanov. \"Tukaj moramo dose\u010di enotnost in solidarnost, Evropa se mora na te izzive odzivati bolj povezano,\" je poudaril Cerar v izjavi za slovenske medije. \"\u010ce ne bomo ustrezno re\u0161ili vpra\u0161anja migracij in varnosti, \u010de ne bomo na zunanjih mejah EU zaustavili ilegalnih migracijskih tokov in bili dovolj u\u010dinkoviti v dr\u017eavah izvora, potem enostavno ne bo dovolj \u010dasa in energije, da bi se dovolj posvetili razvojnim temam,\" je dejal Cerar. Pri razvojnih temah je poudaril pomen gospodarskega razvoja, pri \u010demer je izpostavil digitalizacijo, spregovoril pa je tudi o mladih in podal nekaj predlogov, kako bi mladim v Evropi omogo\u010dili ve\u010d izmenjav, ve\u010d perspektiv pri zaposlovanju in podobno. Premier je poudaril, da Slovenija ostaja v krogu jedrnih dr\u017eav EU, ki tvorijo schengensko in evrsko obmo\u010dje. \"Imamo enaka stali\u0161\u010da kot ustanovne \u010dlanice EU glede evropskih vrednot. Slovenija to vsak dan dokazuje s svojim ravnanjem, tako pri migrantski problematiki kot pri javnofinan\u010dnih zavezah in drugem delovanju v okviru EU,\" je zatrdil Cerar. Slovenija po njegovih besedah deluje kot povezovalni \u010dlen, saj je odprta v komunikaciji do vi\u0161egrajske skupine kot tudi do jedrnih dr\u017eav unije. \"Slovenija nima nobenih problemov v komunikaciji in dobro sodeluje z vsemi.\" Se pa Evropa ne sme cepiti, tudi \u010de imamo tak\u0161ne neformalne skupine, moramo delovati kot sedemindvajseterica, zavz","og_url":"https:\/\/hudo.com\/si\/aktualno\/cerar-merklovi-v-berlinu-slovenija-z-vsemi-dobro-sodeluje\/","og_site_name":"Hudo Slovenija","article_publisher":"https:\/\/www.facebook.com\/hudo.si","article_published_time":"2016-08-27T13:45:00+00:00","article_modified_time":"2016-08-28T14:11:47+00:00","og_image":[{"width":450,"height":250,"url":"https:\/\/hudo.com\/si\/wp-content\/uploads\/sites\/2\/2016\/08\/05511821-300.jpg","type":"image\/jpeg"}],"author":"hudo","twitter_card":"summary_large_image","twitter_creator":"@hudo_si","twitter_site":"@hudo_si","twitter_misc":{"Written by":"hudo","Est. reading time":"2 minuti"},"schema":{"@context":"https:\/\/schema.org","@graph":[{"@type":"Article","@id":"https:\/\/hudo.com\/si\/aktualno\/cerar-merklovi-v-berlinu-slovenija-z-vsemi-dobro-sodeluje\/#article","isPartOf":{"@id":"https:\/\/hudo.com\/si\/aktualno\/cerar-merklovi-v-berlinu-slovenija-z-vsemi-dobro-sodeluje\/"},"author":{"name":"hudo","@id":"https:\/\/hudo.com\/si\/#\/schema\/person\/601cf3379633985b20f7e50f2bb47707"},"headline":"Cerar Merklovi v Berlinu: Slovenija z vsemi dobro sodeluje","datePublished":"2016-08-27T13:45:00+00:00","dateModified":"2016-08-28T14:11:47+00:00","mainEntityOfPage":{"@id":"https:\/\/hudo.com\/si\/aktualno\/cerar-merklovi-v-berlinu-slovenija-z-vsemi-dobro-sodeluje\/"},"wordCount":333,"publisher":{"@id":"https:\/\/hudo.com\/si\/#organization"},"articleSection":["Aktualno"],"inLanguage":"sl-SI"},{"@type":"WebPage","@id":"https:\/\/hudo.com\/si\/aktualno\/cerar-merklovi-v-berlinu-slovenija-z-vsemi-dobro-sodeluje\/","url":"https:\/\/hudo.com\/si\/aktualno\/cerar-merklovi-v-berlinu-slovenija-z-vsemi-dobro-sodeluje\/","name":"Cerar Merklovi v Berlinu: Slovenija z vsemi dobro sodeluje - Hudo Slovenija","isPartOf":{"@id":"https:\/\/hudo.com\/si\/#website"},"datePublished":"2016-08-27T13:45:00+00:00","dateModified":"2016-08-28T14:11:47+00:00","breadcrumb":{"@id":"https:\/\/hudo.com\/si\/aktualno\/cerar-merklovi-v-berlinu-slovenija-z-vsemi-dobro-sodeluje\/#breadcrumb"},"inLanguage":"sl-SI","potentialAction":[{"@type":"ReadAction","target":["https:\/\/hudo.com\/si\/aktualno\/cerar-merklovi-v-berlinu-slovenija-z-vsemi-dobro-sodeluje\/"]}]},{"@type":"BreadcrumbList","@id":"https:\/\/hudo.com\/si\/aktualno\/cerar-merklovi-v-berlinu-slovenija-z-vsemi-dobro-sodeluje\/#breadcrumb","itemListElement":[{"@type":"ListItem","position":1,"name":"Home","item":"https:\/\/hudo.com\/si\/"},{"@type":"ListItem","position":2,"name":"Cerar Merklovi v Berlinu: Slovenija z vsemi dobro sodeluje"}]},{"@type":"WebSite","@id":"https:\/\/hudo.com\/si\/#website","url":"https:\/\/hudo.com\/si\/","name":"Hudo Slovenija","description":"Vse novice iz Slovenije in sveta","publisher":{"@id":"https:\/\/hudo.com\/si\/#organization"},"potentialAction":[{"@type":"SearchAction","target":{"@type":"EntryPoint","urlTemplate":"https:\/\/hudo.com\/si\/?s={search_term_string}"},"query-input":"required name=search_term_string"}],"inLanguage":"sl-SI"},{"@type":"Organization","@id":"https:\/\/hudo.com\/si\/#organization","name":"VSN Media","url":"https:\/\/hudo.com\/si\/","logo":{"@type":"ImageObject","inLanguage":"sl-SI","@id":"https:\/\/hudo.com\/si\/#\/schema\/logo\/image\/","url":"https:\/\/hudo.com\/si\/wp-content\/uploads\/sites\/2\/2021\/03\/hudo-app-2.png","contentUrl":"https:\/\/hudo.com\/si\/wp-content\/uploads\/sites\/2\/2021\/03\/hudo-app-2.png","width":2185,"height":2167,"caption":"VSN Media"},"image":{"@id":"https:\/\/hudo.com\/si\/#\/schema\/logo\/image\/"},"sameAs":["https:\/\/www.facebook.com\/hudo.si","https:\/\/twitter.com\/hudo_si"]},{"@type":"Person","@id":"https:\/\/hudo.com\/si\/#\/schema\/person\/601cf3379633985b20f7e50f2bb47707","name":"hudo","image":{"@type":"ImageObject","inLanguage":"sl-SI","@id":"https:\/\/hudo.com\/si\/#\/schema\/person\/image\/","url":"https:\/\/secure.gravatar.com\/avatar\/c4ca25fa72cace7a696b52ff5db9e095?s=96&d=mm&r=g","contentUrl":"https:\/\/secure.gravatar.com\/avatar\/c4ca25fa72cace7a696b52ff5db9e095?s=96&d=mm&r=g","caption":"hudo"},"url":"https:\/\/hudo.com\/si\/author\/hudo\/"}]}},"amp_enabled":true,"_links":{"self":[{"href":"https:\/\/hudo.com\/si\/wp-json\/wp\/v2\/posts\/121580"}],"collection":[{"href":"https:\/\/hudo.com\/si\/wp-json\/wp\/v2\/posts"}],"about":[{"href":"https:\/\/hudo.com\/si\/wp-json\/wp\/v2\/types\/post"}],"author":[{"embeddable":true,"href":"https:\/\/hudo.com\/si\/wp-json\/wp\/v2\/users\/1"}],"replies":[{"embeddable":true,"href":"https:\/\/hudo.com\/si\/wp-json\/wp\/v2\/comments?post=121580"}],"version-history":[{"count":1,"href":"https:\/\/hudo.com\/si\/wp-json\/wp\/v2\/posts\/121580\/revisions"}],"predecessor-version":[{"id":121712,"href":"https:\/\/hudo.com\/si\/wp-json\/wp\/v2\/posts\/121580\/revisions\/121712"}],"wp:attachment":[{"href":"https:\/\/hudo.com\/si\/wp-json\/wp\/v2\/media?parent=121580"}],"wp:term":[{"taxonomy":"category","embeddable":true,"href":"https:\/\/hudo.com\/si\/wp-json\/wp\/v2\/categories?post=121580"},{"taxonomy":"post_tag","embeddable":true,"href":"https:\/\/hudo.com\/si\/wp-json\/wp\/v2\/tags?post=121580"},{"taxonomy":"source","embeddable":true,"href":"https:\/\/hudo.com\/si\/wp-json\/wp\/v2\/source?post=121580"},{"taxonomy":"supertag","embeddable":true,"href":"https:\/\/hudo.com\/si\/wp-json\/wp\/v2\/supertag?post=121580"}],"curies":[{"name":"wp","href":"https:\/\/api.w.org\/{rel}","templated":true}]}}