{"id":121582,"date":"2016-08-27T15:30:00","date_gmt":"2016-08-27T13:30:00","guid":{"rendered":"http:\/\/hudo.com\/si\/2016\/08\/27\/novi-spopadi-na-sirsko-turski-meji\/"},"modified":"2016-08-27T15:30:00","modified_gmt":"2016-08-27T13:30:00","slug":"novi-spopadi-na-sirsko-turski-meji","status":"publish","type":"post","link":"https:\/\/hudo.com\/si\/aktualno\/novi-spopadi-na-sirsko-turski-meji\/","title":{"rendered":"Novi spopadi na sirsko-tur\u0161ki meji"},"content":{"rendered":"<p>Kategorija: Krize Sat, 27 Aug 2016 17:30:00 +0200  \u00bbTur\u0161ki tanki so napredovali v bli\u017eino al Amarneha v provinci Alep, ju\u017eno od meje, in med obema stranema so izbruhnili spopadi,\u00ab\u00a0je po poro\u010danju francoske tiskovne agencije AFP povedal vodja Sirskega observatorija za \u010dlovekove pravice Rami Abdel Rahman. Vir blizu polavtonomne kurdske regije v Siriji je potrdil, da je pri\u0161lo do spopadov med lokalnimi borci in tur\u0161ko vojsko, ki spro\u017eila voja\u0161ko operacijo na severu Sirije, da bi odstranila d\u017eihadiste z obmejnega obmo\u010dja. \u00bbGre za prvi primer, odkar so tur\u0161ki tanki v sredo vstopili na sirsko obmo\u010dje,\u00ab\u00a0je povedal Rahman ter dodal, da so bili lokalni borci Arabci, povezani s Kurdi. Tur\u010dija je sicer danes v Sirijo poslala \u0161e ve\u010d tankov, z namenom krepitve voja\u0161ke ofenzive proti d\u017eihadistom in kurdskim borcem. Tur\u0161ka voja\u0161ka operacija v Siriji, ki nosi ime \u0160\u010dit za Evfrat, naj bi izrinila IS z\u00a0&#8230;<\/p>\n","protected":false},"excerpt":{"rendered":"<p>Kategorija: Krize Sat, 27 Aug 2016 17:30:00 +0200  \u00bbTur\u0161ki tanki so napredovali v bli\u017eino al Amarneha v provinci Alep, ju\u017eno od meje, in med obema stranema so izbruhnili spopadi,\u00ab\u00a0je po poro\u010danju francoske tiskovne agencije AFP povedal vodja Sirskega observatorija za \u010dlovekove pravice Rami Abdel Rahman. Vir blizu polavtonomne kurdske regije v Siriji je potrdil, da je pri\u0161lo do spopadov med lokalnimi borci in tur\u0161ko vojsko, ki spro\u017eila voja\u0161ko operacijo na severu Sirije, da bi odstranila d\u017eihadiste z obmejnega obmo\u010dja. \u00bbGre za prvi primer, odkar so tur\u0161ki tanki v sredo vstopili na sirsko obmo\u010dje,\u00ab\u00a0je povedal Rahman ter dodal, da so bili lokalni borci Arabci, povezani s Kurdi. Tur\u010dija je sicer danes v Sirijo poslala \u0161e ve\u010d tankov, z namenom krepitve voja\u0161ke ofenzive proti d\u017eihadistom in kurdskim borcem. Tur\u0161ka voja\u0161ka operacija v Siriji, ki nosi ime \u0160\u010dit za Evfrat, naj bi izrinila IS z\u00a0&#8230;<\/p>\n","protected":false},"author":1,"featured_media":0,"comment_status":"closed","ping_status":"closed","sticky":false,"template":"","format":"standard","meta":{"footnotes":""},"categories":[1179],"tags":[],"source":[1703],"supertag":[],"acf":[],"yoast_head":"<!-- This site is optimized with the Yoast SEO plugin v21.3 - https:\/\/yoast.com\/wordpress\/plugins\/seo\/ -->\n<title>Novi spopadi na sirsko-tur\u0161ki meji - Hudo Slovenija<\/title>\n<meta name=\"robots\" content=\"index, follow, max-snippet:-1, max-image-preview:large, max-video-preview:-1\" \/>\n<link rel=\"canonical\" href=\"https:\/\/hudo.com\/si\/aktualno\/novi-spopadi-na-sirsko-turski-meji\/\" \/>\n<meta property=\"og:locale\" content=\"sl_SI\" \/>\n<meta property=\"og:type\" content=\"article\" \/>\n<meta property=\"og:title\" content=\"Novi spopadi na sirsko-tur\u0161ki meji - Hudo Slovenija\" \/>\n<meta property=\"og:description\" content=\"Kategorija: Krize Sat, 27 Aug 2016 17:30:00 +0200 \u00bbTur\u0161ki tanki so napredovali v bli\u017eino al Amarneha v provinci Alep, ju\u017eno od meje, in med obema stranema so izbruhnili spopadi,\u00ab\u00a0je po poro\u010danju francoske tiskovne agencije AFP povedal vodja Sirskega observatorija za \u010dlovekove pravice Rami Abdel Rahman. Vir blizu polavtonomne kurdske regije v Siriji je potrdil, da je pri\u0161lo do spopadov med lokalnimi borci in tur\u0161ko vojsko, ki spro\u017eila voja\u0161ko operacijo na severu Sirije, da bi odstranila d\u017eihadiste z obmejnega obmo\u010dja. \u00bbGre za prvi primer, odkar so tur\u0161ki tanki v sredo vstopili na sirsko obmo\u010dje,\u00ab\u00a0je povedal Rahman ter dodal, da so bili lokalni borci Arabci, povezani s Kurdi. Tur\u010dija je sicer danes v Sirijo poslala \u0161e ve\u010d tankov, z namenom krepitve voja\u0161ke ofenzive proti d\u017eihadistom in kurdskim borcem. Tur\u0161ka voja\u0161ka operacija v Siriji, ki nosi ime \u0160\u010dit za Evfrat, naj bi izrinila IS z\u00a0...\" \/>\n<meta property=\"og:url\" content=\"https:\/\/hudo.com\/si\/aktualno\/novi-spopadi-na-sirsko-turski-meji\/\" \/>\n<meta property=\"og:site_name\" content=\"Hudo Slovenija\" \/>\n<meta property=\"article:publisher\" content=\"https:\/\/www.facebook.com\/hudo.si\" \/>\n<meta property=\"article:published_time\" content=\"2016-08-27T13:30:00+00:00\" \/>\n<meta property=\"og:image\" content=\"https:\/\/hudo.com\/si\/wp-content\/uploads\/sites\/2\/2016\/08\/480x290_Reuters_Pictures-20160824060401-21699100.jpeg\" \/>\n\t<meta property=\"og:image:width\" content=\"480\" \/>\n\t<meta property=\"og:image:height\" content=\"290\" \/>\n\t<meta property=\"og:image:type\" content=\"image\/jpeg\" \/>\n<meta name=\"author\" content=\"hudo\" \/>\n<meta name=\"twitter:card\" content=\"summary_large_image\" \/>\n<meta name=\"twitter:creator\" content=\"@hudo_si\" \/>\n<meta name=\"twitter:site\" content=\"@hudo_si\" \/>\n<meta name=\"twitter:label1\" content=\"Written by\" \/>\n\t<meta name=\"twitter:data1\" content=\"hudo\" \/>\n\t<meta name=\"twitter:label2\" content=\"Est. reading time\" \/>\n\t<meta name=\"twitter:data2\" content=\"1 minuta\" \/>\n<script type=\"application\/ld+json\" class=\"yoast-schema-graph\">{\"@context\":\"https:\/\/schema.org\",\"@graph\":[{\"@type\":\"Article\",\"@id\":\"https:\/\/hudo.com\/si\/aktualno\/novi-spopadi-na-sirsko-turski-meji\/#article\",\"isPartOf\":{\"@id\":\"https:\/\/hudo.com\/si\/aktualno\/novi-spopadi-na-sirsko-turski-meji\/\"},\"author\":{\"name\":\"hudo\",\"@id\":\"https:\/\/hudo.com\/si\/#\/schema\/person\/601cf3379633985b20f7e50f2bb47707\"},\"headline\":\"Novi spopadi na sirsko-tur\u0161ki meji\",\"datePublished\":\"2016-08-27T13:30:00+00:00\",\"dateModified\":\"2016-08-27T13:30:00+00:00\",\"mainEntityOfPage\":{\"@id\":\"https:\/\/hudo.com\/si\/aktualno\/novi-spopadi-na-sirsko-turski-meji\/\"},\"wordCount\":163,\"publisher\":{\"@id\":\"https:\/\/hudo.com\/si\/#organization\"},\"articleSection\":[\"Aktualno\"],\"inLanguage\":\"sl-SI\"},{\"@type\":\"WebPage\",\"@id\":\"https:\/\/hudo.com\/si\/aktualno\/novi-spopadi-na-sirsko-turski-meji\/\",\"url\":\"https:\/\/hudo.com\/si\/aktualno\/novi-spopadi-na-sirsko-turski-meji\/\",\"name\":\"Novi spopadi na sirsko-tur\u0161ki meji - Hudo Slovenija\",\"isPartOf\":{\"@id\":\"https:\/\/hudo.com\/si\/#website\"},\"datePublished\":\"2016-08-27T13:30:00+00:00\",\"dateModified\":\"2016-08-27T13:30:00+00:00\",\"breadcrumb\":{\"@id\":\"https:\/\/hudo.com\/si\/aktualno\/novi-spopadi-na-sirsko-turski-meji\/#breadcrumb\"},\"inLanguage\":\"sl-SI\",\"potentialAction\":[{\"@type\":\"ReadAction\",\"target\":[\"https:\/\/hudo.com\/si\/aktualno\/novi-spopadi-na-sirsko-turski-meji\/\"]}]},{\"@type\":\"BreadcrumbList\",\"@id\":\"https:\/\/hudo.com\/si\/aktualno\/novi-spopadi-na-sirsko-turski-meji\/#breadcrumb\",\"itemListElement\":[{\"@type\":\"ListItem\",\"position\":1,\"name\":\"Home\",\"item\":\"https:\/\/hudo.com\/si\/\"},{\"@type\":\"ListItem\",\"position\":2,\"name\":\"Novi spopadi na sirsko-tur\u0161ki meji\"}]},{\"@type\":\"WebSite\",\"@id\":\"https:\/\/hudo.com\/si\/#website\",\"url\":\"https:\/\/hudo.com\/si\/\",\"name\":\"Hudo Slovenija\",\"description\":\"Vse novice iz Slovenije in sveta\",\"publisher\":{\"@id\":\"https:\/\/hudo.com\/si\/#organization\"},\"potentialAction\":[{\"@type\":\"SearchAction\",\"target\":{\"@type\":\"EntryPoint\",\"urlTemplate\":\"https:\/\/hudo.com\/si\/?s={search_term_string}\"},\"query-input\":\"required name=search_term_string\"}],\"inLanguage\":\"sl-SI\"},{\"@type\":\"Organization\",\"@id\":\"https:\/\/hudo.com\/si\/#organization\",\"name\":\"VSN Media\",\"url\":\"https:\/\/hudo.com\/si\/\",\"logo\":{\"@type\":\"ImageObject\",\"inLanguage\":\"sl-SI\",\"@id\":\"https:\/\/hudo.com\/si\/#\/schema\/logo\/image\/\",\"url\":\"https:\/\/hudo.com\/si\/wp-content\/uploads\/sites\/2\/2021\/03\/hudo-app-2.png\",\"contentUrl\":\"https:\/\/hudo.com\/si\/wp-content\/uploads\/sites\/2\/2021\/03\/hudo-app-2.png\",\"width\":2185,\"height\":2167,\"caption\":\"VSN Media\"},\"image\":{\"@id\":\"https:\/\/hudo.com\/si\/#\/schema\/logo\/image\/\"},\"sameAs\":[\"https:\/\/www.facebook.com\/hudo.si\",\"https:\/\/twitter.com\/hudo_si\"]},{\"@type\":\"Person\",\"@id\":\"https:\/\/hudo.com\/si\/#\/schema\/person\/601cf3379633985b20f7e50f2bb47707\",\"name\":\"hudo\",\"image\":{\"@type\":\"ImageObject\",\"inLanguage\":\"sl-SI\",\"@id\":\"https:\/\/hudo.com\/si\/#\/schema\/person\/image\/\",\"url\":\"https:\/\/secure.gravatar.com\/avatar\/c4ca25fa72cace7a696b52ff5db9e095?s=96&d=mm&r=g\",\"contentUrl\":\"https:\/\/secure.gravatar.com\/avatar\/c4ca25fa72cace7a696b52ff5db9e095?s=96&d=mm&r=g\",\"caption\":\"hudo\"},\"url\":\"https:\/\/hudo.com\/si\/author\/hudo\/\"}]}<\/script>\n<!-- \/ Yoast SEO plugin. -->","yoast_head_json":{"title":"Novi spopadi na sirsko-tur\u0161ki meji - Hudo Slovenija","robots":{"index":"index","follow":"follow","max-snippet":"max-snippet:-1","max-image-preview":"max-image-preview:large","max-video-preview":"max-video-preview:-1"},"canonical":"https:\/\/hudo.com\/si\/aktualno\/novi-spopadi-na-sirsko-turski-meji\/","og_locale":"sl_SI","og_type":"article","og_title":"Novi spopadi na sirsko-tur\u0161ki meji - Hudo Slovenija","og_description":"Kategorija: Krize Sat, 27 Aug 2016 17:30:00 +0200 \u00bbTur\u0161ki tanki so napredovali v bli\u017eino al Amarneha v provinci Alep, ju\u017eno od meje, in med obema stranema so izbruhnili spopadi,\u00ab\u00a0je po poro\u010danju francoske tiskovne agencije AFP povedal vodja Sirskega observatorija za \u010dlovekove pravice Rami Abdel Rahman. Vir blizu polavtonomne kurdske regije v Siriji je potrdil, da je pri\u0161lo do spopadov med lokalnimi borci in tur\u0161ko vojsko, ki spro\u017eila voja\u0161ko operacijo na severu Sirije, da bi odstranila d\u017eihadiste z obmejnega obmo\u010dja. \u00bbGre za prvi primer, odkar so tur\u0161ki tanki v sredo vstopili na sirsko obmo\u010dje,\u00ab\u00a0je povedal Rahman ter dodal, da so bili lokalni borci Arabci, povezani s Kurdi. Tur\u010dija je sicer danes v Sirijo poslala \u0161e ve\u010d tankov, z namenom krepitve voja\u0161ke ofenzive proti d\u017eihadistom in kurdskim borcem. Tur\u0161ka voja\u0161ka operacija v Siriji, ki nosi ime \u0160\u010dit za Evfrat, naj bi izrinila IS z\u00a0...","og_url":"https:\/\/hudo.com\/si\/aktualno\/novi-spopadi-na-sirsko-turski-meji\/","og_site_name":"Hudo Slovenija","article_publisher":"https:\/\/www.facebook.com\/hudo.si","article_published_time":"2016-08-27T13:30:00+00:00","og_image":[{"width":480,"height":290,"url":"https:\/\/hudo.com\/si\/wp-content\/uploads\/sites\/2\/2016\/08\/480x290_Reuters_Pictures-20160824060401-21699100.jpeg","type":"image\/jpeg"}],"author":"hudo","twitter_card":"summary_large_image","twitter_creator":"@hudo_si","twitter_site":"@hudo_si","twitter_misc":{"Written by":"hudo","Est. reading time":"1 minuta"},"schema":{"@context":"https:\/\/schema.org","@graph":[{"@type":"Article","@id":"https:\/\/hudo.com\/si\/aktualno\/novi-spopadi-na-sirsko-turski-meji\/#article","isPartOf":{"@id":"https:\/\/hudo.com\/si\/aktualno\/novi-spopadi-na-sirsko-turski-meji\/"},"author":{"name":"hudo","@id":"https:\/\/hudo.com\/si\/#\/schema\/person\/601cf3379633985b20f7e50f2bb47707"},"headline":"Novi spopadi na sirsko-tur\u0161ki meji","datePublished":"2016-08-27T13:30:00+00:00","dateModified":"2016-08-27T13:30:00+00:00","mainEntityOfPage":{"@id":"https:\/\/hudo.com\/si\/aktualno\/novi-spopadi-na-sirsko-turski-meji\/"},"wordCount":163,"publisher":{"@id":"https:\/\/hudo.com\/si\/#organization"},"articleSection":["Aktualno"],"inLanguage":"sl-SI"},{"@type":"WebPage","@id":"https:\/\/hudo.com\/si\/aktualno\/novi-spopadi-na-sirsko-turski-meji\/","url":"https:\/\/hudo.com\/si\/aktualno\/novi-spopadi-na-sirsko-turski-meji\/","name":"Novi spopadi na sirsko-tur\u0161ki meji - Hudo Slovenija","isPartOf":{"@id":"https:\/\/hudo.com\/si\/#website"},"datePublished":"2016-08-27T13:30:00+00:00","dateModified":"2016-08-27T13:30:00+00:00","breadcrumb":{"@id":"https:\/\/hudo.com\/si\/aktualno\/novi-spopadi-na-sirsko-turski-meji\/#breadcrumb"},"inLanguage":"sl-SI","potentialAction":[{"@type":"ReadAction","target":["https:\/\/hudo.com\/si\/aktualno\/novi-spopadi-na-sirsko-turski-meji\/"]}]},{"@type":"BreadcrumbList","@id":"https:\/\/hudo.com\/si\/aktualno\/novi-spopadi-na-sirsko-turski-meji\/#breadcrumb","itemListElement":[{"@type":"ListItem","position":1,"name":"Home","item":"https:\/\/hudo.com\/si\/"},{"@type":"ListItem","position":2,"name":"Novi spopadi na sirsko-tur\u0161ki meji"}]},{"@type":"WebSite","@id":"https:\/\/hudo.com\/si\/#website","url":"https:\/\/hudo.com\/si\/","name":"Hudo Slovenija","description":"Vse novice iz Slovenije in sveta","publisher":{"@id":"https:\/\/hudo.com\/si\/#organization"},"potentialAction":[{"@type":"SearchAction","target":{"@type":"EntryPoint","urlTemplate":"https:\/\/hudo.com\/si\/?s={search_term_string}"},"query-input":"required name=search_term_string"}],"inLanguage":"sl-SI"},{"@type":"Organization","@id":"https:\/\/hudo.com\/si\/#organization","name":"VSN Media","url":"https:\/\/hudo.com\/si\/","logo":{"@type":"ImageObject","inLanguage":"sl-SI","@id":"https:\/\/hudo.com\/si\/#\/schema\/logo\/image\/","url":"https:\/\/hudo.com\/si\/wp-content\/uploads\/sites\/2\/2021\/03\/hudo-app-2.png","contentUrl":"https:\/\/hudo.com\/si\/wp-content\/uploads\/sites\/2\/2021\/03\/hudo-app-2.png","width":2185,"height":2167,"caption":"VSN Media"},"image":{"@id":"https:\/\/hudo.com\/si\/#\/schema\/logo\/image\/"},"sameAs":["https:\/\/www.facebook.com\/hudo.si","https:\/\/twitter.com\/hudo_si"]},{"@type":"Person","@id":"https:\/\/hudo.com\/si\/#\/schema\/person\/601cf3379633985b20f7e50f2bb47707","name":"hudo","image":{"@type":"ImageObject","inLanguage":"sl-SI","@id":"https:\/\/hudo.com\/si\/#\/schema\/person\/image\/","url":"https:\/\/secure.gravatar.com\/avatar\/c4ca25fa72cace7a696b52ff5db9e095?s=96&d=mm&r=g","contentUrl":"https:\/\/secure.gravatar.com\/avatar\/c4ca25fa72cace7a696b52ff5db9e095?s=96&d=mm&r=g","caption":"hudo"},"url":"https:\/\/hudo.com\/si\/author\/hudo\/"}]}},"amp_enabled":true,"_links":{"self":[{"href":"https:\/\/hudo.com\/si\/wp-json\/wp\/v2\/posts\/121582"}],"collection":[{"href":"https:\/\/hudo.com\/si\/wp-json\/wp\/v2\/posts"}],"about":[{"href":"https:\/\/hudo.com\/si\/wp-json\/wp\/v2\/types\/post"}],"author":[{"embeddable":true,"href":"https:\/\/hudo.com\/si\/wp-json\/wp\/v2\/users\/1"}],"replies":[{"embeddable":true,"href":"https:\/\/hudo.com\/si\/wp-json\/wp\/v2\/comments?post=121582"}],"version-history":[{"count":0,"href":"https:\/\/hudo.com\/si\/wp-json\/wp\/v2\/posts\/121582\/revisions"}],"wp:attachment":[{"href":"https:\/\/hudo.com\/si\/wp-json\/wp\/v2\/media?parent=121582"}],"wp:term":[{"taxonomy":"category","embeddable":true,"href":"https:\/\/hudo.com\/si\/wp-json\/wp\/v2\/categories?post=121582"},{"taxonomy":"post_tag","embeddable":true,"href":"https:\/\/hudo.com\/si\/wp-json\/wp\/v2\/tags?post=121582"},{"taxonomy":"source","embeddable":true,"href":"https:\/\/hudo.com\/si\/wp-json\/wp\/v2\/source?post=121582"},{"taxonomy":"supertag","embeddable":true,"href":"https:\/\/hudo.com\/si\/wp-json\/wp\/v2\/supertag?post=121582"}],"curies":[{"name":"wp","href":"https:\/\/api.w.org\/{rel}","templated":true}]}}