{"id":121683,"date":"2016-08-27T19:58:00","date_gmt":"2016-08-27T17:58:00","guid":{"rendered":"http:\/\/hudo.com\/si\/2016\/08\/27\/zagar-13-v-gorzowu-zmaga-doylu\/"},"modified":"2016-08-28T05:31:11","modified_gmt":"2016-08-28T03:31:11","slug":"zagar-13-v-gorzowu-zmaga-doylu","status":"publish","type":"post","link":"https:\/\/hudo.com\/si\/aktualno\/zagar-13-v-gorzowu-zmaga-doylu\/","title":{"rendered":"\u017dagar 13. v Gorzowu, zmaga Doylu"},"content":{"rendered":"<p>Kategorija: Avtomoto Sat, 27 Aug 2016 21:58:00 +0200  Var\u0161ava &#8211; Na dirki svetovnega prvenstva v speedwayu je v poljskem Gorzowu slovenski dirka\u010d Matej \u017dagar kon\u010dal na 13. mestu in s \u0161tirimi to\u010dkami v SP. Zmagal je Avstralec Jason Doyle, drugi je bil Britanec Tai Woffinden, tretji pa \u0161e en Avstralec Chris Holder. Na sedmi dirki leto\u0161nje sezone je \u017dagar pri\u010dakoval ve\u010d, saj si je nenazadnje lani na tem prizori\u0161\u010du privozil tretjo zmago v karieri, ki jo je dosegel kljub padcu v polfinalu. Letos se njegova doma\u010da poljska preizku\u0161nja ni kon\u010dala tako dobro. \u017dagar je dobil dve to\u010dki za eno drugo mesto, dvakrat je bil v svojih vo\u017enjah tretji, enkrat je ostal brez to\u010dk, enkrat pa je bil izklju\u010den. Skupno \u0161tiri to\u010dke so pomenile le 13. mesto, \u017dagar pa je \u0161e bolj zdrsnil na skupni lestvici, kjer je pomembna predvsem uvrstitev med\u00a0&#8230;<\/p>\n","protected":false},"excerpt":{"rendered":"<p>Kategorija: Avtomoto Sat, 27 Aug 2016 21:58:00 +0200  Var\u0161ava &#8211; Na dirki svetovnega prvenstva v speedwayu je v poljskem Gorzowu slovenski dirka\u010d Matej \u017dagar kon\u010dal na 13. mestu in s \u0161tirimi to\u010dkami v SP. Zmagal je Avstralec Jason Doyle, drugi je bil Britanec Tai Woffinden, tretji pa \u0161e en Avstralec Chris Holder. Na sedmi dirki leto\u0161nje sezone je \u017dagar pri\u010dakoval ve\u010d, saj si je nenazadnje lani na tem prizori\u0161\u010du privozil tretjo zmago v karieri, ki jo je dosegel kljub padcu v polfinalu. Letos se njegova doma\u010da poljska preizku\u0161nja ni kon\u010dala tako dobro. \u017dagar je dobil dve to\u010dki za eno drugo mesto, dvakrat je bil v svojih vo\u017enjah tretji, enkrat je ostal brez to\u010dk, enkrat pa je bil izklju\u010den. Skupno \u0161tiri to\u010dke so pomenile le 13. mesto, \u017dagar pa je \u0161e bolj zdrsnil na skupni lestvici, kjer je pomembna predvsem uvrstitev med\u00a0&#8230;<\/p>\n","protected":false},"author":1,"featured_media":0,"comment_status":"closed","ping_status":"closed","sticky":false,"template":"","format":"standard","meta":{"footnotes":""},"categories":[1179],"tags":[],"source":[1703],"supertag":[],"acf":[],"yoast_head":"<!-- This site is optimized with the Yoast SEO plugin v21.3 - https:\/\/yoast.com\/wordpress\/plugins\/seo\/ -->\n<title>\u017dagar 13. v Gorzowu, zmaga Doylu - Hudo Slovenija<\/title>\n<meta name=\"robots\" content=\"index, follow, max-snippet:-1, max-image-preview:large, max-video-preview:-1\" \/>\n<link rel=\"canonical\" href=\"https:\/\/hudo.com\/si\/aktualno\/zagar-13-v-gorzowu-zmaga-doylu\/\" \/>\n<meta property=\"og:locale\" content=\"sl_SI\" \/>\n<meta property=\"og:type\" content=\"article\" \/>\n<meta property=\"og:title\" content=\"\u017dagar 13. v Gorzowu, zmaga Doylu - Hudo Slovenija\" \/>\n<meta property=\"og:description\" content=\"Kategorija: Avtomoto Sat, 27 Aug 2016 21:58:00 +0200 Var\u0161ava - Na dirki svetovnega prvenstva v speedwayu je v poljskem Gorzowu slovenski dirka\u010d Matej \u017dagar kon\u010dal na 13. mestu in s \u0161tirimi to\u010dkami v SP. Zmagal je Avstralec Jason Doyle, drugi je bil Britanec Tai Woffinden, tretji pa \u0161e en Avstralec Chris Holder. Na sedmi dirki leto\u0161nje sezone je \u017dagar pri\u010dakoval ve\u010d, saj si je nenazadnje lani na tem prizori\u0161\u010du privozil tretjo zmago v karieri, ki jo je dosegel kljub padcu v polfinalu. Letos se njegova doma\u010da poljska preizku\u0161nja ni kon\u010dala tako dobro. \u017dagar je dobil dve to\u010dki za eno drugo mesto, dvakrat je bil v svojih vo\u017enjah tretji, enkrat je ostal brez to\u010dk, enkrat pa je bil izklju\u010den. Skupno \u0161tiri to\u010dke so pomenile le 13. mesto, \u017dagar pa je \u0161e bolj zdrsnil na skupni lestvici, kjer je pomembna predvsem uvrstitev med\u00a0...\" \/>\n<meta property=\"og:url\" content=\"https:\/\/hudo.com\/si\/aktualno\/zagar-13-v-gorzowu-zmaga-doylu\/\" \/>\n<meta property=\"og:site_name\" content=\"Hudo Slovenija\" \/>\n<meta property=\"article:publisher\" content=\"https:\/\/www.facebook.com\/hudo.si\" \/>\n<meta property=\"article:published_time\" content=\"2016-08-27T17:58:00+00:00\" \/>\n<meta property=\"article:modified_time\" content=\"2016-08-28T03:31:11+00:00\" \/>\n<meta property=\"og:image\" content=\"https:\/\/hudo.com\/si\/wp-content\/uploads\/sites\/2\/2016\/08\/480x290_Delo_Foto-20140510180120-11810000.jpeg\" \/>\n\t<meta property=\"og:image:width\" content=\"480\" \/>\n\t<meta property=\"og:image:height\" content=\"290\" \/>\n\t<meta property=\"og:image:type\" content=\"image\/jpeg\" \/>\n<meta name=\"author\" content=\"hudo\" \/>\n<meta name=\"twitter:card\" content=\"summary_large_image\" \/>\n<meta name=\"twitter:creator\" content=\"@hudo_si\" \/>\n<meta name=\"twitter:site\" content=\"@hudo_si\" \/>\n<meta name=\"twitter:label1\" content=\"Written by\" \/>\n\t<meta name=\"twitter:data1\" content=\"hudo\" \/>\n\t<meta name=\"twitter:label2\" content=\"Est. reading time\" \/>\n\t<meta name=\"twitter:data2\" content=\"1 minuta\" \/>\n<script type=\"application\/ld+json\" class=\"yoast-schema-graph\">{\"@context\":\"https:\/\/schema.org\",\"@graph\":[{\"@type\":\"Article\",\"@id\":\"https:\/\/hudo.com\/si\/aktualno\/zagar-13-v-gorzowu-zmaga-doylu\/#article\",\"isPartOf\":{\"@id\":\"https:\/\/hudo.com\/si\/aktualno\/zagar-13-v-gorzowu-zmaga-doylu\/\"},\"author\":{\"name\":\"hudo\",\"@id\":\"https:\/\/hudo.com\/si\/#\/schema\/person\/601cf3379633985b20f7e50f2bb47707\"},\"headline\":\"\u017dagar 13. v Gorzowu, zmaga Doylu\",\"datePublished\":\"2016-08-27T17:58:00+00:00\",\"dateModified\":\"2016-08-28T03:31:11+00:00\",\"mainEntityOfPage\":{\"@id\":\"https:\/\/hudo.com\/si\/aktualno\/zagar-13-v-gorzowu-zmaga-doylu\/\"},\"wordCount\":154,\"publisher\":{\"@id\":\"https:\/\/hudo.com\/si\/#organization\"},\"articleSection\":[\"Aktualno\"],\"inLanguage\":\"sl-SI\"},{\"@type\":\"WebPage\",\"@id\":\"https:\/\/hudo.com\/si\/aktualno\/zagar-13-v-gorzowu-zmaga-doylu\/\",\"url\":\"https:\/\/hudo.com\/si\/aktualno\/zagar-13-v-gorzowu-zmaga-doylu\/\",\"name\":\"\u017dagar 13. v Gorzowu, zmaga Doylu - Hudo Slovenija\",\"isPartOf\":{\"@id\":\"https:\/\/hudo.com\/si\/#website\"},\"datePublished\":\"2016-08-27T17:58:00+00:00\",\"dateModified\":\"2016-08-28T03:31:11+00:00\",\"breadcrumb\":{\"@id\":\"https:\/\/hudo.com\/si\/aktualno\/zagar-13-v-gorzowu-zmaga-doylu\/#breadcrumb\"},\"inLanguage\":\"sl-SI\",\"potentialAction\":[{\"@type\":\"ReadAction\",\"target\":[\"https:\/\/hudo.com\/si\/aktualno\/zagar-13-v-gorzowu-zmaga-doylu\/\"]}]},{\"@type\":\"BreadcrumbList\",\"@id\":\"https:\/\/hudo.com\/si\/aktualno\/zagar-13-v-gorzowu-zmaga-doylu\/#breadcrumb\",\"itemListElement\":[{\"@type\":\"ListItem\",\"position\":1,\"name\":\"Home\",\"item\":\"https:\/\/hudo.com\/si\/\"},{\"@type\":\"ListItem\",\"position\":2,\"name\":\"\u017dagar 13. v Gorzowu, zmaga Doylu\"}]},{\"@type\":\"WebSite\",\"@id\":\"https:\/\/hudo.com\/si\/#website\",\"url\":\"https:\/\/hudo.com\/si\/\",\"name\":\"Hudo Slovenija\",\"description\":\"Vse novice iz Slovenije in sveta\",\"publisher\":{\"@id\":\"https:\/\/hudo.com\/si\/#organization\"},\"potentialAction\":[{\"@type\":\"SearchAction\",\"target\":{\"@type\":\"EntryPoint\",\"urlTemplate\":\"https:\/\/hudo.com\/si\/?s={search_term_string}\"},\"query-input\":\"required name=search_term_string\"}],\"inLanguage\":\"sl-SI\"},{\"@type\":\"Organization\",\"@id\":\"https:\/\/hudo.com\/si\/#organization\",\"name\":\"VSN Media\",\"url\":\"https:\/\/hudo.com\/si\/\",\"logo\":{\"@type\":\"ImageObject\",\"inLanguage\":\"sl-SI\",\"@id\":\"https:\/\/hudo.com\/si\/#\/schema\/logo\/image\/\",\"url\":\"https:\/\/hudo.com\/si\/wp-content\/uploads\/sites\/2\/2021\/03\/hudo-app-2.png\",\"contentUrl\":\"https:\/\/hudo.com\/si\/wp-content\/uploads\/sites\/2\/2021\/03\/hudo-app-2.png\",\"width\":2185,\"height\":2167,\"caption\":\"VSN Media\"},\"image\":{\"@id\":\"https:\/\/hudo.com\/si\/#\/schema\/logo\/image\/\"},\"sameAs\":[\"https:\/\/www.facebook.com\/hudo.si\",\"https:\/\/twitter.com\/hudo_si\"]},{\"@type\":\"Person\",\"@id\":\"https:\/\/hudo.com\/si\/#\/schema\/person\/601cf3379633985b20f7e50f2bb47707\",\"name\":\"hudo\",\"image\":{\"@type\":\"ImageObject\",\"inLanguage\":\"sl-SI\",\"@id\":\"https:\/\/hudo.com\/si\/#\/schema\/person\/image\/\",\"url\":\"https:\/\/secure.gravatar.com\/avatar\/c4ca25fa72cace7a696b52ff5db9e095?s=96&d=mm&r=g\",\"contentUrl\":\"https:\/\/secure.gravatar.com\/avatar\/c4ca25fa72cace7a696b52ff5db9e095?s=96&d=mm&r=g\",\"caption\":\"hudo\"},\"url\":\"https:\/\/hudo.com\/si\/author\/hudo\/\"}]}<\/script>\n<!-- \/ Yoast SEO plugin. -->","yoast_head_json":{"title":"\u017dagar 13. v Gorzowu, zmaga Doylu - Hudo Slovenija","robots":{"index":"index","follow":"follow","max-snippet":"max-snippet:-1","max-image-preview":"max-image-preview:large","max-video-preview":"max-video-preview:-1"},"canonical":"https:\/\/hudo.com\/si\/aktualno\/zagar-13-v-gorzowu-zmaga-doylu\/","og_locale":"sl_SI","og_type":"article","og_title":"\u017dagar 13. v Gorzowu, zmaga Doylu - Hudo Slovenija","og_description":"Kategorija: Avtomoto Sat, 27 Aug 2016 21:58:00 +0200 Var\u0161ava - Na dirki svetovnega prvenstva v speedwayu je v poljskem Gorzowu slovenski dirka\u010d Matej \u017dagar kon\u010dal na 13. mestu in s \u0161tirimi to\u010dkami v SP. Zmagal je Avstralec Jason Doyle, drugi je bil Britanec Tai Woffinden, tretji pa \u0161e en Avstralec Chris Holder. Na sedmi dirki leto\u0161nje sezone je \u017dagar pri\u010dakoval ve\u010d, saj si je nenazadnje lani na tem prizori\u0161\u010du privozil tretjo zmago v karieri, ki jo je dosegel kljub padcu v polfinalu. Letos se njegova doma\u010da poljska preizku\u0161nja ni kon\u010dala tako dobro. \u017dagar je dobil dve to\u010dki za eno drugo mesto, dvakrat je bil v svojih vo\u017enjah tretji, enkrat je ostal brez to\u010dk, enkrat pa je bil izklju\u010den. Skupno \u0161tiri to\u010dke so pomenile le 13. mesto, \u017dagar pa je \u0161e bolj zdrsnil na skupni lestvici, kjer je pomembna predvsem uvrstitev med\u00a0...","og_url":"https:\/\/hudo.com\/si\/aktualno\/zagar-13-v-gorzowu-zmaga-doylu\/","og_site_name":"Hudo Slovenija","article_publisher":"https:\/\/www.facebook.com\/hudo.si","article_published_time":"2016-08-27T17:58:00+00:00","article_modified_time":"2016-08-28T03:31:11+00:00","og_image":[{"width":480,"height":290,"url":"https:\/\/hudo.com\/si\/wp-content\/uploads\/sites\/2\/2016\/08\/480x290_Delo_Foto-20140510180120-11810000.jpeg","type":"image\/jpeg"}],"author":"hudo","twitter_card":"summary_large_image","twitter_creator":"@hudo_si","twitter_site":"@hudo_si","twitter_misc":{"Written by":"hudo","Est. reading time":"1 minuta"},"schema":{"@context":"https:\/\/schema.org","@graph":[{"@type":"Article","@id":"https:\/\/hudo.com\/si\/aktualno\/zagar-13-v-gorzowu-zmaga-doylu\/#article","isPartOf":{"@id":"https:\/\/hudo.com\/si\/aktualno\/zagar-13-v-gorzowu-zmaga-doylu\/"},"author":{"name":"hudo","@id":"https:\/\/hudo.com\/si\/#\/schema\/person\/601cf3379633985b20f7e50f2bb47707"},"headline":"\u017dagar 13. v Gorzowu, zmaga Doylu","datePublished":"2016-08-27T17:58:00+00:00","dateModified":"2016-08-28T03:31:11+00:00","mainEntityOfPage":{"@id":"https:\/\/hudo.com\/si\/aktualno\/zagar-13-v-gorzowu-zmaga-doylu\/"},"wordCount":154,"publisher":{"@id":"https:\/\/hudo.com\/si\/#organization"},"articleSection":["Aktualno"],"inLanguage":"sl-SI"},{"@type":"WebPage","@id":"https:\/\/hudo.com\/si\/aktualno\/zagar-13-v-gorzowu-zmaga-doylu\/","url":"https:\/\/hudo.com\/si\/aktualno\/zagar-13-v-gorzowu-zmaga-doylu\/","name":"\u017dagar 13. v Gorzowu, zmaga Doylu - Hudo Slovenija","isPartOf":{"@id":"https:\/\/hudo.com\/si\/#website"},"datePublished":"2016-08-27T17:58:00+00:00","dateModified":"2016-08-28T03:31:11+00:00","breadcrumb":{"@id":"https:\/\/hudo.com\/si\/aktualno\/zagar-13-v-gorzowu-zmaga-doylu\/#breadcrumb"},"inLanguage":"sl-SI","potentialAction":[{"@type":"ReadAction","target":["https:\/\/hudo.com\/si\/aktualno\/zagar-13-v-gorzowu-zmaga-doylu\/"]}]},{"@type":"BreadcrumbList","@id":"https:\/\/hudo.com\/si\/aktualno\/zagar-13-v-gorzowu-zmaga-doylu\/#breadcrumb","itemListElement":[{"@type":"ListItem","position":1,"name":"Home","item":"https:\/\/hudo.com\/si\/"},{"@type":"ListItem","position":2,"name":"\u017dagar 13. v Gorzowu, zmaga Doylu"}]},{"@type":"WebSite","@id":"https:\/\/hudo.com\/si\/#website","url":"https:\/\/hudo.com\/si\/","name":"Hudo Slovenija","description":"Vse novice iz Slovenije in sveta","publisher":{"@id":"https:\/\/hudo.com\/si\/#organization"},"potentialAction":[{"@type":"SearchAction","target":{"@type":"EntryPoint","urlTemplate":"https:\/\/hudo.com\/si\/?s={search_term_string}"},"query-input":"required name=search_term_string"}],"inLanguage":"sl-SI"},{"@type":"Organization","@id":"https:\/\/hudo.com\/si\/#organization","name":"VSN Media","url":"https:\/\/hudo.com\/si\/","logo":{"@type":"ImageObject","inLanguage":"sl-SI","@id":"https:\/\/hudo.com\/si\/#\/schema\/logo\/image\/","url":"https:\/\/hudo.com\/si\/wp-content\/uploads\/sites\/2\/2021\/03\/hudo-app-2.png","contentUrl":"https:\/\/hudo.com\/si\/wp-content\/uploads\/sites\/2\/2021\/03\/hudo-app-2.png","width":2185,"height":2167,"caption":"VSN Media"},"image":{"@id":"https:\/\/hudo.com\/si\/#\/schema\/logo\/image\/"},"sameAs":["https:\/\/www.facebook.com\/hudo.si","https:\/\/twitter.com\/hudo_si"]},{"@type":"Person","@id":"https:\/\/hudo.com\/si\/#\/schema\/person\/601cf3379633985b20f7e50f2bb47707","name":"hudo","image":{"@type":"ImageObject","inLanguage":"sl-SI","@id":"https:\/\/hudo.com\/si\/#\/schema\/person\/image\/","url":"https:\/\/secure.gravatar.com\/avatar\/c4ca25fa72cace7a696b52ff5db9e095?s=96&d=mm&r=g","contentUrl":"https:\/\/secure.gravatar.com\/avatar\/c4ca25fa72cace7a696b52ff5db9e095?s=96&d=mm&r=g","caption":"hudo"},"url":"https:\/\/hudo.com\/si\/author\/hudo\/"}]}},"amp_enabled":true,"_links":{"self":[{"href":"https:\/\/hudo.com\/si\/wp-json\/wp\/v2\/posts\/121683"}],"collection":[{"href":"https:\/\/hudo.com\/si\/wp-json\/wp\/v2\/posts"}],"about":[{"href":"https:\/\/hudo.com\/si\/wp-json\/wp\/v2\/types\/post"}],"author":[{"embeddable":true,"href":"https:\/\/hudo.com\/si\/wp-json\/wp\/v2\/users\/1"}],"replies":[{"embeddable":true,"href":"https:\/\/hudo.com\/si\/wp-json\/wp\/v2\/comments?post=121683"}],"version-history":[{"count":1,"href":"https:\/\/hudo.com\/si\/wp-json\/wp\/v2\/posts\/121683\/revisions"}],"predecessor-version":[{"id":121756,"href":"https:\/\/hudo.com\/si\/wp-json\/wp\/v2\/posts\/121683\/revisions\/121756"}],"wp:attachment":[{"href":"https:\/\/hudo.com\/si\/wp-json\/wp\/v2\/media?parent=121683"}],"wp:term":[{"taxonomy":"category","embeddable":true,"href":"https:\/\/hudo.com\/si\/wp-json\/wp\/v2\/categories?post=121683"},{"taxonomy":"post_tag","embeddable":true,"href":"https:\/\/hudo.com\/si\/wp-json\/wp\/v2\/tags?post=121683"},{"taxonomy":"source","embeddable":true,"href":"https:\/\/hudo.com\/si\/wp-json\/wp\/v2\/source?post=121683"},{"taxonomy":"supertag","embeddable":true,"href":"https:\/\/hudo.com\/si\/wp-json\/wp\/v2\/supertag?post=121683"}],"curies":[{"name":"wp","href":"https:\/\/api.w.org\/{rel}","templated":true}]}}