{"id":121804,"date":"2016-08-28T09:30:00","date_gmt":"2016-08-28T07:30:00","guid":{"rendered":"http:\/\/hudo.com\/si\/2016\/08\/28\/prvi-natecaj-za-slovenska-oblacila-iz-konoplje-je-uspel\/"},"modified":"2016-08-29T02:11:33","modified_gmt":"2016-08-29T00:11:33","slug":"prvi-natecaj-za-slovenska-oblacila-iz-konoplje-je-uspel","status":"publish","type":"post","link":"https:\/\/hudo.com\/si\/aktualno\/prvi-natecaj-za-slovenska-oblacila-iz-konoplje-je-uspel\/","title":{"rendered":"Prvi nate\u010daj za slovenska obla\u010dila iz konoplje je uspel"},"content":{"rendered":"<p>Prvi nate\u010daj za izdelavo obla\u010dil iz konoplje Ekoci Green Design je uspel, saj je 21 ustvarjalcev poslalo 51 vzorcev obla\u010dil. Cilj projekta je povezati razli\u010dne dele\u017enike od pridelave konoplje do kon\u010dnega slovenskega izdelka kot primera dobre prakse v zelenem kro\u017enem gospodarstvu. Gre za projekt zadruge Ekoci, Eko civilne iniciative Slovenije, Pomurskega sejma, civilne iniciative Ekoci green Design, Pomurskega muzeja, katedre za tekstilne materiale in oblikovanje fakultete za strojni\u0161tvo Univerze v Mariboru, ob\u010dine Polzela, Tovarne nogavic Polzela in podjetja Soven, predstavili pa so ga na sejmu Agra v Gornji Radgoni. Predstavniki vseh sodelujo\u010dih ustanov in podjetij v projektu poudarjajo, da morajo biti obla\u010dila in drugi tekstilni izdelki za nate\u010daj izdelani po na\u010delih trajnostnih tehnologij in imeti veliko sporo\u010dilno vrednost, nagovarjati ljudi k dru\u017ebeni odgovornosti, zeleni potro\u0161nji, pravi\u010dni trgovini in poudarjati nacionalno identiteto. Obla\u010dila je ocenjevala strokovna komisija, njena predsednica Sonja \u0160terman z mariborske fakultete za strojni\u0161tvo pa pravi, da izdelkom sicer oblikovno \u0161e marsikaj manjka, da pa so bili oblikovalci kreativni in predani delu ter iz preproste ideje izpeljali velik koncept. Projekt je pohvalil tudi minister za kmetijstvo, gozdarstvo in prehrano Dejan \u017didan, ker ekolo\u0161ka pridelava \u0161\u010diti naravne vire, za tovarno v Polzeli pa dejal, da je vlada zaznala inovativno pot in zato podprla izdelek, ki imajo realno tr\u017eno ni\u0161o, pridelava surovine zanj pa omogo\u010da uporabo na \u0161tevilnih podro\u010djih. Izdelki z nate\u010daja \u0161e niso iz slovenske konoplje, ker pri nas \u0161e ni izdelovalca nitk in blaga, pobudniki projekta pa na\u010drtujejo celotni krog do kon\u010dnega izdelka. Za pridelavo industrijske konoplje v Sloveniji zdaj ni ve\u010d ovir, letos jo na 360 hektarjih prideluje 474 pridelovalcev, od tega je 200 stalnih od leta 2004. \u0160tevilo pridelovalcev sicer niha, v letu 2015 je bilo 560 sejalcev ekolo\u0161ke konoplje, ki so jo zasejali 420 hektarjih povr\u0161in, za to rastlin<\/p>\n","protected":false},"excerpt":{"rendered":"<p>Prvi nate\u010daj za izdelavo obla\u010dil iz konoplje Ekoci Green Design je uspel, saj je 21 ustvarjalcev poslalo 51 vzorcev obla\u010dil. Cilj projekta je povezati razli\u010dne dele\u017enike od pridelave konoplje do kon\u010dnega slovenskega izdelka kot primera dobre prakse v zelenem kro\u017enem gospodarstvu. Gre za projekt zadruge Ekoci, Eko civilne iniciative Slovenije, Pomurskega sejma, civilne iniciative Ekoci green Design, Pomurskega muzeja, katedre za tekstilne materiale in oblikovanje fakultete za strojni\u0161tvo Univerze v Mariboru, ob\u010dine Polzela, Tovarne nogavic Polzela in podjetja Soven, predstavili pa so ga na sejmu Agra v Gornji Radgoni. Predstavniki vseh sodelujo\u010dih ustanov in podjetij v projektu poudarjajo, da morajo biti obla\u010dila in drugi tekstilni izdelki za nate\u010daj izdelani po na\u010delih trajnostnih tehnologij in imeti veliko sporo\u010dilno vrednost, nagovarjati ljudi k dru\u017ebeni odgovornosti, zeleni potro\u0161nji, pravi\u010dni trgovini in poudarjati nacionalno identiteto. Obla\u010dila je ocenjevala strokovna komisija, njena predsednica Sonja \u0160terman z mariborske fakultete za strojni\u0161tvo pa pravi, da izdelkom sicer oblikovno \u0161e marsikaj manjka, da pa so bili oblikovalci kreativni in predani delu ter iz preproste ideje izpeljali velik koncept. Projekt je pohvalil tudi minister za kmetijstvo, gozdarstvo in prehrano Dejan \u017didan, ker ekolo\u0161ka pridelava \u0161\u010diti naravne vire, za tovarno v Polzeli pa dejal, da je vlada zaznala inovativno pot in zato podprla izdelek, ki imajo realno tr\u017eno ni\u0161o, pridelava surovine zanj pa omogo\u010da uporabo na \u0161tevilnih podro\u010djih. Izdelki z nate\u010daja \u0161e niso iz slovenske konoplje, ker pri nas \u0161e ni izdelovalca nitk in blaga, pobudniki projekta pa na\u010drtujejo celotni krog do kon\u010dnega izdelka. Za pridelavo industrijske konoplje v Sloveniji zdaj ni ve\u010d ovir, letos jo na 360 hektarjih prideluje 474 pridelovalcev, od tega je 200 stalnih od leta 2004. \u0160tevilo pridelovalcev sicer niha, v letu 2015 je bilo 560 sejalcev ekolo\u0161ke konoplje, ki so jo zasejali 420 hektarjih povr\u0161in, za to rastlin<\/p>\n","protected":false},"author":1,"featured_media":0,"comment_status":"closed","ping_status":"closed","sticky":false,"template":"","format":"standard","meta":{"footnotes":""},"categories":[1179],"tags":[],"source":[1711],"supertag":[],"acf":[],"yoast_head":"<!-- This site is optimized with the Yoast SEO plugin v21.3 - https:\/\/yoast.com\/wordpress\/plugins\/seo\/ -->\n<title>Prvi nate\u010daj za slovenska obla\u010dila iz konoplje je uspel - Hudo Slovenija<\/title>\n<meta name=\"robots\" content=\"index, follow, max-snippet:-1, max-image-preview:large, max-video-preview:-1\" \/>\n<link rel=\"canonical\" href=\"https:\/\/hudo.com\/si\/aktualno\/prvi-natecaj-za-slovenska-oblacila-iz-konoplje-je-uspel\/\" \/>\n<meta property=\"og:locale\" content=\"sl_SI\" \/>\n<meta property=\"og:type\" content=\"article\" \/>\n<meta property=\"og:title\" content=\"Prvi nate\u010daj za slovenska obla\u010dila iz konoplje je uspel - Hudo Slovenija\" \/>\n<meta property=\"og:description\" content=\"Prvi nate\u010daj za izdelavo obla\u010dil iz konoplje Ekoci Green Design je uspel, saj je 21 ustvarjalcev poslalo 51 vzorcev obla\u010dil. Cilj projekta je povezati razli\u010dne dele\u017enike od pridelave konoplje do kon\u010dnega slovenskega izdelka kot primera dobre prakse v zelenem kro\u017enem gospodarstvu. Gre za projekt zadruge Ekoci, Eko civilne iniciative Slovenije, Pomurskega sejma, civilne iniciative Ekoci green Design, Pomurskega muzeja, katedre za tekstilne materiale in oblikovanje fakultete za strojni\u0161tvo Univerze v Mariboru, ob\u010dine Polzela, Tovarne nogavic Polzela in podjetja Soven, predstavili pa so ga na sejmu Agra v Gornji Radgoni. Predstavniki vseh sodelujo\u010dih ustanov in podjetij v projektu poudarjajo, da morajo biti obla\u010dila in drugi tekstilni izdelki za nate\u010daj izdelani po na\u010delih trajnostnih tehnologij in imeti veliko sporo\u010dilno vrednost, nagovarjati ljudi k dru\u017ebeni odgovornosti, zeleni potro\u0161nji, pravi\u010dni trgovini in poudarjati nacionalno identiteto. Obla\u010dila je ocenjevala strokovna komisija, njena predsednica Sonja \u0160terman z mariborske fakultete za strojni\u0161tvo pa pravi, da izdelkom sicer oblikovno \u0161e marsikaj manjka, da pa so bili oblikovalci kreativni in predani delu ter iz preproste ideje izpeljali velik koncept. Projekt je pohvalil tudi minister za kmetijstvo, gozdarstvo in prehrano Dejan \u017didan, ker ekolo\u0161ka pridelava \u0161\u010diti naravne vire, za tovarno v Polzeli pa dejal, da je vlada zaznala inovativno pot in zato podprla izdelek, ki imajo realno tr\u017eno ni\u0161o, pridelava surovine zanj pa omogo\u010da uporabo na \u0161tevilnih podro\u010djih. Izdelki z nate\u010daja \u0161e niso iz slovenske konoplje, ker pri nas \u0161e ni izdelovalca nitk in blaga, pobudniki projekta pa na\u010drtujejo celotni krog do kon\u010dnega izdelka. Za pridelavo industrijske konoplje v Sloveniji zdaj ni ve\u010d ovir, letos jo na 360 hektarjih prideluje 474 pridelovalcev, od tega je 200 stalnih od leta 2004. \u0160tevilo pridelovalcev sicer niha, v letu 2015 je bilo 560 sejalcev ekolo\u0161ke konoplje, ki so jo zasejali 420 hektarjih povr\u0161in, za to rastlin\" \/>\n<meta property=\"og:url\" content=\"https:\/\/hudo.com\/si\/aktualno\/prvi-natecaj-za-slovenska-oblacila-iz-konoplje-je-uspel\/\" \/>\n<meta property=\"og:site_name\" content=\"Hudo Slovenija\" \/>\n<meta property=\"article:publisher\" content=\"https:\/\/www.facebook.com\/hudo.si\" \/>\n<meta property=\"article:published_time\" content=\"2016-08-28T07:30:00+00:00\" \/>\n<meta property=\"article:modified_time\" content=\"2016-08-29T00:11:33+00:00\" \/>\n<meta property=\"og:image\" content=\"https:\/\/hudo.com\/si\/wp-content\/uploads\/sites\/2\/2016\/08\/01371160F-300.jpg\" \/>\n\t<meta property=\"og:image:width\" content=\"450\" \/>\n\t<meta property=\"og:image:height\" content=\"278\" \/>\n\t<meta property=\"og:image:type\" content=\"image\/jpeg\" \/>\n<meta name=\"author\" content=\"hudo\" \/>\n<meta name=\"twitter:card\" content=\"summary_large_image\" \/>\n<meta name=\"twitter:creator\" content=\"@hudo_si\" \/>\n<meta name=\"twitter:site\" content=\"@hudo_si\" \/>\n<meta name=\"twitter:label1\" content=\"Written by\" \/>\n\t<meta name=\"twitter:data1\" content=\"hudo\" \/>\n\t<meta name=\"twitter:label2\" content=\"Est. reading time\" \/>\n\t<meta name=\"twitter:data2\" content=\"2 minuti\" \/>\n<script type=\"application\/ld+json\" class=\"yoast-schema-graph\">{\"@context\":\"https:\/\/schema.org\",\"@graph\":[{\"@type\":\"Article\",\"@id\":\"https:\/\/hudo.com\/si\/aktualno\/prvi-natecaj-za-slovenska-oblacila-iz-konoplje-je-uspel\/#article\",\"isPartOf\":{\"@id\":\"https:\/\/hudo.com\/si\/aktualno\/prvi-natecaj-za-slovenska-oblacila-iz-konoplje-je-uspel\/\"},\"author\":{\"name\":\"hudo\",\"@id\":\"https:\/\/hudo.com\/si\/#\/schema\/person\/601cf3379633985b20f7e50f2bb47707\"},\"headline\":\"Prvi nate\u010daj za slovenska obla\u010dila iz konoplje je uspel\",\"datePublished\":\"2016-08-28T07:30:00+00:00\",\"dateModified\":\"2016-08-29T00:11:33+00:00\",\"mainEntityOfPage\":{\"@id\":\"https:\/\/hudo.com\/si\/aktualno\/prvi-natecaj-za-slovenska-oblacila-iz-konoplje-je-uspel\/\"},\"wordCount\":324,\"publisher\":{\"@id\":\"https:\/\/hudo.com\/si\/#organization\"},\"articleSection\":[\"Aktualno\"],\"inLanguage\":\"sl-SI\"},{\"@type\":\"WebPage\",\"@id\":\"https:\/\/hudo.com\/si\/aktualno\/prvi-natecaj-za-slovenska-oblacila-iz-konoplje-je-uspel\/\",\"url\":\"https:\/\/hudo.com\/si\/aktualno\/prvi-natecaj-za-slovenska-oblacila-iz-konoplje-je-uspel\/\",\"name\":\"Prvi nate\u010daj za slovenska obla\u010dila iz konoplje je uspel - Hudo Slovenija\",\"isPartOf\":{\"@id\":\"https:\/\/hudo.com\/si\/#website\"},\"datePublished\":\"2016-08-28T07:30:00+00:00\",\"dateModified\":\"2016-08-29T00:11:33+00:00\",\"breadcrumb\":{\"@id\":\"https:\/\/hudo.com\/si\/aktualno\/prvi-natecaj-za-slovenska-oblacila-iz-konoplje-je-uspel\/#breadcrumb\"},\"inLanguage\":\"sl-SI\",\"potentialAction\":[{\"@type\":\"ReadAction\",\"target\":[\"https:\/\/hudo.com\/si\/aktualno\/prvi-natecaj-za-slovenska-oblacila-iz-konoplje-je-uspel\/\"]}]},{\"@type\":\"BreadcrumbList\",\"@id\":\"https:\/\/hudo.com\/si\/aktualno\/prvi-natecaj-za-slovenska-oblacila-iz-konoplje-je-uspel\/#breadcrumb\",\"itemListElement\":[{\"@type\":\"ListItem\",\"position\":1,\"name\":\"Home\",\"item\":\"https:\/\/hudo.com\/si\/\"},{\"@type\":\"ListItem\",\"position\":2,\"name\":\"Prvi nate\u010daj za slovenska obla\u010dila iz konoplje je uspel\"}]},{\"@type\":\"WebSite\",\"@id\":\"https:\/\/hudo.com\/si\/#website\",\"url\":\"https:\/\/hudo.com\/si\/\",\"name\":\"Hudo Slovenija\",\"description\":\"Vse novice iz Slovenije in sveta\",\"publisher\":{\"@id\":\"https:\/\/hudo.com\/si\/#organization\"},\"potentialAction\":[{\"@type\":\"SearchAction\",\"target\":{\"@type\":\"EntryPoint\",\"urlTemplate\":\"https:\/\/hudo.com\/si\/?s={search_term_string}\"},\"query-input\":\"required name=search_term_string\"}],\"inLanguage\":\"sl-SI\"},{\"@type\":\"Organization\",\"@id\":\"https:\/\/hudo.com\/si\/#organization\",\"name\":\"VSN Media\",\"url\":\"https:\/\/hudo.com\/si\/\",\"logo\":{\"@type\":\"ImageObject\",\"inLanguage\":\"sl-SI\",\"@id\":\"https:\/\/hudo.com\/si\/#\/schema\/logo\/image\/\",\"url\":\"https:\/\/hudo.com\/si\/wp-content\/uploads\/sites\/2\/2021\/03\/hudo-app-2.png\",\"contentUrl\":\"https:\/\/hudo.com\/si\/wp-content\/uploads\/sites\/2\/2021\/03\/hudo-app-2.png\",\"width\":2185,\"height\":2167,\"caption\":\"VSN Media\"},\"image\":{\"@id\":\"https:\/\/hudo.com\/si\/#\/schema\/logo\/image\/\"},\"sameAs\":[\"https:\/\/www.facebook.com\/hudo.si\",\"https:\/\/twitter.com\/hudo_si\"]},{\"@type\":\"Person\",\"@id\":\"https:\/\/hudo.com\/si\/#\/schema\/person\/601cf3379633985b20f7e50f2bb47707\",\"name\":\"hudo\",\"image\":{\"@type\":\"ImageObject\",\"inLanguage\":\"sl-SI\",\"@id\":\"https:\/\/hudo.com\/si\/#\/schema\/person\/image\/\",\"url\":\"https:\/\/secure.gravatar.com\/avatar\/c4ca25fa72cace7a696b52ff5db9e095?s=96&d=mm&r=g\",\"contentUrl\":\"https:\/\/secure.gravatar.com\/avatar\/c4ca25fa72cace7a696b52ff5db9e095?s=96&d=mm&r=g\",\"caption\":\"hudo\"},\"url\":\"https:\/\/hudo.com\/si\/author\/hudo\/\"}]}<\/script>\n<!-- \/ Yoast SEO plugin. -->","yoast_head_json":{"title":"Prvi nate\u010daj za slovenska obla\u010dila iz konoplje je uspel - Hudo Slovenija","robots":{"index":"index","follow":"follow","max-snippet":"max-snippet:-1","max-image-preview":"max-image-preview:large","max-video-preview":"max-video-preview:-1"},"canonical":"https:\/\/hudo.com\/si\/aktualno\/prvi-natecaj-za-slovenska-oblacila-iz-konoplje-je-uspel\/","og_locale":"sl_SI","og_type":"article","og_title":"Prvi nate\u010daj za slovenska obla\u010dila iz konoplje je uspel - Hudo Slovenija","og_description":"Prvi nate\u010daj za izdelavo obla\u010dil iz konoplje Ekoci Green Design je uspel, saj je 21 ustvarjalcev poslalo 51 vzorcev obla\u010dil. Cilj projekta je povezati razli\u010dne dele\u017enike od pridelave konoplje do kon\u010dnega slovenskega izdelka kot primera dobre prakse v zelenem kro\u017enem gospodarstvu. Gre za projekt zadruge Ekoci, Eko civilne iniciative Slovenije, Pomurskega sejma, civilne iniciative Ekoci green Design, Pomurskega muzeja, katedre za tekstilne materiale in oblikovanje fakultete za strojni\u0161tvo Univerze v Mariboru, ob\u010dine Polzela, Tovarne nogavic Polzela in podjetja Soven, predstavili pa so ga na sejmu Agra v Gornji Radgoni. Predstavniki vseh sodelujo\u010dih ustanov in podjetij v projektu poudarjajo, da morajo biti obla\u010dila in drugi tekstilni izdelki za nate\u010daj izdelani po na\u010delih trajnostnih tehnologij in imeti veliko sporo\u010dilno vrednost, nagovarjati ljudi k dru\u017ebeni odgovornosti, zeleni potro\u0161nji, pravi\u010dni trgovini in poudarjati nacionalno identiteto. Obla\u010dila je ocenjevala strokovna komisija, njena predsednica Sonja \u0160terman z mariborske fakultete za strojni\u0161tvo pa pravi, da izdelkom sicer oblikovno \u0161e marsikaj manjka, da pa so bili oblikovalci kreativni in predani delu ter iz preproste ideje izpeljali velik koncept. Projekt je pohvalil tudi minister za kmetijstvo, gozdarstvo in prehrano Dejan \u017didan, ker ekolo\u0161ka pridelava \u0161\u010diti naravne vire, za tovarno v Polzeli pa dejal, da je vlada zaznala inovativno pot in zato podprla izdelek, ki imajo realno tr\u017eno ni\u0161o, pridelava surovine zanj pa omogo\u010da uporabo na \u0161tevilnih podro\u010djih. Izdelki z nate\u010daja \u0161e niso iz slovenske konoplje, ker pri nas \u0161e ni izdelovalca nitk in blaga, pobudniki projekta pa na\u010drtujejo celotni krog do kon\u010dnega izdelka. Za pridelavo industrijske konoplje v Sloveniji zdaj ni ve\u010d ovir, letos jo na 360 hektarjih prideluje 474 pridelovalcev, od tega je 200 stalnih od leta 2004. \u0160tevilo pridelovalcev sicer niha, v letu 2015 je bilo 560 sejalcev ekolo\u0161ke konoplje, ki so jo zasejali 420 hektarjih povr\u0161in, za to rastlin","og_url":"https:\/\/hudo.com\/si\/aktualno\/prvi-natecaj-za-slovenska-oblacila-iz-konoplje-je-uspel\/","og_site_name":"Hudo Slovenija","article_publisher":"https:\/\/www.facebook.com\/hudo.si","article_published_time":"2016-08-28T07:30:00+00:00","article_modified_time":"2016-08-29T00:11:33+00:00","og_image":[{"width":450,"height":278,"url":"https:\/\/hudo.com\/si\/wp-content\/uploads\/sites\/2\/2016\/08\/01371160F-300.jpg","type":"image\/jpeg"}],"author":"hudo","twitter_card":"summary_large_image","twitter_creator":"@hudo_si","twitter_site":"@hudo_si","twitter_misc":{"Written by":"hudo","Est. reading time":"2 minuti"},"schema":{"@context":"https:\/\/schema.org","@graph":[{"@type":"Article","@id":"https:\/\/hudo.com\/si\/aktualno\/prvi-natecaj-za-slovenska-oblacila-iz-konoplje-je-uspel\/#article","isPartOf":{"@id":"https:\/\/hudo.com\/si\/aktualno\/prvi-natecaj-za-slovenska-oblacila-iz-konoplje-je-uspel\/"},"author":{"name":"hudo","@id":"https:\/\/hudo.com\/si\/#\/schema\/person\/601cf3379633985b20f7e50f2bb47707"},"headline":"Prvi nate\u010daj za slovenska obla\u010dila iz konoplje je uspel","datePublished":"2016-08-28T07:30:00+00:00","dateModified":"2016-08-29T00:11:33+00:00","mainEntityOfPage":{"@id":"https:\/\/hudo.com\/si\/aktualno\/prvi-natecaj-za-slovenska-oblacila-iz-konoplje-je-uspel\/"},"wordCount":324,"publisher":{"@id":"https:\/\/hudo.com\/si\/#organization"},"articleSection":["Aktualno"],"inLanguage":"sl-SI"},{"@type":"WebPage","@id":"https:\/\/hudo.com\/si\/aktualno\/prvi-natecaj-za-slovenska-oblacila-iz-konoplje-je-uspel\/","url":"https:\/\/hudo.com\/si\/aktualno\/prvi-natecaj-za-slovenska-oblacila-iz-konoplje-je-uspel\/","name":"Prvi nate\u010daj za slovenska obla\u010dila iz konoplje je uspel - Hudo Slovenija","isPartOf":{"@id":"https:\/\/hudo.com\/si\/#website"},"datePublished":"2016-08-28T07:30:00+00:00","dateModified":"2016-08-29T00:11:33+00:00","breadcrumb":{"@id":"https:\/\/hudo.com\/si\/aktualno\/prvi-natecaj-za-slovenska-oblacila-iz-konoplje-je-uspel\/#breadcrumb"},"inLanguage":"sl-SI","potentialAction":[{"@type":"ReadAction","target":["https:\/\/hudo.com\/si\/aktualno\/prvi-natecaj-za-slovenska-oblacila-iz-konoplje-je-uspel\/"]}]},{"@type":"BreadcrumbList","@id":"https:\/\/hudo.com\/si\/aktualno\/prvi-natecaj-za-slovenska-oblacila-iz-konoplje-je-uspel\/#breadcrumb","itemListElement":[{"@type":"ListItem","position":1,"name":"Home","item":"https:\/\/hudo.com\/si\/"},{"@type":"ListItem","position":2,"name":"Prvi nate\u010daj za slovenska obla\u010dila iz konoplje je uspel"}]},{"@type":"WebSite","@id":"https:\/\/hudo.com\/si\/#website","url":"https:\/\/hudo.com\/si\/","name":"Hudo Slovenija","description":"Vse novice iz Slovenije in sveta","publisher":{"@id":"https:\/\/hudo.com\/si\/#organization"},"potentialAction":[{"@type":"SearchAction","target":{"@type":"EntryPoint","urlTemplate":"https:\/\/hudo.com\/si\/?s={search_term_string}"},"query-input":"required name=search_term_string"}],"inLanguage":"sl-SI"},{"@type":"Organization","@id":"https:\/\/hudo.com\/si\/#organization","name":"VSN Media","url":"https:\/\/hudo.com\/si\/","logo":{"@type":"ImageObject","inLanguage":"sl-SI","@id":"https:\/\/hudo.com\/si\/#\/schema\/logo\/image\/","url":"https:\/\/hudo.com\/si\/wp-content\/uploads\/sites\/2\/2021\/03\/hudo-app-2.png","contentUrl":"https:\/\/hudo.com\/si\/wp-content\/uploads\/sites\/2\/2021\/03\/hudo-app-2.png","width":2185,"height":2167,"caption":"VSN Media"},"image":{"@id":"https:\/\/hudo.com\/si\/#\/schema\/logo\/image\/"},"sameAs":["https:\/\/www.facebook.com\/hudo.si","https:\/\/twitter.com\/hudo_si"]},{"@type":"Person","@id":"https:\/\/hudo.com\/si\/#\/schema\/person\/601cf3379633985b20f7e50f2bb47707","name":"hudo","image":{"@type":"ImageObject","inLanguage":"sl-SI","@id":"https:\/\/hudo.com\/si\/#\/schema\/person\/image\/","url":"https:\/\/secure.gravatar.com\/avatar\/c4ca25fa72cace7a696b52ff5db9e095?s=96&d=mm&r=g","contentUrl":"https:\/\/secure.gravatar.com\/avatar\/c4ca25fa72cace7a696b52ff5db9e095?s=96&d=mm&r=g","caption":"hudo"},"url":"https:\/\/hudo.com\/si\/author\/hudo\/"}]}},"amp_enabled":true,"_links":{"self":[{"href":"https:\/\/hudo.com\/si\/wp-json\/wp\/v2\/posts\/121804"}],"collection":[{"href":"https:\/\/hudo.com\/si\/wp-json\/wp\/v2\/posts"}],"about":[{"href":"https:\/\/hudo.com\/si\/wp-json\/wp\/v2\/types\/post"}],"author":[{"embeddable":true,"href":"https:\/\/hudo.com\/si\/wp-json\/wp\/v2\/users\/1"}],"replies":[{"embeddable":true,"href":"https:\/\/hudo.com\/si\/wp-json\/wp\/v2\/comments?post=121804"}],"version-history":[{"count":1,"href":"https:\/\/hudo.com\/si\/wp-json\/wp\/v2\/posts\/121804\/revisions"}],"predecessor-version":[{"id":121934,"href":"https:\/\/hudo.com\/si\/wp-json\/wp\/v2\/posts\/121804\/revisions\/121934"}],"wp:attachment":[{"href":"https:\/\/hudo.com\/si\/wp-json\/wp\/v2\/media?parent=121804"}],"wp:term":[{"taxonomy":"category","embeddable":true,"href":"https:\/\/hudo.com\/si\/wp-json\/wp\/v2\/categories?post=121804"},{"taxonomy":"post_tag","embeddable":true,"href":"https:\/\/hudo.com\/si\/wp-json\/wp\/v2\/tags?post=121804"},{"taxonomy":"source","embeddable":true,"href":"https:\/\/hudo.com\/si\/wp-json\/wp\/v2\/source?post=121804"},{"taxonomy":"supertag","embeddable":true,"href":"https:\/\/hudo.com\/si\/wp-json\/wp\/v2\/supertag?post=121804"}],"curies":[{"name":"wp","href":"https:\/\/api.w.org\/{rel}","templated":true}]}}