{"id":121826,"date":"2016-08-28T07:15:00","date_gmt":"2016-08-28T05:15:00","guid":{"rendered":"http:\/\/hudo.com\/si\/2016\/08\/28\/oblak-bi-moral-biti-izkljucen\/"},"modified":"2016-08-29T02:12:27","modified_gmt":"2016-08-29T00:12:27","slug":"oblak-bi-moral-biti-izkljucen","status":"publish","type":"post","link":"https:\/\/hudo.com\/si\/aktualno\/oblak-bi-moral-biti-izkljucen\/","title":{"rendered":"Oblak bi moral biti izklju\u010den"},"content":{"rendered":"<p>Kategorija: Nogomet Sun, 28 Aug 2016 09:15:00 +0200  Leganes &#8211; Pri Atleticu Madridu so napovedovali, da ho\u010dejo letos znova osvojiti \u0161panski naslov, toda \u017ee po dveh kolih imajo \u0161tiri to\u010dke zaostanka za mestnim tekmecem Realom. Tokrat je Atletico remiziral proti Leganesu brez zadetkov, potem ko je le to\u010dko prejel tudi prej\u0161nji teden proti Alavesu (1:1). In oba nasprotnika sta novinca v ligi. Opazno je, da pri Atleticu dobro deluje obramba, toda veliko te\u017eav ima z doseganjem zadetkov. Prej\u0161nji teden so rde\u010de-beli edini gol zabili iz najstro\u017eje kazni. Slovenski vratar Jan Oblak se lahko pohvali, da je njegova mre\u017ea ostala nedotaknjena, toda ob pravilnem sodni\u0161kem kriteriju bi moral prejeti rde\u010di karton, Leganes pa dobiti enajstmetrovko. V drugem pol\u010dasu je namre\u010d Oblak nespametno dvignil nogo in zadel nasprotnikovega nogometa\u0161a Miguela Guerrera. Sodnik Sanchez Martinez ni dosodil ni\u010desar, \u010deprav bi moral biti Oblak\u00a0&#8230;<\/p>\n","protected":false},"excerpt":{"rendered":"<p>Kategorija: Nogomet Sun, 28 Aug 2016 09:15:00 +0200  Leganes &#8211; Pri Atleticu Madridu so napovedovali, da ho\u010dejo letos znova osvojiti \u0161panski naslov, toda \u017ee po dveh kolih imajo \u0161tiri to\u010dke zaostanka za mestnim tekmecem Realom. Tokrat je Atletico remiziral proti Leganesu brez zadetkov, potem ko je le to\u010dko prejel tudi prej\u0161nji teden proti Alavesu (1:1). In oba nasprotnika sta novinca v ligi. Opazno je, da pri Atleticu dobro deluje obramba, toda veliko te\u017eav ima z doseganjem zadetkov. Prej\u0161nji teden so rde\u010de-beli edini gol zabili iz najstro\u017eje kazni. Slovenski vratar Jan Oblak se lahko pohvali, da je njegova mre\u017ea ostala nedotaknjena, toda ob pravilnem sodni\u0161kem kriteriju bi moral prejeti rde\u010di karton, Leganes pa dobiti enajstmetrovko. V drugem pol\u010dasu je namre\u010d Oblak nespametno dvignil nogo in zadel nasprotnikovega nogometa\u0161a Miguela Guerrera. Sodnik Sanchez Martinez ni dosodil ni\u010desar, \u010deprav bi moral biti Oblak\u00a0&#8230;<\/p>\n","protected":false},"author":1,"featured_media":0,"comment_status":"closed","ping_status":"closed","sticky":false,"template":"","format":"standard","meta":{"footnotes":""},"categories":[1179],"tags":[],"source":[1703],"supertag":[],"acf":[],"yoast_head":"<!-- This site is optimized with the Yoast SEO plugin v21.3 - https:\/\/yoast.com\/wordpress\/plugins\/seo\/ -->\n<title>Oblak bi moral biti izklju\u010den - Hudo Slovenija<\/title>\n<meta name=\"robots\" content=\"index, follow, max-snippet:-1, max-image-preview:large, max-video-preview:-1\" \/>\n<link rel=\"canonical\" href=\"https:\/\/hudo.com\/si\/aktualno\/oblak-bi-moral-biti-izkljucen\/\" \/>\n<meta property=\"og:locale\" content=\"sl_SI\" \/>\n<meta property=\"og:type\" content=\"article\" \/>\n<meta property=\"og:title\" content=\"Oblak bi moral biti izklju\u010den - Hudo Slovenija\" \/>\n<meta property=\"og:description\" content=\"Kategorija: Nogomet Sun, 28 Aug 2016 09:15:00 +0200 Leganes - Pri Atleticu Madridu so napovedovali, da ho\u010dejo letos znova osvojiti \u0161panski naslov, toda \u017ee po dveh kolih imajo \u0161tiri to\u010dke zaostanka za mestnim tekmecem Realom. Tokrat je Atletico remiziral proti Leganesu brez zadetkov, potem ko je le to\u010dko prejel tudi prej\u0161nji teden proti Alavesu (1:1). In oba nasprotnika sta novinca v ligi. Opazno je, da pri Atleticu dobro deluje obramba, toda veliko te\u017eav ima z doseganjem zadetkov. Prej\u0161nji teden so rde\u010de-beli edini gol zabili iz najstro\u017eje kazni. Slovenski vratar Jan Oblak se lahko pohvali, da je njegova mre\u017ea ostala nedotaknjena, toda ob pravilnem sodni\u0161kem kriteriju bi moral prejeti rde\u010di karton, Leganes pa dobiti enajstmetrovko. V drugem pol\u010dasu je namre\u010d Oblak nespametno dvignil nogo in zadel nasprotnikovega nogometa\u0161a Miguela Guerrera. Sodnik Sanchez Martinez ni dosodil ni\u010desar, \u010deprav bi moral biti Oblak\u00a0...\" \/>\n<meta property=\"og:url\" content=\"https:\/\/hudo.com\/si\/aktualno\/oblak-bi-moral-biti-izkljucen\/\" \/>\n<meta property=\"og:site_name\" content=\"Hudo Slovenija\" \/>\n<meta property=\"article:publisher\" content=\"https:\/\/www.facebook.com\/hudo.si\" \/>\n<meta property=\"article:published_time\" content=\"2016-08-28T05:15:00+00:00\" \/>\n<meta property=\"article:modified_time\" content=\"2016-08-29T00:12:27+00:00\" \/>\n<meta property=\"og:image\" content=\"https:\/\/hudo.com\/si\/wp-content\/uploads\/sites\/2\/2016\/08\/480x290_AFP_Photo-20160828003243-95681300.jpeg\" \/>\n\t<meta property=\"og:image:width\" content=\"480\" \/>\n\t<meta property=\"og:image:height\" content=\"290\" \/>\n\t<meta property=\"og:image:type\" content=\"image\/jpeg\" \/>\n<meta name=\"author\" content=\"hudo\" \/>\n<meta name=\"twitter:card\" content=\"summary_large_image\" \/>\n<meta name=\"twitter:creator\" content=\"@hudo_si\" \/>\n<meta name=\"twitter:site\" content=\"@hudo_si\" \/>\n<meta name=\"twitter:label1\" content=\"Written by\" \/>\n\t<meta name=\"twitter:data1\" content=\"hudo\" \/>\n\t<meta name=\"twitter:label2\" content=\"Est. reading time\" \/>\n\t<meta name=\"twitter:data2\" content=\"1 minuta\" \/>\n<script type=\"application\/ld+json\" class=\"yoast-schema-graph\">{\"@context\":\"https:\/\/schema.org\",\"@graph\":[{\"@type\":\"Article\",\"@id\":\"https:\/\/hudo.com\/si\/aktualno\/oblak-bi-moral-biti-izkljucen\/#article\",\"isPartOf\":{\"@id\":\"https:\/\/hudo.com\/si\/aktualno\/oblak-bi-moral-biti-izkljucen\/\"},\"author\":{\"name\":\"hudo\",\"@id\":\"https:\/\/hudo.com\/si\/#\/schema\/person\/601cf3379633985b20f7e50f2bb47707\"},\"headline\":\"Oblak bi moral biti izklju\u010den\",\"datePublished\":\"2016-08-28T05:15:00+00:00\",\"dateModified\":\"2016-08-29T00:12:27+00:00\",\"mainEntityOfPage\":{\"@id\":\"https:\/\/hudo.com\/si\/aktualno\/oblak-bi-moral-biti-izkljucen\/\"},\"wordCount\":155,\"publisher\":{\"@id\":\"https:\/\/hudo.com\/si\/#organization\"},\"articleSection\":[\"Aktualno\"],\"inLanguage\":\"sl-SI\"},{\"@type\":\"WebPage\",\"@id\":\"https:\/\/hudo.com\/si\/aktualno\/oblak-bi-moral-biti-izkljucen\/\",\"url\":\"https:\/\/hudo.com\/si\/aktualno\/oblak-bi-moral-biti-izkljucen\/\",\"name\":\"Oblak bi moral biti izklju\u010den - Hudo Slovenija\",\"isPartOf\":{\"@id\":\"https:\/\/hudo.com\/si\/#website\"},\"datePublished\":\"2016-08-28T05:15:00+00:00\",\"dateModified\":\"2016-08-29T00:12:27+00:00\",\"breadcrumb\":{\"@id\":\"https:\/\/hudo.com\/si\/aktualno\/oblak-bi-moral-biti-izkljucen\/#breadcrumb\"},\"inLanguage\":\"sl-SI\",\"potentialAction\":[{\"@type\":\"ReadAction\",\"target\":[\"https:\/\/hudo.com\/si\/aktualno\/oblak-bi-moral-biti-izkljucen\/\"]}]},{\"@type\":\"BreadcrumbList\",\"@id\":\"https:\/\/hudo.com\/si\/aktualno\/oblak-bi-moral-biti-izkljucen\/#breadcrumb\",\"itemListElement\":[{\"@type\":\"ListItem\",\"position\":1,\"name\":\"Home\",\"item\":\"https:\/\/hudo.com\/si\/\"},{\"@type\":\"ListItem\",\"position\":2,\"name\":\"Oblak bi moral biti izklju\u010den\"}]},{\"@type\":\"WebSite\",\"@id\":\"https:\/\/hudo.com\/si\/#website\",\"url\":\"https:\/\/hudo.com\/si\/\",\"name\":\"Hudo Slovenija\",\"description\":\"Vse novice iz Slovenije in sveta\",\"publisher\":{\"@id\":\"https:\/\/hudo.com\/si\/#organization\"},\"potentialAction\":[{\"@type\":\"SearchAction\",\"target\":{\"@type\":\"EntryPoint\",\"urlTemplate\":\"https:\/\/hudo.com\/si\/?s={search_term_string}\"},\"query-input\":\"required name=search_term_string\"}],\"inLanguage\":\"sl-SI\"},{\"@type\":\"Organization\",\"@id\":\"https:\/\/hudo.com\/si\/#organization\",\"name\":\"VSN Media\",\"url\":\"https:\/\/hudo.com\/si\/\",\"logo\":{\"@type\":\"ImageObject\",\"inLanguage\":\"sl-SI\",\"@id\":\"https:\/\/hudo.com\/si\/#\/schema\/logo\/image\/\",\"url\":\"https:\/\/hudo.com\/si\/wp-content\/uploads\/sites\/2\/2021\/03\/hudo-app-2.png\",\"contentUrl\":\"https:\/\/hudo.com\/si\/wp-content\/uploads\/sites\/2\/2021\/03\/hudo-app-2.png\",\"width\":2185,\"height\":2167,\"caption\":\"VSN Media\"},\"image\":{\"@id\":\"https:\/\/hudo.com\/si\/#\/schema\/logo\/image\/\"},\"sameAs\":[\"https:\/\/www.facebook.com\/hudo.si\",\"https:\/\/twitter.com\/hudo_si\"]},{\"@type\":\"Person\",\"@id\":\"https:\/\/hudo.com\/si\/#\/schema\/person\/601cf3379633985b20f7e50f2bb47707\",\"name\":\"hudo\",\"image\":{\"@type\":\"ImageObject\",\"inLanguage\":\"sl-SI\",\"@id\":\"https:\/\/hudo.com\/si\/#\/schema\/person\/image\/\",\"url\":\"https:\/\/secure.gravatar.com\/avatar\/c4ca25fa72cace7a696b52ff5db9e095?s=96&d=mm&r=g\",\"contentUrl\":\"https:\/\/secure.gravatar.com\/avatar\/c4ca25fa72cace7a696b52ff5db9e095?s=96&d=mm&r=g\",\"caption\":\"hudo\"},\"url\":\"https:\/\/hudo.com\/si\/author\/hudo\/\"}]}<\/script>\n<!-- \/ Yoast SEO plugin. -->","yoast_head_json":{"title":"Oblak bi moral biti izklju\u010den - Hudo Slovenija","robots":{"index":"index","follow":"follow","max-snippet":"max-snippet:-1","max-image-preview":"max-image-preview:large","max-video-preview":"max-video-preview:-1"},"canonical":"https:\/\/hudo.com\/si\/aktualno\/oblak-bi-moral-biti-izkljucen\/","og_locale":"sl_SI","og_type":"article","og_title":"Oblak bi moral biti izklju\u010den - Hudo Slovenija","og_description":"Kategorija: Nogomet Sun, 28 Aug 2016 09:15:00 +0200 Leganes - Pri Atleticu Madridu so napovedovali, da ho\u010dejo letos znova osvojiti \u0161panski naslov, toda \u017ee po dveh kolih imajo \u0161tiri to\u010dke zaostanka za mestnim tekmecem Realom. Tokrat je Atletico remiziral proti Leganesu brez zadetkov, potem ko je le to\u010dko prejel tudi prej\u0161nji teden proti Alavesu (1:1). In oba nasprotnika sta novinca v ligi. Opazno je, da pri Atleticu dobro deluje obramba, toda veliko te\u017eav ima z doseganjem zadetkov. Prej\u0161nji teden so rde\u010de-beli edini gol zabili iz najstro\u017eje kazni. Slovenski vratar Jan Oblak se lahko pohvali, da je njegova mre\u017ea ostala nedotaknjena, toda ob pravilnem sodni\u0161kem kriteriju bi moral prejeti rde\u010di karton, Leganes pa dobiti enajstmetrovko. V drugem pol\u010dasu je namre\u010d Oblak nespametno dvignil nogo in zadel nasprotnikovega nogometa\u0161a Miguela Guerrera. Sodnik Sanchez Martinez ni dosodil ni\u010desar, \u010deprav bi moral biti Oblak\u00a0...","og_url":"https:\/\/hudo.com\/si\/aktualno\/oblak-bi-moral-biti-izkljucen\/","og_site_name":"Hudo Slovenija","article_publisher":"https:\/\/www.facebook.com\/hudo.si","article_published_time":"2016-08-28T05:15:00+00:00","article_modified_time":"2016-08-29T00:12:27+00:00","og_image":[{"width":480,"height":290,"url":"https:\/\/hudo.com\/si\/wp-content\/uploads\/sites\/2\/2016\/08\/480x290_AFP_Photo-20160828003243-95681300.jpeg","type":"image\/jpeg"}],"author":"hudo","twitter_card":"summary_large_image","twitter_creator":"@hudo_si","twitter_site":"@hudo_si","twitter_misc":{"Written by":"hudo","Est. reading time":"1 minuta"},"schema":{"@context":"https:\/\/schema.org","@graph":[{"@type":"Article","@id":"https:\/\/hudo.com\/si\/aktualno\/oblak-bi-moral-biti-izkljucen\/#article","isPartOf":{"@id":"https:\/\/hudo.com\/si\/aktualno\/oblak-bi-moral-biti-izkljucen\/"},"author":{"name":"hudo","@id":"https:\/\/hudo.com\/si\/#\/schema\/person\/601cf3379633985b20f7e50f2bb47707"},"headline":"Oblak bi moral biti izklju\u010den","datePublished":"2016-08-28T05:15:00+00:00","dateModified":"2016-08-29T00:12:27+00:00","mainEntityOfPage":{"@id":"https:\/\/hudo.com\/si\/aktualno\/oblak-bi-moral-biti-izkljucen\/"},"wordCount":155,"publisher":{"@id":"https:\/\/hudo.com\/si\/#organization"},"articleSection":["Aktualno"],"inLanguage":"sl-SI"},{"@type":"WebPage","@id":"https:\/\/hudo.com\/si\/aktualno\/oblak-bi-moral-biti-izkljucen\/","url":"https:\/\/hudo.com\/si\/aktualno\/oblak-bi-moral-biti-izkljucen\/","name":"Oblak bi moral biti izklju\u010den - Hudo Slovenija","isPartOf":{"@id":"https:\/\/hudo.com\/si\/#website"},"datePublished":"2016-08-28T05:15:00+00:00","dateModified":"2016-08-29T00:12:27+00:00","breadcrumb":{"@id":"https:\/\/hudo.com\/si\/aktualno\/oblak-bi-moral-biti-izkljucen\/#breadcrumb"},"inLanguage":"sl-SI","potentialAction":[{"@type":"ReadAction","target":["https:\/\/hudo.com\/si\/aktualno\/oblak-bi-moral-biti-izkljucen\/"]}]},{"@type":"BreadcrumbList","@id":"https:\/\/hudo.com\/si\/aktualno\/oblak-bi-moral-biti-izkljucen\/#breadcrumb","itemListElement":[{"@type":"ListItem","position":1,"name":"Home","item":"https:\/\/hudo.com\/si\/"},{"@type":"ListItem","position":2,"name":"Oblak bi moral biti izklju\u010den"}]},{"@type":"WebSite","@id":"https:\/\/hudo.com\/si\/#website","url":"https:\/\/hudo.com\/si\/","name":"Hudo Slovenija","description":"Vse novice iz Slovenije in sveta","publisher":{"@id":"https:\/\/hudo.com\/si\/#organization"},"potentialAction":[{"@type":"SearchAction","target":{"@type":"EntryPoint","urlTemplate":"https:\/\/hudo.com\/si\/?s={search_term_string}"},"query-input":"required name=search_term_string"}],"inLanguage":"sl-SI"},{"@type":"Organization","@id":"https:\/\/hudo.com\/si\/#organization","name":"VSN Media","url":"https:\/\/hudo.com\/si\/","logo":{"@type":"ImageObject","inLanguage":"sl-SI","@id":"https:\/\/hudo.com\/si\/#\/schema\/logo\/image\/","url":"https:\/\/hudo.com\/si\/wp-content\/uploads\/sites\/2\/2021\/03\/hudo-app-2.png","contentUrl":"https:\/\/hudo.com\/si\/wp-content\/uploads\/sites\/2\/2021\/03\/hudo-app-2.png","width":2185,"height":2167,"caption":"VSN Media"},"image":{"@id":"https:\/\/hudo.com\/si\/#\/schema\/logo\/image\/"},"sameAs":["https:\/\/www.facebook.com\/hudo.si","https:\/\/twitter.com\/hudo_si"]},{"@type":"Person","@id":"https:\/\/hudo.com\/si\/#\/schema\/person\/601cf3379633985b20f7e50f2bb47707","name":"hudo","image":{"@type":"ImageObject","inLanguage":"sl-SI","@id":"https:\/\/hudo.com\/si\/#\/schema\/person\/image\/","url":"https:\/\/secure.gravatar.com\/avatar\/c4ca25fa72cace7a696b52ff5db9e095?s=96&d=mm&r=g","contentUrl":"https:\/\/secure.gravatar.com\/avatar\/c4ca25fa72cace7a696b52ff5db9e095?s=96&d=mm&r=g","caption":"hudo"},"url":"https:\/\/hudo.com\/si\/author\/hudo\/"}]}},"amp_enabled":true,"_links":{"self":[{"href":"https:\/\/hudo.com\/si\/wp-json\/wp\/v2\/posts\/121826"}],"collection":[{"href":"https:\/\/hudo.com\/si\/wp-json\/wp\/v2\/posts"}],"about":[{"href":"https:\/\/hudo.com\/si\/wp-json\/wp\/v2\/types\/post"}],"author":[{"embeddable":true,"href":"https:\/\/hudo.com\/si\/wp-json\/wp\/v2\/users\/1"}],"replies":[{"embeddable":true,"href":"https:\/\/hudo.com\/si\/wp-json\/wp\/v2\/comments?post=121826"}],"version-history":[{"count":1,"href":"https:\/\/hudo.com\/si\/wp-json\/wp\/v2\/posts\/121826\/revisions"}],"predecessor-version":[{"id":121946,"href":"https:\/\/hudo.com\/si\/wp-json\/wp\/v2\/posts\/121826\/revisions\/121946"}],"wp:attachment":[{"href":"https:\/\/hudo.com\/si\/wp-json\/wp\/v2\/media?parent=121826"}],"wp:term":[{"taxonomy":"category","embeddable":true,"href":"https:\/\/hudo.com\/si\/wp-json\/wp\/v2\/categories?post=121826"},{"taxonomy":"post_tag","embeddable":true,"href":"https:\/\/hudo.com\/si\/wp-json\/wp\/v2\/tags?post=121826"},{"taxonomy":"source","embeddable":true,"href":"https:\/\/hudo.com\/si\/wp-json\/wp\/v2\/source?post=121826"},{"taxonomy":"supertag","embeddable":true,"href":"https:\/\/hudo.com\/si\/wp-json\/wp\/v2\/supertag?post=121826"}],"curies":[{"name":"wp","href":"https:\/\/api.w.org\/{rel}","templated":true}]}}