{"id":121830,"date":"2016-08-28T07:00:00","date_gmt":"2016-08-28T05:00:00","guid":{"rendered":"http:\/\/hudo.com\/si\/2016\/08\/28\/na-mejnih-prehodih-zaenkrat-se-brez-daljsih-cakalnih-dob\/"},"modified":"2016-08-28T07:00:00","modified_gmt":"2016-08-28T05:00:00","slug":"na-mejnih-prehodih-zaenkrat-se-brez-daljsih-cakalnih-dob","status":"publish","type":"post","link":"https:\/\/hudo.com\/si\/aktualno\/na-mejnih-prehodih-zaenkrat-se-brez-daljsih-cakalnih-dob\/","title":{"rendered":"Na mejnih prehodih zaenkrat \u0161e brez dalj\u0161ih \u010dakalnih dob"},"content":{"rendered":"<p>Na mejnem prehodu Starod je na vstopu v dr\u017eavo 20 minut \u010dakanja, o \u010dakalnih dobah z ostalih mejnih prehodov \u0161e ne poro\u010dajo. Na \u0161tajerski avtocesti je zaradi okvare vozila oviran promet med Vranskim in CP Vransko proti Celju, na primorski hitri cesti pa je zaradi varnosti zaprt uvoz Koper center v smeri Portoro\u017ea.  Zaradi prireditev so popolne zapore cest Gorenja vas &#8211; Horjul, med Todra\u017eem in Lu\u010dinami, od 9:45 do 10:30; na Pohorju cesta Areh &#8211; \u0160umik &#8211; Osankarica &#8211; Lukanja od 10:30 do 11:30 ter od 11:45 do 12:45; cesta Breg &#8211; Jurklo\u0161ter od 10:25 do 11:25; med 12:30 in 17. uro pa bodo popolne zapore zaradi kolesarske dirke na relaciji MP Rigonce &#8211; Bre\u017eice &#8211; Kr\u0161ko &#8211; Brestanica &#8211; Impoljca &#8211; Studenec &#8211; Bu\u010dka &#8211; \u0160kocjan &#8211; \u0160entjernej &#8211; Rate\u017e &#8211; Novo mesto. Popolna zapora ceste je tudi v Ljubljani od 11. do 18. ure, zaprte bodo Poljanska cesta, Glonarjeva, Pov\u0161etova in Koblarjeva ulica, Poljanski nasip, Poto\u010dnikova ulica in Litijska cesta.Slovenija<\/p>\n","protected":false},"excerpt":{"rendered":"<p>Na mejnem prehodu Starod je na vstopu v dr\u017eavo 20 minut \u010dakanja, o \u010dakalnih dobah z ostalih mejnih prehodov \u0161e ne poro\u010dajo. Na \u0161tajerski avtocesti je zaradi okvare vozila oviran promet med Vranskim in CP Vransko proti Celju, na primorski hitri cesti pa je zaradi varnosti zaprt uvoz Koper center v smeri Portoro\u017ea.  Zaradi prireditev so popolne zapore cest Gorenja vas &#8211; Horjul, med Todra\u017eem in Lu\u010dinami, od 9:45 do 10:30; na Pohorju cesta Areh &#8211; \u0160umik &#8211; Osankarica &#8211; Lukanja od 10:30 do 11:30 ter od 11:45 do 12:45; cesta Breg &#8211; Jurklo\u0161ter od 10:25 do 11:25; med 12:30 in 17. uro pa bodo popolne zapore zaradi kolesarske dirke na relaciji MP Rigonce &#8211; Bre\u017eice &#8211; Kr\u0161ko &#8211; Brestanica &#8211; Impoljca &#8211; Studenec &#8211; Bu\u010dka &#8211; \u0160kocjan &#8211; \u0160entjernej &#8211; Rate\u017e &#8211; Novo mesto. Popolna zapora ceste je tudi v Ljubljani od 11. do 18. ure, zaprte bodo Poljanska cesta, Glonarjeva, Pov\u0161etova in Koblarjeva ulica, Poljanski nasip, Poto\u010dnikova ulica in Litijska cesta.Slovenija<\/p>\n","protected":false},"author":1,"featured_media":0,"comment_status":"closed","ping_status":"closed","sticky":false,"template":"","format":"standard","meta":{"footnotes":""},"categories":[1179],"tags":[],"source":[1711],"supertag":[],"acf":[],"yoast_head":"<!-- This site is optimized with the Yoast SEO plugin v21.3 - https:\/\/yoast.com\/wordpress\/plugins\/seo\/ -->\n<title>Na mejnih prehodih zaenkrat \u0161e brez dalj\u0161ih \u010dakalnih dob - Hudo Slovenija<\/title>\n<meta name=\"robots\" content=\"index, follow, max-snippet:-1, max-image-preview:large, max-video-preview:-1\" \/>\n<link rel=\"canonical\" href=\"https:\/\/hudo.com\/si\/aktualno\/na-mejnih-prehodih-zaenkrat-se-brez-daljsih-cakalnih-dob\/\" \/>\n<meta property=\"og:locale\" content=\"sl_SI\" \/>\n<meta property=\"og:type\" content=\"article\" \/>\n<meta property=\"og:title\" content=\"Na mejnih prehodih zaenkrat \u0161e brez dalj\u0161ih \u010dakalnih dob - Hudo Slovenija\" \/>\n<meta property=\"og:description\" content=\"Na mejnem prehodu Starod je na vstopu v dr\u017eavo 20 minut \u010dakanja, o \u010dakalnih dobah z ostalih mejnih prehodov \u0161e ne poro\u010dajo. Na \u0161tajerski avtocesti je zaradi okvare vozila oviran promet med Vranskim in CP Vransko proti Celju, na primorski hitri cesti pa je zaradi varnosti zaprt uvoz Koper center v smeri Portoro\u017ea. Zaradi prireditev so popolne zapore cest Gorenja vas - Horjul, med Todra\u017eem in Lu\u010dinami, od 9:45 do 10:30; na Pohorju cesta Areh - \u0160umik - Osankarica - Lukanja od 10:30 do 11:30 ter od 11:45 do 12:45; cesta Breg - Jurklo\u0161ter od 10:25 do 11:25; med 12:30 in 17. uro pa bodo popolne zapore zaradi kolesarske dirke na relaciji MP Rigonce - Bre\u017eice - Kr\u0161ko - Brestanica - Impoljca - Studenec - Bu\u010dka - \u0160kocjan - \u0160entjernej - Rate\u017e - Novo mesto. Popolna zapora ceste je tudi v Ljubljani od 11. do 18. ure, zaprte bodo Poljanska cesta, Glonarjeva, Pov\u0161etova in Koblarjeva ulica, Poljanski nasip, Poto\u010dnikova ulica in Litijska cesta.Slovenija\" \/>\n<meta property=\"og:url\" content=\"https:\/\/hudo.com\/si\/aktualno\/na-mejnih-prehodih-zaenkrat-se-brez-daljsih-cakalnih-dob\/\" \/>\n<meta property=\"og:site_name\" content=\"Hudo Slovenija\" \/>\n<meta property=\"article:publisher\" content=\"https:\/\/www.facebook.com\/hudo.si\" \/>\n<meta property=\"article:published_time\" content=\"2016-08-28T05:00:00+00:00\" \/>\n<meta property=\"og:image\" content=\"https:\/\/hudo.com\/si\/wp-content\/uploads\/sites\/2\/2016\/08\/01100933F-300.jpg\" \/>\n\t<meta property=\"og:image:width\" content=\"450\" \/>\n\t<meta property=\"og:image:height\" content=\"304\" \/>\n\t<meta property=\"og:image:type\" content=\"image\/jpeg\" \/>\n<meta name=\"author\" content=\"hudo\" \/>\n<meta name=\"twitter:card\" content=\"summary_large_image\" \/>\n<meta name=\"twitter:creator\" content=\"@hudo_si\" \/>\n<meta name=\"twitter:site\" content=\"@hudo_si\" \/>\n<meta name=\"twitter:label1\" content=\"Written by\" \/>\n\t<meta name=\"twitter:data1\" content=\"hudo\" \/>\n\t<meta name=\"twitter:label2\" content=\"Est. reading time\" \/>\n\t<meta name=\"twitter:data2\" content=\"1 minuta\" \/>\n<script type=\"application\/ld+json\" class=\"yoast-schema-graph\">{\"@context\":\"https:\/\/schema.org\",\"@graph\":[{\"@type\":\"Article\",\"@id\":\"https:\/\/hudo.com\/si\/aktualno\/na-mejnih-prehodih-zaenkrat-se-brez-daljsih-cakalnih-dob\/#article\",\"isPartOf\":{\"@id\":\"https:\/\/hudo.com\/si\/aktualno\/na-mejnih-prehodih-zaenkrat-se-brez-daljsih-cakalnih-dob\/\"},\"author\":{\"name\":\"hudo\",\"@id\":\"https:\/\/hudo.com\/si\/#\/schema\/person\/601cf3379633985b20f7e50f2bb47707\"},\"headline\":\"Na mejnih prehodih zaenkrat \u0161e brez dalj\u0161ih \u010dakalnih dob\",\"datePublished\":\"2016-08-28T05:00:00+00:00\",\"dateModified\":\"2016-08-28T05:00:00+00:00\",\"mainEntityOfPage\":{\"@id\":\"https:\/\/hudo.com\/si\/aktualno\/na-mejnih-prehodih-zaenkrat-se-brez-daljsih-cakalnih-dob\/\"},\"wordCount\":172,\"publisher\":{\"@id\":\"https:\/\/hudo.com\/si\/#organization\"},\"articleSection\":[\"Aktualno\"],\"inLanguage\":\"sl-SI\"},{\"@type\":\"WebPage\",\"@id\":\"https:\/\/hudo.com\/si\/aktualno\/na-mejnih-prehodih-zaenkrat-se-brez-daljsih-cakalnih-dob\/\",\"url\":\"https:\/\/hudo.com\/si\/aktualno\/na-mejnih-prehodih-zaenkrat-se-brez-daljsih-cakalnih-dob\/\",\"name\":\"Na mejnih prehodih zaenkrat \u0161e brez dalj\u0161ih \u010dakalnih dob - Hudo Slovenija\",\"isPartOf\":{\"@id\":\"https:\/\/hudo.com\/si\/#website\"},\"datePublished\":\"2016-08-28T05:00:00+00:00\",\"dateModified\":\"2016-08-28T05:00:00+00:00\",\"breadcrumb\":{\"@id\":\"https:\/\/hudo.com\/si\/aktualno\/na-mejnih-prehodih-zaenkrat-se-brez-daljsih-cakalnih-dob\/#breadcrumb\"},\"inLanguage\":\"sl-SI\",\"potentialAction\":[{\"@type\":\"ReadAction\",\"target\":[\"https:\/\/hudo.com\/si\/aktualno\/na-mejnih-prehodih-zaenkrat-se-brez-daljsih-cakalnih-dob\/\"]}]},{\"@type\":\"BreadcrumbList\",\"@id\":\"https:\/\/hudo.com\/si\/aktualno\/na-mejnih-prehodih-zaenkrat-se-brez-daljsih-cakalnih-dob\/#breadcrumb\",\"itemListElement\":[{\"@type\":\"ListItem\",\"position\":1,\"name\":\"Home\",\"item\":\"https:\/\/hudo.com\/si\/\"},{\"@type\":\"ListItem\",\"position\":2,\"name\":\"Na mejnih prehodih zaenkrat \u0161e brez dalj\u0161ih \u010dakalnih dob\"}]},{\"@type\":\"WebSite\",\"@id\":\"https:\/\/hudo.com\/si\/#website\",\"url\":\"https:\/\/hudo.com\/si\/\",\"name\":\"Hudo Slovenija\",\"description\":\"Vse novice iz Slovenije in sveta\",\"publisher\":{\"@id\":\"https:\/\/hudo.com\/si\/#organization\"},\"potentialAction\":[{\"@type\":\"SearchAction\",\"target\":{\"@type\":\"EntryPoint\",\"urlTemplate\":\"https:\/\/hudo.com\/si\/?s={search_term_string}\"},\"query-input\":\"required name=search_term_string\"}],\"inLanguage\":\"sl-SI\"},{\"@type\":\"Organization\",\"@id\":\"https:\/\/hudo.com\/si\/#organization\",\"name\":\"VSN Media\",\"url\":\"https:\/\/hudo.com\/si\/\",\"logo\":{\"@type\":\"ImageObject\",\"inLanguage\":\"sl-SI\",\"@id\":\"https:\/\/hudo.com\/si\/#\/schema\/logo\/image\/\",\"url\":\"https:\/\/hudo.com\/si\/wp-content\/uploads\/sites\/2\/2021\/03\/hudo-app-2.png\",\"contentUrl\":\"https:\/\/hudo.com\/si\/wp-content\/uploads\/sites\/2\/2021\/03\/hudo-app-2.png\",\"width\":2185,\"height\":2167,\"caption\":\"VSN Media\"},\"image\":{\"@id\":\"https:\/\/hudo.com\/si\/#\/schema\/logo\/image\/\"},\"sameAs\":[\"https:\/\/www.facebook.com\/hudo.si\",\"https:\/\/twitter.com\/hudo_si\"]},{\"@type\":\"Person\",\"@id\":\"https:\/\/hudo.com\/si\/#\/schema\/person\/601cf3379633985b20f7e50f2bb47707\",\"name\":\"hudo\",\"image\":{\"@type\":\"ImageObject\",\"inLanguage\":\"sl-SI\",\"@id\":\"https:\/\/hudo.com\/si\/#\/schema\/person\/image\/\",\"url\":\"https:\/\/secure.gravatar.com\/avatar\/c4ca25fa72cace7a696b52ff5db9e095?s=96&d=mm&r=g\",\"contentUrl\":\"https:\/\/secure.gravatar.com\/avatar\/c4ca25fa72cace7a696b52ff5db9e095?s=96&d=mm&r=g\",\"caption\":\"hudo\"},\"url\":\"https:\/\/hudo.com\/si\/author\/hudo\/\"}]}<\/script>\n<!-- \/ Yoast SEO plugin. -->","yoast_head_json":{"title":"Na mejnih prehodih zaenkrat \u0161e brez dalj\u0161ih \u010dakalnih dob - Hudo Slovenija","robots":{"index":"index","follow":"follow","max-snippet":"max-snippet:-1","max-image-preview":"max-image-preview:large","max-video-preview":"max-video-preview:-1"},"canonical":"https:\/\/hudo.com\/si\/aktualno\/na-mejnih-prehodih-zaenkrat-se-brez-daljsih-cakalnih-dob\/","og_locale":"sl_SI","og_type":"article","og_title":"Na mejnih prehodih zaenkrat \u0161e brez dalj\u0161ih \u010dakalnih dob - Hudo Slovenija","og_description":"Na mejnem prehodu Starod je na vstopu v dr\u017eavo 20 minut \u010dakanja, o \u010dakalnih dobah z ostalih mejnih prehodov \u0161e ne poro\u010dajo. Na \u0161tajerski avtocesti je zaradi okvare vozila oviran promet med Vranskim in CP Vransko proti Celju, na primorski hitri cesti pa je zaradi varnosti zaprt uvoz Koper center v smeri Portoro\u017ea. Zaradi prireditev so popolne zapore cest Gorenja vas - Horjul, med Todra\u017eem in Lu\u010dinami, od 9:45 do 10:30; na Pohorju cesta Areh - \u0160umik - Osankarica - Lukanja od 10:30 do 11:30 ter od 11:45 do 12:45; cesta Breg - Jurklo\u0161ter od 10:25 do 11:25; med 12:30 in 17. uro pa bodo popolne zapore zaradi kolesarske dirke na relaciji MP Rigonce - Bre\u017eice - Kr\u0161ko - Brestanica - Impoljca - Studenec - Bu\u010dka - \u0160kocjan - \u0160entjernej - Rate\u017e - Novo mesto. Popolna zapora ceste je tudi v Ljubljani od 11. do 18. ure, zaprte bodo Poljanska cesta, Glonarjeva, Pov\u0161etova in Koblarjeva ulica, Poljanski nasip, Poto\u010dnikova ulica in Litijska cesta.Slovenija","og_url":"https:\/\/hudo.com\/si\/aktualno\/na-mejnih-prehodih-zaenkrat-se-brez-daljsih-cakalnih-dob\/","og_site_name":"Hudo Slovenija","article_publisher":"https:\/\/www.facebook.com\/hudo.si","article_published_time":"2016-08-28T05:00:00+00:00","og_image":[{"width":450,"height":304,"url":"https:\/\/hudo.com\/si\/wp-content\/uploads\/sites\/2\/2016\/08\/01100933F-300.jpg","type":"image\/jpeg"}],"author":"hudo","twitter_card":"summary_large_image","twitter_creator":"@hudo_si","twitter_site":"@hudo_si","twitter_misc":{"Written by":"hudo","Est. reading time":"1 minuta"},"schema":{"@context":"https:\/\/schema.org","@graph":[{"@type":"Article","@id":"https:\/\/hudo.com\/si\/aktualno\/na-mejnih-prehodih-zaenkrat-se-brez-daljsih-cakalnih-dob\/#article","isPartOf":{"@id":"https:\/\/hudo.com\/si\/aktualno\/na-mejnih-prehodih-zaenkrat-se-brez-daljsih-cakalnih-dob\/"},"author":{"name":"hudo","@id":"https:\/\/hudo.com\/si\/#\/schema\/person\/601cf3379633985b20f7e50f2bb47707"},"headline":"Na mejnih prehodih zaenkrat \u0161e brez dalj\u0161ih \u010dakalnih dob","datePublished":"2016-08-28T05:00:00+00:00","dateModified":"2016-08-28T05:00:00+00:00","mainEntityOfPage":{"@id":"https:\/\/hudo.com\/si\/aktualno\/na-mejnih-prehodih-zaenkrat-se-brez-daljsih-cakalnih-dob\/"},"wordCount":172,"publisher":{"@id":"https:\/\/hudo.com\/si\/#organization"},"articleSection":["Aktualno"],"inLanguage":"sl-SI"},{"@type":"WebPage","@id":"https:\/\/hudo.com\/si\/aktualno\/na-mejnih-prehodih-zaenkrat-se-brez-daljsih-cakalnih-dob\/","url":"https:\/\/hudo.com\/si\/aktualno\/na-mejnih-prehodih-zaenkrat-se-brez-daljsih-cakalnih-dob\/","name":"Na mejnih prehodih zaenkrat \u0161e brez dalj\u0161ih \u010dakalnih dob - Hudo Slovenija","isPartOf":{"@id":"https:\/\/hudo.com\/si\/#website"},"datePublished":"2016-08-28T05:00:00+00:00","dateModified":"2016-08-28T05:00:00+00:00","breadcrumb":{"@id":"https:\/\/hudo.com\/si\/aktualno\/na-mejnih-prehodih-zaenkrat-se-brez-daljsih-cakalnih-dob\/#breadcrumb"},"inLanguage":"sl-SI","potentialAction":[{"@type":"ReadAction","target":["https:\/\/hudo.com\/si\/aktualno\/na-mejnih-prehodih-zaenkrat-se-brez-daljsih-cakalnih-dob\/"]}]},{"@type":"BreadcrumbList","@id":"https:\/\/hudo.com\/si\/aktualno\/na-mejnih-prehodih-zaenkrat-se-brez-daljsih-cakalnih-dob\/#breadcrumb","itemListElement":[{"@type":"ListItem","position":1,"name":"Home","item":"https:\/\/hudo.com\/si\/"},{"@type":"ListItem","position":2,"name":"Na mejnih prehodih zaenkrat \u0161e brez dalj\u0161ih \u010dakalnih dob"}]},{"@type":"WebSite","@id":"https:\/\/hudo.com\/si\/#website","url":"https:\/\/hudo.com\/si\/","name":"Hudo Slovenija","description":"Vse novice iz Slovenije in sveta","publisher":{"@id":"https:\/\/hudo.com\/si\/#organization"},"potentialAction":[{"@type":"SearchAction","target":{"@type":"EntryPoint","urlTemplate":"https:\/\/hudo.com\/si\/?s={search_term_string}"},"query-input":"required name=search_term_string"}],"inLanguage":"sl-SI"},{"@type":"Organization","@id":"https:\/\/hudo.com\/si\/#organization","name":"VSN Media","url":"https:\/\/hudo.com\/si\/","logo":{"@type":"ImageObject","inLanguage":"sl-SI","@id":"https:\/\/hudo.com\/si\/#\/schema\/logo\/image\/","url":"https:\/\/hudo.com\/si\/wp-content\/uploads\/sites\/2\/2021\/03\/hudo-app-2.png","contentUrl":"https:\/\/hudo.com\/si\/wp-content\/uploads\/sites\/2\/2021\/03\/hudo-app-2.png","width":2185,"height":2167,"caption":"VSN Media"},"image":{"@id":"https:\/\/hudo.com\/si\/#\/schema\/logo\/image\/"},"sameAs":["https:\/\/www.facebook.com\/hudo.si","https:\/\/twitter.com\/hudo_si"]},{"@type":"Person","@id":"https:\/\/hudo.com\/si\/#\/schema\/person\/601cf3379633985b20f7e50f2bb47707","name":"hudo","image":{"@type":"ImageObject","inLanguage":"sl-SI","@id":"https:\/\/hudo.com\/si\/#\/schema\/person\/image\/","url":"https:\/\/secure.gravatar.com\/avatar\/c4ca25fa72cace7a696b52ff5db9e095?s=96&d=mm&r=g","contentUrl":"https:\/\/secure.gravatar.com\/avatar\/c4ca25fa72cace7a696b52ff5db9e095?s=96&d=mm&r=g","caption":"hudo"},"url":"https:\/\/hudo.com\/si\/author\/hudo\/"}]}},"amp_enabled":true,"_links":{"self":[{"href":"https:\/\/hudo.com\/si\/wp-json\/wp\/v2\/posts\/121830"}],"collection":[{"href":"https:\/\/hudo.com\/si\/wp-json\/wp\/v2\/posts"}],"about":[{"href":"https:\/\/hudo.com\/si\/wp-json\/wp\/v2\/types\/post"}],"author":[{"embeddable":true,"href":"https:\/\/hudo.com\/si\/wp-json\/wp\/v2\/users\/1"}],"replies":[{"embeddable":true,"href":"https:\/\/hudo.com\/si\/wp-json\/wp\/v2\/comments?post=121830"}],"version-history":[{"count":0,"href":"https:\/\/hudo.com\/si\/wp-json\/wp\/v2\/posts\/121830\/revisions"}],"wp:attachment":[{"href":"https:\/\/hudo.com\/si\/wp-json\/wp\/v2\/media?parent=121830"}],"wp:term":[{"taxonomy":"category","embeddable":true,"href":"https:\/\/hudo.com\/si\/wp-json\/wp\/v2\/categories?post=121830"},{"taxonomy":"post_tag","embeddable":true,"href":"https:\/\/hudo.com\/si\/wp-json\/wp\/v2\/tags?post=121830"},{"taxonomy":"source","embeddable":true,"href":"https:\/\/hudo.com\/si\/wp-json\/wp\/v2\/source?post=121830"},{"taxonomy":"supertag","embeddable":true,"href":"https:\/\/hudo.com\/si\/wp-json\/wp\/v2\/supertag?post=121830"}],"curies":[{"name":"wp","href":"https:\/\/api.w.org\/{rel}","templated":true}]}}