{"id":122259,"date":"2016-08-29T12:37:46","date_gmt":"2016-08-29T10:37:46","guid":{"rendered":"http:\/\/hudo.com\/si\/2016\/08\/29\/marjana-podobnika-so-vrgli-iz-sls\/"},"modified":"2016-08-30T16:33:57","modified_gmt":"2016-08-30T14:33:57","slug":"marjana-podobnika-so-vrgli-iz-sls","status":"publish","type":"post","link":"https:\/\/hudo.com\/si\/aktualno\/marjana-podobnika-so-vrgli-iz-sls\/","title":{"rendered":"Marjana Podobnika so vrgli iz SLS"},"content":{"rendered":"<p>Razsodi\u0161\u010de SLS je danes iz stranke izklju\u010dilo nekdanjega predsednika Marjana Podobnika. Predsednik SLS Marko Zidan\u0161ek dana\u0161njo odlo\u010ditev vidi kot prilo\u017enost za prenovo na desnem politi\u010dnem polu. Sam znotraj stranke \u010duti trdno podporo, odlo\u010ditev pa vidi tudi kot sporo\u010dilo \u010dlanov, da se ne gredo zakulisnih igric.<\/p>\n","protected":false},"excerpt":{"rendered":"<p>Razsodi\u0161\u010de SLS je danes iz stranke izklju\u010dilo nekdanjega predsednika Marjana Podobnika. Predsednik SLS Marko Zidan\u0161ek dana\u0161njo odlo\u010ditev vidi kot prilo\u017enost za prenovo na desnem politi\u010dnem polu. Sam znotraj stranke \u010duti trdno podporo, odlo\u010ditev pa vidi tudi kot sporo\u010dilo \u010dlanov, da se ne gredo zakulisnih igric.<\/p>\n","protected":false},"author":1,"featured_media":0,"comment_status":"closed","ping_status":"closed","sticky":false,"template":"","format":"standard","meta":{"footnotes":""},"categories":[1179],"tags":[],"source":[5113],"supertag":[],"acf":[],"yoast_head":"<!-- This site is optimized with the Yoast SEO plugin v21.3 - https:\/\/yoast.com\/wordpress\/plugins\/seo\/ -->\n<title>Marjana Podobnika so vrgli iz SLS - Hudo Slovenija<\/title>\n<meta name=\"robots\" content=\"index, follow, max-snippet:-1, max-image-preview:large, max-video-preview:-1\" \/>\n<link rel=\"canonical\" href=\"https:\/\/hudo.com\/si\/aktualno\/marjana-podobnika-so-vrgli-iz-sls\/\" \/>\n<meta property=\"og:locale\" content=\"sl_SI\" \/>\n<meta property=\"og:type\" content=\"article\" \/>\n<meta property=\"og:title\" content=\"Marjana Podobnika so vrgli iz SLS - Hudo Slovenija\" \/>\n<meta property=\"og:description\" content=\"Razsodi\u0161\u010de SLS je danes iz stranke izklju\u010dilo nekdanjega predsednika Marjana Podobnika. Predsednik SLS Marko Zidan\u0161ek dana\u0161njo odlo\u010ditev vidi kot prilo\u017enost za prenovo na desnem politi\u010dnem polu. Sam znotraj stranke \u010duti trdno podporo, odlo\u010ditev pa vidi tudi kot sporo\u010dilo \u010dlanov, da se ne gredo zakulisnih igric.\" \/>\n<meta property=\"og:url\" content=\"https:\/\/hudo.com\/si\/aktualno\/marjana-podobnika-so-vrgli-iz-sls\/\" \/>\n<meta property=\"og:site_name\" content=\"Hudo Slovenija\" \/>\n<meta property=\"article:publisher\" content=\"https:\/\/www.facebook.com\/hudo.si\" \/>\n<meta property=\"article:published_time\" content=\"2016-08-29T10:37:46+00:00\" \/>\n<meta property=\"article:modified_time\" content=\"2016-08-30T14:33:57+00:00\" \/>\n<meta property=\"og:image\" content=\"https:\/\/hudo.com\/si\/wp-content\/uploads\/sites\/2\/2016\/08\/marjan-podobnik_bobo.jpg\" \/>\n\t<meta property=\"og:image:width\" content=\"640\" \/>\n\t<meta property=\"og:image:height\" content=\"373\" \/>\n\t<meta property=\"og:image:type\" content=\"image\/jpeg\" \/>\n<meta name=\"author\" content=\"hudo\" \/>\n<meta name=\"twitter:card\" content=\"summary_large_image\" \/>\n<meta name=\"twitter:creator\" content=\"@hudo_si\" \/>\n<meta name=\"twitter:site\" content=\"@hudo_si\" \/>\n<meta name=\"twitter:label1\" content=\"Written by\" \/>\n\t<meta name=\"twitter:data1\" content=\"hudo\" \/>\n<script type=\"application\/ld+json\" class=\"yoast-schema-graph\">{\"@context\":\"https:\/\/schema.org\",\"@graph\":[{\"@type\":\"Article\",\"@id\":\"https:\/\/hudo.com\/si\/aktualno\/marjana-podobnika-so-vrgli-iz-sls\/#article\",\"isPartOf\":{\"@id\":\"https:\/\/hudo.com\/si\/aktualno\/marjana-podobnika-so-vrgli-iz-sls\/\"},\"author\":{\"name\":\"hudo\",\"@id\":\"https:\/\/hudo.com\/si\/#\/schema\/person\/601cf3379633985b20f7e50f2bb47707\"},\"headline\":\"Marjana Podobnika so vrgli iz SLS\",\"datePublished\":\"2016-08-29T10:37:46+00:00\",\"dateModified\":\"2016-08-30T14:33:57+00:00\",\"mainEntityOfPage\":{\"@id\":\"https:\/\/hudo.com\/si\/aktualno\/marjana-podobnika-so-vrgli-iz-sls\/\"},\"wordCount\":60,\"publisher\":{\"@id\":\"https:\/\/hudo.com\/si\/#organization\"},\"articleSection\":[\"Aktualno\"],\"inLanguage\":\"sl-SI\"},{\"@type\":\"WebPage\",\"@id\":\"https:\/\/hudo.com\/si\/aktualno\/marjana-podobnika-so-vrgli-iz-sls\/\",\"url\":\"https:\/\/hudo.com\/si\/aktualno\/marjana-podobnika-so-vrgli-iz-sls\/\",\"name\":\"Marjana Podobnika so vrgli iz SLS - Hudo Slovenija\",\"isPartOf\":{\"@id\":\"https:\/\/hudo.com\/si\/#website\"},\"datePublished\":\"2016-08-29T10:37:46+00:00\",\"dateModified\":\"2016-08-30T14:33:57+00:00\",\"breadcrumb\":{\"@id\":\"https:\/\/hudo.com\/si\/aktualno\/marjana-podobnika-so-vrgli-iz-sls\/#breadcrumb\"},\"inLanguage\":\"sl-SI\",\"potentialAction\":[{\"@type\":\"ReadAction\",\"target\":[\"https:\/\/hudo.com\/si\/aktualno\/marjana-podobnika-so-vrgli-iz-sls\/\"]}]},{\"@type\":\"BreadcrumbList\",\"@id\":\"https:\/\/hudo.com\/si\/aktualno\/marjana-podobnika-so-vrgli-iz-sls\/#breadcrumb\",\"itemListElement\":[{\"@type\":\"ListItem\",\"position\":1,\"name\":\"Home\",\"item\":\"https:\/\/hudo.com\/si\/\"},{\"@type\":\"ListItem\",\"position\":2,\"name\":\"Marjana Podobnika so vrgli iz SLS\"}]},{\"@type\":\"WebSite\",\"@id\":\"https:\/\/hudo.com\/si\/#website\",\"url\":\"https:\/\/hudo.com\/si\/\",\"name\":\"Hudo Slovenija\",\"description\":\"Vse novice iz Slovenije in sveta\",\"publisher\":{\"@id\":\"https:\/\/hudo.com\/si\/#organization\"},\"potentialAction\":[{\"@type\":\"SearchAction\",\"target\":{\"@type\":\"EntryPoint\",\"urlTemplate\":\"https:\/\/hudo.com\/si\/?s={search_term_string}\"},\"query-input\":\"required name=search_term_string\"}],\"inLanguage\":\"sl-SI\"},{\"@type\":\"Organization\",\"@id\":\"https:\/\/hudo.com\/si\/#organization\",\"name\":\"VSN Media\",\"url\":\"https:\/\/hudo.com\/si\/\",\"logo\":{\"@type\":\"ImageObject\",\"inLanguage\":\"sl-SI\",\"@id\":\"https:\/\/hudo.com\/si\/#\/schema\/logo\/image\/\",\"url\":\"https:\/\/hudo.com\/si\/wp-content\/uploads\/sites\/2\/2021\/03\/hudo-app-2.png\",\"contentUrl\":\"https:\/\/hudo.com\/si\/wp-content\/uploads\/sites\/2\/2021\/03\/hudo-app-2.png\",\"width\":2185,\"height\":2167,\"caption\":\"VSN Media\"},\"image\":{\"@id\":\"https:\/\/hudo.com\/si\/#\/schema\/logo\/image\/\"},\"sameAs\":[\"https:\/\/www.facebook.com\/hudo.si\",\"https:\/\/twitter.com\/hudo_si\"]},{\"@type\":\"Person\",\"@id\":\"https:\/\/hudo.com\/si\/#\/schema\/person\/601cf3379633985b20f7e50f2bb47707\",\"name\":\"hudo\",\"image\":{\"@type\":\"ImageObject\",\"inLanguage\":\"sl-SI\",\"@id\":\"https:\/\/hudo.com\/si\/#\/schema\/person\/image\/\",\"url\":\"https:\/\/secure.gravatar.com\/avatar\/c4ca25fa72cace7a696b52ff5db9e095?s=96&d=mm&r=g\",\"contentUrl\":\"https:\/\/secure.gravatar.com\/avatar\/c4ca25fa72cace7a696b52ff5db9e095?s=96&d=mm&r=g\",\"caption\":\"hudo\"},\"url\":\"https:\/\/hudo.com\/si\/author\/hudo\/\"}]}<\/script>\n<!-- \/ Yoast SEO plugin. -->","yoast_head_json":{"title":"Marjana Podobnika so vrgli iz SLS - Hudo Slovenija","robots":{"index":"index","follow":"follow","max-snippet":"max-snippet:-1","max-image-preview":"max-image-preview:large","max-video-preview":"max-video-preview:-1"},"canonical":"https:\/\/hudo.com\/si\/aktualno\/marjana-podobnika-so-vrgli-iz-sls\/","og_locale":"sl_SI","og_type":"article","og_title":"Marjana Podobnika so vrgli iz SLS - Hudo Slovenija","og_description":"Razsodi\u0161\u010de SLS je danes iz stranke izklju\u010dilo nekdanjega predsednika Marjana Podobnika. Predsednik SLS Marko Zidan\u0161ek dana\u0161njo odlo\u010ditev vidi kot prilo\u017enost za prenovo na desnem politi\u010dnem polu. Sam znotraj stranke \u010duti trdno podporo, odlo\u010ditev pa vidi tudi kot sporo\u010dilo \u010dlanov, da se ne gredo zakulisnih igric.","og_url":"https:\/\/hudo.com\/si\/aktualno\/marjana-podobnika-so-vrgli-iz-sls\/","og_site_name":"Hudo Slovenija","article_publisher":"https:\/\/www.facebook.com\/hudo.si","article_published_time":"2016-08-29T10:37:46+00:00","article_modified_time":"2016-08-30T14:33:57+00:00","og_image":[{"width":640,"height":373,"url":"https:\/\/hudo.com\/si\/wp-content\/uploads\/sites\/2\/2016\/08\/marjan-podobnik_bobo.jpg","type":"image\/jpeg"}],"author":"hudo","twitter_card":"summary_large_image","twitter_creator":"@hudo_si","twitter_site":"@hudo_si","twitter_misc":{"Written by":"hudo"},"schema":{"@context":"https:\/\/schema.org","@graph":[{"@type":"Article","@id":"https:\/\/hudo.com\/si\/aktualno\/marjana-podobnika-so-vrgli-iz-sls\/#article","isPartOf":{"@id":"https:\/\/hudo.com\/si\/aktualno\/marjana-podobnika-so-vrgli-iz-sls\/"},"author":{"name":"hudo","@id":"https:\/\/hudo.com\/si\/#\/schema\/person\/601cf3379633985b20f7e50f2bb47707"},"headline":"Marjana Podobnika so vrgli iz SLS","datePublished":"2016-08-29T10:37:46+00:00","dateModified":"2016-08-30T14:33:57+00:00","mainEntityOfPage":{"@id":"https:\/\/hudo.com\/si\/aktualno\/marjana-podobnika-so-vrgli-iz-sls\/"},"wordCount":60,"publisher":{"@id":"https:\/\/hudo.com\/si\/#organization"},"articleSection":["Aktualno"],"inLanguage":"sl-SI"},{"@type":"WebPage","@id":"https:\/\/hudo.com\/si\/aktualno\/marjana-podobnika-so-vrgli-iz-sls\/","url":"https:\/\/hudo.com\/si\/aktualno\/marjana-podobnika-so-vrgli-iz-sls\/","name":"Marjana Podobnika so vrgli iz SLS - Hudo Slovenija","isPartOf":{"@id":"https:\/\/hudo.com\/si\/#website"},"datePublished":"2016-08-29T10:37:46+00:00","dateModified":"2016-08-30T14:33:57+00:00","breadcrumb":{"@id":"https:\/\/hudo.com\/si\/aktualno\/marjana-podobnika-so-vrgli-iz-sls\/#breadcrumb"},"inLanguage":"sl-SI","potentialAction":[{"@type":"ReadAction","target":["https:\/\/hudo.com\/si\/aktualno\/marjana-podobnika-so-vrgli-iz-sls\/"]}]},{"@type":"BreadcrumbList","@id":"https:\/\/hudo.com\/si\/aktualno\/marjana-podobnika-so-vrgli-iz-sls\/#breadcrumb","itemListElement":[{"@type":"ListItem","position":1,"name":"Home","item":"https:\/\/hudo.com\/si\/"},{"@type":"ListItem","position":2,"name":"Marjana Podobnika so vrgli iz SLS"}]},{"@type":"WebSite","@id":"https:\/\/hudo.com\/si\/#website","url":"https:\/\/hudo.com\/si\/","name":"Hudo Slovenija","description":"Vse novice iz Slovenije in sveta","publisher":{"@id":"https:\/\/hudo.com\/si\/#organization"},"potentialAction":[{"@type":"SearchAction","target":{"@type":"EntryPoint","urlTemplate":"https:\/\/hudo.com\/si\/?s={search_term_string}"},"query-input":"required name=search_term_string"}],"inLanguage":"sl-SI"},{"@type":"Organization","@id":"https:\/\/hudo.com\/si\/#organization","name":"VSN Media","url":"https:\/\/hudo.com\/si\/","logo":{"@type":"ImageObject","inLanguage":"sl-SI","@id":"https:\/\/hudo.com\/si\/#\/schema\/logo\/image\/","url":"https:\/\/hudo.com\/si\/wp-content\/uploads\/sites\/2\/2021\/03\/hudo-app-2.png","contentUrl":"https:\/\/hudo.com\/si\/wp-content\/uploads\/sites\/2\/2021\/03\/hudo-app-2.png","width":2185,"height":2167,"caption":"VSN Media"},"image":{"@id":"https:\/\/hudo.com\/si\/#\/schema\/logo\/image\/"},"sameAs":["https:\/\/www.facebook.com\/hudo.si","https:\/\/twitter.com\/hudo_si"]},{"@type":"Person","@id":"https:\/\/hudo.com\/si\/#\/schema\/person\/601cf3379633985b20f7e50f2bb47707","name":"hudo","image":{"@type":"ImageObject","inLanguage":"sl-SI","@id":"https:\/\/hudo.com\/si\/#\/schema\/person\/image\/","url":"https:\/\/secure.gravatar.com\/avatar\/c4ca25fa72cace7a696b52ff5db9e095?s=96&d=mm&r=g","contentUrl":"https:\/\/secure.gravatar.com\/avatar\/c4ca25fa72cace7a696b52ff5db9e095?s=96&d=mm&r=g","caption":"hudo"},"url":"https:\/\/hudo.com\/si\/author\/hudo\/"}]}},"amp_enabled":true,"_links":{"self":[{"href":"https:\/\/hudo.com\/si\/wp-json\/wp\/v2\/posts\/122259"}],"collection":[{"href":"https:\/\/hudo.com\/si\/wp-json\/wp\/v2\/posts"}],"about":[{"href":"https:\/\/hudo.com\/si\/wp-json\/wp\/v2\/types\/post"}],"author":[{"embeddable":true,"href":"https:\/\/hudo.com\/si\/wp-json\/wp\/v2\/users\/1"}],"replies":[{"embeddable":true,"href":"https:\/\/hudo.com\/si\/wp-json\/wp\/v2\/comments?post=122259"}],"version-history":[{"count":1,"href":"https:\/\/hudo.com\/si\/wp-json\/wp\/v2\/posts\/122259\/revisions"}],"predecessor-version":[{"id":122599,"href":"https:\/\/hudo.com\/si\/wp-json\/wp\/v2\/posts\/122259\/revisions\/122599"}],"wp:attachment":[{"href":"https:\/\/hudo.com\/si\/wp-json\/wp\/v2\/media?parent=122259"}],"wp:term":[{"taxonomy":"category","embeddable":true,"href":"https:\/\/hudo.com\/si\/wp-json\/wp\/v2\/categories?post=122259"},{"taxonomy":"post_tag","embeddable":true,"href":"https:\/\/hudo.com\/si\/wp-json\/wp\/v2\/tags?post=122259"},{"taxonomy":"source","embeddable":true,"href":"https:\/\/hudo.com\/si\/wp-json\/wp\/v2\/source?post=122259"},{"taxonomy":"supertag","embeddable":true,"href":"https:\/\/hudo.com\/si\/wp-json\/wp\/v2\/supertag?post=122259"}],"curies":[{"name":"wp","href":"https:\/\/api.w.org\/{rel}","templated":true}]}}