{"id":122779,"date":"2016-08-29T19:59:00","date_gmt":"2016-08-29T17:59:00","guid":{"rendered":"http:\/\/hudo.com\/si\/2016\/08\/29\/po-porazu-na-generalki-zupancic-zradiral-peterico\/"},"modified":"2016-08-30T06:16:23","modified_gmt":"2016-08-30T04:16:23","slug":"po-porazu-na-generalki-zupancic-zradiral-peterico","status":"publish","type":"post","link":"https:\/\/hudo.com\/si\/aktualno\/po-porazu-na-generalki-zupancic-zradiral-peterico\/","title":{"rendered":"Po porazu na generalki Zupan\u010di\u010d zradiral peterico"},"content":{"rendered":"<p>Kategorija: Hokej Mon, 29 Aug 2016 21:59:00 +0200  Bled &#8211; Generalka slovenske hokejske reprezentance pred odhodom na kvalifikacijski turnir za nastop na olimpijskih igrah \u010dez dve leti v Ju\u017eni Koreji, ki ga bo med \u010detrtkom in nedeljo gostil Minsk, se izbrancem selektorja Nika Zupan\u010di\u010da ni posre\u010dila, saj so morali na Bledu po podalj\u0161ku priznati premo\u010d Italiji, ki je bila bolj\u0161a z 2:1. Bil je to dvoboj izbranih vrst, ki bosta v drugi polovici tedna lovili olimpijski vozovnici, \u00bbazzurri\u00ab se odpravljajo na pot proti Oslu. Za Zupan\u010di\u010devo \u010deto je bil dana\u0161nji test edini med kraj\u0161imi pripravami, ki jih je za\u010dela prej\u0161nji teden, rezultat zato ni bil najpomembnej\u0161i, bolj je strokovno vodstvo zanimalo, kako dobro igrajo stebri mo\u0161tva, tudi kapetan Jan Mur\u0161ak, ki se je \u017ee pridru\u017eil soigralcem, ravno tako Robert Saboli\u010d. Selektor je prijateljski dvoboj za\u010del z vratarjem Ga\u0161perjem Kro\u0161ljem, v\u00a0&#8230;<\/p>\n","protected":false},"excerpt":{"rendered":"<p>Kategorija: Hokej Mon, 29 Aug 2016 21:59:00 +0200  Bled &#8211; Generalka slovenske hokejske reprezentance pred odhodom na kvalifikacijski turnir za nastop na olimpijskih igrah \u010dez dve leti v Ju\u017eni Koreji, ki ga bo med \u010detrtkom in nedeljo gostil Minsk, se izbrancem selektorja Nika Zupan\u010di\u010da ni posre\u010dila, saj so morali na Bledu po podalj\u0161ku priznati premo\u010d Italiji, ki je bila bolj\u0161a z 2:1. Bil je to dvoboj izbranih vrst, ki bosta v drugi polovici tedna lovili olimpijski vozovnici, \u00bbazzurri\u00ab se odpravljajo na pot proti Oslu. Za Zupan\u010di\u010devo \u010deto je bil dana\u0161nji test edini med kraj\u0161imi pripravami, ki jih je za\u010dela prej\u0161nji teden, rezultat zato ni bil najpomembnej\u0161i, bolj je strokovno vodstvo zanimalo, kako dobro igrajo stebri mo\u0161tva, tudi kapetan Jan Mur\u0161ak, ki se je \u017ee pridru\u017eil soigralcem, ravno tako Robert Saboli\u010d. Selektor je prijateljski dvoboj za\u010del z vratarjem Ga\u0161perjem Kro\u0161ljem, v\u00a0&#8230;<\/p>\n","protected":false},"author":1,"featured_media":0,"comment_status":"closed","ping_status":"closed","sticky":false,"template":"","format":"standard","meta":{"footnotes":""},"categories":[1179],"tags":[],"source":[1703],"supertag":[],"acf":[],"yoast_head":"<!-- This site is optimized with the Yoast SEO plugin v21.3 - https:\/\/yoast.com\/wordpress\/plugins\/seo\/ -->\n<title>Po porazu na generalki Zupan\u010di\u010d zradiral peterico - Hudo Slovenija<\/title>\n<meta name=\"robots\" content=\"index, follow, max-snippet:-1, max-image-preview:large, max-video-preview:-1\" \/>\n<link rel=\"canonical\" href=\"https:\/\/hudo.com\/si\/aktualno\/po-porazu-na-generalki-zupancic-zradiral-peterico\/\" \/>\n<meta property=\"og:locale\" content=\"sl_SI\" \/>\n<meta property=\"og:type\" content=\"article\" \/>\n<meta property=\"og:title\" content=\"Po porazu na generalki Zupan\u010di\u010d zradiral peterico - Hudo Slovenija\" \/>\n<meta property=\"og:description\" content=\"Kategorija: Hokej Mon, 29 Aug 2016 21:59:00 +0200 Bled - Generalka slovenske hokejske reprezentance pred odhodom na kvalifikacijski turnir za nastop na olimpijskih igrah \u010dez dve leti v Ju\u017eni Koreji, ki ga bo med \u010detrtkom in nedeljo gostil Minsk, se izbrancem selektorja Nika Zupan\u010di\u010da ni posre\u010dila, saj so morali na Bledu po podalj\u0161ku priznati premo\u010d Italiji, ki je bila bolj\u0161a z 2:1. Bil je to dvoboj izbranih vrst, ki bosta v drugi polovici tedna lovili olimpijski vozovnici, \u00bbazzurri\u00ab se odpravljajo na pot proti Oslu. Za Zupan\u010di\u010devo \u010deto je bil dana\u0161nji test edini med kraj\u0161imi pripravami, ki jih je za\u010dela prej\u0161nji teden, rezultat zato ni bil najpomembnej\u0161i, bolj je strokovno vodstvo zanimalo, kako dobro igrajo stebri mo\u0161tva, tudi kapetan Jan Mur\u0161ak, ki se je \u017ee pridru\u017eil soigralcem, ravno tako Robert Saboli\u010d. Selektor je prijateljski dvoboj za\u010del z vratarjem Ga\u0161perjem Kro\u0161ljem, v\u00a0...\" \/>\n<meta property=\"og:url\" content=\"https:\/\/hudo.com\/si\/aktualno\/po-porazu-na-generalki-zupancic-zradiral-peterico\/\" \/>\n<meta property=\"og:site_name\" content=\"Hudo Slovenija\" \/>\n<meta property=\"article:publisher\" content=\"https:\/\/www.facebook.com\/hudo.si\" \/>\n<meta property=\"article:published_time\" content=\"2016-08-29T17:59:00+00:00\" \/>\n<meta property=\"article:modified_time\" content=\"2016-08-30T04:16:23+00:00\" \/>\n<meta property=\"og:image\" content=\"https:\/\/hudo.com\/si\/wp-content\/uploads\/sites\/2\/2016\/08\/480x290_Delo_Foto-20160829201013-76931400.jpeg\" \/>\n\t<meta property=\"og:image:width\" content=\"480\" \/>\n\t<meta property=\"og:image:height\" content=\"290\" \/>\n\t<meta property=\"og:image:type\" content=\"image\/jpeg\" \/>\n<meta name=\"author\" content=\"hudo\" \/>\n<meta name=\"twitter:card\" content=\"summary_large_image\" \/>\n<meta name=\"twitter:creator\" content=\"@hudo_si\" \/>\n<meta name=\"twitter:site\" content=\"@hudo_si\" \/>\n<meta name=\"twitter:label1\" content=\"Written by\" \/>\n\t<meta name=\"twitter:data1\" content=\"hudo\" \/>\n\t<meta name=\"twitter:label2\" content=\"Est. reading time\" \/>\n\t<meta name=\"twitter:data2\" content=\"1 minuta\" \/>\n<script type=\"application\/ld+json\" class=\"yoast-schema-graph\">{\"@context\":\"https:\/\/schema.org\",\"@graph\":[{\"@type\":\"Article\",\"@id\":\"https:\/\/hudo.com\/si\/aktualno\/po-porazu-na-generalki-zupancic-zradiral-peterico\/#article\",\"isPartOf\":{\"@id\":\"https:\/\/hudo.com\/si\/aktualno\/po-porazu-na-generalki-zupancic-zradiral-peterico\/\"},\"author\":{\"name\":\"hudo\",\"@id\":\"https:\/\/hudo.com\/si\/#\/schema\/person\/601cf3379633985b20f7e50f2bb47707\"},\"headline\":\"Po porazu na generalki Zupan\u010di\u010d zradiral peterico\",\"datePublished\":\"2016-08-29T17:59:00+00:00\",\"dateModified\":\"2016-08-30T04:16:23+00:00\",\"mainEntityOfPage\":{\"@id\":\"https:\/\/hudo.com\/si\/aktualno\/po-porazu-na-generalki-zupancic-zradiral-peterico\/\"},\"wordCount\":162,\"publisher\":{\"@id\":\"https:\/\/hudo.com\/si\/#organization\"},\"articleSection\":[\"Aktualno\"],\"inLanguage\":\"sl-SI\"},{\"@type\":\"WebPage\",\"@id\":\"https:\/\/hudo.com\/si\/aktualno\/po-porazu-na-generalki-zupancic-zradiral-peterico\/\",\"url\":\"https:\/\/hudo.com\/si\/aktualno\/po-porazu-na-generalki-zupancic-zradiral-peterico\/\",\"name\":\"Po porazu na generalki Zupan\u010di\u010d zradiral peterico - Hudo Slovenija\",\"isPartOf\":{\"@id\":\"https:\/\/hudo.com\/si\/#website\"},\"datePublished\":\"2016-08-29T17:59:00+00:00\",\"dateModified\":\"2016-08-30T04:16:23+00:00\",\"breadcrumb\":{\"@id\":\"https:\/\/hudo.com\/si\/aktualno\/po-porazu-na-generalki-zupancic-zradiral-peterico\/#breadcrumb\"},\"inLanguage\":\"sl-SI\",\"potentialAction\":[{\"@type\":\"ReadAction\",\"target\":[\"https:\/\/hudo.com\/si\/aktualno\/po-porazu-na-generalki-zupancic-zradiral-peterico\/\"]}]},{\"@type\":\"BreadcrumbList\",\"@id\":\"https:\/\/hudo.com\/si\/aktualno\/po-porazu-na-generalki-zupancic-zradiral-peterico\/#breadcrumb\",\"itemListElement\":[{\"@type\":\"ListItem\",\"position\":1,\"name\":\"Home\",\"item\":\"https:\/\/hudo.com\/si\/\"},{\"@type\":\"ListItem\",\"position\":2,\"name\":\"Po porazu na generalki Zupan\u010di\u010d zradiral peterico\"}]},{\"@type\":\"WebSite\",\"@id\":\"https:\/\/hudo.com\/si\/#website\",\"url\":\"https:\/\/hudo.com\/si\/\",\"name\":\"Hudo Slovenija\",\"description\":\"Vse novice iz Slovenije in sveta\",\"publisher\":{\"@id\":\"https:\/\/hudo.com\/si\/#organization\"},\"potentialAction\":[{\"@type\":\"SearchAction\",\"target\":{\"@type\":\"EntryPoint\",\"urlTemplate\":\"https:\/\/hudo.com\/si\/?s={search_term_string}\"},\"query-input\":\"required name=search_term_string\"}],\"inLanguage\":\"sl-SI\"},{\"@type\":\"Organization\",\"@id\":\"https:\/\/hudo.com\/si\/#organization\",\"name\":\"VSN Media\",\"url\":\"https:\/\/hudo.com\/si\/\",\"logo\":{\"@type\":\"ImageObject\",\"inLanguage\":\"sl-SI\",\"@id\":\"https:\/\/hudo.com\/si\/#\/schema\/logo\/image\/\",\"url\":\"https:\/\/hudo.com\/si\/wp-content\/uploads\/sites\/2\/2021\/03\/hudo-app-2.png\",\"contentUrl\":\"https:\/\/hudo.com\/si\/wp-content\/uploads\/sites\/2\/2021\/03\/hudo-app-2.png\",\"width\":2185,\"height\":2167,\"caption\":\"VSN Media\"},\"image\":{\"@id\":\"https:\/\/hudo.com\/si\/#\/schema\/logo\/image\/\"},\"sameAs\":[\"https:\/\/www.facebook.com\/hudo.si\",\"https:\/\/twitter.com\/hudo_si\"]},{\"@type\":\"Person\",\"@id\":\"https:\/\/hudo.com\/si\/#\/schema\/person\/601cf3379633985b20f7e50f2bb47707\",\"name\":\"hudo\",\"image\":{\"@type\":\"ImageObject\",\"inLanguage\":\"sl-SI\",\"@id\":\"https:\/\/hudo.com\/si\/#\/schema\/person\/image\/\",\"url\":\"https:\/\/secure.gravatar.com\/avatar\/c4ca25fa72cace7a696b52ff5db9e095?s=96&d=mm&r=g\",\"contentUrl\":\"https:\/\/secure.gravatar.com\/avatar\/c4ca25fa72cace7a696b52ff5db9e095?s=96&d=mm&r=g\",\"caption\":\"hudo\"},\"url\":\"https:\/\/hudo.com\/si\/author\/hudo\/\"}]}<\/script>\n<!-- \/ Yoast SEO plugin. -->","yoast_head_json":{"title":"Po porazu na generalki Zupan\u010di\u010d zradiral peterico - Hudo Slovenija","robots":{"index":"index","follow":"follow","max-snippet":"max-snippet:-1","max-image-preview":"max-image-preview:large","max-video-preview":"max-video-preview:-1"},"canonical":"https:\/\/hudo.com\/si\/aktualno\/po-porazu-na-generalki-zupancic-zradiral-peterico\/","og_locale":"sl_SI","og_type":"article","og_title":"Po porazu na generalki Zupan\u010di\u010d zradiral peterico - Hudo Slovenija","og_description":"Kategorija: Hokej Mon, 29 Aug 2016 21:59:00 +0200 Bled - Generalka slovenske hokejske reprezentance pred odhodom na kvalifikacijski turnir za nastop na olimpijskih igrah \u010dez dve leti v Ju\u017eni Koreji, ki ga bo med \u010detrtkom in nedeljo gostil Minsk, se izbrancem selektorja Nika Zupan\u010di\u010da ni posre\u010dila, saj so morali na Bledu po podalj\u0161ku priznati premo\u010d Italiji, ki je bila bolj\u0161a z 2:1. Bil je to dvoboj izbranih vrst, ki bosta v drugi polovici tedna lovili olimpijski vozovnici, \u00bbazzurri\u00ab se odpravljajo na pot proti Oslu. Za Zupan\u010di\u010devo \u010deto je bil dana\u0161nji test edini med kraj\u0161imi pripravami, ki jih je za\u010dela prej\u0161nji teden, rezultat zato ni bil najpomembnej\u0161i, bolj je strokovno vodstvo zanimalo, kako dobro igrajo stebri mo\u0161tva, tudi kapetan Jan Mur\u0161ak, ki se je \u017ee pridru\u017eil soigralcem, ravno tako Robert Saboli\u010d. Selektor je prijateljski dvoboj za\u010del z vratarjem Ga\u0161perjem Kro\u0161ljem, v\u00a0...","og_url":"https:\/\/hudo.com\/si\/aktualno\/po-porazu-na-generalki-zupancic-zradiral-peterico\/","og_site_name":"Hudo Slovenija","article_publisher":"https:\/\/www.facebook.com\/hudo.si","article_published_time":"2016-08-29T17:59:00+00:00","article_modified_time":"2016-08-30T04:16:23+00:00","og_image":[{"width":480,"height":290,"url":"https:\/\/hudo.com\/si\/wp-content\/uploads\/sites\/2\/2016\/08\/480x290_Delo_Foto-20160829201013-76931400.jpeg","type":"image\/jpeg"}],"author":"hudo","twitter_card":"summary_large_image","twitter_creator":"@hudo_si","twitter_site":"@hudo_si","twitter_misc":{"Written by":"hudo","Est. reading time":"1 minuta"},"schema":{"@context":"https:\/\/schema.org","@graph":[{"@type":"Article","@id":"https:\/\/hudo.com\/si\/aktualno\/po-porazu-na-generalki-zupancic-zradiral-peterico\/#article","isPartOf":{"@id":"https:\/\/hudo.com\/si\/aktualno\/po-porazu-na-generalki-zupancic-zradiral-peterico\/"},"author":{"name":"hudo","@id":"https:\/\/hudo.com\/si\/#\/schema\/person\/601cf3379633985b20f7e50f2bb47707"},"headline":"Po porazu na generalki Zupan\u010di\u010d zradiral peterico","datePublished":"2016-08-29T17:59:00+00:00","dateModified":"2016-08-30T04:16:23+00:00","mainEntityOfPage":{"@id":"https:\/\/hudo.com\/si\/aktualno\/po-porazu-na-generalki-zupancic-zradiral-peterico\/"},"wordCount":162,"publisher":{"@id":"https:\/\/hudo.com\/si\/#organization"},"articleSection":["Aktualno"],"inLanguage":"sl-SI"},{"@type":"WebPage","@id":"https:\/\/hudo.com\/si\/aktualno\/po-porazu-na-generalki-zupancic-zradiral-peterico\/","url":"https:\/\/hudo.com\/si\/aktualno\/po-porazu-na-generalki-zupancic-zradiral-peterico\/","name":"Po porazu na generalki Zupan\u010di\u010d zradiral peterico - Hudo Slovenija","isPartOf":{"@id":"https:\/\/hudo.com\/si\/#website"},"datePublished":"2016-08-29T17:59:00+00:00","dateModified":"2016-08-30T04:16:23+00:00","breadcrumb":{"@id":"https:\/\/hudo.com\/si\/aktualno\/po-porazu-na-generalki-zupancic-zradiral-peterico\/#breadcrumb"},"inLanguage":"sl-SI","potentialAction":[{"@type":"ReadAction","target":["https:\/\/hudo.com\/si\/aktualno\/po-porazu-na-generalki-zupancic-zradiral-peterico\/"]}]},{"@type":"BreadcrumbList","@id":"https:\/\/hudo.com\/si\/aktualno\/po-porazu-na-generalki-zupancic-zradiral-peterico\/#breadcrumb","itemListElement":[{"@type":"ListItem","position":1,"name":"Home","item":"https:\/\/hudo.com\/si\/"},{"@type":"ListItem","position":2,"name":"Po porazu na generalki Zupan\u010di\u010d zradiral peterico"}]},{"@type":"WebSite","@id":"https:\/\/hudo.com\/si\/#website","url":"https:\/\/hudo.com\/si\/","name":"Hudo Slovenija","description":"Vse novice iz Slovenije in sveta","publisher":{"@id":"https:\/\/hudo.com\/si\/#organization"},"potentialAction":[{"@type":"SearchAction","target":{"@type":"EntryPoint","urlTemplate":"https:\/\/hudo.com\/si\/?s={search_term_string}"},"query-input":"required name=search_term_string"}],"inLanguage":"sl-SI"},{"@type":"Organization","@id":"https:\/\/hudo.com\/si\/#organization","name":"VSN Media","url":"https:\/\/hudo.com\/si\/","logo":{"@type":"ImageObject","inLanguage":"sl-SI","@id":"https:\/\/hudo.com\/si\/#\/schema\/logo\/image\/","url":"https:\/\/hudo.com\/si\/wp-content\/uploads\/sites\/2\/2021\/03\/hudo-app-2.png","contentUrl":"https:\/\/hudo.com\/si\/wp-content\/uploads\/sites\/2\/2021\/03\/hudo-app-2.png","width":2185,"height":2167,"caption":"VSN Media"},"image":{"@id":"https:\/\/hudo.com\/si\/#\/schema\/logo\/image\/"},"sameAs":["https:\/\/www.facebook.com\/hudo.si","https:\/\/twitter.com\/hudo_si"]},{"@type":"Person","@id":"https:\/\/hudo.com\/si\/#\/schema\/person\/601cf3379633985b20f7e50f2bb47707","name":"hudo","image":{"@type":"ImageObject","inLanguage":"sl-SI","@id":"https:\/\/hudo.com\/si\/#\/schema\/person\/image\/","url":"https:\/\/secure.gravatar.com\/avatar\/c4ca25fa72cace7a696b52ff5db9e095?s=96&d=mm&r=g","contentUrl":"https:\/\/secure.gravatar.com\/avatar\/c4ca25fa72cace7a696b52ff5db9e095?s=96&d=mm&r=g","caption":"hudo"},"url":"https:\/\/hudo.com\/si\/author\/hudo\/"}]}},"amp_enabled":true,"_links":{"self":[{"href":"https:\/\/hudo.com\/si\/wp-json\/wp\/v2\/posts\/122779"}],"collection":[{"href":"https:\/\/hudo.com\/si\/wp-json\/wp\/v2\/posts"}],"about":[{"href":"https:\/\/hudo.com\/si\/wp-json\/wp\/v2\/types\/post"}],"author":[{"embeddable":true,"href":"https:\/\/hudo.com\/si\/wp-json\/wp\/v2\/users\/1"}],"replies":[{"embeddable":true,"href":"https:\/\/hudo.com\/si\/wp-json\/wp\/v2\/comments?post=122779"}],"version-history":[{"count":1,"href":"https:\/\/hudo.com\/si\/wp-json\/wp\/v2\/posts\/122779\/revisions"}],"predecessor-version":[{"id":122857,"href":"https:\/\/hudo.com\/si\/wp-json\/wp\/v2\/posts\/122779\/revisions\/122857"}],"wp:attachment":[{"href":"https:\/\/hudo.com\/si\/wp-json\/wp\/v2\/media?parent=122779"}],"wp:term":[{"taxonomy":"category","embeddable":true,"href":"https:\/\/hudo.com\/si\/wp-json\/wp\/v2\/categories?post=122779"},{"taxonomy":"post_tag","embeddable":true,"href":"https:\/\/hudo.com\/si\/wp-json\/wp\/v2\/tags?post=122779"},{"taxonomy":"source","embeddable":true,"href":"https:\/\/hudo.com\/si\/wp-json\/wp\/v2\/source?post=122779"},{"taxonomy":"supertag","embeddable":true,"href":"https:\/\/hudo.com\/si\/wp-json\/wp\/v2\/supertag?post=122779"}],"curies":[{"name":"wp","href":"https:\/\/api.w.org\/{rel}","templated":true}]}}